{"id":127964,"date":"2023-10-06T17:55:37","date_gmt":"2023-10-06T17:55:37","guid":{"rendered":"https:\/\/diariodalagoa.pt\/?p=127964"},"modified":"2025-06-27T15:56:39","modified_gmt":"2025-06-27T15:56:39","slug":"homem-de-santa-cruz-detido-por-suspeita-de-trafico-de-droga","status":"publish","type":"post","link":"https:\/\/diariodalagoa.pt\/es\/homem-de-santa-cruz-detido-por-suspeita-de-trafico-de-droga\/","title":{"rendered":"Homem de Santa Cruz detido por suspeita de tr\u00e1fico de droga"},"content":{"rendered":"<figure class=\"wp-block-image size-full\"><img decoding=\"async\" width=\"960\" height=\"523\" src=\"https:\/\/diariodalagoa.pt\/wp-content\/uploads\/2023\/08\/psp-lagoa-acores-set19-1.jpg\" alt=\"\" class=\"wp-image-126639\" srcset=\"https:\/\/diariodalagoa.pt\/wp-content\/uploads\/2023\/08\/psp-lagoa-acores-set19-1.jpg 960w, https:\/\/diariodalagoa.pt\/wp-content\/uploads\/2023\/08\/psp-lagoa-acores-set19-1-300x163.jpg 300w, https:\/\/diariodalagoa.pt\/wp-content\/uploads\/2023\/08\/psp-lagoa-acores-set19-1-768x418.jpg 768w, https:\/\/diariodalagoa.pt\/wp-content\/uploads\/2023\/08\/psp-lagoa-acores-set19-1-18x10.jpg 18w\" sizes=\"(max-width: 960px) 100vw, 960px\" \/><figcaption class=\"wp-element-caption\"><sub><mark style=\"background-color:rgba(0, 0, 0, 0)\" class=\"has-inline-color has-cyan-bluish-gray-color\">\u00a9\u00a0D.R.<\/mark><\/sub><\/figcaption><\/figure>\n\n\n\n<p>A PSP da Lagoa deteve um homem, de 33 anos, natural e residente na freguesia de Santa Cruz, na Lagoa, suspeito da pr\u00e1tica de um crime de tr\u00e1fico de estupefacientes, ao qual foi decretada a medida de coa\u00e7\u00e3o de pris\u00e3o preventiva.<\/p>\n\n\n\n<p>De acordo com as v\u00e1rias diligencias de investiga\u00e7\u00e3o que se realizaram ao longo dos \u00faltimos dois anos, o suspeito foi alvo de sucessivas abordagens por parte das autoridades policiais, circunst\u00e2ncia esta que permitiu a apreens\u00e3o de pequenas quantidades de produto estupefaciente que o suspeito portava para se afirmar como mero consumidor de drogas duras.<\/p>\n\n\n\n<p>Contudo, associadas a outras dilig\u00eancias de recolha e consolida\u00e7\u00e3o de prova, foi poss\u00edvel apurar que a atividade de trafic\u00e2ncia atingia uma dimens\u00e3o muito mais significativa.<\/p>\n\n\n\n<p>Assim, de acordo com as dilig\u00eancias policiais, foi poss\u00edvel apurar que o arguido tinha como centro de opera\u00e7\u00f5es v\u00e1rias freguesias dos concelhos da Lagoa, Vila Franca do Campo e Ribeira Grande, locais onde procedia \u00e0 venda direta de hero\u00edna e de droga sint\u00e9tica a habituais consumidores de subst\u00e2ncias psicotr\u00f3picas. Para al\u00e9m disso, ainda distribu\u00eda a outros traficantes doses de droga sint\u00e9tica pronta a ser comercializada.<\/p>\n\n\n\n<p>Nesta sequ\u00eancia, foi planeada e executada uma opera\u00e7\u00e3o policial que consistiu na execu\u00e7\u00e3o de v\u00e1rias buscas, entre elas uma busca domicili\u00e1ria, que possibilitou a descoberta e apreens\u00e3o de uma quantidade significativa de estupefaciente de origem sint\u00e9tica, que permitiria a prepara\u00e7\u00e3o para cerca de tr\u00eas mil doses individuais para consumo, entre outras tipologias de estupefaciente e artigos relacionados com a pr\u00e1tica do crime em investiga\u00e7\u00e3o, e ainda um veiculo autom\u00f3vel por se suspeitar tratar-se de vantagens decorrentes da atividade il\u00edcita. <\/p>\n\n\n\n<p>Em comunicado, a PSP sublinha a \u201ctremenda import\u00e2ncia dos resultados obtidos no decurso de mais uma opera\u00e7\u00e3o policial de combate ao tr\u00e1fico de estupefacientes realizado no concelho da Lagoa, n\u00e3o s\u00f3 por ter permitido cessar o prosseguimento da atividade criminosa por parte do arguido mas, sobretudo, por ter permitido proceder a uma das mais significativas apreens\u00f5es de produto estupefaciente de origem sint\u00e9tica durante este ano na ilha de S\u00e3o Miguel\u201d.<\/p>","protected":false},"excerpt":{"rendered":"<p>Indiv\u00edduo, de 33 anos, atuava na Lagoa, Vila Franca do Campo e Ribeira Grande. Buscas permitiram encontrar tr\u00eas mil doses de sint\u00e9tica<\/p>","protected":false},"author":2,"featured_media":126639,"comment_status":"closed","ping_status":"open","sticky":false,"template":"","format":"standard","meta":[],"categories":[21],"tags":[],"acf":[],"yoast_head":"<!-- This site is optimized with the Yoast SEO plugin v20.10 - https:\/\/yoast.com\/wordpress\/plugins\/seo\/ -->\n<title>Homem de Santa Cruz detido por suspeita de tr\u00e1fico de droga - Di\u00e1rio da Lagoa<\/title>\n<meta name=\"description\" content=\"Indiv\u00edduo, de 33 anos, atuava na Lagoa, Vila Franca do Campo e Ribeira Grande. Buscas permitiram encontrar tr\u00eas mil doses de sint\u00e9tica.\" \/>\n<meta name=\"robots\" content=\"index, follow, max-snippet:-1, max-image-preview:large, max-video-preview:-1\" \/>\n<link rel=\"canonical\" href=\"https:\/\/diariodalagoa.pt\/es\/homem-de-santa-cruz-detido-por-suspeita-de-trafico-de-droga\/\" \/>\n<meta property=\"og:locale\" content=\"es_ES\" \/>\n<meta property=\"og:type\" content=\"article\" \/>\n<meta property=\"og:title\" content=\"Homem de Santa Cruz detido por suspeita de tr\u00e1fico de droga - Di\u00e1rio da Lagoa\" \/>\n<meta property=\"og:description\" content=\"Indiv\u00edduo, de 33 anos, atuava na Lagoa, Vila Franca do Campo e Ribeira Grande. Buscas permitiram encontrar tr\u00eas mil doses de sint\u00e9tica.\" \/>\n<meta property=\"og:url\" content=\"https:\/\/diariodalagoa.pt\/es\/homem-de-santa-cruz-detido-por-suspeita-de-trafico-de-droga\/\" \/>\n<meta property=\"og:site_name\" content=\"Di\u00e1rio da Lagoa\" \/>\n<meta property=\"article:published_time\" content=\"2023-10-06T17:55:37+00:00\" \/>\n<meta property=\"article:modified_time\" content=\"2025-06-27T15:56:39+00:00\" \/>\n<meta property=\"og:image\" content=\"https:\/\/diariodalagoa.pt\/wp-content\/uploads\/2023\/08\/psp-lagoa-acores-set19-1.jpg\" \/>\n\t<meta property=\"og:image:width\" content=\"960\" \/>\n\t<meta property=\"og:image:height\" content=\"523\" \/>\n\t<meta property=\"og:image:type\" content=\"image\/jpeg\" \/>\n<meta name=\"author\" content=\"Di\u00e1rio da Lagoa\" \/>\n<meta name=\"twitter:card\" content=\"summary_large_image\" \/>\n<meta name=\"twitter:label1\" content=\"Escrito por\" \/>\n\t<meta name=\"twitter:data1\" content=\"Di\u00e1rio da Lagoa\" \/>\n\t<meta name=\"twitter:label2\" content=\"Tiempo de lectura\" \/>\n\t<meta name=\"twitter:data2\" content=\"3 minutos\" \/>\n<script type=\"application\/ld+json\" class=\"yoast-schema-graph\">{\"@context\":\"https:\/\/schema.org\",\"@graph\":[{\"@type\":\"WebPage\",\"@id\":\"https:\/\/diariodalagoa.pt\/homem-de-santa-cruz-detido-por-suspeita-de-trafico-de-droga\/\",\"url\":\"https:\/\/diariodalagoa.pt\/homem-de-santa-cruz-detido-por-suspeita-de-trafico-de-droga\/\",\"name\":\"Homem de Santa Cruz detido por suspeita de tr\u00e1fico de droga - Di\u00e1rio da Lagoa\",\"isPartOf\":{\"@id\":\"https:\/\/diariodalagoa.pt\/#website\"},\"datePublished\":\"2023-10-06T17:55:37+00:00\",\"dateModified\":\"2025-06-27T15:56:39+00:00\",\"author\":{\"@id\":\"https:\/\/diariodalagoa.pt\/#\/schema\/person\/1615a002370e8857b6f972834bc43ece\"},\"description\":\"Indiv\u00edduo, de 33 anos, atuava na Lagoa, Vila Franca do Campo e Ribeira Grande. Buscas permitiram encontrar tr\u00eas mil doses de sint\u00e9tica.\",\"breadcrumb\":{\"@id\":\"https:\/\/diariodalagoa.pt\/homem-de-santa-cruz-detido-por-suspeita-de-trafico-de-droga\/#breadcrumb\"},\"inLanguage\":\"es\",\"potentialAction\":[{\"@type\":\"ReadAction\",\"target\":[\"https:\/\/diariodalagoa.pt\/homem-de-santa-cruz-detido-por-suspeita-de-trafico-de-droga\/\"]}]},{\"@type\":\"BreadcrumbList\",\"@id\":\"https:\/\/diariodalagoa.pt\/homem-de-santa-cruz-detido-por-suspeita-de-trafico-de-droga\/#breadcrumb\",\"itemListElement\":[{\"@type\":\"ListItem\",\"position\":1,\"name\":\"In\u00edcio\",\"item\":\"https:\/\/diariodalagoa.pt\/\"},{\"@type\":\"ListItem\",\"position\":2,\"name\":\"Homem de Santa Cruz detido por suspeita de tr\u00e1fico de droga\"}]},{\"@type\":\"WebSite\",\"@id\":\"https:\/\/diariodalagoa.pt\/#website\",\"url\":\"https:\/\/diariodalagoa.pt\/\",\"name\":\"Di\u00e1rio da Lagoa\",\"description\":\"Di\u00e1rio da Lagoa. As not\u00edcias que contam. A partir da Lagoa, nos A\u00e7ores, para o mundo.\",\"potentialAction\":[{\"@type\":\"SearchAction\",\"target\":{\"@type\":\"EntryPoint\",\"urlTemplate\":\"https:\/\/diariodalagoa.pt\/?s={search_term_string}\"},\"query-input\":\"required name=search_term_string\"}],\"inLanguage\":\"es\"},{\"@type\":\"Person\",\"@id\":\"https:\/\/diariodalagoa.pt\/#\/schema\/person\/1615a002370e8857b6f972834bc43ece\",\"name\":\"Di\u00e1rio da Lagoa\",\"image\":{\"@type\":\"ImageObject\",\"inLanguage\":\"es\",\"@id\":\"https:\/\/diariodalagoa.pt\/#\/schema\/person\/image\/\",\"url\":\"https:\/\/secure.gravatar.com\/avatar\/2cb5cef90a26f8fbd4d9d930608102c5?s=96&d=mm&r=g\",\"contentUrl\":\"https:\/\/secure.gravatar.com\/avatar\/2cb5cef90a26f8fbd4d9d930608102c5?s=96&d=mm&r=g\",\"caption\":\"Di\u00e1rio da Lagoa\"},\"url\":\"https:\/\/diariodalagoa.pt\/es\/author\/diariodalagoa\/\"}]}<\/script>\n<!-- \/ Yoast SEO plugin. -->","yoast_head_json":{"title":"Homem de Santa Cruz detido por suspeita de tr\u00e1fico de droga - Di\u00e1rio da Lagoa","description":"Indiv\u00edduo, de 33 anos, atuava na Lagoa, Vila Franca do Campo e Ribeira Grande. Buscas permitiram encontrar tr\u00eas mil doses de sint\u00e9tica.","robots":{"index":"index","follow":"follow","max-snippet":"max-snippet:-1","max-image-preview":"max-image-preview:large","max-video-preview":"max-video-preview:-1"},"canonical":"https:\/\/diariodalagoa.pt\/es\/homem-de-santa-cruz-detido-por-suspeita-de-trafico-de-droga\/","og_locale":"es_ES","og_type":"article","og_title":"Homem de Santa Cruz detido por suspeita de tr\u00e1fico de droga - Di\u00e1rio da Lagoa","og_description":"Indiv\u00edduo, de 33 anos, atuava na Lagoa, Vila Franca do Campo e Ribeira Grande. Buscas permitiram encontrar tr\u00eas mil doses de sint\u00e9tica.","og_url":"https:\/\/diariodalagoa.pt\/es\/homem-de-santa-cruz-detido-por-suspeita-de-trafico-de-droga\/","og_site_name":"Di\u00e1rio da Lagoa","article_published_time":"2023-10-06T17:55:37+00:00","article_modified_time":"2025-06-27T15:56:39+00:00","og_image":[{"width":960,"height":523,"url":"https:\/\/diariodalagoa.pt\/wp-content\/uploads\/2023\/08\/psp-lagoa-acores-set19-1.jpg","type":"image\/jpeg"}],"author":"Di\u00e1rio da Lagoa","twitter_card":"summary_large_image","twitter_misc":{"Escrito por":"Di\u00e1rio da Lagoa","Tiempo de lectura":"3 minutos"},"schema":{"@context":"https:\/\/schema.org","@graph":[{"@type":"WebPage","@id":"https:\/\/diariodalagoa.pt\/homem-de-santa-cruz-detido-por-suspeita-de-trafico-de-droga\/","url":"https:\/\/diariodalagoa.pt\/homem-de-santa-cruz-detido-por-suspeita-de-trafico-de-droga\/","name":"Homem de Santa Cruz detido por suspeita de tr\u00e1fico de droga - Di\u00e1rio da Lagoa","isPartOf":{"@id":"https:\/\/diariodalagoa.pt\/#website"},"datePublished":"2023-10-06T17:55:37+00:00","dateModified":"2025-06-27T15:56:39+00:00","author":{"@id":"https:\/\/diariodalagoa.pt\/#\/schema\/person\/1615a002370e8857b6f972834bc43ece"},"description":"Indiv\u00edduo, de 33 anos, atuava na Lagoa, Vila Franca do Campo e Ribeira Grande. Buscas permitiram encontrar tr\u00eas mil doses de sint\u00e9tica.","breadcrumb":{"@id":"https:\/\/diariodalagoa.pt\/homem-de-santa-cruz-detido-por-suspeita-de-trafico-de-droga\/#breadcrumb"},"inLanguage":"es","potentialAction":[{"@type":"ReadAction","target":["https:\/\/diariodalagoa.pt\/homem-de-santa-cruz-detido-por-suspeita-de-trafico-de-droga\/"]}]},{"@type":"BreadcrumbList","@id":"https:\/\/diariodalagoa.pt\/homem-de-santa-cruz-detido-por-suspeita-de-trafico-de-droga\/#breadcrumb","itemListElement":[{"@type":"ListItem","position":1,"name":"In\u00edcio","item":"https:\/\/diariodalagoa.pt\/"},{"@type":"ListItem","position":2,"name":"Homem de Santa Cruz detido por suspeita de tr\u00e1fico de droga"}]},{"@type":"WebSite","@id":"https:\/\/diariodalagoa.pt\/#website","url":"https:\/\/diariodalagoa.pt\/","name":"Di\u00e1rio da Lagoa","description":"Di\u00e1rio da Lagoa. As not\u00edcias que contam. A partir da Lagoa, nos A\u00e7ores, para o mundo.","potentialAction":[{"@type":"SearchAction","target":{"@type":"EntryPoint","urlTemplate":"https:\/\/diariodalagoa.pt\/?s={search_term_string}"},"query-input":"required name=search_term_string"}],"inLanguage":"es"},{"@type":"Person","@id":"https:\/\/diariodalagoa.pt\/#\/schema\/person\/1615a002370e8857b6f972834bc43ece","name":"Di\u00e1rio da Lagoa","image":{"@type":"ImageObject","inLanguage":"es","@id":"https:\/\/diariodalagoa.pt\/#\/schema\/person\/image\/","url":"https:\/\/secure.gravatar.com\/avatar\/2cb5cef90a26f8fbd4d9d930608102c5?s=96&d=mm&r=g","contentUrl":"https:\/\/secure.gravatar.com\/avatar\/2cb5cef90a26f8fbd4d9d930608102c5?s=96&d=mm&r=g","caption":"Di\u00e1rio da Lagoa"},"url":"https:\/\/diariodalagoa.pt\/es\/author\/diariodalagoa\/"}]}},"_links":{"self":[{"href":"https:\/\/diariodalagoa.pt\/es\/wp-json\/wp\/v2\/posts\/127964"}],"collection":[{"href":"https:\/\/diariodalagoa.pt\/es\/wp-json\/wp\/v2\/posts"}],"about":[{"href":"https:\/\/diariodalagoa.pt\/es\/wp-json\/wp\/v2\/types\/post"}],"author":[{"embeddable":true,"href":"https:\/\/diariodalagoa.pt\/es\/wp-json\/wp\/v2\/users\/2"}],"replies":[{"embeddable":true,"href":"https:\/\/diariodalagoa.pt\/es\/wp-json\/wp\/v2\/comments?post=127964"}],"version-history":[{"count":1,"href":"https:\/\/diariodalagoa.pt\/es\/wp-json\/wp\/v2\/posts\/127964\/revisions"}],"predecessor-version":[{"id":127966,"href":"https:\/\/diariodalagoa.pt\/es\/wp-json\/wp\/v2\/posts\/127964\/revisions\/127966"}],"wp:featuredmedia":[{"embeddable":true,"href":"https:\/\/diariodalagoa.pt\/es\/wp-json\/wp\/v2\/media\/126639"}],"wp:attachment":[{"href":"https:\/\/diariodalagoa.pt\/es\/wp-json\/wp\/v2\/media?parent=127964"}],"wp:term":[{"taxonomy":"category","embeddable":true,"href":"https:\/\/diariodalagoa.pt\/es\/wp-json\/wp\/v2\/categories?post=127964"},{"taxonomy":"post_tag","embeddable":true,"href":"https:\/\/diariodalagoa.pt\/es\/wp-json\/wp\/v2\/tags?post=127964"}],"curies":[{"name":"wp","href":"https:\/\/api.w.org\/{rel}","templated":true}]}}