{"id":127240,"date":"2023-09-04T11:56:05","date_gmt":"2023-09-04T11:56:05","guid":{"rendered":"https:\/\/diariodalagoa.pt\/?p=127240"},"modified":"2025-06-27T15:57:58","modified_gmt":"2025-06-27T15:57:58","slug":"ps-lagoa-considera-criticas-da-oposicao-infundadas-e-demagogicas","status":"publish","type":"post","link":"https:\/\/diariodalagoa.pt\/es\/ps-lagoa-considera-criticas-da-oposicao-infundadas-e-demagogicas\/","title":{"rendered":"PS-Lagoa considera cr\u00edticas da oposi\u00e7\u00e3o &#8220;infundadas e demag\u00f3gicas&#8221;"},"content":{"rendered":"<figure class=\"wp-block-image size-full\"><img decoding=\"async\" width=\"960\" height=\"640\" src=\"https:\/\/diariodalagoa.pt\/wp-content\/uploads\/2023\/07\/lagoa-vista-aerea.jpg\" alt=\"\" class=\"wp-image-126236\" srcset=\"https:\/\/diariodalagoa.pt\/wp-content\/uploads\/2023\/07\/lagoa-vista-aerea.jpg 960w, https:\/\/diariodalagoa.pt\/wp-content\/uploads\/2023\/07\/lagoa-vista-aerea-300x200.jpg 300w, https:\/\/diariodalagoa.pt\/wp-content\/uploads\/2023\/07\/lagoa-vista-aerea-768x512.jpg 768w, https:\/\/diariodalagoa.pt\/wp-content\/uploads\/2023\/07\/lagoa-vista-aerea-18x12.jpg 18w\" sizes=\"(max-width: 960px) 100vw, 960px\" \/><figcaption class=\"wp-element-caption\"><sub><mark style=\"background-color:rgba(0, 0, 0, 0)\" class=\"has-inline-color has-cyan-bluish-gray-color\">\u00a9 D.R.<\/mark><\/sub><\/figcaption><\/figure>\n\n\n\n<p>O PS-Lagoa desafiou as concelhias do PSD e do BE a \u201ccolocarem a Lagoa acima dos interesses partid\u00e1rios e a trabalharem em conjunto com a c\u00e2mara da Lagoa, atrav\u00e9s de propostas construtivas para o concelho&nbsp;e a falarem a uma s\u00f3 voz junto do&nbsp;governo&nbsp;sempre que estejam em causa projetos de interesse municipal\u201d.<\/p>\n\n\n\n<p>O repto dos socialistas lagoenses foi tornado p\u00fablico em comunicado, na sequ\u00eancia de anteriores comunicados daqueles partidos relativos \u00e0 not\u00edcia do governo regional dos A\u00e7ores que assumiu que a unidade de sa\u00fade da Lagoa ser\u00e1 convertida em centro de sa\u00fade.<\/p>\n\n\n\n<p>\u201cPrimeiro foi o PSD-Lagoa a acusar publicamente a c\u00e2mara municipal de aproveitamento pol\u00edtico aquando do an\u00fancio da passagem da&nbsp;unidade de&nbsp;sa\u00fade a&nbsp;centro de&nbsp;sa\u00fade. Mas, ao&nbsp;contr\u00e1rio do PSD-Lagoa, que nunca fez nada, nem t\u00e3o pouco previu no seu programa eleitoral qualquer inten\u00e7\u00e3o ou preocupa\u00e7\u00e3o em rela\u00e7\u00e3o ao&nbsp;centro de&nbsp;sa\u00fade da&nbsp;Lagoa, o&nbsp;PS-Lagoa teve o cuidado de prever a articula\u00e7\u00e3o com o governo regional&nbsp;para a passagem da unidade a centro de sa\u00fade no seu manifesto eleitoral\u201d, apontam os socialistas.<\/p>\n\n\n\n<p>\u201cDepois, veio o BE criticar publicamente a&nbsp;c\u00e2mara&nbsp;da Lagoa&nbsp;e solicitar atrav\u00e9s dos jornais informa\u00e7\u00e3o sobre o processo de instala\u00e7\u00e3o de val\u00eancias dos bombeiros no concelho. N\u00e3o deixa de ser estranho, j\u00e1 que o BE na Lagoa optou por n\u00e3o participar de forma regular nas reuni\u00f5es p\u00fablicas da&nbsp;c\u00e2mara ou da&nbsp;assembleia&nbsp;municipal, demonstrando um claro desinteresse em rela\u00e7\u00e3o aos assuntos do concelho\u201d, pode ler-se no comunicado do PS-Lagoa, que conclui: \u201cTalvez, por isso,&nbsp;desconhe\u00e7a o manifesto eleitoral do PS para a Lagoa e o facto de l\u00e1 constar a inten\u00e7\u00e3o de se criar uma val\u00eancia dos&nbsp;bombeiros no concelho\u201d. <\/p>\n\n\n\n<p>Para al\u00e9m de considerar as cr\u00edticas \u201cinfundadas e demag\u00f3gicas\u201d, o PS-Lagoa encontra \u201cmais em comum na atua\u00e7\u00e3o p\u00fablica destes dois partidos na Lagoa, que est\u00e1 relacionado com a aus\u00eancia de exig\u00eancias para com o&nbsp;governo regional&nbsp;em mat\u00e9rias de interesse&nbsp;local, que s\u00e3o&nbsp;da&nbsp;compet\u00eancia do&nbsp;governo,&nbsp;mas que, infelizmente,&nbsp;tardam a ser resolvidas ou a ter algum desenvolvimento, apesar das insist\u00eancias por parte da c\u00e2mara municipal\u201d.<\/p>","protected":false},"excerpt":{"rendered":"<p>O PS-Lagoa desafiou as concelhias do PSD e do BE a \u201ccolocarem a Lagoa acima dos interesses partid\u00e1rios e a trabalharem em conjunto com a c\u00e2mara da Lagoa, atrav\u00e9s de propostas construtivas para o concelho&nbsp;e a falarem a uma s\u00f3 voz junto do&nbsp;governo&nbsp;sempre que estejam em causa projetos de interesse municipal\u201d. O repto dos socialistas [&hellip;]<\/p>","protected":false},"author":2,"featured_media":126236,"comment_status":"open","ping_status":"open","sticky":false,"template":"","format":"standard","meta":[],"categories":[21],"tags":[],"acf":[],"yoast_head":"<!-- This site is optimized with the Yoast SEO plugin v20.10 - https:\/\/yoast.com\/wordpress\/plugins\/seo\/ -->\n<title>PS-Lagoa considera cr\u00edticas da oposi\u00e7\u00e3o &quot;infundadas e demag\u00f3gicas&quot; - Di\u00e1rio da Lagoa<\/title>\n<meta name=\"description\" content=\"Em causa as notas de imprensa das concelhias do PSD e do BE relativas \u00e0 passagem da unidade de sa\u00fade a centro de sa\u00fade.\" \/>\n<meta name=\"robots\" content=\"index, follow, max-snippet:-1, max-image-preview:large, max-video-preview:-1\" \/>\n<link rel=\"canonical\" href=\"https:\/\/diariodalagoa.pt\/es\/ps-lagoa-considera-criticas-da-oposicao-infundadas-e-demagogicas\/\" \/>\n<meta property=\"og:locale\" content=\"es_ES\" \/>\n<meta property=\"og:type\" content=\"article\" \/>\n<meta property=\"og:title\" content=\"PS-Lagoa considera cr\u00edticas da oposi\u00e7\u00e3o &quot;infundadas e demag\u00f3gicas&quot; - Di\u00e1rio da Lagoa\" \/>\n<meta property=\"og:description\" content=\"Em causa as notas de imprensa das concelhias do PSD e do BE relativas \u00e0 passagem da unidade de sa\u00fade a centro de sa\u00fade.\" \/>\n<meta property=\"og:url\" content=\"https:\/\/diariodalagoa.pt\/es\/ps-lagoa-considera-criticas-da-oposicao-infundadas-e-demagogicas\/\" \/>\n<meta property=\"og:site_name\" content=\"Di\u00e1rio da Lagoa\" \/>\n<meta property=\"article:published_time\" content=\"2023-09-04T11:56:05+00:00\" \/>\n<meta property=\"article:modified_time\" content=\"2025-06-27T15:57:58+00:00\" \/>\n<meta property=\"og:image\" content=\"https:\/\/diariodalagoa.pt\/wp-content\/uploads\/2023\/07\/lagoa-vista-aerea.jpg\" \/>\n\t<meta property=\"og:image:width\" content=\"960\" \/>\n\t<meta property=\"og:image:height\" content=\"640\" \/>\n\t<meta property=\"og:image:type\" content=\"image\/jpeg\" \/>\n<meta name=\"author\" content=\"Di\u00e1rio da Lagoa\" \/>\n<meta name=\"twitter:card\" content=\"summary_large_image\" \/>\n<meta name=\"twitter:label1\" content=\"Escrito por\" \/>\n\t<meta name=\"twitter:data1\" content=\"Di\u00e1rio da Lagoa\" \/>\n\t<meta name=\"twitter:label2\" content=\"Tiempo de lectura\" \/>\n\t<meta name=\"twitter:data2\" content=\"3 minutos\" \/>\n<script type=\"application\/ld+json\" class=\"yoast-schema-graph\">{\"@context\":\"https:\/\/schema.org\",\"@graph\":[{\"@type\":\"WebPage\",\"@id\":\"https:\/\/diariodalagoa.pt\/ps-lagoa-considera-criticas-da-oposicao-infundadas-e-demagogicas\/\",\"url\":\"https:\/\/diariodalagoa.pt\/ps-lagoa-considera-criticas-da-oposicao-infundadas-e-demagogicas\/\",\"name\":\"PS-Lagoa considera cr\u00edticas da oposi\u00e7\u00e3o \\\"infundadas e demag\u00f3gicas\\\" - Di\u00e1rio da Lagoa\",\"isPartOf\":{\"@id\":\"https:\/\/diariodalagoa.pt\/#website\"},\"datePublished\":\"2023-09-04T11:56:05+00:00\",\"dateModified\":\"2025-06-27T15:57:58+00:00\",\"author\":{\"@id\":\"https:\/\/diariodalagoa.pt\/#\/schema\/person\/1615a002370e8857b6f972834bc43ece\"},\"description\":\"Em causa as notas de imprensa das concelhias do PSD e do BE relativas \u00e0 passagem da unidade de sa\u00fade a centro de sa\u00fade.\",\"breadcrumb\":{\"@id\":\"https:\/\/diariodalagoa.pt\/ps-lagoa-considera-criticas-da-oposicao-infundadas-e-demagogicas\/#breadcrumb\"},\"inLanguage\":\"es\",\"potentialAction\":[{\"@type\":\"ReadAction\",\"target\":[\"https:\/\/diariodalagoa.pt\/ps-lagoa-considera-criticas-da-oposicao-infundadas-e-demagogicas\/\"]}]},{\"@type\":\"BreadcrumbList\",\"@id\":\"https:\/\/diariodalagoa.pt\/ps-lagoa-considera-criticas-da-oposicao-infundadas-e-demagogicas\/#breadcrumb\",\"itemListElement\":[{\"@type\":\"ListItem\",\"position\":1,\"name\":\"In\u00edcio\",\"item\":\"https:\/\/diariodalagoa.pt\/\"},{\"@type\":\"ListItem\",\"position\":2,\"name\":\"PS-Lagoa considera cr\u00edticas da oposi\u00e7\u00e3o &#8220;infundadas e demag\u00f3gicas&#8221;\"}]},{\"@type\":\"WebSite\",\"@id\":\"https:\/\/diariodalagoa.pt\/#website\",\"url\":\"https:\/\/diariodalagoa.pt\/\",\"name\":\"Di\u00e1rio da Lagoa\",\"description\":\"Di\u00e1rio da Lagoa. As not\u00edcias que contam. A partir da Lagoa, nos A\u00e7ores, para o mundo.\",\"potentialAction\":[{\"@type\":\"SearchAction\",\"target\":{\"@type\":\"EntryPoint\",\"urlTemplate\":\"https:\/\/diariodalagoa.pt\/?s={search_term_string}\"},\"query-input\":\"required name=search_term_string\"}],\"inLanguage\":\"es\"},{\"@type\":\"Person\",\"@id\":\"https:\/\/diariodalagoa.pt\/#\/schema\/person\/1615a002370e8857b6f972834bc43ece\",\"name\":\"Di\u00e1rio da Lagoa\",\"image\":{\"@type\":\"ImageObject\",\"inLanguage\":\"es\",\"@id\":\"https:\/\/diariodalagoa.pt\/#\/schema\/person\/image\/\",\"url\":\"https:\/\/secure.gravatar.com\/avatar\/2cb5cef90a26f8fbd4d9d930608102c5?s=96&d=mm&r=g\",\"contentUrl\":\"https:\/\/secure.gravatar.com\/avatar\/2cb5cef90a26f8fbd4d9d930608102c5?s=96&d=mm&r=g\",\"caption\":\"Di\u00e1rio da Lagoa\"},\"url\":\"https:\/\/diariodalagoa.pt\/es\/author\/diariodalagoa\/\"}]}<\/script>\n<!-- \/ Yoast SEO plugin. -->","yoast_head_json":{"title":"PS-Lagoa considera cr\u00edticas da oposi\u00e7\u00e3o \"infundadas e demag\u00f3gicas\" - Di\u00e1rio da Lagoa","description":"Em causa as notas de imprensa das concelhias do PSD e do BE relativas \u00e0 passagem da unidade de sa\u00fade a centro de sa\u00fade.","robots":{"index":"index","follow":"follow","max-snippet":"max-snippet:-1","max-image-preview":"max-image-preview:large","max-video-preview":"max-video-preview:-1"},"canonical":"https:\/\/diariodalagoa.pt\/es\/ps-lagoa-considera-criticas-da-oposicao-infundadas-e-demagogicas\/","og_locale":"es_ES","og_type":"article","og_title":"PS-Lagoa considera cr\u00edticas da oposi\u00e7\u00e3o \"infundadas e demag\u00f3gicas\" - Di\u00e1rio da Lagoa","og_description":"Em causa as notas de imprensa das concelhias do PSD e do BE relativas \u00e0 passagem da unidade de sa\u00fade a centro de sa\u00fade.","og_url":"https:\/\/diariodalagoa.pt\/es\/ps-lagoa-considera-criticas-da-oposicao-infundadas-e-demagogicas\/","og_site_name":"Di\u00e1rio da Lagoa","article_published_time":"2023-09-04T11:56:05+00:00","article_modified_time":"2025-06-27T15:57:58+00:00","og_image":[{"width":960,"height":640,"url":"https:\/\/diariodalagoa.pt\/wp-content\/uploads\/2023\/07\/lagoa-vista-aerea.jpg","type":"image\/jpeg"}],"author":"Di\u00e1rio da Lagoa","twitter_card":"summary_large_image","twitter_misc":{"Escrito por":"Di\u00e1rio da Lagoa","Tiempo de lectura":"3 minutos"},"schema":{"@context":"https:\/\/schema.org","@graph":[{"@type":"WebPage","@id":"https:\/\/diariodalagoa.pt\/ps-lagoa-considera-criticas-da-oposicao-infundadas-e-demagogicas\/","url":"https:\/\/diariodalagoa.pt\/ps-lagoa-considera-criticas-da-oposicao-infundadas-e-demagogicas\/","name":"PS-Lagoa considera cr\u00edticas da oposi\u00e7\u00e3o \"infundadas e demag\u00f3gicas\" - Di\u00e1rio da Lagoa","isPartOf":{"@id":"https:\/\/diariodalagoa.pt\/#website"},"datePublished":"2023-09-04T11:56:05+00:00","dateModified":"2025-06-27T15:57:58+00:00","author":{"@id":"https:\/\/diariodalagoa.pt\/#\/schema\/person\/1615a002370e8857b6f972834bc43ece"},"description":"Em causa as notas de imprensa das concelhias do PSD e do BE relativas \u00e0 passagem da unidade de sa\u00fade a centro de sa\u00fade.","breadcrumb":{"@id":"https:\/\/diariodalagoa.pt\/ps-lagoa-considera-criticas-da-oposicao-infundadas-e-demagogicas\/#breadcrumb"},"inLanguage":"es","potentialAction":[{"@type":"ReadAction","target":["https:\/\/diariodalagoa.pt\/ps-lagoa-considera-criticas-da-oposicao-infundadas-e-demagogicas\/"]}]},{"@type":"BreadcrumbList","@id":"https:\/\/diariodalagoa.pt\/ps-lagoa-considera-criticas-da-oposicao-infundadas-e-demagogicas\/#breadcrumb","itemListElement":[{"@type":"ListItem","position":1,"name":"In\u00edcio","item":"https:\/\/diariodalagoa.pt\/"},{"@type":"ListItem","position":2,"name":"PS-Lagoa considera cr\u00edticas da oposi\u00e7\u00e3o &#8220;infundadas e demag\u00f3gicas&#8221;"}]},{"@type":"WebSite","@id":"https:\/\/diariodalagoa.pt\/#website","url":"https:\/\/diariodalagoa.pt\/","name":"Di\u00e1rio da Lagoa","description":"Di\u00e1rio da Lagoa. As not\u00edcias que contam. A partir da Lagoa, nos A\u00e7ores, para o mundo.","potentialAction":[{"@type":"SearchAction","target":{"@type":"EntryPoint","urlTemplate":"https:\/\/diariodalagoa.pt\/?s={search_term_string}"},"query-input":"required name=search_term_string"}],"inLanguage":"es"},{"@type":"Person","@id":"https:\/\/diariodalagoa.pt\/#\/schema\/person\/1615a002370e8857b6f972834bc43ece","name":"Di\u00e1rio da Lagoa","image":{"@type":"ImageObject","inLanguage":"es","@id":"https:\/\/diariodalagoa.pt\/#\/schema\/person\/image\/","url":"https:\/\/secure.gravatar.com\/avatar\/2cb5cef90a26f8fbd4d9d930608102c5?s=96&d=mm&r=g","contentUrl":"https:\/\/secure.gravatar.com\/avatar\/2cb5cef90a26f8fbd4d9d930608102c5?s=96&d=mm&r=g","caption":"Di\u00e1rio da Lagoa"},"url":"https:\/\/diariodalagoa.pt\/es\/author\/diariodalagoa\/"}]}},"_links":{"self":[{"href":"https:\/\/diariodalagoa.pt\/es\/wp-json\/wp\/v2\/posts\/127240"}],"collection":[{"href":"https:\/\/diariodalagoa.pt\/es\/wp-json\/wp\/v2\/posts"}],"about":[{"href":"https:\/\/diariodalagoa.pt\/es\/wp-json\/wp\/v2\/types\/post"}],"author":[{"embeddable":true,"href":"https:\/\/diariodalagoa.pt\/es\/wp-json\/wp\/v2\/users\/2"}],"replies":[{"embeddable":true,"href":"https:\/\/diariodalagoa.pt\/es\/wp-json\/wp\/v2\/comments?post=127240"}],"version-history":[{"count":2,"href":"https:\/\/diariodalagoa.pt\/es\/wp-json\/wp\/v2\/posts\/127240\/revisions"}],"predecessor-version":[{"id":127242,"href":"https:\/\/diariodalagoa.pt\/es\/wp-json\/wp\/v2\/posts\/127240\/revisions\/127242"}],"wp:featuredmedia":[{"embeddable":true,"href":"https:\/\/diariodalagoa.pt\/es\/wp-json\/wp\/v2\/media\/126236"}],"wp:attachment":[{"href":"https:\/\/diariodalagoa.pt\/es\/wp-json\/wp\/v2\/media?parent=127240"}],"wp:term":[{"taxonomy":"category","embeddable":true,"href":"https:\/\/diariodalagoa.pt\/es\/wp-json\/wp\/v2\/categories?post=127240"},{"taxonomy":"post_tag","embeddable":true,"href":"https:\/\/diariodalagoa.pt\/es\/wp-json\/wp\/v2\/tags?post=127240"}],"curies":[{"name":"wp","href":"https:\/\/api.w.org\/{rel}","templated":true}]}}