{"id":127216,"date":"2023-09-02T00:29:36","date_gmt":"2023-09-02T00:29:36","guid":{"rendered":"https:\/\/diariodalagoa.pt\/?p=127216"},"modified":"2025-06-27T15:58:32","modified_gmt":"2025-06-27T15:58:32","slug":"bloco-insiste-na-importancia-de-haver-bombeiros-na-lagoa-e-pede-esclarecimentos-a-autarquia","status":"publish","type":"post","link":"https:\/\/diariodalagoa.pt\/es\/bloco-insiste-na-importancia-de-haver-bombeiros-na-lagoa-e-pede-esclarecimentos-a-autarquia\/","title":{"rendered":"Bloco insiste na import\u00e2ncia de haver bombeiros na Lagoa e pede esclarecimentos \u00e0 autarquia"},"content":{"rendered":"<figure class=\"wp-block-image size-full\"><img decoding=\"async\" width=\"960\" height=\"640\" src=\"https:\/\/diariodalagoa.pt\/wp-content\/uploads\/2023\/09\/mario-rui-pacheco-discurso-be.jpg\" alt=\"\" class=\"wp-image-127217\" srcset=\"https:\/\/diariodalagoa.pt\/wp-content\/uploads\/2023\/09\/mario-rui-pacheco-discurso-be.jpg 960w, https:\/\/diariodalagoa.pt\/wp-content\/uploads\/2023\/09\/mario-rui-pacheco-discurso-be-300x200.jpg 300w, https:\/\/diariodalagoa.pt\/wp-content\/uploads\/2023\/09\/mario-rui-pacheco-discurso-be-768x512.jpg 768w, https:\/\/diariodalagoa.pt\/wp-content\/uploads\/2023\/09\/mario-rui-pacheco-discurso-be-18x12.jpg 18w\" sizes=\"(max-width: 960px) 100vw, 960px\" \/><figcaption class=\"wp-element-caption\"><sub><mark style=\"background-color:rgba(0, 0, 0, 0)\" class=\"has-inline-color has-cyan-bluish-gray-color\">\u00a9&nbsp;BE<\/mark><\/sub><\/figcaption><\/figure>\n\n\n<p>O Bloco de Esquerda (BE), em comunicado, insistiu esta sexta-feira, 1 de setembro, na import\u00e2ncia de haver meios dos bombeiros sediados no concelho da Lagoa, em S\u00e3o Miguel, nos A\u00e7ores. Os bloquistas pedem, tamb\u00e9m, &#8220;mais esclarecimentos&#8221; \u00e0 autarquia sobre o anunciado projeto conjunto com a Associa\u00e7\u00e3o humanit\u00e1ria de Bombeiros Volunt\u00e1rios de Ponta Delgada.<\/p>\n<p>Nas comemora\u00e7\u00f5es do anivers\u00e1rio da Associa\u00e7\u00e3o Humanit\u00e1ria de Bombeiros Volunt\u00e1rios de Ponta Delgada, a presidente da autarquia da Lagoa, Cristina Calisto, disse estar a \u201cser desenvolvido em comum um projeto, que permitir\u00e1 ter uma val\u00eancia desta institui\u00e7\u00e3o, sediada no concelho de Lagoa, para a qual a autarquia j\u00e1 tem um terreno e est\u00e1 a finalizar o projeto\u201d. O l\u00edder do n\u00facleo da Lagoa do BE, M\u00e1rio Rui Pacheco, na nota de imprensa enviada \u00e0s reda\u00e7\u00f5es, mostra satisfa\u00e7\u00e3o &#8220;por estar, finalmente, a ser feito um esfor\u00e7o para permitir a presen\u00e7a dos bombeiros no concelho&#8221;, mas aponta que esta &#8220;\u00e9 uma ideia que o Bloco tem defendido h\u00e1 v\u00e1rios anos, inclusivamente durante as campanhas eleitorais&#8221;.<\/p>\n<p>&#8220;Se inicialmente, quando o Bloco defendeu a ideia pela primeira vez ela foi desconsiderada, porque era muito dif\u00edcil e porque era muito cara, agora parece que j\u00e1 h\u00e1 um consenso sobre a import\u00e2ncia de haver um servi\u00e7o de proximidade dos bombeiros no concelho de Lagoa&#8221;, acrescenta o l\u00edder bloquista do n\u00facleo da Lagoa. No mesmo comunicado, M\u00e1rio Rui Pacheco queixa-se que &#8220;al\u00e9m da vontade demonstrada pela autarquia da Lagoa, n\u00e3o se sabe mais nada sobre este projeto&#8221;.<\/p>\n<p>&#8220;Qual ser\u00e1 o terreno disponibilizado, que servi\u00e7os e que meios v\u00e3o ser colocados em perman\u00eancia, e qual \u00e9 o prazo para a conclus\u00e3o do projeto e entrada em funcionamento deste servi\u00e7o&#8221;, questiona o respons\u00e1vel do BE local, enquanto defende que &#8220;\u00e9 importante que a popula\u00e7\u00e3o do concelho seja informada sobre todos os passos deste importante projeto.&#8221;<\/p>","protected":false},"excerpt":{"rendered":"<p>L\u00edder do BE na Lagoa queixa-se que &#8220;n\u00e3o se sabe mais nada&#8221; sobre o projeto que vai permitir existir uma val\u00eancia dos bombeiros na Lagoa. M\u00e1rio Rui Pacheco defende, ainda, que &#8220;\u00e9 importante que a popula\u00e7\u00e3o do concelho seja informada sobre todos os passos&#8221;.<\/p>","protected":false},"author":2,"featured_media":127217,"comment_status":"open","ping_status":"open","sticky":false,"template":"","format":"standard","meta":[],"categories":[21],"tags":[],"acf":[],"yoast_head":"<!-- This site is optimized with the Yoast SEO plugin v20.10 - https:\/\/yoast.com\/wordpress\/plugins\/seo\/ -->\n<title>Bloco insiste na import\u00e2ncia de haver bombeiros na Lagoa e pede esclarecimentos \u00e0 autarquia - Di\u00e1rio da Lagoa<\/title>\n<meta name=\"description\" content=\"L\u00edder do BE na Lagoa queixa-se que &quot;n\u00e3o se sabe mais nada&quot; sobre o projeto que vai permitir existir uma val\u00eancia dos bombeiros na Lagoa. M\u00e1rio Rui Pacheco defende, ainda, que &quot;\u00e9 importante que a popula\u00e7\u00e3o do concelho seja informada sobre todos os passos&quot;.\" \/>\n<meta name=\"robots\" content=\"index, follow, max-snippet:-1, max-image-preview:large, max-video-preview:-1\" \/>\n<link rel=\"canonical\" href=\"https:\/\/diariodalagoa.pt\/es\/bloco-insiste-na-importancia-de-haver-bombeiros-na-lagoa-e-pede-esclarecimentos-a-autarquia\/\" \/>\n<meta property=\"og:locale\" content=\"es_ES\" \/>\n<meta property=\"og:type\" content=\"article\" \/>\n<meta property=\"og:title\" content=\"Bloco insiste na import\u00e2ncia de haver bombeiros na Lagoa e pede esclarecimentos \u00e0 autarquia - Di\u00e1rio da Lagoa\" \/>\n<meta property=\"og:description\" content=\"L\u00edder do BE na Lagoa queixa-se que &quot;n\u00e3o se sabe mais nada&quot; sobre o projeto que vai permitir existir uma val\u00eancia dos bombeiros na Lagoa. M\u00e1rio Rui Pacheco defende, ainda, que &quot;\u00e9 importante que a popula\u00e7\u00e3o do concelho seja informada sobre todos os passos&quot;.\" \/>\n<meta property=\"og:url\" content=\"https:\/\/diariodalagoa.pt\/es\/bloco-insiste-na-importancia-de-haver-bombeiros-na-lagoa-e-pede-esclarecimentos-a-autarquia\/\" \/>\n<meta property=\"og:site_name\" content=\"Di\u00e1rio da Lagoa\" \/>\n<meta property=\"article:published_time\" content=\"2023-09-02T00:29:36+00:00\" \/>\n<meta property=\"article:modified_time\" content=\"2025-06-27T15:58:32+00:00\" \/>\n<meta property=\"og:image\" content=\"https:\/\/diariodalagoa.pt\/wp-content\/uploads\/2023\/09\/mario-rui-pacheco-discurso-be.jpg\" \/>\n\t<meta property=\"og:image:width\" content=\"960\" \/>\n\t<meta property=\"og:image:height\" content=\"640\" \/>\n\t<meta property=\"og:image:type\" content=\"image\/jpeg\" \/>\n<meta name=\"author\" content=\"Di\u00e1rio da Lagoa\" \/>\n<meta name=\"twitter:card\" content=\"summary_large_image\" \/>\n<meta name=\"twitter:label1\" content=\"Escrito por\" \/>\n\t<meta name=\"twitter:data1\" content=\"Di\u00e1rio da Lagoa\" \/>\n\t<meta name=\"twitter:label2\" content=\"Tiempo de lectura\" \/>\n\t<meta name=\"twitter:data2\" content=\"2 minutos\" \/>\n<script type=\"application\/ld+json\" class=\"yoast-schema-graph\">{\"@context\":\"https:\/\/schema.org\",\"@graph\":[{\"@type\":\"WebPage\",\"@id\":\"https:\/\/diariodalagoa.pt\/bloco-insiste-na-importancia-de-haver-bombeiros-na-lagoa-e-pede-esclarecimentos-a-autarquia\/\",\"url\":\"https:\/\/diariodalagoa.pt\/bloco-insiste-na-importancia-de-haver-bombeiros-na-lagoa-e-pede-esclarecimentos-a-autarquia\/\",\"name\":\"Bloco insiste na import\u00e2ncia de haver bombeiros na Lagoa e pede esclarecimentos \u00e0 autarquia - Di\u00e1rio da Lagoa\",\"isPartOf\":{\"@id\":\"https:\/\/diariodalagoa.pt\/#website\"},\"datePublished\":\"2023-09-02T00:29:36+00:00\",\"dateModified\":\"2025-06-27T15:58:32+00:00\",\"author\":{\"@id\":\"https:\/\/diariodalagoa.pt\/#\/schema\/person\/1615a002370e8857b6f972834bc43ece\"},\"description\":\"L\u00edder do BE na Lagoa queixa-se que \\\"n\u00e3o se sabe mais nada\\\" sobre o projeto que vai permitir existir uma val\u00eancia dos bombeiros na Lagoa. M\u00e1rio Rui Pacheco defende, ainda, que \\\"\u00e9 importante que a popula\u00e7\u00e3o do concelho seja informada sobre todos os passos\\\".\",\"breadcrumb\":{\"@id\":\"https:\/\/diariodalagoa.pt\/bloco-insiste-na-importancia-de-haver-bombeiros-na-lagoa-e-pede-esclarecimentos-a-autarquia\/#breadcrumb\"},\"inLanguage\":\"es\",\"potentialAction\":[{\"@type\":\"ReadAction\",\"target\":[\"https:\/\/diariodalagoa.pt\/bloco-insiste-na-importancia-de-haver-bombeiros-na-lagoa-e-pede-esclarecimentos-a-autarquia\/\"]}]},{\"@type\":\"BreadcrumbList\",\"@id\":\"https:\/\/diariodalagoa.pt\/bloco-insiste-na-importancia-de-haver-bombeiros-na-lagoa-e-pede-esclarecimentos-a-autarquia\/#breadcrumb\",\"itemListElement\":[{\"@type\":\"ListItem\",\"position\":1,\"name\":\"In\u00edcio\",\"item\":\"https:\/\/diariodalagoa.pt\/\"},{\"@type\":\"ListItem\",\"position\":2,\"name\":\"Bloco insiste na import\u00e2ncia de haver bombeiros na Lagoa e pede esclarecimentos \u00e0 autarquia\"}]},{\"@type\":\"WebSite\",\"@id\":\"https:\/\/diariodalagoa.pt\/#website\",\"url\":\"https:\/\/diariodalagoa.pt\/\",\"name\":\"Di\u00e1rio da Lagoa\",\"description\":\"Di\u00e1rio da Lagoa. As not\u00edcias que contam. A partir da Lagoa, nos A\u00e7ores, para o mundo.\",\"potentialAction\":[{\"@type\":\"SearchAction\",\"target\":{\"@type\":\"EntryPoint\",\"urlTemplate\":\"https:\/\/diariodalagoa.pt\/?s={search_term_string}\"},\"query-input\":\"required name=search_term_string\"}],\"inLanguage\":\"es\"},{\"@type\":\"Person\",\"@id\":\"https:\/\/diariodalagoa.pt\/#\/schema\/person\/1615a002370e8857b6f972834bc43ece\",\"name\":\"Di\u00e1rio da Lagoa\",\"image\":{\"@type\":\"ImageObject\",\"inLanguage\":\"es\",\"@id\":\"https:\/\/diariodalagoa.pt\/#\/schema\/person\/image\/\",\"url\":\"https:\/\/secure.gravatar.com\/avatar\/2cb5cef90a26f8fbd4d9d930608102c5?s=96&d=mm&r=g\",\"contentUrl\":\"https:\/\/secure.gravatar.com\/avatar\/2cb5cef90a26f8fbd4d9d930608102c5?s=96&d=mm&r=g\",\"caption\":\"Di\u00e1rio da Lagoa\"},\"url\":\"https:\/\/diariodalagoa.pt\/es\/author\/diariodalagoa\/\"}]}<\/script>\n<!-- \/ Yoast SEO plugin. -->","yoast_head_json":{"title":"Bloco insiste na import\u00e2ncia de haver bombeiros na Lagoa e pede esclarecimentos \u00e0 autarquia - Di\u00e1rio da Lagoa","description":"L\u00edder do BE na Lagoa queixa-se que \"n\u00e3o se sabe mais nada\" sobre o projeto que vai permitir existir uma val\u00eancia dos bombeiros na Lagoa. M\u00e1rio Rui Pacheco defende, ainda, que \"\u00e9 importante que a popula\u00e7\u00e3o do concelho seja informada sobre todos os passos\".","robots":{"index":"index","follow":"follow","max-snippet":"max-snippet:-1","max-image-preview":"max-image-preview:large","max-video-preview":"max-video-preview:-1"},"canonical":"https:\/\/diariodalagoa.pt\/es\/bloco-insiste-na-importancia-de-haver-bombeiros-na-lagoa-e-pede-esclarecimentos-a-autarquia\/","og_locale":"es_ES","og_type":"article","og_title":"Bloco insiste na import\u00e2ncia de haver bombeiros na Lagoa e pede esclarecimentos \u00e0 autarquia - Di\u00e1rio da Lagoa","og_description":"L\u00edder do BE na Lagoa queixa-se que \"n\u00e3o se sabe mais nada\" sobre o projeto que vai permitir existir uma val\u00eancia dos bombeiros na Lagoa. M\u00e1rio Rui Pacheco defende, ainda, que \"\u00e9 importante que a popula\u00e7\u00e3o do concelho seja informada sobre todos os passos\".","og_url":"https:\/\/diariodalagoa.pt\/es\/bloco-insiste-na-importancia-de-haver-bombeiros-na-lagoa-e-pede-esclarecimentos-a-autarquia\/","og_site_name":"Di\u00e1rio da Lagoa","article_published_time":"2023-09-02T00:29:36+00:00","article_modified_time":"2025-06-27T15:58:32+00:00","og_image":[{"width":960,"height":640,"url":"https:\/\/diariodalagoa.pt\/wp-content\/uploads\/2023\/09\/mario-rui-pacheco-discurso-be.jpg","type":"image\/jpeg"}],"author":"Di\u00e1rio da Lagoa","twitter_card":"summary_large_image","twitter_misc":{"Escrito por":"Di\u00e1rio da Lagoa","Tiempo de lectura":"2 minutos"},"schema":{"@context":"https:\/\/schema.org","@graph":[{"@type":"WebPage","@id":"https:\/\/diariodalagoa.pt\/bloco-insiste-na-importancia-de-haver-bombeiros-na-lagoa-e-pede-esclarecimentos-a-autarquia\/","url":"https:\/\/diariodalagoa.pt\/bloco-insiste-na-importancia-de-haver-bombeiros-na-lagoa-e-pede-esclarecimentos-a-autarquia\/","name":"Bloco insiste na import\u00e2ncia de haver bombeiros na Lagoa e pede esclarecimentos \u00e0 autarquia - Di\u00e1rio da Lagoa","isPartOf":{"@id":"https:\/\/diariodalagoa.pt\/#website"},"datePublished":"2023-09-02T00:29:36+00:00","dateModified":"2025-06-27T15:58:32+00:00","author":{"@id":"https:\/\/diariodalagoa.pt\/#\/schema\/person\/1615a002370e8857b6f972834bc43ece"},"description":"L\u00edder do BE na Lagoa queixa-se que \"n\u00e3o se sabe mais nada\" sobre o projeto que vai permitir existir uma val\u00eancia dos bombeiros na Lagoa. M\u00e1rio Rui Pacheco defende, ainda, que \"\u00e9 importante que a popula\u00e7\u00e3o do concelho seja informada sobre todos os passos\".","breadcrumb":{"@id":"https:\/\/diariodalagoa.pt\/bloco-insiste-na-importancia-de-haver-bombeiros-na-lagoa-e-pede-esclarecimentos-a-autarquia\/#breadcrumb"},"inLanguage":"es","potentialAction":[{"@type":"ReadAction","target":["https:\/\/diariodalagoa.pt\/bloco-insiste-na-importancia-de-haver-bombeiros-na-lagoa-e-pede-esclarecimentos-a-autarquia\/"]}]},{"@type":"BreadcrumbList","@id":"https:\/\/diariodalagoa.pt\/bloco-insiste-na-importancia-de-haver-bombeiros-na-lagoa-e-pede-esclarecimentos-a-autarquia\/#breadcrumb","itemListElement":[{"@type":"ListItem","position":1,"name":"In\u00edcio","item":"https:\/\/diariodalagoa.pt\/"},{"@type":"ListItem","position":2,"name":"Bloco insiste na import\u00e2ncia de haver bombeiros na Lagoa e pede esclarecimentos \u00e0 autarquia"}]},{"@type":"WebSite","@id":"https:\/\/diariodalagoa.pt\/#website","url":"https:\/\/diariodalagoa.pt\/","name":"Di\u00e1rio da Lagoa","description":"Di\u00e1rio da Lagoa. As not\u00edcias que contam. A partir da Lagoa, nos A\u00e7ores, para o mundo.","potentialAction":[{"@type":"SearchAction","target":{"@type":"EntryPoint","urlTemplate":"https:\/\/diariodalagoa.pt\/?s={search_term_string}"},"query-input":"required name=search_term_string"}],"inLanguage":"es"},{"@type":"Person","@id":"https:\/\/diariodalagoa.pt\/#\/schema\/person\/1615a002370e8857b6f972834bc43ece","name":"Di\u00e1rio da Lagoa","image":{"@type":"ImageObject","inLanguage":"es","@id":"https:\/\/diariodalagoa.pt\/#\/schema\/person\/image\/","url":"https:\/\/secure.gravatar.com\/avatar\/2cb5cef90a26f8fbd4d9d930608102c5?s=96&d=mm&r=g","contentUrl":"https:\/\/secure.gravatar.com\/avatar\/2cb5cef90a26f8fbd4d9d930608102c5?s=96&d=mm&r=g","caption":"Di\u00e1rio da Lagoa"},"url":"https:\/\/diariodalagoa.pt\/es\/author\/diariodalagoa\/"}]}},"_links":{"self":[{"href":"https:\/\/diariodalagoa.pt\/es\/wp-json\/wp\/v2\/posts\/127216"}],"collection":[{"href":"https:\/\/diariodalagoa.pt\/es\/wp-json\/wp\/v2\/posts"}],"about":[{"href":"https:\/\/diariodalagoa.pt\/es\/wp-json\/wp\/v2\/types\/post"}],"author":[{"embeddable":true,"href":"https:\/\/diariodalagoa.pt\/es\/wp-json\/wp\/v2\/users\/2"}],"replies":[{"embeddable":true,"href":"https:\/\/diariodalagoa.pt\/es\/wp-json\/wp\/v2\/comments?post=127216"}],"version-history":[{"count":8,"href":"https:\/\/diariodalagoa.pt\/es\/wp-json\/wp\/v2\/posts\/127216\/revisions"}],"predecessor-version":[{"id":127228,"href":"https:\/\/diariodalagoa.pt\/es\/wp-json\/wp\/v2\/posts\/127216\/revisions\/127228"}],"wp:featuredmedia":[{"embeddable":true,"href":"https:\/\/diariodalagoa.pt\/es\/wp-json\/wp\/v2\/media\/127217"}],"wp:attachment":[{"href":"https:\/\/diariodalagoa.pt\/es\/wp-json\/wp\/v2\/media?parent=127216"}],"wp:term":[{"taxonomy":"category","embeddable":true,"href":"https:\/\/diariodalagoa.pt\/es\/wp-json\/wp\/v2\/categories?post=127216"},{"taxonomy":"post_tag","embeddable":true,"href":"https:\/\/diariodalagoa.pt\/es\/wp-json\/wp\/v2\/tags?post=127216"}],"curies":[{"name":"wp","href":"https:\/\/api.w.org\/{rel}","templated":true}]}}