{"id":127002,"date":"2023-07-03T12:15:00","date_gmt":"2023-07-03T12:15:00","guid":{"rendered":"https:\/\/diariodalagoa.pt\/?p=127002"},"modified":"2025-06-27T16:07:20","modified_gmt":"2025-06-27T16:07:20","slug":"ferias-de-verao-na-ribeira-cha","status":"publish","type":"post","link":"https:\/\/diariodalagoa.pt\/es\/ferias-de-verao-na-ribeira-cha\/","title":{"rendered":"F\u00e9rias de ver\u00e3o na Ribeira Ch\u00e3"},"content":{"rendered":"<figure class=\"wp-block-image size-full\"><img decoding=\"async\" width=\"960\" height=\"511\" src=\"https:\/\/diariodalagoa.pt\/wp-content\/uploads\/2023\/08\/ferias-de-verao.jpg\" alt=\"\" class=\"wp-image-127003\" srcset=\"https:\/\/diariodalagoa.pt\/wp-content\/uploads\/2023\/08\/ferias-de-verao.jpg 960w, https:\/\/diariodalagoa.pt\/wp-content\/uploads\/2023\/08\/ferias-de-verao-300x160.jpg 300w, https:\/\/diariodalagoa.pt\/wp-content\/uploads\/2023\/08\/ferias-de-verao-768x409.jpg 768w, https:\/\/diariodalagoa.pt\/wp-content\/uploads\/2023\/08\/ferias-de-verao-18x10.jpg 18w\" sizes=\"(max-width: 960px) 100vw, 960px\" \/><\/figure>\n\n\n\n<div style=\"height:25px\" aria-hidden=\"true\" class=\"wp-block-spacer\"><\/div>\n\n\n<p>A Junta de Freguesia da Ribeira Ch\u00e3 convida todas as crian\u00e7as e jovens, residentes na freguesia, a participarem nas atividades de ver\u00e3o. Com elas pretendemos ocupar o tempo livre dos mais novos e proporcionar momentos de conhecimento, divertimento e lazer. As inscri\u00e7\u00f5es poder\u00e3o ser efetuadas para os contatos abaixo. Participem!<\/p>\n\n\n<h3 class=\"wp-block-heading\"><strong>Julho<\/strong><\/h3>\n\n\n<p>05 DE JULHO | 9h00-12h00 &#8211; Complexo de Piscinas Municipais de Lagoa<br>10 DE JULHO | 9h00-12h00 &#8211; Parque Os Super Her\u00f3is<br>12 DE JULHO | 9h00-12h00 &#8211; Complexo de Piscinas Municipais de Lagoa<br>14 DE JULHO | 9h45-12h00 &#8211; Limpeza da orla costeira &#8211; Pesqueiro velho<br>19 DE JULHO | 9h00-12h00 &#8211; Complexo de Piscinas Municipais de Lagoa<br>24 DE JULHO | 9h00-12h00 &#8211; Parque Florestal da Macela<br>26 DE JULHO | 9h00-12h00 &#8211; Jogos Tradicionais no Polidesportivo<\/p>\n\n\n<h3 class=\"wp-block-heading\">Agosto<\/h3>\n\n\n<p>02 DE AGOSTO | 9h00-12h00 &#8211; Complexo de Piscinas Municipais de Lagoa<br \/>04 DE AGOSTO | 9h00-12h00 &#8211; Projeto:\u201d Limpar a minha rua, limpar \u00e0 minha porta\u201d<br \/>07 DE AGOSTO | 10h00 -12h00 &#8211; Pinhal da Paz<br \/>09 DE AGOSTO | 9h00-12h00 &#8211; Complexo de Piscinas Municipais de Lagoa<br \/>16 DE AGOSTO | 9h00-12h00 &#8211; Complexo de Piscinas Municipais de Lagoa<br \/>21 DE AGOSTO | 9h00-12h00 &#8211; Planta\u00e7\u00f5es do Anan\u00e1s<br \/>23 DE AGOSTO | 9h00-12h00 &#8211; Complexo de Piscinas Municipais de Lagoa<br \/>25 DE AGOSTO | 9h00-12h00 &#8211; Jogos Tradicionais no Polidesportivo<br \/>29 DE AGOSTO | 9h00-12h00 &#8211; Visualiza\u00e7\u00e3o de um filme<\/p>","protected":false},"excerpt":{"rendered":"<p>A Junta de Freguesia da Ribeira Ch\u00e3 convida todas as crian\u00e7as e jovens, residentes na freguesia, a participarem nas atividades de ver\u00e3o. Com elas pretendemos ocupar o tempo livre dos mais novos e proporcionar momentos de conhecimento, divertimento e lazer. As inscri\u00e7\u00f5es poder\u00e3o ser efetuadas para os contatos abaixo. Participem! Julho 05 DE JULHO | [&hellip;]<\/p>","protected":false},"author":2,"featured_media":127003,"comment_status":"closed","ping_status":"closed","sticky":false,"template":"","format":"standard","meta":[],"categories":[21],"tags":[],"acf":[],"yoast_head":"<!-- This site is optimized with the Yoast SEO plugin v20.10 - https:\/\/yoast.com\/wordpress\/plugins\/seo\/ -->\n<title>F\u00e9rias de ver\u00e3o na Ribeira Ch\u00e3 - Di\u00e1rio da Lagoa<\/title>\n<meta name=\"robots\" content=\"index, follow, max-snippet:-1, max-image-preview:large, max-video-preview:-1\" \/>\n<link rel=\"canonical\" href=\"https:\/\/diariodalagoa.pt\/es\/ferias-de-verao-na-ribeira-cha\/\" \/>\n<meta property=\"og:locale\" content=\"es_ES\" \/>\n<meta property=\"og:type\" content=\"article\" \/>\n<meta property=\"og:title\" content=\"F\u00e9rias de ver\u00e3o na Ribeira Ch\u00e3 - Di\u00e1rio da Lagoa\" \/>\n<meta property=\"og:description\" content=\"A Junta de Freguesia da Ribeira Ch\u00e3 convida todas as crian\u00e7as e jovens, residentes na freguesia, a participarem nas atividades de ver\u00e3o. Com elas pretendemos ocupar o tempo livre dos mais novos e proporcionar momentos de conhecimento, divertimento e lazer. As inscri\u00e7\u00f5es poder\u00e3o ser efetuadas para os contatos abaixo. Participem! Julho 05 DE JULHO | [&hellip;]\" \/>\n<meta property=\"og:url\" content=\"https:\/\/diariodalagoa.pt\/es\/ferias-de-verao-na-ribeira-cha\/\" \/>\n<meta property=\"og:site_name\" content=\"Di\u00e1rio da Lagoa\" \/>\n<meta property=\"article:published_time\" content=\"2023-07-03T12:15:00+00:00\" \/>\n<meta property=\"article:modified_time\" content=\"2025-06-27T16:07:20+00:00\" \/>\n<meta property=\"og:image\" content=\"https:\/\/diariodalagoa.pt\/wp-content\/uploads\/2023\/08\/ferias-de-verao.jpg\" \/>\n\t<meta property=\"og:image:width\" content=\"960\" \/>\n\t<meta property=\"og:image:height\" content=\"511\" \/>\n\t<meta property=\"og:image:type\" content=\"image\/jpeg\" \/>\n<meta name=\"author\" content=\"Di\u00e1rio da Lagoa\" \/>\n<meta name=\"twitter:card\" content=\"summary_large_image\" \/>\n<meta name=\"twitter:label1\" content=\"Escrito por\" \/>\n\t<meta name=\"twitter:data1\" content=\"Di\u00e1rio da Lagoa\" \/>\n\t<meta name=\"twitter:label2\" content=\"Tiempo de lectura\" \/>\n\t<meta name=\"twitter:data2\" content=\"2 minutos\" \/>\n<script type=\"application\/ld+json\" class=\"yoast-schema-graph\">{\"@context\":\"https:\/\/schema.org\",\"@graph\":[{\"@type\":\"WebPage\",\"@id\":\"https:\/\/diariodalagoa.pt\/ferias-de-verao-na-ribeira-cha\/\",\"url\":\"https:\/\/diariodalagoa.pt\/ferias-de-verao-na-ribeira-cha\/\",\"name\":\"F\u00e9rias de ver\u00e3o na Ribeira Ch\u00e3 - Di\u00e1rio da Lagoa\",\"isPartOf\":{\"@id\":\"https:\/\/diariodalagoa.pt\/#website\"},\"datePublished\":\"2023-07-03T12:15:00+00:00\",\"dateModified\":\"2025-06-27T16:07:20+00:00\",\"author\":{\"@id\":\"https:\/\/diariodalagoa.pt\/#\/schema\/person\/1615a002370e8857b6f972834bc43ece\"},\"breadcrumb\":{\"@id\":\"https:\/\/diariodalagoa.pt\/ferias-de-verao-na-ribeira-cha\/#breadcrumb\"},\"inLanguage\":\"es\",\"potentialAction\":[{\"@type\":\"ReadAction\",\"target\":[\"https:\/\/diariodalagoa.pt\/ferias-de-verao-na-ribeira-cha\/\"]}]},{\"@type\":\"BreadcrumbList\",\"@id\":\"https:\/\/diariodalagoa.pt\/ferias-de-verao-na-ribeira-cha\/#breadcrumb\",\"itemListElement\":[{\"@type\":\"ListItem\",\"position\":1,\"name\":\"In\u00edcio\",\"item\":\"https:\/\/diariodalagoa.pt\/\"},{\"@type\":\"ListItem\",\"position\":2,\"name\":\"F\u00e9rias de ver\u00e3o na Ribeira Ch\u00e3\"}]},{\"@type\":\"WebSite\",\"@id\":\"https:\/\/diariodalagoa.pt\/#website\",\"url\":\"https:\/\/diariodalagoa.pt\/\",\"name\":\"Di\u00e1rio da Lagoa\",\"description\":\"Di\u00e1rio da Lagoa. As not\u00edcias que contam. A partir da Lagoa, nos A\u00e7ores, para o mundo.\",\"potentialAction\":[{\"@type\":\"SearchAction\",\"target\":{\"@type\":\"EntryPoint\",\"urlTemplate\":\"https:\/\/diariodalagoa.pt\/?s={search_term_string}\"},\"query-input\":\"required name=search_term_string\"}],\"inLanguage\":\"es\"},{\"@type\":\"Person\",\"@id\":\"https:\/\/diariodalagoa.pt\/#\/schema\/person\/1615a002370e8857b6f972834bc43ece\",\"name\":\"Di\u00e1rio da Lagoa\",\"image\":{\"@type\":\"ImageObject\",\"inLanguage\":\"es\",\"@id\":\"https:\/\/diariodalagoa.pt\/#\/schema\/person\/image\/\",\"url\":\"https:\/\/secure.gravatar.com\/avatar\/2cb5cef90a26f8fbd4d9d930608102c5?s=96&d=mm&r=g\",\"contentUrl\":\"https:\/\/secure.gravatar.com\/avatar\/2cb5cef90a26f8fbd4d9d930608102c5?s=96&d=mm&r=g\",\"caption\":\"Di\u00e1rio da Lagoa\"},\"url\":\"https:\/\/diariodalagoa.pt\/es\/author\/diariodalagoa\/\"}]}<\/script>\n<!-- \/ Yoast SEO plugin. -->","yoast_head_json":{"title":"F\u00e9rias de ver\u00e3o na Ribeira Ch\u00e3 - Di\u00e1rio da Lagoa","robots":{"index":"index","follow":"follow","max-snippet":"max-snippet:-1","max-image-preview":"max-image-preview:large","max-video-preview":"max-video-preview:-1"},"canonical":"https:\/\/diariodalagoa.pt\/es\/ferias-de-verao-na-ribeira-cha\/","og_locale":"es_ES","og_type":"article","og_title":"F\u00e9rias de ver\u00e3o na Ribeira Ch\u00e3 - Di\u00e1rio da Lagoa","og_description":"A Junta de Freguesia da Ribeira Ch\u00e3 convida todas as crian\u00e7as e jovens, residentes na freguesia, a participarem nas atividades de ver\u00e3o. Com elas pretendemos ocupar o tempo livre dos mais novos e proporcionar momentos de conhecimento, divertimento e lazer. As inscri\u00e7\u00f5es poder\u00e3o ser efetuadas para os contatos abaixo. Participem! Julho 05 DE JULHO | [&hellip;]","og_url":"https:\/\/diariodalagoa.pt\/es\/ferias-de-verao-na-ribeira-cha\/","og_site_name":"Di\u00e1rio da Lagoa","article_published_time":"2023-07-03T12:15:00+00:00","article_modified_time":"2025-06-27T16:07:20+00:00","og_image":[{"width":960,"height":511,"url":"https:\/\/diariodalagoa.pt\/wp-content\/uploads\/2023\/08\/ferias-de-verao.jpg","type":"image\/jpeg"}],"author":"Di\u00e1rio da Lagoa","twitter_card":"summary_large_image","twitter_misc":{"Escrito por":"Di\u00e1rio da Lagoa","Tiempo de lectura":"2 minutos"},"schema":{"@context":"https:\/\/schema.org","@graph":[{"@type":"WebPage","@id":"https:\/\/diariodalagoa.pt\/ferias-de-verao-na-ribeira-cha\/","url":"https:\/\/diariodalagoa.pt\/ferias-de-verao-na-ribeira-cha\/","name":"F\u00e9rias de ver\u00e3o na Ribeira Ch\u00e3 - Di\u00e1rio da Lagoa","isPartOf":{"@id":"https:\/\/diariodalagoa.pt\/#website"},"datePublished":"2023-07-03T12:15:00+00:00","dateModified":"2025-06-27T16:07:20+00:00","author":{"@id":"https:\/\/diariodalagoa.pt\/#\/schema\/person\/1615a002370e8857b6f972834bc43ece"},"breadcrumb":{"@id":"https:\/\/diariodalagoa.pt\/ferias-de-verao-na-ribeira-cha\/#breadcrumb"},"inLanguage":"es","potentialAction":[{"@type":"ReadAction","target":["https:\/\/diariodalagoa.pt\/ferias-de-verao-na-ribeira-cha\/"]}]},{"@type":"BreadcrumbList","@id":"https:\/\/diariodalagoa.pt\/ferias-de-verao-na-ribeira-cha\/#breadcrumb","itemListElement":[{"@type":"ListItem","position":1,"name":"In\u00edcio","item":"https:\/\/diariodalagoa.pt\/"},{"@type":"ListItem","position":2,"name":"F\u00e9rias de ver\u00e3o na Ribeira Ch\u00e3"}]},{"@type":"WebSite","@id":"https:\/\/diariodalagoa.pt\/#website","url":"https:\/\/diariodalagoa.pt\/","name":"Di\u00e1rio da Lagoa","description":"Di\u00e1rio da Lagoa. As not\u00edcias que contam. A partir da Lagoa, nos A\u00e7ores, para o mundo.","potentialAction":[{"@type":"SearchAction","target":{"@type":"EntryPoint","urlTemplate":"https:\/\/diariodalagoa.pt\/?s={search_term_string}"},"query-input":"required name=search_term_string"}],"inLanguage":"es"},{"@type":"Person","@id":"https:\/\/diariodalagoa.pt\/#\/schema\/person\/1615a002370e8857b6f972834bc43ece","name":"Di\u00e1rio da Lagoa","image":{"@type":"ImageObject","inLanguage":"es","@id":"https:\/\/diariodalagoa.pt\/#\/schema\/person\/image\/","url":"https:\/\/secure.gravatar.com\/avatar\/2cb5cef90a26f8fbd4d9d930608102c5?s=96&d=mm&r=g","contentUrl":"https:\/\/secure.gravatar.com\/avatar\/2cb5cef90a26f8fbd4d9d930608102c5?s=96&d=mm&r=g","caption":"Di\u00e1rio da Lagoa"},"url":"https:\/\/diariodalagoa.pt\/es\/author\/diariodalagoa\/"}]}},"_links":{"self":[{"href":"https:\/\/diariodalagoa.pt\/es\/wp-json\/wp\/v2\/posts\/127002"}],"collection":[{"href":"https:\/\/diariodalagoa.pt\/es\/wp-json\/wp\/v2\/posts"}],"about":[{"href":"https:\/\/diariodalagoa.pt\/es\/wp-json\/wp\/v2\/types\/post"}],"author":[{"embeddable":true,"href":"https:\/\/diariodalagoa.pt\/es\/wp-json\/wp\/v2\/users\/2"}],"replies":[{"embeddable":true,"href":"https:\/\/diariodalagoa.pt\/es\/wp-json\/wp\/v2\/comments?post=127002"}],"version-history":[{"count":3,"href":"https:\/\/diariodalagoa.pt\/es\/wp-json\/wp\/v2\/posts\/127002\/revisions"}],"predecessor-version":[{"id":148526,"href":"https:\/\/diariodalagoa.pt\/es\/wp-json\/wp\/v2\/posts\/127002\/revisions\/148526"}],"wp:featuredmedia":[{"embeddable":true,"href":"https:\/\/diariodalagoa.pt\/es\/wp-json\/wp\/v2\/media\/127003"}],"wp:attachment":[{"href":"https:\/\/diariodalagoa.pt\/es\/wp-json\/wp\/v2\/media?parent=127002"}],"wp:term":[{"taxonomy":"category","embeddable":true,"href":"https:\/\/diariodalagoa.pt\/es\/wp-json\/wp\/v2\/categories?post=127002"},{"taxonomy":"post_tag","embeddable":true,"href":"https:\/\/diariodalagoa.pt\/es\/wp-json\/wp\/v2\/tags?post=127002"}],"curies":[{"name":"wp","href":"https:\/\/api.w.org\/{rel}","templated":true}]}}