{"id":126220,"date":"2023-07-24T11:19:22","date_gmt":"2023-07-24T11:19:22","guid":{"rendered":"https:\/\/diariodalagoa.pt\/?p=126220"},"modified":"2025-06-27T16:06:07","modified_gmt":"2025-06-27T16:06:07","slug":"cristina-calisto-visita-obras-na-escola-do-cabouco","status":"publish","type":"post","link":"https:\/\/diariodalagoa.pt\/es\/cristina-calisto-visita-obras-na-escola-do-cabouco\/","title":{"rendered":"Cristina Calisto visita obras na escola do Cabouco"},"content":{"rendered":"<div id=\"attachment_126221\" style=\"width: 970px\" class=\"wp-caption aligncenter\"><img aria-describedby=\"caption-attachment-126221\" decoding=\"async\" class=\"wp-image-126221 size-full\" src=\"https:\/\/diariodalagoa.pt\/wp-content\/uploads\/2023\/07\/cristina-calisto-visita-obras.jpg\" alt=\"\" width=\"960\" height=\"640\" srcset=\"https:\/\/diariodalagoa.pt\/wp-content\/uploads\/2023\/07\/cristina-calisto-visita-obras.jpg 960w, https:\/\/diariodalagoa.pt\/wp-content\/uploads\/2023\/07\/cristina-calisto-visita-obras-300x200.jpg 300w, https:\/\/diariodalagoa.pt\/wp-content\/uploads\/2023\/07\/cristina-calisto-visita-obras-768x512.jpg 768w, https:\/\/diariodalagoa.pt\/wp-content\/uploads\/2023\/07\/cristina-calisto-visita-obras-18x12.jpg 18w\" sizes=\"(max-width: 960px) 100vw, 960px\" \/><p id=\"caption-attachment-126221\" class=\"wp-caption-text\"><span style=\"color: #999999;\">\u00a9 CM LAGOA<\/span><\/p><\/div>\n<p>A presidente da c\u00e2mara municipal da Lagoa, Cristina Calisto, visitou as obras realizadas pela autarquia na escola Francisco Machado Faria e Maia, no Cabouco, nomeadamente pinturas de paredes, interiores e exteriores, retelho geral e substitui\u00e7\u00e3o de janelas de madeira por alum\u00ednio.<\/p>\n<p>Aproveitando a interven\u00e7\u00e3o no edif\u00edcio, foram realizados trabalhos de reformula\u00e7\u00e3o e coloca\u00e7\u00e3o de janelas de correr no alpendre de liga\u00e7\u00e3o, substitui\u00e7\u00e3o de azulejos nas paredes das casas de banho, pintura e conserva\u00e7\u00e3o do mobili\u00e1rio do pr\u00e9-escolar, bem como de portas interiores, exteriores e arm\u00e1rios. Al\u00e9m disso, foram realizadas afina\u00e7\u00f5es e revis\u00f5es gerais em todo o edif\u00edcio, incluindo as casas de banho e cozinha.<\/p>\n<p>Durante a visita, Cristina Calisto ressalvou que \u201ca compet\u00eancia da autarquia relativamente ao parque escolar respeita \u00e0 manuten\u00e7\u00e3o e conserva\u00e7\u00e3o. No entanto, \u00e9 nossa preocupa\u00e7\u00e3o salvaguardar sempre o melhor para as crian\u00e7as e jovens do concelho da Lagoa e a qualidade que o espa\u00e7o escolar exige\u201d.<\/p>\n<p>Esta foi uma interven\u00e7\u00e3o que arrancou no in\u00edcio deste ano e que envolveu v\u00e1rias equipas e colaboradores da c\u00e2mara municipal. Agora, acrescentou Cristina Calisto, \u201ca melhoria do parque escolar prossegue com trabalhos que j\u00e1 se iniciaram noutra escola, tamb\u00e9m do primeiro ciclo, procurando,\u00a0igualmente, contribuir para o bem-estar das crian\u00e7as que a frequentam\u201d.<\/p>","protected":false},"excerpt":{"rendered":"<p>A presidente da c\u00e2mara municipal da Lagoa, Cristina Calisto, visitou as obras realizadas pela autarquia na escola Francisco Machado Faria e Maia, no Cabouco, nomeadamente pinturas de paredes, interiores e exteriores, retelho geral e substitui\u00e7\u00e3o de janelas de madeira por alum\u00ednio. Aproveitando a interven\u00e7\u00e3o no edif\u00edcio, foram realizados trabalhos de reformula\u00e7\u00e3o e coloca\u00e7\u00e3o de janelas [&hellip;]<\/p>","protected":false},"author":2,"featured_media":126221,"comment_status":"open","ping_status":"open","sticky":false,"template":"","format":"standard","meta":[],"categories":[21],"tags":[],"acf":[],"yoast_head":"<!-- This site is optimized with the Yoast SEO plugin v20.10 - https:\/\/yoast.com\/wordpress\/plugins\/seo\/ -->\n<title>Cristina Calisto visita obras na escola do Cabouco - Di\u00e1rio da Lagoa<\/title>\n<meta name=\"description\" content=\"Trabalhos realizados pela autarquia incidiram na substitui\u00e7\u00e3o de janelas, pinturas, retelho e revis\u00f5es gerais em todo o edif\u00edcio.\" \/>\n<meta name=\"robots\" content=\"index, follow, max-snippet:-1, max-image-preview:large, max-video-preview:-1\" \/>\n<link rel=\"canonical\" href=\"https:\/\/diariodalagoa.pt\/es\/cristina-calisto-visita-obras-na-escola-do-cabouco\/\" \/>\n<meta property=\"og:locale\" content=\"es_ES\" \/>\n<meta property=\"og:type\" content=\"article\" \/>\n<meta property=\"og:title\" content=\"Cristina Calisto visita obras na escola do Cabouco - Di\u00e1rio da Lagoa\" \/>\n<meta property=\"og:description\" content=\"Trabalhos realizados pela autarquia incidiram na substitui\u00e7\u00e3o de janelas, pinturas, retelho e revis\u00f5es gerais em todo o edif\u00edcio.\" \/>\n<meta property=\"og:url\" content=\"https:\/\/diariodalagoa.pt\/es\/cristina-calisto-visita-obras-na-escola-do-cabouco\/\" \/>\n<meta property=\"og:site_name\" content=\"Di\u00e1rio da Lagoa\" \/>\n<meta property=\"article:published_time\" content=\"2023-07-24T11:19:22+00:00\" \/>\n<meta property=\"article:modified_time\" content=\"2025-06-27T16:06:07+00:00\" \/>\n<meta property=\"og:image\" content=\"https:\/\/diariodalagoa.pt\/wp-content\/uploads\/2023\/07\/cristina-calisto-visita-obras.jpg\" \/>\n\t<meta property=\"og:image:width\" content=\"960\" \/>\n\t<meta property=\"og:image:height\" content=\"640\" \/>\n\t<meta property=\"og:image:type\" content=\"image\/jpeg\" \/>\n<meta name=\"author\" content=\"Di\u00e1rio da Lagoa\" \/>\n<meta name=\"twitter:card\" content=\"summary_large_image\" \/>\n<meta name=\"twitter:label1\" content=\"Escrito por\" \/>\n\t<meta name=\"twitter:data1\" content=\"Di\u00e1rio da Lagoa\" \/>\n\t<meta name=\"twitter:label2\" content=\"Tiempo de lectura\" \/>\n\t<meta name=\"twitter:data2\" content=\"2 minutos\" \/>\n<script type=\"application\/ld+json\" class=\"yoast-schema-graph\">{\"@context\":\"https:\/\/schema.org\",\"@graph\":[{\"@type\":\"WebPage\",\"@id\":\"https:\/\/diariodalagoa.pt\/cristina-calisto-visita-obras-na-escola-do-cabouco\/\",\"url\":\"https:\/\/diariodalagoa.pt\/cristina-calisto-visita-obras-na-escola-do-cabouco\/\",\"name\":\"Cristina Calisto visita obras na escola do Cabouco - Di\u00e1rio da Lagoa\",\"isPartOf\":{\"@id\":\"https:\/\/diariodalagoa.pt\/#website\"},\"datePublished\":\"2023-07-24T11:19:22+00:00\",\"dateModified\":\"2025-06-27T16:06:07+00:00\",\"author\":{\"@id\":\"https:\/\/diariodalagoa.pt\/#\/schema\/person\/1615a002370e8857b6f972834bc43ece\"},\"description\":\"Trabalhos realizados pela autarquia incidiram na substitui\u00e7\u00e3o de janelas, pinturas, retelho e revis\u00f5es gerais em todo o edif\u00edcio.\",\"breadcrumb\":{\"@id\":\"https:\/\/diariodalagoa.pt\/cristina-calisto-visita-obras-na-escola-do-cabouco\/#breadcrumb\"},\"inLanguage\":\"es\",\"potentialAction\":[{\"@type\":\"ReadAction\",\"target\":[\"https:\/\/diariodalagoa.pt\/cristina-calisto-visita-obras-na-escola-do-cabouco\/\"]}]},{\"@type\":\"BreadcrumbList\",\"@id\":\"https:\/\/diariodalagoa.pt\/cristina-calisto-visita-obras-na-escola-do-cabouco\/#breadcrumb\",\"itemListElement\":[{\"@type\":\"ListItem\",\"position\":1,\"name\":\"In\u00edcio\",\"item\":\"https:\/\/diariodalagoa.pt\/\"},{\"@type\":\"ListItem\",\"position\":2,\"name\":\"Cristina Calisto visita obras na escola do Cabouco\"}]},{\"@type\":\"WebSite\",\"@id\":\"https:\/\/diariodalagoa.pt\/#website\",\"url\":\"https:\/\/diariodalagoa.pt\/\",\"name\":\"Di\u00e1rio da Lagoa\",\"description\":\"Di\u00e1rio da Lagoa. As not\u00edcias que contam. A partir da Lagoa, nos A\u00e7ores, para o mundo.\",\"potentialAction\":[{\"@type\":\"SearchAction\",\"target\":{\"@type\":\"EntryPoint\",\"urlTemplate\":\"https:\/\/diariodalagoa.pt\/?s={search_term_string}\"},\"query-input\":\"required name=search_term_string\"}],\"inLanguage\":\"es\"},{\"@type\":\"Person\",\"@id\":\"https:\/\/diariodalagoa.pt\/#\/schema\/person\/1615a002370e8857b6f972834bc43ece\",\"name\":\"Di\u00e1rio da Lagoa\",\"image\":{\"@type\":\"ImageObject\",\"inLanguage\":\"es\",\"@id\":\"https:\/\/diariodalagoa.pt\/#\/schema\/person\/image\/\",\"url\":\"https:\/\/secure.gravatar.com\/avatar\/2cb5cef90a26f8fbd4d9d930608102c5?s=96&d=mm&r=g\",\"contentUrl\":\"https:\/\/secure.gravatar.com\/avatar\/2cb5cef90a26f8fbd4d9d930608102c5?s=96&d=mm&r=g\",\"caption\":\"Di\u00e1rio da Lagoa\"},\"url\":\"https:\/\/diariodalagoa.pt\/es\/author\/diariodalagoa\/\"}]}<\/script>\n<!-- \/ Yoast SEO plugin. -->","yoast_head_json":{"title":"Cristina Calisto visita obras na escola do Cabouco - Di\u00e1rio da Lagoa","description":"Trabalhos realizados pela autarquia incidiram na substitui\u00e7\u00e3o de janelas, pinturas, retelho e revis\u00f5es gerais em todo o edif\u00edcio.","robots":{"index":"index","follow":"follow","max-snippet":"max-snippet:-1","max-image-preview":"max-image-preview:large","max-video-preview":"max-video-preview:-1"},"canonical":"https:\/\/diariodalagoa.pt\/es\/cristina-calisto-visita-obras-na-escola-do-cabouco\/","og_locale":"es_ES","og_type":"article","og_title":"Cristina Calisto visita obras na escola do Cabouco - Di\u00e1rio da Lagoa","og_description":"Trabalhos realizados pela autarquia incidiram na substitui\u00e7\u00e3o de janelas, pinturas, retelho e revis\u00f5es gerais em todo o edif\u00edcio.","og_url":"https:\/\/diariodalagoa.pt\/es\/cristina-calisto-visita-obras-na-escola-do-cabouco\/","og_site_name":"Di\u00e1rio da Lagoa","article_published_time":"2023-07-24T11:19:22+00:00","article_modified_time":"2025-06-27T16:06:07+00:00","og_image":[{"width":960,"height":640,"url":"https:\/\/diariodalagoa.pt\/wp-content\/uploads\/2023\/07\/cristina-calisto-visita-obras.jpg","type":"image\/jpeg"}],"author":"Di\u00e1rio da Lagoa","twitter_card":"summary_large_image","twitter_misc":{"Escrito por":"Di\u00e1rio da Lagoa","Tiempo de lectura":"2 minutos"},"schema":{"@context":"https:\/\/schema.org","@graph":[{"@type":"WebPage","@id":"https:\/\/diariodalagoa.pt\/cristina-calisto-visita-obras-na-escola-do-cabouco\/","url":"https:\/\/diariodalagoa.pt\/cristina-calisto-visita-obras-na-escola-do-cabouco\/","name":"Cristina Calisto visita obras na escola do Cabouco - Di\u00e1rio da Lagoa","isPartOf":{"@id":"https:\/\/diariodalagoa.pt\/#website"},"datePublished":"2023-07-24T11:19:22+00:00","dateModified":"2025-06-27T16:06:07+00:00","author":{"@id":"https:\/\/diariodalagoa.pt\/#\/schema\/person\/1615a002370e8857b6f972834bc43ece"},"description":"Trabalhos realizados pela autarquia incidiram na substitui\u00e7\u00e3o de janelas, pinturas, retelho e revis\u00f5es gerais em todo o edif\u00edcio.","breadcrumb":{"@id":"https:\/\/diariodalagoa.pt\/cristina-calisto-visita-obras-na-escola-do-cabouco\/#breadcrumb"},"inLanguage":"es","potentialAction":[{"@type":"ReadAction","target":["https:\/\/diariodalagoa.pt\/cristina-calisto-visita-obras-na-escola-do-cabouco\/"]}]},{"@type":"BreadcrumbList","@id":"https:\/\/diariodalagoa.pt\/cristina-calisto-visita-obras-na-escola-do-cabouco\/#breadcrumb","itemListElement":[{"@type":"ListItem","position":1,"name":"In\u00edcio","item":"https:\/\/diariodalagoa.pt\/"},{"@type":"ListItem","position":2,"name":"Cristina Calisto visita obras na escola do Cabouco"}]},{"@type":"WebSite","@id":"https:\/\/diariodalagoa.pt\/#website","url":"https:\/\/diariodalagoa.pt\/","name":"Di\u00e1rio da Lagoa","description":"Di\u00e1rio da Lagoa. As not\u00edcias que contam. A partir da Lagoa, nos A\u00e7ores, para o mundo.","potentialAction":[{"@type":"SearchAction","target":{"@type":"EntryPoint","urlTemplate":"https:\/\/diariodalagoa.pt\/?s={search_term_string}"},"query-input":"required name=search_term_string"}],"inLanguage":"es"},{"@type":"Person","@id":"https:\/\/diariodalagoa.pt\/#\/schema\/person\/1615a002370e8857b6f972834bc43ece","name":"Di\u00e1rio da Lagoa","image":{"@type":"ImageObject","inLanguage":"es","@id":"https:\/\/diariodalagoa.pt\/#\/schema\/person\/image\/","url":"https:\/\/secure.gravatar.com\/avatar\/2cb5cef90a26f8fbd4d9d930608102c5?s=96&d=mm&r=g","contentUrl":"https:\/\/secure.gravatar.com\/avatar\/2cb5cef90a26f8fbd4d9d930608102c5?s=96&d=mm&r=g","caption":"Di\u00e1rio da Lagoa"},"url":"https:\/\/diariodalagoa.pt\/es\/author\/diariodalagoa\/"}]}},"_links":{"self":[{"href":"https:\/\/diariodalagoa.pt\/es\/wp-json\/wp\/v2\/posts\/126220"}],"collection":[{"href":"https:\/\/diariodalagoa.pt\/es\/wp-json\/wp\/v2\/posts"}],"about":[{"href":"https:\/\/diariodalagoa.pt\/es\/wp-json\/wp\/v2\/types\/post"}],"author":[{"embeddable":true,"href":"https:\/\/diariodalagoa.pt\/es\/wp-json\/wp\/v2\/users\/2"}],"replies":[{"embeddable":true,"href":"https:\/\/diariodalagoa.pt\/es\/wp-json\/wp\/v2\/comments?post=126220"}],"version-history":[{"count":1,"href":"https:\/\/diariodalagoa.pt\/es\/wp-json\/wp\/v2\/posts\/126220\/revisions"}],"predecessor-version":[{"id":126222,"href":"https:\/\/diariodalagoa.pt\/es\/wp-json\/wp\/v2\/posts\/126220\/revisions\/126222"}],"wp:featuredmedia":[{"embeddable":true,"href":"https:\/\/diariodalagoa.pt\/es\/wp-json\/wp\/v2\/media\/126221"}],"wp:attachment":[{"href":"https:\/\/diariodalagoa.pt\/es\/wp-json\/wp\/v2\/media?parent=126220"}],"wp:term":[{"taxonomy":"category","embeddable":true,"href":"https:\/\/diariodalagoa.pt\/es\/wp-json\/wp\/v2\/categories?post=126220"},{"taxonomy":"post_tag","embeddable":true,"href":"https:\/\/diariodalagoa.pt\/es\/wp-json\/wp\/v2\/tags?post=126220"}],"curies":[{"name":"wp","href":"https:\/\/api.w.org\/{rel}","templated":true}]}}