{"id":12594,"date":"2015-02-02T16:58:13","date_gmt":"2015-02-02T17:58:13","guid":{"rendered":"http:\/\/diariodalagoa.pt\/?p=12594"},"modified":"2015-02-02T16:58:13","modified_gmt":"2015-02-02T17:58:13","slug":"o-cine-teatro-lagoense-francisco-damaral-almeida","status":"publish","type":"post","link":"https:\/\/diariodalagoa.pt\/es\/o-cine-teatro-lagoense-francisco-damaral-almeida\/","title":{"rendered":"O Cine Teatro Lagoense \u201cFrancisco d\u2019Amaral Almeida\u201d"},"content":{"rendered":"<p><a href=\"http:\/\/diariodalagoa.pt\/wp-content\/uploads\/2014\/06\/Samdro-Monteiro-opiniao-cronicas-antigamente.jpg\"><img decoding=\"async\" class=\"alignnone size-full wp-image-5154\" src=\"http:\/\/diariodalagoa.pt\/wp-content\/uploads\/2014\/06\/Samdro-Monteiro-opiniao-cronicas-antigamente.jpg\" alt=\"Sandra-Monteiro-opiniao-cronicas-antigamente\" width=\"720\" height=\"378\" \/><\/a><\/p>\n<p style=\"text-align: justify;\"><span style=\"color: #000000;\">O teatro, s\u00edmbolo e local para ascens\u00e3o e vangl\u00f3ria da burguesia, no s\u00e9c. XVIII, era local para a ostenta\u00e7\u00e3o de privil\u00e9gios dos bem-nascidos mas tamb\u00e9m espa\u00e7o de apresenta\u00e7\u00e3o, de oportunidade para rela\u00e7\u00f5es ou lan\u00e7amento de jovens com aspira\u00e7\u00f5es a carreira liter\u00e1ria e pol\u00edtica. Em Lisboa, o Teatro Nacional de S. Carlos foi inaugurado em 1793 e cinco anos mais tarde, no Porto, o Teatro Nacional de S. Jo\u00e3o, fruto da a\u00e7\u00e3o burguesa local. No s\u00e9c. XIX o Teatro Nacional D. Maria II e v\u00e1rios outros teatros foram fundados, com destaque para o Teatro Lethes, em Faro. Em 1913, surge o Teatro Politeama e em per\u00edodo republicano, o teatro era entendido como forma\u00e7\u00e3o de consci\u00eancias, uni\u00e3o da P\u00e1tria e difus\u00e3o da cultura.<\/span><\/p>\n<p style=\"text-align: justify;\"><span style=\"color: #000000;\">Em S. Miguel, no s\u00e9c. XIX, existiam teatros em Ponta Delgada, como o Teatro de S\u00e3o Sebasti\u00e3o e o Teatro da Sociedade Filarm\u00f3nica (Teatro Sta. Cec\u00edlia) que entretanto se perderam. O Teatro Micaelense resultou da a\u00e7\u00e3o da passagem, pela ilha, de intelectuais liberais oitocentistas. O Coliseu Micaelense, inaugurado em 1917, com o nome de Coliseu Avenida, era situado numa zona nova e moderna da cidade e o Teatro Ribeiragrandense foi noticiado, pela primeira vez, em 1919. Sobre o cinema sabe-se que em 1913, funcionavam, em Ponta Delgada, o Sal\u00e3o Avenida e o Variedades e no Teatro Micaelense tamb\u00e9m havia sess\u00f5es.<\/span><\/p>\n<p style=\"text-align: justify;\"><span style=\"color: #000000;\">Francisco d\u2019Amaral Almeida nasceu na freguesia do Ros\u00e1rio, Vila da Lagoa, em 25 de dezembro de 1873. Foi um homem muito culto, interessado no desenvolvimento e progresso da sua terra tendo realizado v\u00e1rias a\u00e7\u00f5es de cariz cultural em prol da Lagoa e dos lagoenses. O principal legado que chegou at\u00e9 hoje foi o Cine Teatro.<\/span><\/p>\n<p style=\"text-align: justify;\"><span style=\"color: #000000;\">A inaugura\u00e7\u00e3o do, ent\u00e3o designado, Teatro Amaral ocorreu a 1 de fevereiro de 1913.<\/span><\/p>\n<p style=\"text-align: justify;\"><span style=\"color: #000000;\">Autor da planta do edif\u00edcio, Francisco d\u2019Amaral Almeida foi tamb\u00e9m respons\u00e1vel pela execu\u00e7\u00e3o do mesmo, sob a forma de administra\u00e7\u00e3o direta, e da modelagem de quatro figuras femininas para a fachada do edif\u00edcio que simbolizavam as Quatro Esta\u00e7\u00f5es do Ano. Para o interior, manufaturou um escudo com o busto da Rep\u00fablica, em madeira, colocado posteriormente, na boca de cena e pinturas para o pano do mesmo local.<\/span><\/p>\n<p style=\"text-align: justify;\"><span style=\"color: #000000;\">A sala era composta por palco, com boca de cena, e lugar para o ponto, plateia com bancos corridos de madeira, sem costas, que sa\u00edam quando havia bailes ou outras atividades, e tr\u00eas s\u00e9ries de camarotes, sendo um reservado para a fam\u00edlia. Por baixo do palco ficavam os camarins e o ch\u00e3o da sala era cimentado. Existia ainda um pequeno quarto que servia para deitar a dormir as crian\u00e7as da fam\u00edlia, enquanto assistiam aos espet\u00e1culos e aos filmes ou colaboravam nas tarefas necess\u00e1rias para p\u00f4r o espet\u00e1culo a funcionar, desde dar \u00e0 manivela a m\u00e1quina de proje\u00e7\u00e3o, p\u00f4r a funcionar o gramofone, fazer subir e descer o pano e, at\u00e9 mesmo, cobrar os bilhetes ou limpar e organizar o espa\u00e7o.<\/span><\/p>\n<p style=\"text-align: justify;\"><span style=\"color: #000000;\">Para anunciar o in\u00edcio, o intervalo e o fim da sess\u00e3o de cinema, o talentoso propriet\u00e1rio elaborou imagens, isto \u00e9, caleidosc\u00f3pios que encaixavam na lente da m\u00e1quina de proje\u00e7\u00e3o. No dia do espet\u00e1culo, circulava pelas ruas da Lagoa, uma carreta puxada pelos seus trabalhadores e, outras vezes, por rapazes que em troca entravam sem pagar, onde eram expostos os cartazes, tamb\u00e9m muitos deles, elaborados pelo dono do espa\u00e7o.<\/span><\/p>\n<p style=\"text-align: justify;\"><span style=\"color: #000000;\">Com a morte do propriet\u00e1rio e fundador, em 1948, deram-se as partilhas e a sua filha, Maria Eduarda Mota Amaral Borges e seu marido Jo\u00e3o Pedro Borges, tornaram-se ent\u00e3o, os novos propriet\u00e1rios deste espa\u00e7o cultural lagoense. No in\u00edcio da d\u00e9cada de 50 foram feitas remodela\u00e7\u00f5es e moderniza\u00e7\u00f5es e, realizadas proje\u00e7\u00f5es ao ar livre numa esplanada situada na Rua do Vig\u00e1rio.<\/span><\/p>\n<p style=\"text-align: justify;\"><span style=\"color: #000000;\">Nos anos 60-70, a nova gera\u00e7\u00e3o da fam\u00edlia, filhos dos anteriores propriet\u00e1rios, toma conta do espa\u00e7o que passa a designar-se Cine Lagoense. Novas atualiza\u00e7\u00f5es foram feitas aos novos tempos que se viviam. As atividades que se destacaram, neste per\u00edodo, foram as confer\u00eancias organizadas pelo C\u00edrculo de Amigos da Lagoa.<\/span><\/p>\n<p style=\"text-align: justify;\"><span style=\"color: #000000;\">No final da d\u00e9cada de 70 o espa\u00e7o foi alugado mas, na d\u00e9cada de 80, voltou para propriedade da terceira gera\u00e7\u00e3o da fam\u00edlia Amaral.<\/span><\/p>\n<p style=\"text-align: justify;\"><span style=\"color: #000000;\">Os propriet\u00e1rios enviaram um of\u00edcio \u00e0 C\u00e2mara Municipal de Lagoa para venda daquele espa\u00e7o, em meados da d\u00e9cada de 90, e ap\u00f3s as obras de requalifica\u00e7\u00e3o, a inaugura\u00e7\u00e3o ocorreu a 28 de abril de 2001, j\u00e1 como propriedade camar\u00e1ria.<\/span><\/p>\n<p style=\"text-align: justify;\"><span style=\"color: #000000;\">Hoje, como nos ideais do seu fundador, o Cine Teatro Lagoense \u2013 Francisco d\u2019Amaral Almeida continua a ser um espa\u00e7o cultural e educativo importante na informa\u00e7\u00e3o e forma\u00e7\u00e3o de gera\u00e7\u00f5es lagoenses.<\/span><\/p>\n<p style=\"text-align: justify;\"><span style=\"color: #000000;\"><b>Sandra Monteiro\u00a0 <\/b><\/span><br \/>\n<span style=\"color: #000000;\"> <b>CHAM \u2013 FCSH\/NOVA-UAc <\/b><\/span><br \/>\n<span style=\"color: #000000;\"> <b>ICPJJT<\/b><\/span><\/p>\n<div id=\"attachment_13429\" style=\"width: 460px\" class=\"wp-caption alignnone\"><a href=\"http:\/\/diariodalagoa.pt\/wp-content\/uploads\/2015\/02\/TeatroAmaral_anos-40.jpg\" target=\"_blank\" rel=\"noopener noreferrer\"><img aria-describedby=\"caption-attachment-13429\" decoding=\"async\" class=\"wp-image-13429\" src=\"http:\/\/diariodalagoa.pt\/wp-content\/uploads\/2015\/02\/TeatroAmaral_anos-40.jpg\" alt=\"TeatroAmaral_anos 40\" width=\"450\" height=\"190\" \/><\/a><p id=\"caption-attachment-13429\" class=\"wp-caption-text\">Teatro Amaral &#8211; Arquivo Particular da Fam\u00edlia Amaral, anos 40<\/p><\/div>\n<div id=\"attachment_13428\" style=\"width: 460px\" class=\"wp-caption alignnone\"><a href=\"http:\/\/diariodalagoa.pt\/wp-content\/uploads\/2015\/02\/CineTeatroLagoense_2011.jpg\" target=\"_blank\" rel=\"noopener noreferrer\"><img aria-describedby=\"caption-attachment-13428\" decoding=\"async\" class=\"wp-image-13428\" src=\"http:\/\/diariodalagoa.pt\/wp-content\/uploads\/2015\/02\/CineTeatroLagoense_2011.jpg\" alt=\"CineTeatroLagoense_2011\" width=\"450\" height=\"299\" \/><\/a><p id=\"caption-attachment-13428\" class=\"wp-caption-text\">Frontisp\u00edcio Atual do Cine Teatro Lagoense \u201cFrancisco d\u2019Amaral Almeida\u201d &#8211; CML, 2011<\/p><\/div>","protected":false},"excerpt":{"rendered":"<p>O teatro, s\u00edmbolo e local para ascens\u00e3o e vangl\u00f3ria da burguesia, no s\u00e9c. XVIII, era local para a ostenta\u00e7\u00e3o de privil\u00e9gios dos bem-nascidos mas tamb\u00e9m espa\u00e7o de apresenta\u00e7\u00e3o, de oportunidade para rela\u00e7\u00f5es ou lan\u00e7amento de jovens com aspira\u00e7\u00f5es a carreira liter\u00e1ria e pol\u00edtica. Em Lisboa, o Teatro Nacional de S. Carlos foi inaugurado em 1793 [&hellip;]<\/p>","protected":false},"author":2,"featured_media":110259,"comment_status":"open","ping_status":"open","sticky":false,"template":"","format":"standard","meta":[],"categories":[11],"tags":[],"acf":[],"yoast_head":"<!-- This site is optimized with the Yoast SEO plugin v20.10 - https:\/\/yoast.com\/wordpress\/plugins\/seo\/ -->\n<title>O Cine Teatro Lagoense \u201cFrancisco d\u2019Amaral Almeida\u201d - Di\u00e1rio da Lagoa<\/title>\n<meta name=\"robots\" content=\"index, follow, max-snippet:-1, max-image-preview:large, max-video-preview:-1\" \/>\n<link rel=\"canonical\" href=\"https:\/\/diariodalagoa.pt\/es\/o-cine-teatro-lagoense-francisco-damaral-almeida\/\" \/>\n<meta property=\"og:locale\" content=\"es_ES\" \/>\n<meta property=\"og:type\" content=\"article\" \/>\n<meta property=\"og:title\" content=\"O Cine Teatro Lagoense \u201cFrancisco d\u2019Amaral Almeida\u201d - Di\u00e1rio da Lagoa\" \/>\n<meta property=\"og:description\" content=\"O teatro, s\u00edmbolo e local para ascens\u00e3o e vangl\u00f3ria da burguesia, no s\u00e9c. XVIII, era local para a ostenta\u00e7\u00e3o de privil\u00e9gios dos bem-nascidos mas tamb\u00e9m espa\u00e7o de apresenta\u00e7\u00e3o, de oportunidade para rela\u00e7\u00f5es ou lan\u00e7amento de jovens com aspira\u00e7\u00f5es a carreira liter\u00e1ria e pol\u00edtica. Em Lisboa, o Teatro Nacional de S. Carlos foi inaugurado em 1793 [&hellip;]\" \/>\n<meta property=\"og:url\" content=\"https:\/\/diariodalagoa.pt\/es\/o-cine-teatro-lagoense-francisco-damaral-almeida\/\" \/>\n<meta property=\"og:site_name\" content=\"Di\u00e1rio da Lagoa\" \/>\n<meta property=\"article:published_time\" content=\"2015-02-02T17:58:13+00:00\" \/>\n<meta property=\"og:image\" content=\"https:\/\/diariodalagoa.pt\/wp-content\/uploads\/2015\/02\/samdro-monteiro-opiniao-cronicas-antigamente-1.jpg\" \/>\n\t<meta property=\"og:image:width\" content=\"720\" \/>\n\t<meta property=\"og:image:height\" content=\"378\" \/>\n\t<meta property=\"og:image:type\" content=\"image\/jpeg\" \/>\n<meta name=\"author\" content=\"Di\u00e1rio da Lagoa\" \/>\n<meta name=\"twitter:card\" content=\"summary_large_image\" \/>\n<meta name=\"twitter:label1\" content=\"Escrito por\" \/>\n\t<meta name=\"twitter:data1\" content=\"Di\u00e1rio da Lagoa\" \/>\n\t<meta name=\"twitter:label2\" content=\"Tiempo de lectura\" \/>\n\t<meta name=\"twitter:data2\" content=\"4 minutos\" \/>\n<script type=\"application\/ld+json\" class=\"yoast-schema-graph\">{\"@context\":\"https:\/\/schema.org\",\"@graph\":[{\"@type\":\"WebPage\",\"@id\":\"https:\/\/diariodalagoa.pt\/o-cine-teatro-lagoense-francisco-damaral-almeida\/\",\"url\":\"https:\/\/diariodalagoa.pt\/o-cine-teatro-lagoense-francisco-damaral-almeida\/\",\"name\":\"O Cine Teatro Lagoense \u201cFrancisco d\u2019Amaral Almeida\u201d - Di\u00e1rio da Lagoa\",\"isPartOf\":{\"@id\":\"https:\/\/diariodalagoa.pt\/#website\"},\"datePublished\":\"2015-02-02T17:58:13+00:00\",\"dateModified\":\"2015-02-02T17:58:13+00:00\",\"author\":{\"@id\":\"https:\/\/diariodalagoa.pt\/#\/schema\/person\/1615a002370e8857b6f972834bc43ece\"},\"breadcrumb\":{\"@id\":\"https:\/\/diariodalagoa.pt\/o-cine-teatro-lagoense-francisco-damaral-almeida\/#breadcrumb\"},\"inLanguage\":\"es\",\"potentialAction\":[{\"@type\":\"ReadAction\",\"target\":[\"https:\/\/diariodalagoa.pt\/o-cine-teatro-lagoense-francisco-damaral-almeida\/\"]}]},{\"@type\":\"BreadcrumbList\",\"@id\":\"https:\/\/diariodalagoa.pt\/o-cine-teatro-lagoense-francisco-damaral-almeida\/#breadcrumb\",\"itemListElement\":[{\"@type\":\"ListItem\",\"position\":1,\"name\":\"In\u00edcio\",\"item\":\"https:\/\/diariodalagoa.pt\/\"},{\"@type\":\"ListItem\",\"position\":2,\"name\":\"O Cine Teatro Lagoense \u201cFrancisco d\u2019Amaral Almeida\u201d\"}]},{\"@type\":\"WebSite\",\"@id\":\"https:\/\/diariodalagoa.pt\/#website\",\"url\":\"https:\/\/diariodalagoa.pt\/\",\"name\":\"Di\u00e1rio da Lagoa\",\"description\":\"Di\u00e1rio da Lagoa. As not\u00edcias que contam. A partir da Lagoa, nos A\u00e7ores, para o mundo.\",\"potentialAction\":[{\"@type\":\"SearchAction\",\"target\":{\"@type\":\"EntryPoint\",\"urlTemplate\":\"https:\/\/diariodalagoa.pt\/?s={search_term_string}\"},\"query-input\":\"required name=search_term_string\"}],\"inLanguage\":\"es\"},{\"@type\":\"Person\",\"@id\":\"https:\/\/diariodalagoa.pt\/#\/schema\/person\/1615a002370e8857b6f972834bc43ece\",\"name\":\"Di\u00e1rio da Lagoa\",\"image\":{\"@type\":\"ImageObject\",\"inLanguage\":\"es\",\"@id\":\"https:\/\/diariodalagoa.pt\/#\/schema\/person\/image\/\",\"url\":\"https:\/\/secure.gravatar.com\/avatar\/2cb5cef90a26f8fbd4d9d930608102c5?s=96&d=mm&r=g\",\"contentUrl\":\"https:\/\/secure.gravatar.com\/avatar\/2cb5cef90a26f8fbd4d9d930608102c5?s=96&d=mm&r=g\",\"caption\":\"Di\u00e1rio da Lagoa\"},\"url\":\"https:\/\/diariodalagoa.pt\/es\/author\/diariodalagoa\/\"}]}<\/script>\n<!-- \/ Yoast SEO plugin. -->","yoast_head_json":{"title":"O Cine Teatro Lagoense \u201cFrancisco d\u2019Amaral Almeida\u201d - Di\u00e1rio da Lagoa","robots":{"index":"index","follow":"follow","max-snippet":"max-snippet:-1","max-image-preview":"max-image-preview:large","max-video-preview":"max-video-preview:-1"},"canonical":"https:\/\/diariodalagoa.pt\/es\/o-cine-teatro-lagoense-francisco-damaral-almeida\/","og_locale":"es_ES","og_type":"article","og_title":"O Cine Teatro Lagoense \u201cFrancisco d\u2019Amaral Almeida\u201d - Di\u00e1rio da Lagoa","og_description":"O teatro, s\u00edmbolo e local para ascens\u00e3o e vangl\u00f3ria da burguesia, no s\u00e9c. XVIII, era local para a ostenta\u00e7\u00e3o de privil\u00e9gios dos bem-nascidos mas tamb\u00e9m espa\u00e7o de apresenta\u00e7\u00e3o, de oportunidade para rela\u00e7\u00f5es ou lan\u00e7amento de jovens com aspira\u00e7\u00f5es a carreira liter\u00e1ria e pol\u00edtica. Em Lisboa, o Teatro Nacional de S. Carlos foi inaugurado em 1793 [&hellip;]","og_url":"https:\/\/diariodalagoa.pt\/es\/o-cine-teatro-lagoense-francisco-damaral-almeida\/","og_site_name":"Di\u00e1rio da Lagoa","article_published_time":"2015-02-02T17:58:13+00:00","og_image":[{"width":720,"height":378,"url":"https:\/\/diariodalagoa.pt\/wp-content\/uploads\/2015\/02\/samdro-monteiro-opiniao-cronicas-antigamente-1.jpg","type":"image\/jpeg"}],"author":"Di\u00e1rio da Lagoa","twitter_card":"summary_large_image","twitter_misc":{"Escrito por":"Di\u00e1rio da Lagoa","Tiempo de lectura":"4 minutos"},"schema":{"@context":"https:\/\/schema.org","@graph":[{"@type":"WebPage","@id":"https:\/\/diariodalagoa.pt\/o-cine-teatro-lagoense-francisco-damaral-almeida\/","url":"https:\/\/diariodalagoa.pt\/o-cine-teatro-lagoense-francisco-damaral-almeida\/","name":"O Cine Teatro Lagoense \u201cFrancisco d\u2019Amaral Almeida\u201d - Di\u00e1rio da Lagoa","isPartOf":{"@id":"https:\/\/diariodalagoa.pt\/#website"},"datePublished":"2015-02-02T17:58:13+00:00","dateModified":"2015-02-02T17:58:13+00:00","author":{"@id":"https:\/\/diariodalagoa.pt\/#\/schema\/person\/1615a002370e8857b6f972834bc43ece"},"breadcrumb":{"@id":"https:\/\/diariodalagoa.pt\/o-cine-teatro-lagoense-francisco-damaral-almeida\/#breadcrumb"},"inLanguage":"es","potentialAction":[{"@type":"ReadAction","target":["https:\/\/diariodalagoa.pt\/o-cine-teatro-lagoense-francisco-damaral-almeida\/"]}]},{"@type":"BreadcrumbList","@id":"https:\/\/diariodalagoa.pt\/o-cine-teatro-lagoense-francisco-damaral-almeida\/#breadcrumb","itemListElement":[{"@type":"ListItem","position":1,"name":"In\u00edcio","item":"https:\/\/diariodalagoa.pt\/"},{"@type":"ListItem","position":2,"name":"O Cine Teatro Lagoense \u201cFrancisco d\u2019Amaral Almeida\u201d"}]},{"@type":"WebSite","@id":"https:\/\/diariodalagoa.pt\/#website","url":"https:\/\/diariodalagoa.pt\/","name":"Di\u00e1rio da Lagoa","description":"Di\u00e1rio da Lagoa. As not\u00edcias que contam. A partir da Lagoa, nos A\u00e7ores, para o mundo.","potentialAction":[{"@type":"SearchAction","target":{"@type":"EntryPoint","urlTemplate":"https:\/\/diariodalagoa.pt\/?s={search_term_string}"},"query-input":"required name=search_term_string"}],"inLanguage":"es"},{"@type":"Person","@id":"https:\/\/diariodalagoa.pt\/#\/schema\/person\/1615a002370e8857b6f972834bc43ece","name":"Di\u00e1rio da Lagoa","image":{"@type":"ImageObject","inLanguage":"es","@id":"https:\/\/diariodalagoa.pt\/#\/schema\/person\/image\/","url":"https:\/\/secure.gravatar.com\/avatar\/2cb5cef90a26f8fbd4d9d930608102c5?s=96&d=mm&r=g","contentUrl":"https:\/\/secure.gravatar.com\/avatar\/2cb5cef90a26f8fbd4d9d930608102c5?s=96&d=mm&r=g","caption":"Di\u00e1rio da Lagoa"},"url":"https:\/\/diariodalagoa.pt\/es\/author\/diariodalagoa\/"}]}},"_links":{"self":[{"href":"https:\/\/diariodalagoa.pt\/es\/wp-json\/wp\/v2\/posts\/12594"}],"collection":[{"href":"https:\/\/diariodalagoa.pt\/es\/wp-json\/wp\/v2\/posts"}],"about":[{"href":"https:\/\/diariodalagoa.pt\/es\/wp-json\/wp\/v2\/types\/post"}],"author":[{"embeddable":true,"href":"https:\/\/diariodalagoa.pt\/es\/wp-json\/wp\/v2\/users\/2"}],"replies":[{"embeddable":true,"href":"https:\/\/diariodalagoa.pt\/es\/wp-json\/wp\/v2\/comments?post=12594"}],"version-history":[{"count":0,"href":"https:\/\/diariodalagoa.pt\/es\/wp-json\/wp\/v2\/posts\/12594\/revisions"}],"wp:featuredmedia":[{"embeddable":true,"href":"https:\/\/diariodalagoa.pt\/es\/wp-json\/wp\/v2\/media\/110259"}],"wp:attachment":[{"href":"https:\/\/diariodalagoa.pt\/es\/wp-json\/wp\/v2\/media?parent=12594"}],"wp:term":[{"taxonomy":"category","embeddable":true,"href":"https:\/\/diariodalagoa.pt\/es\/wp-json\/wp\/v2\/categories?post=12594"},{"taxonomy":"post_tag","embeddable":true,"href":"https:\/\/diariodalagoa.pt\/es\/wp-json\/wp\/v2\/tags?post=12594"}],"curies":[{"name":"wp","href":"https:\/\/api.w.org\/{rel}","templated":true}]}}