{"id":1251,"date":"2014-02-28T09:05:15","date_gmt":"2014-02-28T09:05:15","guid":{"rendered":"http:\/\/diariodalagoa.pt\/?p=1251"},"modified":"2025-06-10T22:33:49","modified_gmt":"2025-06-10T22:33:49","slug":"joao-ponte-ameacado-de-morte-com-tiros","status":"publish","type":"post","link":"https:\/\/diariodalagoa.pt\/es\/joao-ponte-ameacado-de-morte-com-tiros\/","title":{"rendered":"Jo\u00e3o Ponte amea\u00e7ado de morte com tiros"},"content":{"rendered":"<div>\n<div>\n<div style=\"text-align: justify;\">\n<div><a href=\"http:\/\/diariodalagoa.pt\/wp-content\/uploads\/2014\/02\/JoaoPonte-Lagoa.jpg\"><img decoding=\"async\" class=\"alignnone size-full wp-image-1252\" alt=\"JoaoPonte-Lagoa\" src=\"http:\/\/diariodalagoa.pt\/wp-content\/uploads\/2014\/02\/JoaoPonte-Lagoa.jpg\" width=\"720\" height=\"378\" \/><\/a><\/div>\n<\/div>\n<div style=\"text-align: justify;\">\n<p><span style=\"color: #000000;\">Foram cinco os tiros que danificaram o port\u00e3o da quinta do presidente da C\u00e2mara Municipal de Lagoa, na freguesia do Ros\u00e1rio, no qual foram escritas\u00a0 palavras de amea\u00e7a a Jo\u00e3o Ponte: \u201caviso\u201d, \u201cmorte\u201d e \u201ccuidado\u201d. <\/span><\/p>\n<p><span style=\"color: #000000;\">Segundo escreve, esta sexta-feira, o jornal A\u00e7oriano Oriental, a situa\u00e7\u00e3o ter\u00e1 acontecido a altas horas de madrugada numa zona perto da Rotunda da Guia, sendo que o alerta foi dado de manh\u00e3 por um vizinho \u00e0 Pol\u00edcia de Seguran\u00e7a P\u00fablica e esta depois encaminhou o caso para a Pol\u00edcia Judici\u00e1ria . <\/span><\/p>\n<p><span style=\"color: #000000;\">Segundo o mesmo jornal, o autor dos disparos, ter\u00e1 arrombado tamb\u00e9m, na mesma zona, o port\u00e3o da propriedade de um familiar do autarca. <\/span><\/p>\n<p><span style=\"color: #000000;\">O caso j\u00e1 est\u00e1 a ser investigado pela Pol\u00edcia Judici\u00e1ria. <\/span><\/p>\n<p><span style=\"color: #000000;\">J\u00e1 esta manh\u00e3, o presidente da autarquia lagoense, atrav\u00e9s da sua p\u00e1gina da rede social facebook, confirmou os factos, e diz continuar a trabalhar normalmente no desenvolvimento do seu concelho. <\/span><\/p>\n<p><span style=\"color: #000000;\">&#8220;Vou continuar a abrir a porta da minha casa como sempre o fiz e como fiz esta manh\u00e3 quando um mun\u00edcipe me bateu \u00e0 porta a pedir emprego&#8221;, escreve.<\/span><\/p>\n<p><em><span style=\"color: #000000;\">DL\/AO<\/span><\/em><\/p>\n<\/div>\n<\/div>\n<\/div>","protected":false},"excerpt":{"rendered":"<p>Foram cinco os tiros que danificaram o port\u00e3o da quinta do presidente da C\u00e2mara Municipal de Lagoa, na freguesia do Ros\u00e1rio, no qual foram escritas\u00a0 palavras de amea\u00e7a a Jo\u00e3o Ponte: \u201caviso\u201d, \u201cmorte\u201d e \u201ccuidado\u201d. Segundo escreve, esta sexta-feira, o jornal A\u00e7oriano Oriental, a situa\u00e7\u00e3o ter\u00e1 acontecido a altas horas de madrugada numa zona perto [&hellip;]<\/p>","protected":false},"author":2,"featured_media":113460,"comment_status":"open","ping_status":"open","sticky":false,"template":"","format":"standard","meta":[],"categories":[21],"tags":[],"acf":[],"yoast_head":"<!-- This site is optimized with the Yoast SEO plugin v20.10 - https:\/\/yoast.com\/wordpress\/plugins\/seo\/ -->\n<title>Jo\u00e3o Ponte amea\u00e7ado de morte com tiros - Di\u00e1rio da Lagoa<\/title>\n<meta name=\"robots\" content=\"index, follow, max-snippet:-1, max-image-preview:large, max-video-preview:-1\" \/>\n<link rel=\"canonical\" href=\"https:\/\/diariodalagoa.pt\/es\/joao-ponte-ameacado-de-morte-com-tiros\/\" \/>\n<meta property=\"og:locale\" content=\"es_ES\" \/>\n<meta property=\"og:type\" content=\"article\" \/>\n<meta property=\"og:title\" content=\"Jo\u00e3o Ponte amea\u00e7ado de morte com tiros - Di\u00e1rio da Lagoa\" \/>\n<meta property=\"og:description\" content=\"Foram cinco os tiros que danificaram o port\u00e3o da quinta do presidente da C\u00e2mara Municipal de Lagoa, na freguesia do Ros\u00e1rio, no qual foram escritas\u00a0 palavras de amea\u00e7a a Jo\u00e3o Ponte: \u201caviso\u201d, \u201cmorte\u201d e \u201ccuidado\u201d. Segundo escreve, esta sexta-feira, o jornal A\u00e7oriano Oriental, a situa\u00e7\u00e3o ter\u00e1 acontecido a altas horas de madrugada numa zona perto [&hellip;]\" \/>\n<meta property=\"og:url\" content=\"https:\/\/diariodalagoa.pt\/es\/joao-ponte-ameacado-de-morte-com-tiros\/\" \/>\n<meta property=\"og:site_name\" content=\"Di\u00e1rio da Lagoa\" \/>\n<meta property=\"article:published_time\" content=\"2014-02-28T09:05:15+00:00\" \/>\n<meta property=\"article:modified_time\" content=\"2025-06-10T22:33:49+00:00\" \/>\n<meta property=\"og:image\" content=\"https:\/\/diariodalagoa.pt\/wp-content\/uploads\/2014\/02\/joaoponte-lagoa.jpg\" \/>\n\t<meta property=\"og:image:width\" content=\"720\" \/>\n\t<meta property=\"og:image:height\" content=\"378\" \/>\n\t<meta property=\"og:image:type\" content=\"image\/jpeg\" \/>\n<meta name=\"author\" content=\"Di\u00e1rio da Lagoa\" \/>\n<meta name=\"twitter:card\" content=\"summary_large_image\" \/>\n<meta name=\"twitter:label1\" content=\"Escrito por\" \/>\n\t<meta name=\"twitter:data1\" content=\"Di\u00e1rio da Lagoa\" \/>\n\t<meta name=\"twitter:label2\" content=\"Tiempo de lectura\" \/>\n\t<meta name=\"twitter:data2\" content=\"1 minuto\" \/>\n<script type=\"application\/ld+json\" class=\"yoast-schema-graph\">{\"@context\":\"https:\/\/schema.org\",\"@graph\":[{\"@type\":\"WebPage\",\"@id\":\"https:\/\/diariodalagoa.pt\/joao-ponte-ameacado-de-morte-com-tiros\/\",\"url\":\"https:\/\/diariodalagoa.pt\/joao-ponte-ameacado-de-morte-com-tiros\/\",\"name\":\"Jo\u00e3o Ponte amea\u00e7ado de morte com tiros - Di\u00e1rio da Lagoa\",\"isPartOf\":{\"@id\":\"https:\/\/diariodalagoa.pt\/#website\"},\"datePublished\":\"2014-02-28T09:05:15+00:00\",\"dateModified\":\"2025-06-10T22:33:49+00:00\",\"author\":{\"@id\":\"https:\/\/diariodalagoa.pt\/#\/schema\/person\/1615a002370e8857b6f972834bc43ece\"},\"breadcrumb\":{\"@id\":\"https:\/\/diariodalagoa.pt\/joao-ponte-ameacado-de-morte-com-tiros\/#breadcrumb\"},\"inLanguage\":\"es\",\"potentialAction\":[{\"@type\":\"ReadAction\",\"target\":[\"https:\/\/diariodalagoa.pt\/joao-ponte-ameacado-de-morte-com-tiros\/\"]}]},{\"@type\":\"BreadcrumbList\",\"@id\":\"https:\/\/diariodalagoa.pt\/joao-ponte-ameacado-de-morte-com-tiros\/#breadcrumb\",\"itemListElement\":[{\"@type\":\"ListItem\",\"position\":1,\"name\":\"In\u00edcio\",\"item\":\"https:\/\/diariodalagoa.pt\/\"},{\"@type\":\"ListItem\",\"position\":2,\"name\":\"Jo\u00e3o Ponte amea\u00e7ado de morte com tiros\"}]},{\"@type\":\"WebSite\",\"@id\":\"https:\/\/diariodalagoa.pt\/#website\",\"url\":\"https:\/\/diariodalagoa.pt\/\",\"name\":\"Di\u00e1rio da Lagoa\",\"description\":\"Di\u00e1rio da Lagoa. As not\u00edcias que contam. A partir da Lagoa, nos A\u00e7ores, para o mundo.\",\"potentialAction\":[{\"@type\":\"SearchAction\",\"target\":{\"@type\":\"EntryPoint\",\"urlTemplate\":\"https:\/\/diariodalagoa.pt\/?s={search_term_string}\"},\"query-input\":\"required name=search_term_string\"}],\"inLanguage\":\"es\"},{\"@type\":\"Person\",\"@id\":\"https:\/\/diariodalagoa.pt\/#\/schema\/person\/1615a002370e8857b6f972834bc43ece\",\"name\":\"Di\u00e1rio da Lagoa\",\"image\":{\"@type\":\"ImageObject\",\"inLanguage\":\"es\",\"@id\":\"https:\/\/diariodalagoa.pt\/#\/schema\/person\/image\/\",\"url\":\"https:\/\/secure.gravatar.com\/avatar\/2cb5cef90a26f8fbd4d9d930608102c5?s=96&d=mm&r=g\",\"contentUrl\":\"https:\/\/secure.gravatar.com\/avatar\/2cb5cef90a26f8fbd4d9d930608102c5?s=96&d=mm&r=g\",\"caption\":\"Di\u00e1rio da Lagoa\"},\"url\":\"https:\/\/diariodalagoa.pt\/es\/author\/diariodalagoa\/\"}]}<\/script>\n<!-- \/ Yoast SEO plugin. -->","yoast_head_json":{"title":"Jo\u00e3o Ponte amea\u00e7ado de morte com tiros - Di\u00e1rio da Lagoa","robots":{"index":"index","follow":"follow","max-snippet":"max-snippet:-1","max-image-preview":"max-image-preview:large","max-video-preview":"max-video-preview:-1"},"canonical":"https:\/\/diariodalagoa.pt\/es\/joao-ponte-ameacado-de-morte-com-tiros\/","og_locale":"es_ES","og_type":"article","og_title":"Jo\u00e3o Ponte amea\u00e7ado de morte com tiros - Di\u00e1rio da Lagoa","og_description":"Foram cinco os tiros que danificaram o port\u00e3o da quinta do presidente da C\u00e2mara Municipal de Lagoa, na freguesia do Ros\u00e1rio, no qual foram escritas\u00a0 palavras de amea\u00e7a a Jo\u00e3o Ponte: \u201caviso\u201d, \u201cmorte\u201d e \u201ccuidado\u201d. Segundo escreve, esta sexta-feira, o jornal A\u00e7oriano Oriental, a situa\u00e7\u00e3o ter\u00e1 acontecido a altas horas de madrugada numa zona perto [&hellip;]","og_url":"https:\/\/diariodalagoa.pt\/es\/joao-ponte-ameacado-de-morte-com-tiros\/","og_site_name":"Di\u00e1rio da Lagoa","article_published_time":"2014-02-28T09:05:15+00:00","article_modified_time":"2025-06-10T22:33:49+00:00","og_image":[{"width":720,"height":378,"url":"https:\/\/diariodalagoa.pt\/wp-content\/uploads\/2014\/02\/joaoponte-lagoa.jpg","type":"image\/jpeg"}],"author":"Di\u00e1rio da Lagoa","twitter_card":"summary_large_image","twitter_misc":{"Escrito por":"Di\u00e1rio da Lagoa","Tiempo de lectura":"1 minuto"},"schema":{"@context":"https:\/\/schema.org","@graph":[{"@type":"WebPage","@id":"https:\/\/diariodalagoa.pt\/joao-ponte-ameacado-de-morte-com-tiros\/","url":"https:\/\/diariodalagoa.pt\/joao-ponte-ameacado-de-morte-com-tiros\/","name":"Jo\u00e3o Ponte amea\u00e7ado de morte com tiros - Di\u00e1rio da Lagoa","isPartOf":{"@id":"https:\/\/diariodalagoa.pt\/#website"},"datePublished":"2014-02-28T09:05:15+00:00","dateModified":"2025-06-10T22:33:49+00:00","author":{"@id":"https:\/\/diariodalagoa.pt\/#\/schema\/person\/1615a002370e8857b6f972834bc43ece"},"breadcrumb":{"@id":"https:\/\/diariodalagoa.pt\/joao-ponte-ameacado-de-morte-com-tiros\/#breadcrumb"},"inLanguage":"es","potentialAction":[{"@type":"ReadAction","target":["https:\/\/diariodalagoa.pt\/joao-ponte-ameacado-de-morte-com-tiros\/"]}]},{"@type":"BreadcrumbList","@id":"https:\/\/diariodalagoa.pt\/joao-ponte-ameacado-de-morte-com-tiros\/#breadcrumb","itemListElement":[{"@type":"ListItem","position":1,"name":"In\u00edcio","item":"https:\/\/diariodalagoa.pt\/"},{"@type":"ListItem","position":2,"name":"Jo\u00e3o Ponte amea\u00e7ado de morte com tiros"}]},{"@type":"WebSite","@id":"https:\/\/diariodalagoa.pt\/#website","url":"https:\/\/diariodalagoa.pt\/","name":"Di\u00e1rio da Lagoa","description":"Di\u00e1rio da Lagoa. As not\u00edcias que contam. A partir da Lagoa, nos A\u00e7ores, para o mundo.","potentialAction":[{"@type":"SearchAction","target":{"@type":"EntryPoint","urlTemplate":"https:\/\/diariodalagoa.pt\/?s={search_term_string}"},"query-input":"required name=search_term_string"}],"inLanguage":"es"},{"@type":"Person","@id":"https:\/\/diariodalagoa.pt\/#\/schema\/person\/1615a002370e8857b6f972834bc43ece","name":"Di\u00e1rio da Lagoa","image":{"@type":"ImageObject","inLanguage":"es","@id":"https:\/\/diariodalagoa.pt\/#\/schema\/person\/image\/","url":"https:\/\/secure.gravatar.com\/avatar\/2cb5cef90a26f8fbd4d9d930608102c5?s=96&d=mm&r=g","contentUrl":"https:\/\/secure.gravatar.com\/avatar\/2cb5cef90a26f8fbd4d9d930608102c5?s=96&d=mm&r=g","caption":"Di\u00e1rio da Lagoa"},"url":"https:\/\/diariodalagoa.pt\/es\/author\/diariodalagoa\/"}]}},"_links":{"self":[{"href":"https:\/\/diariodalagoa.pt\/es\/wp-json\/wp\/v2\/posts\/1251"}],"collection":[{"href":"https:\/\/diariodalagoa.pt\/es\/wp-json\/wp\/v2\/posts"}],"about":[{"href":"https:\/\/diariodalagoa.pt\/es\/wp-json\/wp\/v2\/types\/post"}],"author":[{"embeddable":true,"href":"https:\/\/diariodalagoa.pt\/es\/wp-json\/wp\/v2\/users\/2"}],"replies":[{"embeddable":true,"href":"https:\/\/diariodalagoa.pt\/es\/wp-json\/wp\/v2\/comments?post=1251"}],"version-history":[{"count":1,"href":"https:\/\/diariodalagoa.pt\/es\/wp-json\/wp\/v2\/posts\/1251\/revisions"}],"predecessor-version":[{"id":152727,"href":"https:\/\/diariodalagoa.pt\/es\/wp-json\/wp\/v2\/posts\/1251\/revisions\/152727"}],"wp:featuredmedia":[{"embeddable":true,"href":"https:\/\/diariodalagoa.pt\/es\/wp-json\/wp\/v2\/media\/113460"}],"wp:attachment":[{"href":"https:\/\/diariodalagoa.pt\/es\/wp-json\/wp\/v2\/media?parent=1251"}],"wp:term":[{"taxonomy":"category","embeddable":true,"href":"https:\/\/diariodalagoa.pt\/es\/wp-json\/wp\/v2\/categories?post=1251"},{"taxonomy":"post_tag","embeddable":true,"href":"https:\/\/diariodalagoa.pt\/es\/wp-json\/wp\/v2\/tags?post=1251"}],"curies":[{"name":"wp","href":"https:\/\/api.w.org\/{rel}","templated":true}]}}