{"id":12431,"date":"2014-12-27T21:05:36","date_gmt":"2014-12-27T22:05:36","guid":{"rendered":"http:\/\/diariodalagoa.pt\/?p=12431"},"modified":"2014-12-27T21:05:36","modified_gmt":"2014-12-27T22:05:36","slug":"escola-de-patinagem-de-ponta-delgada-com-coreografia-inedita-em-festival-de-patinagem-artistica-nature","status":"publish","type":"post","link":"https:\/\/diariodalagoa.pt\/es\/escola-de-patinagem-de-ponta-delgada-com-coreografia-inedita-em-festival-de-patinagem-artistica-nature\/","title":{"rendered":"Escola de Patinagem de Ponta Delgada com Coreografia In\u00e9dita\u00a0em Festival de Patinagem Art\u00edstica: NATURE!"},"content":{"rendered":"<p><img decoding=\"async\" class=\"alignnone size-full wp-image-12465\" src=\"http:\/\/diariodalagoa.pt\/wp-content\/uploads\/2014\/12\/patinagem-artirstica-Nature-Ponta-Delgada-festival.png\" alt=\"patinagem-artirstica-Nature-Ponta-Delgada-festival\" width=\"720\" height=\"380\" \/><\/p>\n<p><span style=\"color: #000000;\">Este domingo, dia 28 de dezembro, pelas 17h, tem lugar no Pavilh\u00e3o\u00a0Sid\u00f3nio Serpa, em Ponta Delgada, um Festival de Patinagem Art\u00edstica criado e\u00a0organizado pela Escola de Patinagem de Ponta Delgada, que festeja 25 anos\u00a0de trabalho.<\/span><\/p>\n<p><span style=\"color: #000000;\">NATURE! ou a evolu\u00e7\u00e3o da vida no planeta e a import\u00e2ncia da Natureza\u00a0s\u00e3o a inspira\u00e7\u00e3o e a mensagem desta coreografia, considerado pela organiza\u00e7\u00e3o como arrojado e original, que inclui momentos em\u00a0grupo alargado e momentos em \u201cfam\u00edlias\u201d biol\u00f3gicas, como peixes ou\u00a0borboletas ou mam\u00edferos. Todos os escal\u00f5es et\u00e1rios da escola participam nesta\u00a0cria\u00e7\u00e3o, que vai desde os quatro elementos de base da vida at\u00e9 ao estado atual de\u00a0preocupa\u00e7\u00e3o com o mundo natural.<\/span><\/p>\n<p><span style=\"color: #000000;\">O colorido dos fatos e acess\u00f3rios, o impacto dos temas musicais\u00a0escolhidos e a beleza da coreografia prometem um programa de grande\u00a0entretenimento e qualidade para toda a fam\u00edlia, refere uma nota de imprensa da organiza\u00e7\u00e3o.<\/span><\/p>\n<p><span style=\"color: #000000;\"><em>DL\/EPPD<\/em><\/span><\/p>","protected":false},"excerpt":{"rendered":"<p>Este domingo, dia 28 de dezembro, pelas 17h, tem lugar no Pavilh\u00e3o\u00a0Sid\u00f3nio Serpa, em Ponta Delgada, um Festival de Patinagem Art\u00edstica criado e\u00a0organizado pela Escola de Patinagem de Ponta Delgada, que festeja 25 anos\u00a0de trabalho. NATURE! ou a evolu\u00e7\u00e3o da vida no planeta e a import\u00e2ncia da Natureza\u00a0s\u00e3o a inspira\u00e7\u00e3o e a mensagem desta coreografia, [&hellip;]<\/p>","protected":false},"author":2,"featured_media":121618,"comment_status":"open","ping_status":"open","sticky":false,"template":"","format":"standard","meta":[],"categories":[21],"tags":[],"acf":[],"yoast_head":"<!-- This site is optimized with the Yoast SEO plugin v20.10 - https:\/\/yoast.com\/wordpress\/plugins\/seo\/ -->\n<title>Escola de Patinagem de Ponta Delgada com Coreografia In\u00e9dita\u00a0em Festival de Patinagem Art\u00edstica: NATURE! - Di\u00e1rio da Lagoa<\/title>\n<meta name=\"robots\" content=\"index, follow, max-snippet:-1, max-image-preview:large, max-video-preview:-1\" \/>\n<link rel=\"canonical\" href=\"https:\/\/diariodalagoa.pt\/es\/escola-de-patinagem-de-ponta-delgada-com-coreografia-inedita-em-festival-de-patinagem-artistica-nature\/\" \/>\n<meta property=\"og:locale\" content=\"es_ES\" \/>\n<meta property=\"og:type\" content=\"article\" \/>\n<meta property=\"og:title\" content=\"Escola de Patinagem de Ponta Delgada com Coreografia In\u00e9dita\u00a0em Festival de Patinagem Art\u00edstica: NATURE! - Di\u00e1rio da Lagoa\" \/>\n<meta property=\"og:description\" content=\"Este domingo, dia 28 de dezembro, pelas 17h, tem lugar no Pavilh\u00e3o\u00a0Sid\u00f3nio Serpa, em Ponta Delgada, um Festival de Patinagem Art\u00edstica criado e\u00a0organizado pela Escola de Patinagem de Ponta Delgada, que festeja 25 anos\u00a0de trabalho. NATURE! ou a evolu\u00e7\u00e3o da vida no planeta e a import\u00e2ncia da Natureza\u00a0s\u00e3o a inspira\u00e7\u00e3o e a mensagem desta coreografia, [&hellip;]\" \/>\n<meta property=\"og:url\" content=\"https:\/\/diariodalagoa.pt\/es\/escola-de-patinagem-de-ponta-delgada-com-coreografia-inedita-em-festival-de-patinagem-artistica-nature\/\" \/>\n<meta property=\"og:site_name\" content=\"Di\u00e1rio da Lagoa\" \/>\n<meta property=\"article:published_time\" content=\"2014-12-27T22:05:36+00:00\" \/>\n<meta property=\"og:image\" content=\"https:\/\/diariodalagoa.pt\/wp-content\/uploads\/2014\/12\/patinagem-artirstica-nature-ponta-delgada-festival.png\" \/>\n\t<meta property=\"og:image:width\" content=\"720\" \/>\n\t<meta property=\"og:image:height\" content=\"380\" \/>\n\t<meta property=\"og:image:type\" content=\"image\/png\" \/>\n<meta name=\"author\" content=\"Di\u00e1rio da Lagoa\" \/>\n<meta name=\"twitter:card\" content=\"summary_large_image\" \/>\n<meta name=\"twitter:label1\" content=\"Escrito por\" \/>\n\t<meta name=\"twitter:data1\" content=\"Di\u00e1rio da Lagoa\" \/>\n\t<meta name=\"twitter:label2\" content=\"Tiempo de lectura\" \/>\n\t<meta name=\"twitter:data2\" content=\"1 minuto\" \/>\n<script type=\"application\/ld+json\" class=\"yoast-schema-graph\">{\"@context\":\"https:\/\/schema.org\",\"@graph\":[{\"@type\":\"WebPage\",\"@id\":\"https:\/\/diariodalagoa.pt\/escola-de-patinagem-de-ponta-delgada-com-coreografia-inedita-em-festival-de-patinagem-artistica-nature\/\",\"url\":\"https:\/\/diariodalagoa.pt\/escola-de-patinagem-de-ponta-delgada-com-coreografia-inedita-em-festival-de-patinagem-artistica-nature\/\",\"name\":\"Escola de Patinagem de Ponta Delgada com Coreografia In\u00e9dita\u00a0em Festival de Patinagem Art\u00edstica: NATURE! - Di\u00e1rio da Lagoa\",\"isPartOf\":{\"@id\":\"https:\/\/diariodalagoa.pt\/#website\"},\"datePublished\":\"2014-12-27T22:05:36+00:00\",\"dateModified\":\"2014-12-27T22:05:36+00:00\",\"author\":{\"@id\":\"https:\/\/diariodalagoa.pt\/#\/schema\/person\/1615a002370e8857b6f972834bc43ece\"},\"breadcrumb\":{\"@id\":\"https:\/\/diariodalagoa.pt\/escola-de-patinagem-de-ponta-delgada-com-coreografia-inedita-em-festival-de-patinagem-artistica-nature\/#breadcrumb\"},\"inLanguage\":\"es\",\"potentialAction\":[{\"@type\":\"ReadAction\",\"target\":[\"https:\/\/diariodalagoa.pt\/escola-de-patinagem-de-ponta-delgada-com-coreografia-inedita-em-festival-de-patinagem-artistica-nature\/\"]}]},{\"@type\":\"BreadcrumbList\",\"@id\":\"https:\/\/diariodalagoa.pt\/escola-de-patinagem-de-ponta-delgada-com-coreografia-inedita-em-festival-de-patinagem-artistica-nature\/#breadcrumb\",\"itemListElement\":[{\"@type\":\"ListItem\",\"position\":1,\"name\":\"In\u00edcio\",\"item\":\"https:\/\/diariodalagoa.pt\/\"},{\"@type\":\"ListItem\",\"position\":2,\"name\":\"Escola de Patinagem de Ponta Delgada com Coreografia In\u00e9dita\u00a0em Festival de Patinagem Art\u00edstica: NATURE!\"}]},{\"@type\":\"WebSite\",\"@id\":\"https:\/\/diariodalagoa.pt\/#website\",\"url\":\"https:\/\/diariodalagoa.pt\/\",\"name\":\"Di\u00e1rio da Lagoa\",\"description\":\"Di\u00e1rio da Lagoa. As not\u00edcias que contam. A partir da Lagoa, nos A\u00e7ores, para o mundo.\",\"potentialAction\":[{\"@type\":\"SearchAction\",\"target\":{\"@type\":\"EntryPoint\",\"urlTemplate\":\"https:\/\/diariodalagoa.pt\/?s={search_term_string}\"},\"query-input\":\"required name=search_term_string\"}],\"inLanguage\":\"es\"},{\"@type\":\"Person\",\"@id\":\"https:\/\/diariodalagoa.pt\/#\/schema\/person\/1615a002370e8857b6f972834bc43ece\",\"name\":\"Di\u00e1rio da Lagoa\",\"image\":{\"@type\":\"ImageObject\",\"inLanguage\":\"es\",\"@id\":\"https:\/\/diariodalagoa.pt\/#\/schema\/person\/image\/\",\"url\":\"https:\/\/secure.gravatar.com\/avatar\/2cb5cef90a26f8fbd4d9d930608102c5?s=96&d=mm&r=g\",\"contentUrl\":\"https:\/\/secure.gravatar.com\/avatar\/2cb5cef90a26f8fbd4d9d930608102c5?s=96&d=mm&r=g\",\"caption\":\"Di\u00e1rio da Lagoa\"},\"url\":\"https:\/\/diariodalagoa.pt\/es\/author\/diariodalagoa\/\"}]}<\/script>\n<!-- \/ Yoast SEO plugin. -->","yoast_head_json":{"title":"Escola de Patinagem de Ponta Delgada com Coreografia In\u00e9dita\u00a0em Festival de Patinagem Art\u00edstica: NATURE! - Di\u00e1rio da Lagoa","robots":{"index":"index","follow":"follow","max-snippet":"max-snippet:-1","max-image-preview":"max-image-preview:large","max-video-preview":"max-video-preview:-1"},"canonical":"https:\/\/diariodalagoa.pt\/es\/escola-de-patinagem-de-ponta-delgada-com-coreografia-inedita-em-festival-de-patinagem-artistica-nature\/","og_locale":"es_ES","og_type":"article","og_title":"Escola de Patinagem de Ponta Delgada com Coreografia In\u00e9dita\u00a0em Festival de Patinagem Art\u00edstica: NATURE! - Di\u00e1rio da Lagoa","og_description":"Este domingo, dia 28 de dezembro, pelas 17h, tem lugar no Pavilh\u00e3o\u00a0Sid\u00f3nio Serpa, em Ponta Delgada, um Festival de Patinagem Art\u00edstica criado e\u00a0organizado pela Escola de Patinagem de Ponta Delgada, que festeja 25 anos\u00a0de trabalho. NATURE! ou a evolu\u00e7\u00e3o da vida no planeta e a import\u00e2ncia da Natureza\u00a0s\u00e3o a inspira\u00e7\u00e3o e a mensagem desta coreografia, [&hellip;]","og_url":"https:\/\/diariodalagoa.pt\/es\/escola-de-patinagem-de-ponta-delgada-com-coreografia-inedita-em-festival-de-patinagem-artistica-nature\/","og_site_name":"Di\u00e1rio da Lagoa","article_published_time":"2014-12-27T22:05:36+00:00","og_image":[{"width":720,"height":380,"url":"https:\/\/diariodalagoa.pt\/wp-content\/uploads\/2014\/12\/patinagem-artirstica-nature-ponta-delgada-festival.png","type":"image\/png"}],"author":"Di\u00e1rio da Lagoa","twitter_card":"summary_large_image","twitter_misc":{"Escrito por":"Di\u00e1rio da Lagoa","Tiempo de lectura":"1 minuto"},"schema":{"@context":"https:\/\/schema.org","@graph":[{"@type":"WebPage","@id":"https:\/\/diariodalagoa.pt\/escola-de-patinagem-de-ponta-delgada-com-coreografia-inedita-em-festival-de-patinagem-artistica-nature\/","url":"https:\/\/diariodalagoa.pt\/escola-de-patinagem-de-ponta-delgada-com-coreografia-inedita-em-festival-de-patinagem-artistica-nature\/","name":"Escola de Patinagem de Ponta Delgada com Coreografia In\u00e9dita\u00a0em Festival de Patinagem Art\u00edstica: NATURE! - Di\u00e1rio da Lagoa","isPartOf":{"@id":"https:\/\/diariodalagoa.pt\/#website"},"datePublished":"2014-12-27T22:05:36+00:00","dateModified":"2014-12-27T22:05:36+00:00","author":{"@id":"https:\/\/diariodalagoa.pt\/#\/schema\/person\/1615a002370e8857b6f972834bc43ece"},"breadcrumb":{"@id":"https:\/\/diariodalagoa.pt\/escola-de-patinagem-de-ponta-delgada-com-coreografia-inedita-em-festival-de-patinagem-artistica-nature\/#breadcrumb"},"inLanguage":"es","potentialAction":[{"@type":"ReadAction","target":["https:\/\/diariodalagoa.pt\/escola-de-patinagem-de-ponta-delgada-com-coreografia-inedita-em-festival-de-patinagem-artistica-nature\/"]}]},{"@type":"BreadcrumbList","@id":"https:\/\/diariodalagoa.pt\/escola-de-patinagem-de-ponta-delgada-com-coreografia-inedita-em-festival-de-patinagem-artistica-nature\/#breadcrumb","itemListElement":[{"@type":"ListItem","position":1,"name":"In\u00edcio","item":"https:\/\/diariodalagoa.pt\/"},{"@type":"ListItem","position":2,"name":"Escola de Patinagem de Ponta Delgada com Coreografia In\u00e9dita\u00a0em Festival de Patinagem Art\u00edstica: NATURE!"}]},{"@type":"WebSite","@id":"https:\/\/diariodalagoa.pt\/#website","url":"https:\/\/diariodalagoa.pt\/","name":"Di\u00e1rio da Lagoa","description":"Di\u00e1rio da Lagoa. As not\u00edcias que contam. A partir da Lagoa, nos A\u00e7ores, para o mundo.","potentialAction":[{"@type":"SearchAction","target":{"@type":"EntryPoint","urlTemplate":"https:\/\/diariodalagoa.pt\/?s={search_term_string}"},"query-input":"required name=search_term_string"}],"inLanguage":"es"},{"@type":"Person","@id":"https:\/\/diariodalagoa.pt\/#\/schema\/person\/1615a002370e8857b6f972834bc43ece","name":"Di\u00e1rio da Lagoa","image":{"@type":"ImageObject","inLanguage":"es","@id":"https:\/\/diariodalagoa.pt\/#\/schema\/person\/image\/","url":"https:\/\/secure.gravatar.com\/avatar\/2cb5cef90a26f8fbd4d9d930608102c5?s=96&d=mm&r=g","contentUrl":"https:\/\/secure.gravatar.com\/avatar\/2cb5cef90a26f8fbd4d9d930608102c5?s=96&d=mm&r=g","caption":"Di\u00e1rio da Lagoa"},"url":"https:\/\/diariodalagoa.pt\/es\/author\/diariodalagoa\/"}]}},"_links":{"self":[{"href":"https:\/\/diariodalagoa.pt\/es\/wp-json\/wp\/v2\/posts\/12431"}],"collection":[{"href":"https:\/\/diariodalagoa.pt\/es\/wp-json\/wp\/v2\/posts"}],"about":[{"href":"https:\/\/diariodalagoa.pt\/es\/wp-json\/wp\/v2\/types\/post"}],"author":[{"embeddable":true,"href":"https:\/\/diariodalagoa.pt\/es\/wp-json\/wp\/v2\/users\/2"}],"replies":[{"embeddable":true,"href":"https:\/\/diariodalagoa.pt\/es\/wp-json\/wp\/v2\/comments?post=12431"}],"version-history":[{"count":0,"href":"https:\/\/diariodalagoa.pt\/es\/wp-json\/wp\/v2\/posts\/12431\/revisions"}],"wp:featuredmedia":[{"embeddable":true,"href":"https:\/\/diariodalagoa.pt\/es\/wp-json\/wp\/v2\/media\/121618"}],"wp:attachment":[{"href":"https:\/\/diariodalagoa.pt\/es\/wp-json\/wp\/v2\/media?parent=12431"}],"wp:term":[{"taxonomy":"category","embeddable":true,"href":"https:\/\/diariodalagoa.pt\/es\/wp-json\/wp\/v2\/categories?post=12431"},{"taxonomy":"post_tag","embeddable":true,"href":"https:\/\/diariodalagoa.pt\/es\/wp-json\/wp\/v2\/tags?post=12431"}],"curies":[{"name":"wp","href":"https:\/\/api.w.org\/{rel}","templated":true}]}}