{"id":12130,"date":"2014-12-10T18:43:55","date_gmt":"2014-12-10T19:43:55","guid":{"rendered":"http:\/\/diariodalagoa.pt\/?p=12130"},"modified":"2014-12-10T18:43:55","modified_gmt":"2014-12-10T19:43:55","slug":"centro-de-radioterapia-arranca-no-inicio-de-2015","status":"publish","type":"post","link":"https:\/\/diariodalagoa.pt\/es\/centro-de-radioterapia-arranca-no-inicio-de-2015\/","title":{"rendered":"Centro de Radioterapia arranca no in\u00edcio de 2015"},"content":{"rendered":"<p style=\"text-align: justify;\"><img decoding=\"async\" class=\"alignnone size-full wp-image-12131\" src=\"http:\/\/diariodalagoa.pt\/wp-content\/uploads\/2014\/12\/Luis-Cabral-saude-debate-ALRA-dez-2014-A\u00e7ores-governo.jpg\" alt=\"Luis-Cabral-saude-debate-ALRA-dez-2014-A\u00e7ores-governo\" width=\"720\" height=\"380\" \/><\/p>\n<p style=\"text-align: justify;\"><span style=\"color: #000000;\">O Secret\u00e1rio Regional da Sa\u00fade afirmou, na Horta, que a empresa que vai construir o Centro de Radioterapia dos A\u00e7ores j\u00e1 manifestou disponibilidade para iniciar a obra no in\u00edcio do pr\u00f3ximo ano, \u201cna sequ\u00eancia de conversa\u00e7\u00f5es que permitiram chegar a acordo sobre os pre\u00e7os a praticar\u201d.\u00a0<\/span><\/p>\n<p style=\"text-align: justify;\"><span style=\"color: #000000;\">Lu\u00eds Cabral, que falava na Assembleia Legislativa durante um debate sobre o Servi\u00e7o Regional de Sa\u00fade, salientou que os pre\u00e7os dos tratamentos de radioterapia baixaram nos \u00faltimos tempos e, portanto, \u201cessa altera\u00e7\u00e3o teria que se refletir nos valores a praticar\u201d, sublinhando que\u00a0as conversa\u00e7\u00f5es visaram encontrar\u00a0um equil\u00edbrio entre a dimens\u00e3o dos A\u00e7ores, no que concerne \u00e0 rentabilidade, e a necessidade e garantia de ter &#8220;um bom servi\u00e7o de Radioterapia\u201d em favor dos A\u00e7orianos.\u00a0<\/span><\/p>\n<p style=\"text-align: justify;\"><span style=\"color: #000000;\">Relativamente ao Conselho de Administra\u00e7\u00e3o do Hospital da Terceira, Lu\u00eds Cabral frisou que as pessoas t\u00eam direito \u00e0 sua defesa, de acordo com as leis em vigor sobre o estatuto do gestor p\u00fablico aprovadas na Assembleia Legislativa, que determinam que \u201cos processos sigam determinados tr\u00e2mites\u201d. \u00a0<\/span><\/p>\n<p style=\"text-align: justify;\"><span style=\"color: #000000;\">No que se refere\u00a0aos Cuidados Continuados e Paliativos, Lu\u00eds Cabral reafirmou que o n\u00famero de camas foi duplicado durante o corrente ano, sendo previs\u00edvel que, face \u00e0 verba aprovada no Plano para 2015 &#8211; que duplicou relativamente ao ano anterior -, seja\u00a0&#8220;poss\u00edvel alargar os Cuidados Continuados a toda a Regi\u00e3o\u201d.\u00a0<\/span><\/p>\n<p style=\"text-align: justify;\"><span style=\"color: #000000;\">O Secret\u00e1rio Regional da Sa\u00fade anunciou ainda que j\u00e1 est\u00e1\u00a0designado um m\u00e9dico para a ilha do Corvo, que iniciar\u00e1 fun\u00e7\u00f5es\u00a0a 1 de janeiro, substituindo o atual m\u00e9dico, que passa \u00e0 situa\u00e7\u00e3o de reforma.<\/span><\/p>\n<p style=\"text-align: justify;\"><span style=\"color: #000000;\"><em>DL\/GaCS<\/em><\/span><\/p>","protected":false},"excerpt":{"rendered":"<p>O Secret\u00e1rio Regional da Sa\u00fade afirmou, na Horta, que a empresa que vai construir o Centro de Radioterapia dos A\u00e7ores j\u00e1 manifestou disponibilidade para iniciar a obra no in\u00edcio do pr\u00f3ximo ano, \u201cna sequ\u00eancia de conversa\u00e7\u00f5es que permitiram chegar a acordo sobre os pre\u00e7os a praticar\u201d.\u00a0 Lu\u00eds Cabral, que falava na Assembleia Legislativa durante um [&hellip;]<\/p>","protected":false},"author":2,"featured_media":0,"comment_status":"open","ping_status":"open","sticky":false,"template":"","format":"standard","meta":[],"categories":[21],"tags":[],"acf":[],"yoast_head":"<!-- This site is optimized with the Yoast SEO plugin v20.10 - https:\/\/yoast.com\/wordpress\/plugins\/seo\/ -->\n<title>Centro de Radioterapia arranca no in\u00edcio de 2015 - Di\u00e1rio da Lagoa<\/title>\n<meta name=\"robots\" content=\"index, follow, max-snippet:-1, max-image-preview:large, max-video-preview:-1\" \/>\n<link rel=\"canonical\" href=\"https:\/\/diariodalagoa.pt\/es\/centro-de-radioterapia-arranca-no-inicio-de-2015\/\" \/>\n<meta property=\"og:locale\" content=\"es_ES\" \/>\n<meta property=\"og:type\" content=\"article\" \/>\n<meta property=\"og:title\" content=\"Centro de Radioterapia arranca no in\u00edcio de 2015 - Di\u00e1rio da Lagoa\" \/>\n<meta property=\"og:description\" content=\"O Secret\u00e1rio Regional da Sa\u00fade afirmou, na Horta, que a empresa que vai construir o Centro de Radioterapia dos A\u00e7ores j\u00e1 manifestou disponibilidade para iniciar a obra no in\u00edcio do pr\u00f3ximo ano, \u201cna sequ\u00eancia de conversa\u00e7\u00f5es que permitiram chegar a acordo sobre os pre\u00e7os a praticar\u201d.\u00a0 Lu\u00eds Cabral, que falava na Assembleia Legislativa durante um [&hellip;]\" \/>\n<meta property=\"og:url\" content=\"https:\/\/diariodalagoa.pt\/es\/centro-de-radioterapia-arranca-no-inicio-de-2015\/\" \/>\n<meta property=\"og:site_name\" content=\"Di\u00e1rio da Lagoa\" \/>\n<meta property=\"article:published_time\" content=\"2014-12-10T19:43:55+00:00\" \/>\n<meta name=\"author\" content=\"Di\u00e1rio da Lagoa\" \/>\n<meta name=\"twitter:card\" content=\"summary_large_image\" \/>\n<meta name=\"twitter:label1\" content=\"Escrito por\" \/>\n\t<meta name=\"twitter:data1\" content=\"Di\u00e1rio da Lagoa\" \/>\n\t<meta name=\"twitter:label2\" content=\"Tiempo de lectura\" \/>\n\t<meta name=\"twitter:data2\" content=\"1 minuto\" \/>\n<script type=\"application\/ld+json\" class=\"yoast-schema-graph\">{\"@context\":\"https:\/\/schema.org\",\"@graph\":[{\"@type\":\"WebPage\",\"@id\":\"https:\/\/diariodalagoa.pt\/centro-de-radioterapia-arranca-no-inicio-de-2015\/\",\"url\":\"https:\/\/diariodalagoa.pt\/centro-de-radioterapia-arranca-no-inicio-de-2015\/\",\"name\":\"Centro de Radioterapia arranca no in\u00edcio de 2015 - Di\u00e1rio da Lagoa\",\"isPartOf\":{\"@id\":\"https:\/\/diariodalagoa.pt\/#website\"},\"datePublished\":\"2014-12-10T19:43:55+00:00\",\"dateModified\":\"2014-12-10T19:43:55+00:00\",\"author\":{\"@id\":\"https:\/\/diariodalagoa.pt\/#\/schema\/person\/1615a002370e8857b6f972834bc43ece\"},\"breadcrumb\":{\"@id\":\"https:\/\/diariodalagoa.pt\/centro-de-radioterapia-arranca-no-inicio-de-2015\/#breadcrumb\"},\"inLanguage\":\"es\",\"potentialAction\":[{\"@type\":\"ReadAction\",\"target\":[\"https:\/\/diariodalagoa.pt\/centro-de-radioterapia-arranca-no-inicio-de-2015\/\"]}]},{\"@type\":\"BreadcrumbList\",\"@id\":\"https:\/\/diariodalagoa.pt\/centro-de-radioterapia-arranca-no-inicio-de-2015\/#breadcrumb\",\"itemListElement\":[{\"@type\":\"ListItem\",\"position\":1,\"name\":\"In\u00edcio\",\"item\":\"https:\/\/diariodalagoa.pt\/\"},{\"@type\":\"ListItem\",\"position\":2,\"name\":\"Centro de Radioterapia arranca no in\u00edcio de 2015\"}]},{\"@type\":\"WebSite\",\"@id\":\"https:\/\/diariodalagoa.pt\/#website\",\"url\":\"https:\/\/diariodalagoa.pt\/\",\"name\":\"Di\u00e1rio da Lagoa\",\"description\":\"Di\u00e1rio da Lagoa. As not\u00edcias que contam. A partir da Lagoa, nos A\u00e7ores, para o mundo.\",\"potentialAction\":[{\"@type\":\"SearchAction\",\"target\":{\"@type\":\"EntryPoint\",\"urlTemplate\":\"https:\/\/diariodalagoa.pt\/?s={search_term_string}\"},\"query-input\":\"required name=search_term_string\"}],\"inLanguage\":\"es\"},{\"@type\":\"Person\",\"@id\":\"https:\/\/diariodalagoa.pt\/#\/schema\/person\/1615a002370e8857b6f972834bc43ece\",\"name\":\"Di\u00e1rio da Lagoa\",\"image\":{\"@type\":\"ImageObject\",\"inLanguage\":\"es\",\"@id\":\"https:\/\/diariodalagoa.pt\/#\/schema\/person\/image\/\",\"url\":\"https:\/\/secure.gravatar.com\/avatar\/2cb5cef90a26f8fbd4d9d930608102c5?s=96&d=mm&r=g\",\"contentUrl\":\"https:\/\/secure.gravatar.com\/avatar\/2cb5cef90a26f8fbd4d9d930608102c5?s=96&d=mm&r=g\",\"caption\":\"Di\u00e1rio da Lagoa\"},\"url\":\"https:\/\/diariodalagoa.pt\/es\/author\/diariodalagoa\/\"}]}<\/script>\n<!-- \/ Yoast SEO plugin. -->","yoast_head_json":{"title":"Centro de Radioterapia arranca no in\u00edcio de 2015 - Di\u00e1rio da Lagoa","robots":{"index":"index","follow":"follow","max-snippet":"max-snippet:-1","max-image-preview":"max-image-preview:large","max-video-preview":"max-video-preview:-1"},"canonical":"https:\/\/diariodalagoa.pt\/es\/centro-de-radioterapia-arranca-no-inicio-de-2015\/","og_locale":"es_ES","og_type":"article","og_title":"Centro de Radioterapia arranca no in\u00edcio de 2015 - Di\u00e1rio da Lagoa","og_description":"O Secret\u00e1rio Regional da Sa\u00fade afirmou, na Horta, que a empresa que vai construir o Centro de Radioterapia dos A\u00e7ores j\u00e1 manifestou disponibilidade para iniciar a obra no in\u00edcio do pr\u00f3ximo ano, \u201cna sequ\u00eancia de conversa\u00e7\u00f5es que permitiram chegar a acordo sobre os pre\u00e7os a praticar\u201d.\u00a0 Lu\u00eds Cabral, que falava na Assembleia Legislativa durante um [&hellip;]","og_url":"https:\/\/diariodalagoa.pt\/es\/centro-de-radioterapia-arranca-no-inicio-de-2015\/","og_site_name":"Di\u00e1rio da Lagoa","article_published_time":"2014-12-10T19:43:55+00:00","author":"Di\u00e1rio da Lagoa","twitter_card":"summary_large_image","twitter_misc":{"Escrito por":"Di\u00e1rio da Lagoa","Tiempo de lectura":"1 minuto"},"schema":{"@context":"https:\/\/schema.org","@graph":[{"@type":"WebPage","@id":"https:\/\/diariodalagoa.pt\/centro-de-radioterapia-arranca-no-inicio-de-2015\/","url":"https:\/\/diariodalagoa.pt\/centro-de-radioterapia-arranca-no-inicio-de-2015\/","name":"Centro de Radioterapia arranca no in\u00edcio de 2015 - Di\u00e1rio da Lagoa","isPartOf":{"@id":"https:\/\/diariodalagoa.pt\/#website"},"datePublished":"2014-12-10T19:43:55+00:00","dateModified":"2014-12-10T19:43:55+00:00","author":{"@id":"https:\/\/diariodalagoa.pt\/#\/schema\/person\/1615a002370e8857b6f972834bc43ece"},"breadcrumb":{"@id":"https:\/\/diariodalagoa.pt\/centro-de-radioterapia-arranca-no-inicio-de-2015\/#breadcrumb"},"inLanguage":"es","potentialAction":[{"@type":"ReadAction","target":["https:\/\/diariodalagoa.pt\/centro-de-radioterapia-arranca-no-inicio-de-2015\/"]}]},{"@type":"BreadcrumbList","@id":"https:\/\/diariodalagoa.pt\/centro-de-radioterapia-arranca-no-inicio-de-2015\/#breadcrumb","itemListElement":[{"@type":"ListItem","position":1,"name":"In\u00edcio","item":"https:\/\/diariodalagoa.pt\/"},{"@type":"ListItem","position":2,"name":"Centro de Radioterapia arranca no in\u00edcio de 2015"}]},{"@type":"WebSite","@id":"https:\/\/diariodalagoa.pt\/#website","url":"https:\/\/diariodalagoa.pt\/","name":"Di\u00e1rio da Lagoa","description":"Di\u00e1rio da Lagoa. As not\u00edcias que contam. A partir da Lagoa, nos A\u00e7ores, para o mundo.","potentialAction":[{"@type":"SearchAction","target":{"@type":"EntryPoint","urlTemplate":"https:\/\/diariodalagoa.pt\/?s={search_term_string}"},"query-input":"required name=search_term_string"}],"inLanguage":"es"},{"@type":"Person","@id":"https:\/\/diariodalagoa.pt\/#\/schema\/person\/1615a002370e8857b6f972834bc43ece","name":"Di\u00e1rio da Lagoa","image":{"@type":"ImageObject","inLanguage":"es","@id":"https:\/\/diariodalagoa.pt\/#\/schema\/person\/image\/","url":"https:\/\/secure.gravatar.com\/avatar\/2cb5cef90a26f8fbd4d9d930608102c5?s=96&d=mm&r=g","contentUrl":"https:\/\/secure.gravatar.com\/avatar\/2cb5cef90a26f8fbd4d9d930608102c5?s=96&d=mm&r=g","caption":"Di\u00e1rio da Lagoa"},"url":"https:\/\/diariodalagoa.pt\/es\/author\/diariodalagoa\/"}]}},"_links":{"self":[{"href":"https:\/\/diariodalagoa.pt\/es\/wp-json\/wp\/v2\/posts\/12130"}],"collection":[{"href":"https:\/\/diariodalagoa.pt\/es\/wp-json\/wp\/v2\/posts"}],"about":[{"href":"https:\/\/diariodalagoa.pt\/es\/wp-json\/wp\/v2\/types\/post"}],"author":[{"embeddable":true,"href":"https:\/\/diariodalagoa.pt\/es\/wp-json\/wp\/v2\/users\/2"}],"replies":[{"embeddable":true,"href":"https:\/\/diariodalagoa.pt\/es\/wp-json\/wp\/v2\/comments?post=12130"}],"version-history":[{"count":0,"href":"https:\/\/diariodalagoa.pt\/es\/wp-json\/wp\/v2\/posts\/12130\/revisions"}],"wp:attachment":[{"href":"https:\/\/diariodalagoa.pt\/es\/wp-json\/wp\/v2\/media?parent=12130"}],"wp:term":[{"taxonomy":"category","embeddable":true,"href":"https:\/\/diariodalagoa.pt\/es\/wp-json\/wp\/v2\/categories?post=12130"},{"taxonomy":"post_tag","embeddable":true,"href":"https:\/\/diariodalagoa.pt\/es\/wp-json\/wp\/v2\/tags?post=12130"}],"curies":[{"name":"wp","href":"https:\/\/api.w.org\/{rel}","templated":true}]}}