{"id":11653,"date":"2014-11-26T16:23:24","date_gmt":"2014-11-26T17:23:24","guid":{"rendered":"http:\/\/diariodalagoa.pt\/?p=11653"},"modified":"2014-11-26T16:23:24","modified_gmt":"2014-11-26T17:23:24","slug":"rede-de-cuidados-continuados-integrados-reforcada-no-numero-de-camas-e-de-equipas-de-servicos-domiciliarios","status":"publish","type":"post","link":"https:\/\/diariodalagoa.pt\/es\/rede-de-cuidados-continuados-integrados-reforcada-no-numero-de-camas-e-de-equipas-de-servicos-domiciliarios\/","title":{"rendered":"Rede de Cuidados Continuados Integrados refor\u00e7ada no n\u00famero de camas e de equipas de servi\u00e7os domicili\u00e1rios"},"content":{"rendered":"<p style=\"text-align: justify;\"><img decoding=\"async\" class=\"alignnone size-full wp-image-11645\" src=\"http:\/\/diariodalagoa.pt\/wp-content\/uploads\/2014\/11\/Luis-Cabal-saude-ALRA-debate.jpg\" alt=\"Luis-Cabal-saude-ALRA-debate\" width=\"720\" height=\"380\" \/><\/p>\n<p style=\"text-align: justify;\"><span style=\"color: #000000;\">O Secret\u00e1rio Regional da Sa\u00fade afirmou, na Horta, que o alargamento da rede de continuados integrados com \u201cuma resposta em proximidade com os utentes e com os familiares\u201d \u00e9 uma das prioridades do Governo dos A\u00e7ores para 2015.\u00a0<\/span><\/p>\n<p style=\"text-align: justify;\"><span style=\"color: #000000;\">\u201cH\u00e1 uma verba de 2,4 milh\u00f5es de euros que vai permitir que, no pr\u00f3ximo ano, sejam disponibilizadas mais de duas centenas de camas em toda a Regi\u00e3o, 16 equipas domicili\u00e1rias de apoio integrado e 10 equipas comunit\u00e1rias de suporte em cuidados paliativos, distribu\u00eddas por v\u00e1rias ilhas\u201d, frisou Lu\u00eds Cabral, numa interven\u00e7\u00e3o na Assembleia Legislativa.\u00a0<\/span><\/p>\n<p style=\"text-align: justify;\"><span style=\"color: #000000;\">Lu\u00eds Cabral acrescentou que \u201cos internamentos de cuidados paliativos ser\u00e3o criados nos\u00a0tr\u00eas hospitais da Regi\u00e3o, estando j\u00e1 pronto para adjudica\u00e7\u00e3o o projeto de adapta\u00e7\u00e3o do 5.\u00ba piso nascente do Hospital de Ponta Delgada, de modo a permitir a cria\u00e7\u00e3o de 10 camas\u201d.\u00a0<\/span><\/p>\n<p style=\"text-align: justify;\"><span style=\"color: #000000;\">O Secret\u00e1rio\u00a0Regional salientou ainda\u00a0que, em 2015, ser\u00e1 dado in\u00edcio \u00e0 rede regional de cuidados continuados de sa\u00fade mental.\u00a0<\/span><\/p>\n<p style=\"text-align: justify;\"><span style=\"color: #000000;\">No discurso que proferiu\u00a0no debate das propostas do Plano de Investimentos e Or\u00e7amento para 2015, o Secret\u00e1rio Regional da Sa\u00fade referiu v\u00e1rios investimentos previstos em termos de constru\u00e7\u00e3o e beneficia\u00e7\u00e3o de infraestruturas da sa\u00fade, bem como a aquisi\u00e7\u00e3o de equipamentos para as unidades de sa\u00fade do arquip\u00e9lago.\u00a0<\/span><\/p>\n<p style=\"text-align: justify;\"><span style=\"color: #000000;\">Nesse sentido, destacou as obras do novo Centro de Sa\u00fade de Ponta Delgada, a amplia\u00e7\u00e3o do Hospital da Horta, a remodela\u00e7\u00e3o do Servi\u00e7o de Urg\u00eancia do Hospital de Ponta Delgada e a conclus\u00e3o das obras de beneficia\u00e7\u00e3o em diversos centros de sa\u00fade, bem como a conclus\u00e3o do Solar da Gl\u00f3ria.\u00a0<\/span><\/p>\n<p style=\"text-align: justify;\"><span style=\"color: #000000;\">De acordo com o Plano, ser\u00e3o adquiridos os equipamentos para o Centro de Sa\u00fade da Madalena e para o novo Centro de Sa\u00fade de Ponta Delgada e um novo equipamento de Resson\u00e2ncia Magn\u00e9tica para o Hospital do Divino Esp\u00edrito Santo.\u00a0<\/span><\/p>\n<p style=\"text-align: justify;\"><span style=\"color: #000000;\">Na \u00e1rea da Prote\u00e7\u00e3o Civil, segundo Lu\u00eds Cabral, est\u00e1 previsto \u201cum significativo esfor\u00e7o destinado \u00e0 implementa\u00e7\u00e3o da nova rede de comunica\u00e7\u00f5es\u201d, que dever\u00e1 estar conclu\u00edda no final de 2015, bem como a constru\u00e7\u00e3o e remodela\u00e7\u00e3o de v\u00e1rios quart\u00e9is de bombeiros e a aquisi\u00e7\u00e3o de cinco ambul\u00e2ncias de socorro e transporte, devidamente equipadas, destinadas \u00e0s ilhas de S\u00e3o Miguel, Terceira, Faial, S. Jorge e Pico.<\/span><\/p>\n<p style=\"text-align: justify;\"><span style=\"color: #000000;\"><em>DL\/GaCS<\/em><\/span><\/p>","protected":false},"excerpt":{"rendered":"<p>O Secret\u00e1rio Regional da Sa\u00fade afirmou, na Horta, que o alargamento da rede de continuados integrados com \u201cuma resposta em proximidade com os utentes e com os familiares\u201d \u00e9 uma das prioridades do Governo dos A\u00e7ores para 2015.\u00a0 \u201cH\u00e1 uma verba de 2,4 milh\u00f5es de euros que vai permitir que, no pr\u00f3ximo ano, sejam disponibilizadas [&hellip;]<\/p>","protected":false},"author":2,"featured_media":121661,"comment_status":"open","ping_status":"open","sticky":false,"template":"","format":"standard","meta":[],"categories":[21],"tags":[],"acf":[],"yoast_head":"<!-- This site is optimized with the Yoast SEO plugin v20.10 - https:\/\/yoast.com\/wordpress\/plugins\/seo\/ -->\n<title>Rede de Cuidados Continuados Integrados refor\u00e7ada no n\u00famero de camas e de equipas de servi\u00e7os domicili\u00e1rios - Di\u00e1rio da Lagoa<\/title>\n<meta name=\"robots\" content=\"index, follow, max-snippet:-1, max-image-preview:large, max-video-preview:-1\" \/>\n<link rel=\"canonical\" href=\"https:\/\/diariodalagoa.pt\/es\/rede-de-cuidados-continuados-integrados-reforcada-no-numero-de-camas-e-de-equipas-de-servicos-domiciliarios\/\" \/>\n<meta property=\"og:locale\" content=\"es_ES\" \/>\n<meta property=\"og:type\" content=\"article\" \/>\n<meta property=\"og:title\" content=\"Rede de Cuidados Continuados Integrados refor\u00e7ada no n\u00famero de camas e de equipas de servi\u00e7os domicili\u00e1rios - Di\u00e1rio da Lagoa\" \/>\n<meta property=\"og:description\" content=\"O Secret\u00e1rio Regional da Sa\u00fade afirmou, na Horta, que o alargamento da rede de continuados integrados com \u201cuma resposta em proximidade com os utentes e com os familiares\u201d \u00e9 uma das prioridades do Governo dos A\u00e7ores para 2015.\u00a0 \u201cH\u00e1 uma verba de 2,4 milh\u00f5es de euros que vai permitir que, no pr\u00f3ximo ano, sejam disponibilizadas [&hellip;]\" \/>\n<meta property=\"og:url\" content=\"https:\/\/diariodalagoa.pt\/es\/rede-de-cuidados-continuados-integrados-reforcada-no-numero-de-camas-e-de-equipas-de-servicos-domiciliarios\/\" \/>\n<meta property=\"og:site_name\" content=\"Di\u00e1rio da Lagoa\" \/>\n<meta property=\"article:published_time\" content=\"2014-11-26T17:23:24+00:00\" \/>\n<meta property=\"og:image\" content=\"https:\/\/diariodalagoa.pt\/wp-content\/uploads\/2014\/11\/luis-cabal-saude-alra-debate.jpg\" \/>\n\t<meta property=\"og:image:width\" content=\"720\" \/>\n\t<meta property=\"og:image:height\" content=\"380\" \/>\n\t<meta property=\"og:image:type\" content=\"image\/jpeg\" \/>\n<meta name=\"author\" content=\"Di\u00e1rio da Lagoa\" \/>\n<meta name=\"twitter:card\" content=\"summary_large_image\" \/>\n<meta name=\"twitter:label1\" content=\"Escrito por\" \/>\n\t<meta name=\"twitter:data1\" content=\"Di\u00e1rio da Lagoa\" \/>\n\t<meta name=\"twitter:label2\" content=\"Tiempo de lectura\" \/>\n\t<meta name=\"twitter:data2\" content=\"2 minutos\" \/>\n<script type=\"application\/ld+json\" class=\"yoast-schema-graph\">{\"@context\":\"https:\/\/schema.org\",\"@graph\":[{\"@type\":\"WebPage\",\"@id\":\"https:\/\/diariodalagoa.pt\/rede-de-cuidados-continuados-integrados-reforcada-no-numero-de-camas-e-de-equipas-de-servicos-domiciliarios\/\",\"url\":\"https:\/\/diariodalagoa.pt\/rede-de-cuidados-continuados-integrados-reforcada-no-numero-de-camas-e-de-equipas-de-servicos-domiciliarios\/\",\"name\":\"Rede de Cuidados Continuados Integrados refor\u00e7ada no n\u00famero de camas e de equipas de servi\u00e7os domicili\u00e1rios - Di\u00e1rio da Lagoa\",\"isPartOf\":{\"@id\":\"https:\/\/diariodalagoa.pt\/#website\"},\"datePublished\":\"2014-11-26T17:23:24+00:00\",\"dateModified\":\"2014-11-26T17:23:24+00:00\",\"author\":{\"@id\":\"https:\/\/diariodalagoa.pt\/#\/schema\/person\/1615a002370e8857b6f972834bc43ece\"},\"breadcrumb\":{\"@id\":\"https:\/\/diariodalagoa.pt\/rede-de-cuidados-continuados-integrados-reforcada-no-numero-de-camas-e-de-equipas-de-servicos-domiciliarios\/#breadcrumb\"},\"inLanguage\":\"es\",\"potentialAction\":[{\"@type\":\"ReadAction\",\"target\":[\"https:\/\/diariodalagoa.pt\/rede-de-cuidados-continuados-integrados-reforcada-no-numero-de-camas-e-de-equipas-de-servicos-domiciliarios\/\"]}]},{\"@type\":\"BreadcrumbList\",\"@id\":\"https:\/\/diariodalagoa.pt\/rede-de-cuidados-continuados-integrados-reforcada-no-numero-de-camas-e-de-equipas-de-servicos-domiciliarios\/#breadcrumb\",\"itemListElement\":[{\"@type\":\"ListItem\",\"position\":1,\"name\":\"In\u00edcio\",\"item\":\"https:\/\/diariodalagoa.pt\/\"},{\"@type\":\"ListItem\",\"position\":2,\"name\":\"Rede de Cuidados Continuados Integrados refor\u00e7ada no n\u00famero de camas e de equipas de servi\u00e7os domicili\u00e1rios\"}]},{\"@type\":\"WebSite\",\"@id\":\"https:\/\/diariodalagoa.pt\/#website\",\"url\":\"https:\/\/diariodalagoa.pt\/\",\"name\":\"Di\u00e1rio da Lagoa\",\"description\":\"Di\u00e1rio da Lagoa. As not\u00edcias que contam. A partir da Lagoa, nos A\u00e7ores, para o mundo.\",\"potentialAction\":[{\"@type\":\"SearchAction\",\"target\":{\"@type\":\"EntryPoint\",\"urlTemplate\":\"https:\/\/diariodalagoa.pt\/?s={search_term_string}\"},\"query-input\":\"required name=search_term_string\"}],\"inLanguage\":\"es\"},{\"@type\":\"Person\",\"@id\":\"https:\/\/diariodalagoa.pt\/#\/schema\/person\/1615a002370e8857b6f972834bc43ece\",\"name\":\"Di\u00e1rio da Lagoa\",\"image\":{\"@type\":\"ImageObject\",\"inLanguage\":\"es\",\"@id\":\"https:\/\/diariodalagoa.pt\/#\/schema\/person\/image\/\",\"url\":\"https:\/\/secure.gravatar.com\/avatar\/2cb5cef90a26f8fbd4d9d930608102c5?s=96&d=mm&r=g\",\"contentUrl\":\"https:\/\/secure.gravatar.com\/avatar\/2cb5cef90a26f8fbd4d9d930608102c5?s=96&d=mm&r=g\",\"caption\":\"Di\u00e1rio da Lagoa\"},\"url\":\"https:\/\/diariodalagoa.pt\/es\/author\/diariodalagoa\/\"}]}<\/script>\n<!-- \/ Yoast SEO plugin. -->","yoast_head_json":{"title":"Rede de Cuidados Continuados Integrados refor\u00e7ada no n\u00famero de camas e de equipas de servi\u00e7os domicili\u00e1rios - Di\u00e1rio da Lagoa","robots":{"index":"index","follow":"follow","max-snippet":"max-snippet:-1","max-image-preview":"max-image-preview:large","max-video-preview":"max-video-preview:-1"},"canonical":"https:\/\/diariodalagoa.pt\/es\/rede-de-cuidados-continuados-integrados-reforcada-no-numero-de-camas-e-de-equipas-de-servicos-domiciliarios\/","og_locale":"es_ES","og_type":"article","og_title":"Rede de Cuidados Continuados Integrados refor\u00e7ada no n\u00famero de camas e de equipas de servi\u00e7os domicili\u00e1rios - Di\u00e1rio da Lagoa","og_description":"O Secret\u00e1rio Regional da Sa\u00fade afirmou, na Horta, que o alargamento da rede de continuados integrados com \u201cuma resposta em proximidade com os utentes e com os familiares\u201d \u00e9 uma das prioridades do Governo dos A\u00e7ores para 2015.\u00a0 \u201cH\u00e1 uma verba de 2,4 milh\u00f5es de euros que vai permitir que, no pr\u00f3ximo ano, sejam disponibilizadas [&hellip;]","og_url":"https:\/\/diariodalagoa.pt\/es\/rede-de-cuidados-continuados-integrados-reforcada-no-numero-de-camas-e-de-equipas-de-servicos-domiciliarios\/","og_site_name":"Di\u00e1rio da Lagoa","article_published_time":"2014-11-26T17:23:24+00:00","og_image":[{"width":720,"height":380,"url":"https:\/\/diariodalagoa.pt\/wp-content\/uploads\/2014\/11\/luis-cabal-saude-alra-debate.jpg","type":"image\/jpeg"}],"author":"Di\u00e1rio da Lagoa","twitter_card":"summary_large_image","twitter_misc":{"Escrito por":"Di\u00e1rio da Lagoa","Tiempo de lectura":"2 minutos"},"schema":{"@context":"https:\/\/schema.org","@graph":[{"@type":"WebPage","@id":"https:\/\/diariodalagoa.pt\/rede-de-cuidados-continuados-integrados-reforcada-no-numero-de-camas-e-de-equipas-de-servicos-domiciliarios\/","url":"https:\/\/diariodalagoa.pt\/rede-de-cuidados-continuados-integrados-reforcada-no-numero-de-camas-e-de-equipas-de-servicos-domiciliarios\/","name":"Rede de Cuidados Continuados Integrados refor\u00e7ada no n\u00famero de camas e de equipas de servi\u00e7os domicili\u00e1rios - Di\u00e1rio da Lagoa","isPartOf":{"@id":"https:\/\/diariodalagoa.pt\/#website"},"datePublished":"2014-11-26T17:23:24+00:00","dateModified":"2014-11-26T17:23:24+00:00","author":{"@id":"https:\/\/diariodalagoa.pt\/#\/schema\/person\/1615a002370e8857b6f972834bc43ece"},"breadcrumb":{"@id":"https:\/\/diariodalagoa.pt\/rede-de-cuidados-continuados-integrados-reforcada-no-numero-de-camas-e-de-equipas-de-servicos-domiciliarios\/#breadcrumb"},"inLanguage":"es","potentialAction":[{"@type":"ReadAction","target":["https:\/\/diariodalagoa.pt\/rede-de-cuidados-continuados-integrados-reforcada-no-numero-de-camas-e-de-equipas-de-servicos-domiciliarios\/"]}]},{"@type":"BreadcrumbList","@id":"https:\/\/diariodalagoa.pt\/rede-de-cuidados-continuados-integrados-reforcada-no-numero-de-camas-e-de-equipas-de-servicos-domiciliarios\/#breadcrumb","itemListElement":[{"@type":"ListItem","position":1,"name":"In\u00edcio","item":"https:\/\/diariodalagoa.pt\/"},{"@type":"ListItem","position":2,"name":"Rede de Cuidados Continuados Integrados refor\u00e7ada no n\u00famero de camas e de equipas de servi\u00e7os domicili\u00e1rios"}]},{"@type":"WebSite","@id":"https:\/\/diariodalagoa.pt\/#website","url":"https:\/\/diariodalagoa.pt\/","name":"Di\u00e1rio da Lagoa","description":"Di\u00e1rio da Lagoa. As not\u00edcias que contam. A partir da Lagoa, nos A\u00e7ores, para o mundo.","potentialAction":[{"@type":"SearchAction","target":{"@type":"EntryPoint","urlTemplate":"https:\/\/diariodalagoa.pt\/?s={search_term_string}"},"query-input":"required name=search_term_string"}],"inLanguage":"es"},{"@type":"Person","@id":"https:\/\/diariodalagoa.pt\/#\/schema\/person\/1615a002370e8857b6f972834bc43ece","name":"Di\u00e1rio da Lagoa","image":{"@type":"ImageObject","inLanguage":"es","@id":"https:\/\/diariodalagoa.pt\/#\/schema\/person\/image\/","url":"https:\/\/secure.gravatar.com\/avatar\/2cb5cef90a26f8fbd4d9d930608102c5?s=96&d=mm&r=g","contentUrl":"https:\/\/secure.gravatar.com\/avatar\/2cb5cef90a26f8fbd4d9d930608102c5?s=96&d=mm&r=g","caption":"Di\u00e1rio da Lagoa"},"url":"https:\/\/diariodalagoa.pt\/es\/author\/diariodalagoa\/"}]}},"_links":{"self":[{"href":"https:\/\/diariodalagoa.pt\/es\/wp-json\/wp\/v2\/posts\/11653"}],"collection":[{"href":"https:\/\/diariodalagoa.pt\/es\/wp-json\/wp\/v2\/posts"}],"about":[{"href":"https:\/\/diariodalagoa.pt\/es\/wp-json\/wp\/v2\/types\/post"}],"author":[{"embeddable":true,"href":"https:\/\/diariodalagoa.pt\/es\/wp-json\/wp\/v2\/users\/2"}],"replies":[{"embeddable":true,"href":"https:\/\/diariodalagoa.pt\/es\/wp-json\/wp\/v2\/comments?post=11653"}],"version-history":[{"count":0,"href":"https:\/\/diariodalagoa.pt\/es\/wp-json\/wp\/v2\/posts\/11653\/revisions"}],"wp:featuredmedia":[{"embeddable":true,"href":"https:\/\/diariodalagoa.pt\/es\/wp-json\/wp\/v2\/media\/121661"}],"wp:attachment":[{"href":"https:\/\/diariodalagoa.pt\/es\/wp-json\/wp\/v2\/media?parent=11653"}],"wp:term":[{"taxonomy":"category","embeddable":true,"href":"https:\/\/diariodalagoa.pt\/es\/wp-json\/wp\/v2\/categories?post=11653"},{"taxonomy":"post_tag","embeddable":true,"href":"https:\/\/diariodalagoa.pt\/es\/wp-json\/wp\/v2\/tags?post=11653"}],"curies":[{"name":"wp","href":"https:\/\/api.w.org\/{rel}","templated":true}]}}