{"id":11622,"date":"2014-11-25T22:45:48","date_gmt":"2014-11-25T23:45:48","guid":{"rendered":"http:\/\/diariodalagoa.pt\/?p=11622"},"modified":"2014-11-25T22:45:48","modified_gmt":"2014-11-25T23:45:48","slug":"governo-dos-acores-nao-esta-sozinho-no-trabalho-social-afirma-andreia-cardoso","status":"publish","type":"post","link":"https:\/\/diariodalagoa.pt\/es\/governo-dos-acores-nao-esta-sozinho-no-trabalho-social-afirma-andreia-cardoso\/","title":{"rendered":"Governo dos A\u00e7ores n\u00e3o est\u00e1 sozinho no trabalho social, afirma Andreia Cardoso"},"content":{"rendered":"<p style=\"text-align: justify;\"><img decoding=\"async\" class=\"alignnone size-full wp-image-11626\" src=\"http:\/\/diariodalagoa.pt\/wp-content\/uploads\/2014\/11\/Andreia-Cardoso-governo-A\u00e7ores-ALRA-secret\u00e1ria-Solidariedade-Social-debate.jpg\" alt=\"Andreia-Cardoso-governo-A\u00e7ores-ALRA-secret\u00e1ria-Solidariedade-Social-debate\" width=\"720\" height=\"380\" \/><\/p>\n<p style=\"text-align: justify;\"><span style=\"color: rgb(0, 0, 0);\">A Secret\u00e1ria Regional da Solidariedade Social enalteceu, na Horta, a coopera\u00e7\u00e3o com as Institui\u00e7\u00f5es Particulares de Solidariedade Social e com as Miseric\u00f3rdias na operacionaliza\u00e7\u00e3o das pol\u00edticas de a\u00e7\u00e3o social do Governo dos A\u00e7ores.<\/span><\/p>\n<p style=\"text-align: justify;\"><span style=\"color: rgb(0, 0, 0);\">\u201c\u00c9 importante referir que o Governo Regional n\u00e3o est\u00e1 sozinho na operacionaliza\u00e7\u00e3o deste trabalho, antes pelo contr\u00e1rio. Tem sido sempre muito bem acompanhado, num esfor\u00e7o permanente de coopera\u00e7\u00e3o e otimiza\u00e7\u00e3o dos recursos dispon\u00edveis&#8221;, afirmou Andreia Cardoso, frisando que &#8220;as Institui\u00e7\u00f5es Particulares de Solidariedade Social s\u00e3o parceiras incans\u00e1veis nesta fun\u00e7\u00e3o social, bem como as Miseric\u00f3rdias, gigantes motores sociais j\u00e1 desde h\u00e1 v\u00e1rios s\u00e9culos\u201d.<\/span><\/p>\n<p style=\"text-align: justify;\"><span style=\"color: rgb(0, 0, 0);\">Andreia Cardoso, que falava na Assembleia Legislativa, recordou que a Regi\u00e3o conta com a colabora\u00e7\u00e3o de 230 Institui\u00e7\u00f5es Particulares de Solidariedade Social, que asseguram 689 val\u00eancias especializadas, num esfor\u00e7o de descentraliza\u00e7\u00e3o que permitiu levar os diferentes apoios sociais a todas as ilhas numa pol\u00edtica de proximidade, assegurando que a capacidade instalada, na grande maioria das val\u00eancias, se situe acima da taxa m\u00ednima de cobertura estabelecida internacionalmente.<\/span><\/p>\n<p style=\"text-align: justify;\"><span style=\"color: rgb(0, 0, 0);\">O Plano e Or\u00e7amento da Regi\u00e3o para 2015 contempla, na \u00e1rea da Solidariedade Social, uma verba que ascende a 52,2 milh\u00f5es de euros, o que corresponde a um aumento de 17% face ao plano anterior.<\/span><\/p>\n<p style=\"text-align: justify;\"><span style=\"color: rgb(0, 0, 0);\">Andreia Cardoso reafirmou o compromisso do Executivo a\u00e7oriano que, esclarece, \u201cpermanece inamov\u00edvel\u201d no combate \u00e0s medidas de austeridade, refor\u00e7ando o complemento regional de apoio direto aos idosos, alargando as respostas sociais dirigidas \u00e0s crian\u00e7as e \u00e0s pessoas com necessidades especiais e garantido o apoio \u00e0s fam\u00edlias com menores recursos em termos habitacionais.<\/span><\/p>\n<p style=\"text-align: justify;\"><span style=\"color: rgb(0, 0, 0);\">Em mat\u00e9ria de Habita\u00e7\u00e3o, salientou a continua\u00e7\u00e3o do trabalho j\u00e1 desenvolvido na recupera\u00e7\u00e3o do parque habitacional da Regi\u00e3o, bem como no \u00e2mbito dos apoios ao arrendamento concedidos \u00e0s fam\u00edlias, nomeadamente atrav\u00e9s do Programa Fam\u00edlias com Futuro, alvo de um refor\u00e7o de verbas de 9%.<\/span><\/p>\n<p style=\"text-align: justify;\"><span style=\"color: rgb(0, 0, 0);\">\u201c2015 continuar\u00e1 a trazer respostas diferenciadas a quest\u00f5es prementes\u201d, frisou a governante, anunciando a implementa\u00e7\u00e3o de planos destinados a v\u00e1rias \u00e1reas consideradas priorit\u00e1rias pelo Executivo a\u00e7oriano, como o Plano Regional de Apoio de Apoio ao Cuidador Informal, a implementar no primeiro trimestre de 2015, ou o Programa de Avalia\u00e7\u00e3o e Reconfigura\u00e7\u00e3o Institucional de Acolhimento (PAAJ), desenvolvido em parceria com a Universidade de Coimbra, para crian\u00e7as e jovens na Regi\u00e3o, instrumento que servir\u00e1 de base \u00e0 eventual reestrutura\u00e7\u00e3o do sistema de acolhimento para crian\u00e7as de 12 ou mais anos e para crian\u00e7as com graves problemas comportamentais e s\u00f3cio-afetivos.<\/span><\/p>\n<p style=\"text-align: justify;\"><span style=\"color: rgb(0, 0, 0);\">Andreia Cardoso salientou que as \u00e1reas sociais sofrem, de forma transversal, um refor\u00e7o da sua dota\u00e7\u00e3o, acrescentando que o Governo Regional cumpriu e continua a cumprir com o desiderato da Carta Regional das Obras P\u00fablicas, numa l\u00f3gica de requalifica\u00e7\u00e3o das respostas sociais j\u00e1 existentes e da cria\u00e7\u00e3o de val\u00eancias diferenciadas, nas \u00e1reas de inf\u00e2ncia e juventude e para a terceira idade.<\/span><\/p>\n<p style=\"text-align: justify;\"><span style=\"color: rgb(0, 0, 0);\"><em>DL\/GaCS<\/em><\/span><\/p>","protected":false},"excerpt":{"rendered":"<p>A Secret\u00e1ria Regional da Solidariedade Social enalteceu, na Horta, a coopera\u00e7\u00e3o com as Institui\u00e7\u00f5es Particulares de Solidariedade Social e com as Miseric\u00f3rdias na operacionaliza\u00e7\u00e3o das pol\u00edticas de a\u00e7\u00e3o social do Governo dos A\u00e7ores. \u201c\u00c9 importante referir que o Governo Regional n\u00e3o est\u00e1 sozinho na operacionaliza\u00e7\u00e3o deste trabalho, antes pelo contr\u00e1rio. Tem sido sempre muito bem [&hellip;]<\/p>","protected":false},"author":2,"featured_media":0,"comment_status":"open","ping_status":"open","sticky":false,"template":"","format":"standard","meta":[],"categories":[21],"tags":[],"acf":[],"yoast_head":"<!-- This site is optimized with the Yoast SEO plugin v20.10 - https:\/\/yoast.com\/wordpress\/plugins\/seo\/ -->\n<title>Governo dos A\u00e7ores n\u00e3o est\u00e1 sozinho no trabalho social, afirma Andreia Cardoso - Di\u00e1rio da Lagoa<\/title>\n<meta name=\"robots\" content=\"index, follow, max-snippet:-1, max-image-preview:large, max-video-preview:-1\" \/>\n<link rel=\"canonical\" href=\"https:\/\/diariodalagoa.pt\/es\/governo-dos-acores-nao-esta-sozinho-no-trabalho-social-afirma-andreia-cardoso\/\" \/>\n<meta property=\"og:locale\" content=\"es_ES\" \/>\n<meta property=\"og:type\" content=\"article\" \/>\n<meta property=\"og:title\" content=\"Governo dos A\u00e7ores n\u00e3o est\u00e1 sozinho no trabalho social, afirma Andreia Cardoso - Di\u00e1rio da Lagoa\" \/>\n<meta property=\"og:description\" content=\"A Secret\u00e1ria Regional da Solidariedade Social enalteceu, na Horta, a coopera\u00e7\u00e3o com as Institui\u00e7\u00f5es Particulares de Solidariedade Social e com as Miseric\u00f3rdias na operacionaliza\u00e7\u00e3o das pol\u00edticas de a\u00e7\u00e3o social do Governo dos A\u00e7ores. \u201c\u00c9 importante referir que o Governo Regional n\u00e3o est\u00e1 sozinho na operacionaliza\u00e7\u00e3o deste trabalho, antes pelo contr\u00e1rio. Tem sido sempre muito bem [&hellip;]\" \/>\n<meta property=\"og:url\" content=\"https:\/\/diariodalagoa.pt\/es\/governo-dos-acores-nao-esta-sozinho-no-trabalho-social-afirma-andreia-cardoso\/\" \/>\n<meta property=\"og:site_name\" content=\"Di\u00e1rio da Lagoa\" \/>\n<meta property=\"article:published_time\" content=\"2014-11-25T23:45:48+00:00\" \/>\n<meta name=\"author\" content=\"Di\u00e1rio da Lagoa\" \/>\n<meta name=\"twitter:card\" content=\"summary_large_image\" \/>\n<meta name=\"twitter:label1\" content=\"Escrito por\" \/>\n\t<meta name=\"twitter:data1\" content=\"Di\u00e1rio da Lagoa\" \/>\n\t<meta name=\"twitter:label2\" content=\"Tiempo de lectura\" \/>\n\t<meta name=\"twitter:data2\" content=\"3 minutos\" \/>\n<script type=\"application\/ld+json\" class=\"yoast-schema-graph\">{\"@context\":\"https:\/\/schema.org\",\"@graph\":[{\"@type\":\"WebPage\",\"@id\":\"https:\/\/diariodalagoa.pt\/governo-dos-acores-nao-esta-sozinho-no-trabalho-social-afirma-andreia-cardoso\/\",\"url\":\"https:\/\/diariodalagoa.pt\/governo-dos-acores-nao-esta-sozinho-no-trabalho-social-afirma-andreia-cardoso\/\",\"name\":\"Governo dos A\u00e7ores n\u00e3o est\u00e1 sozinho no trabalho social, afirma Andreia Cardoso - Di\u00e1rio da Lagoa\",\"isPartOf\":{\"@id\":\"https:\/\/diariodalagoa.pt\/#website\"},\"datePublished\":\"2014-11-25T23:45:48+00:00\",\"dateModified\":\"2014-11-25T23:45:48+00:00\",\"author\":{\"@id\":\"https:\/\/diariodalagoa.pt\/#\/schema\/person\/1615a002370e8857b6f972834bc43ece\"},\"breadcrumb\":{\"@id\":\"https:\/\/diariodalagoa.pt\/governo-dos-acores-nao-esta-sozinho-no-trabalho-social-afirma-andreia-cardoso\/#breadcrumb\"},\"inLanguage\":\"es\",\"potentialAction\":[{\"@type\":\"ReadAction\",\"target\":[\"https:\/\/diariodalagoa.pt\/governo-dos-acores-nao-esta-sozinho-no-trabalho-social-afirma-andreia-cardoso\/\"]}]},{\"@type\":\"BreadcrumbList\",\"@id\":\"https:\/\/diariodalagoa.pt\/governo-dos-acores-nao-esta-sozinho-no-trabalho-social-afirma-andreia-cardoso\/#breadcrumb\",\"itemListElement\":[{\"@type\":\"ListItem\",\"position\":1,\"name\":\"In\u00edcio\",\"item\":\"https:\/\/diariodalagoa.pt\/\"},{\"@type\":\"ListItem\",\"position\":2,\"name\":\"Governo dos A\u00e7ores n\u00e3o est\u00e1 sozinho no trabalho social, afirma Andreia Cardoso\"}]},{\"@type\":\"WebSite\",\"@id\":\"https:\/\/diariodalagoa.pt\/#website\",\"url\":\"https:\/\/diariodalagoa.pt\/\",\"name\":\"Di\u00e1rio da Lagoa\",\"description\":\"Di\u00e1rio da Lagoa. As not\u00edcias que contam. A partir da Lagoa, nos A\u00e7ores, para o mundo.\",\"potentialAction\":[{\"@type\":\"SearchAction\",\"target\":{\"@type\":\"EntryPoint\",\"urlTemplate\":\"https:\/\/diariodalagoa.pt\/?s={search_term_string}\"},\"query-input\":\"required name=search_term_string\"}],\"inLanguage\":\"es\"},{\"@type\":\"Person\",\"@id\":\"https:\/\/diariodalagoa.pt\/#\/schema\/person\/1615a002370e8857b6f972834bc43ece\",\"name\":\"Di\u00e1rio da Lagoa\",\"image\":{\"@type\":\"ImageObject\",\"inLanguage\":\"es\",\"@id\":\"https:\/\/diariodalagoa.pt\/#\/schema\/person\/image\/\",\"url\":\"https:\/\/secure.gravatar.com\/avatar\/2cb5cef90a26f8fbd4d9d930608102c5?s=96&d=mm&r=g\",\"contentUrl\":\"https:\/\/secure.gravatar.com\/avatar\/2cb5cef90a26f8fbd4d9d930608102c5?s=96&d=mm&r=g\",\"caption\":\"Di\u00e1rio da Lagoa\"},\"url\":\"https:\/\/diariodalagoa.pt\/es\/author\/diariodalagoa\/\"}]}<\/script>\n<!-- \/ Yoast SEO plugin. -->","yoast_head_json":{"title":"Governo dos A\u00e7ores n\u00e3o est\u00e1 sozinho no trabalho social, afirma Andreia Cardoso - Di\u00e1rio da Lagoa","robots":{"index":"index","follow":"follow","max-snippet":"max-snippet:-1","max-image-preview":"max-image-preview:large","max-video-preview":"max-video-preview:-1"},"canonical":"https:\/\/diariodalagoa.pt\/es\/governo-dos-acores-nao-esta-sozinho-no-trabalho-social-afirma-andreia-cardoso\/","og_locale":"es_ES","og_type":"article","og_title":"Governo dos A\u00e7ores n\u00e3o est\u00e1 sozinho no trabalho social, afirma Andreia Cardoso - Di\u00e1rio da Lagoa","og_description":"A Secret\u00e1ria Regional da Solidariedade Social enalteceu, na Horta, a coopera\u00e7\u00e3o com as Institui\u00e7\u00f5es Particulares de Solidariedade Social e com as Miseric\u00f3rdias na operacionaliza\u00e7\u00e3o das pol\u00edticas de a\u00e7\u00e3o social do Governo dos A\u00e7ores. \u201c\u00c9 importante referir que o Governo Regional n\u00e3o est\u00e1 sozinho na operacionaliza\u00e7\u00e3o deste trabalho, antes pelo contr\u00e1rio. Tem sido sempre muito bem [&hellip;]","og_url":"https:\/\/diariodalagoa.pt\/es\/governo-dos-acores-nao-esta-sozinho-no-trabalho-social-afirma-andreia-cardoso\/","og_site_name":"Di\u00e1rio da Lagoa","article_published_time":"2014-11-25T23:45:48+00:00","author":"Di\u00e1rio da Lagoa","twitter_card":"summary_large_image","twitter_misc":{"Escrito por":"Di\u00e1rio da Lagoa","Tiempo de lectura":"3 minutos"},"schema":{"@context":"https:\/\/schema.org","@graph":[{"@type":"WebPage","@id":"https:\/\/diariodalagoa.pt\/governo-dos-acores-nao-esta-sozinho-no-trabalho-social-afirma-andreia-cardoso\/","url":"https:\/\/diariodalagoa.pt\/governo-dos-acores-nao-esta-sozinho-no-trabalho-social-afirma-andreia-cardoso\/","name":"Governo dos A\u00e7ores n\u00e3o est\u00e1 sozinho no trabalho social, afirma Andreia Cardoso - Di\u00e1rio da Lagoa","isPartOf":{"@id":"https:\/\/diariodalagoa.pt\/#website"},"datePublished":"2014-11-25T23:45:48+00:00","dateModified":"2014-11-25T23:45:48+00:00","author":{"@id":"https:\/\/diariodalagoa.pt\/#\/schema\/person\/1615a002370e8857b6f972834bc43ece"},"breadcrumb":{"@id":"https:\/\/diariodalagoa.pt\/governo-dos-acores-nao-esta-sozinho-no-trabalho-social-afirma-andreia-cardoso\/#breadcrumb"},"inLanguage":"es","potentialAction":[{"@type":"ReadAction","target":["https:\/\/diariodalagoa.pt\/governo-dos-acores-nao-esta-sozinho-no-trabalho-social-afirma-andreia-cardoso\/"]}]},{"@type":"BreadcrumbList","@id":"https:\/\/diariodalagoa.pt\/governo-dos-acores-nao-esta-sozinho-no-trabalho-social-afirma-andreia-cardoso\/#breadcrumb","itemListElement":[{"@type":"ListItem","position":1,"name":"In\u00edcio","item":"https:\/\/diariodalagoa.pt\/"},{"@type":"ListItem","position":2,"name":"Governo dos A\u00e7ores n\u00e3o est\u00e1 sozinho no trabalho social, afirma Andreia Cardoso"}]},{"@type":"WebSite","@id":"https:\/\/diariodalagoa.pt\/#website","url":"https:\/\/diariodalagoa.pt\/","name":"Di\u00e1rio da Lagoa","description":"Di\u00e1rio da Lagoa. As not\u00edcias que contam. A partir da Lagoa, nos A\u00e7ores, para o mundo.","potentialAction":[{"@type":"SearchAction","target":{"@type":"EntryPoint","urlTemplate":"https:\/\/diariodalagoa.pt\/?s={search_term_string}"},"query-input":"required name=search_term_string"}],"inLanguage":"es"},{"@type":"Person","@id":"https:\/\/diariodalagoa.pt\/#\/schema\/person\/1615a002370e8857b6f972834bc43ece","name":"Di\u00e1rio da Lagoa","image":{"@type":"ImageObject","inLanguage":"es","@id":"https:\/\/diariodalagoa.pt\/#\/schema\/person\/image\/","url":"https:\/\/secure.gravatar.com\/avatar\/2cb5cef90a26f8fbd4d9d930608102c5?s=96&d=mm&r=g","contentUrl":"https:\/\/secure.gravatar.com\/avatar\/2cb5cef90a26f8fbd4d9d930608102c5?s=96&d=mm&r=g","caption":"Di\u00e1rio da Lagoa"},"url":"https:\/\/diariodalagoa.pt\/es\/author\/diariodalagoa\/"}]}},"_links":{"self":[{"href":"https:\/\/diariodalagoa.pt\/es\/wp-json\/wp\/v2\/posts\/11622"}],"collection":[{"href":"https:\/\/diariodalagoa.pt\/es\/wp-json\/wp\/v2\/posts"}],"about":[{"href":"https:\/\/diariodalagoa.pt\/es\/wp-json\/wp\/v2\/types\/post"}],"author":[{"embeddable":true,"href":"https:\/\/diariodalagoa.pt\/es\/wp-json\/wp\/v2\/users\/2"}],"replies":[{"embeddable":true,"href":"https:\/\/diariodalagoa.pt\/es\/wp-json\/wp\/v2\/comments?post=11622"}],"version-history":[{"count":0,"href":"https:\/\/diariodalagoa.pt\/es\/wp-json\/wp\/v2\/posts\/11622\/revisions"}],"wp:attachment":[{"href":"https:\/\/diariodalagoa.pt\/es\/wp-json\/wp\/v2\/media?parent=11622"}],"wp:term":[{"taxonomy":"category","embeddable":true,"href":"https:\/\/diariodalagoa.pt\/es\/wp-json\/wp\/v2\/categories?post=11622"},{"taxonomy":"post_tag","embeddable":true,"href":"https:\/\/diariodalagoa.pt\/es\/wp-json\/wp\/v2\/tags?post=11622"}],"curies":[{"name":"wp","href":"https:\/\/api.w.org\/{rel}","templated":true}]}}