{"id":11555,"date":"2014-11-24T15:23:53","date_gmt":"2014-11-24T16:23:53","guid":{"rendered":"http:\/\/diariodalagoa.pt\/?p=11555"},"modified":"2014-11-24T15:23:53","modified_gmt":"2014-11-24T16:23:53","slug":"pj-deteve-suspeito-de-ter-abusado-sexualmente-de-uma-crianca","status":"publish","type":"post","link":"https:\/\/diariodalagoa.pt\/es\/pj-deteve-suspeito-de-ter-abusado-sexualmente-de-uma-crianca\/","title":{"rendered":"PJ deteve suspeito de ter abusado sexualmente de uma crian\u00e7a"},"content":{"rendered":"<p style=\"text-align: justify;\"><img decoding=\"async\" class=\"alignnone size-full wp-image-11556\" src=\"http:\/\/diariodalagoa.pt\/wp-content\/uploads\/2014\/11\/PJ-faixa.jpg\" alt=\"PJ-faixa\" width=\"720\" height=\"380\" \/><\/p>\n<p style=\"text-align: justify;\"><span style=\"color: #000000;\">A Pol\u00edcia Judici\u00e1ria (PJ), atrav\u00e9s do Departamento de Investiga\u00e7\u00e3o Criminal de Ponta Delgada, identificou e deteve um homem, de 28 anos de idade, pela presum\u00edvel pr\u00e1tica de v\u00e1rios crimes de abuso sexual de crian\u00e7a, de que foi v\u00edtima uma menina com 13 anos de idade.\u00a0<\/span><\/p>\n<p style=\"text-align: justify;\"><span style=\"color: #000000;\">Os abusos foram praticados em diversos locais no concelho de Ponta Delgada, de forma regular, durante as \u00faltimas semanas, depois do arguido ter ganho a confian\u00e7a da crian\u00e7a.\u00a0<\/span><\/p>\n<p style=\"text-align: justify;\"><span style=\"color: #000000;\">O detido, que n\u00e3o tem ocupa\u00e7\u00e3o laboral e est\u00e1 fortemente referenciado pelo mesmo tipo de crimes, foi \u00a0presente a \u00a0primeiro interrogat\u00f3rio judicial tendo-lhe sido aplicada a medida coativa de pris\u00e3o preventiva.<\/span><\/p>\n<p style=\"text-align: justify;\"><span style=\"color: #000000;\"><em>DL\/PJ<\/em><\/span><\/p>","protected":false},"excerpt":{"rendered":"<p>A Pol\u00edcia Judici\u00e1ria (PJ), atrav\u00e9s do Departamento de Investiga\u00e7\u00e3o Criminal de Ponta Delgada, identificou e deteve um homem, de 28 anos de idade, pela presum\u00edvel pr\u00e1tica de v\u00e1rios crimes de abuso sexual de crian\u00e7a, de que foi v\u00edtima uma menina com 13 anos de idade.\u00a0 Os abusos foram praticados em diversos locais no concelho de [&hellip;]<\/p>","protected":false},"author":2,"featured_media":121670,"comment_status":"open","ping_status":"open","sticky":false,"template":"","format":"standard","meta":[],"categories":[21],"tags":[],"acf":[],"yoast_head":"<!-- This site is optimized with the Yoast SEO plugin v20.10 - https:\/\/yoast.com\/wordpress\/plugins\/seo\/ -->\n<title>PJ deteve suspeito de ter abusado sexualmente de uma crian\u00e7a - Di\u00e1rio da Lagoa<\/title>\n<meta name=\"robots\" content=\"index, follow, max-snippet:-1, max-image-preview:large, max-video-preview:-1\" \/>\n<link rel=\"canonical\" href=\"https:\/\/diariodalagoa.pt\/es\/pj-deteve-suspeito-de-ter-abusado-sexualmente-de-uma-crianca\/\" \/>\n<meta property=\"og:locale\" content=\"es_ES\" \/>\n<meta property=\"og:type\" content=\"article\" \/>\n<meta property=\"og:title\" content=\"PJ deteve suspeito de ter abusado sexualmente de uma crian\u00e7a - Di\u00e1rio da Lagoa\" \/>\n<meta property=\"og:description\" content=\"A Pol\u00edcia Judici\u00e1ria (PJ), atrav\u00e9s do Departamento de Investiga\u00e7\u00e3o Criminal de Ponta Delgada, identificou e deteve um homem, de 28 anos de idade, pela presum\u00edvel pr\u00e1tica de v\u00e1rios crimes de abuso sexual de crian\u00e7a, de que foi v\u00edtima uma menina com 13 anos de idade.\u00a0 Os abusos foram praticados em diversos locais no concelho de [&hellip;]\" \/>\n<meta property=\"og:url\" content=\"https:\/\/diariodalagoa.pt\/es\/pj-deteve-suspeito-de-ter-abusado-sexualmente-de-uma-crianca\/\" \/>\n<meta property=\"og:site_name\" content=\"Di\u00e1rio da Lagoa\" \/>\n<meta property=\"article:published_time\" content=\"2014-11-24T16:23:53+00:00\" \/>\n<meta property=\"og:image\" content=\"https:\/\/diariodalagoa.pt\/wp-content\/uploads\/2014\/11\/pj-faixa-1.jpg\" \/>\n\t<meta property=\"og:image:width\" content=\"720\" \/>\n\t<meta property=\"og:image:height\" content=\"380\" \/>\n\t<meta property=\"og:image:type\" content=\"image\/jpeg\" \/>\n<meta name=\"author\" content=\"Di\u00e1rio da Lagoa\" \/>\n<meta name=\"twitter:card\" content=\"summary_large_image\" \/>\n<meta name=\"twitter:label1\" content=\"Escrito por\" \/>\n\t<meta name=\"twitter:data1\" content=\"Di\u00e1rio da Lagoa\" \/>\n\t<meta name=\"twitter:label2\" content=\"Tiempo de lectura\" \/>\n\t<meta name=\"twitter:data2\" content=\"1 minuto\" \/>\n<script type=\"application\/ld+json\" class=\"yoast-schema-graph\">{\"@context\":\"https:\/\/schema.org\",\"@graph\":[{\"@type\":\"WebPage\",\"@id\":\"https:\/\/diariodalagoa.pt\/pj-deteve-suspeito-de-ter-abusado-sexualmente-de-uma-crianca\/\",\"url\":\"https:\/\/diariodalagoa.pt\/pj-deteve-suspeito-de-ter-abusado-sexualmente-de-uma-crianca\/\",\"name\":\"PJ deteve suspeito de ter abusado sexualmente de uma crian\u00e7a - Di\u00e1rio da Lagoa\",\"isPartOf\":{\"@id\":\"https:\/\/diariodalagoa.pt\/#website\"},\"datePublished\":\"2014-11-24T16:23:53+00:00\",\"dateModified\":\"2014-11-24T16:23:53+00:00\",\"author\":{\"@id\":\"https:\/\/diariodalagoa.pt\/#\/schema\/person\/1615a002370e8857b6f972834bc43ece\"},\"breadcrumb\":{\"@id\":\"https:\/\/diariodalagoa.pt\/pj-deteve-suspeito-de-ter-abusado-sexualmente-de-uma-crianca\/#breadcrumb\"},\"inLanguage\":\"es\",\"potentialAction\":[{\"@type\":\"ReadAction\",\"target\":[\"https:\/\/diariodalagoa.pt\/pj-deteve-suspeito-de-ter-abusado-sexualmente-de-uma-crianca\/\"]}]},{\"@type\":\"BreadcrumbList\",\"@id\":\"https:\/\/diariodalagoa.pt\/pj-deteve-suspeito-de-ter-abusado-sexualmente-de-uma-crianca\/#breadcrumb\",\"itemListElement\":[{\"@type\":\"ListItem\",\"position\":1,\"name\":\"In\u00edcio\",\"item\":\"https:\/\/diariodalagoa.pt\/\"},{\"@type\":\"ListItem\",\"position\":2,\"name\":\"PJ deteve suspeito de ter abusado sexualmente de uma crian\u00e7a\"}]},{\"@type\":\"WebSite\",\"@id\":\"https:\/\/diariodalagoa.pt\/#website\",\"url\":\"https:\/\/diariodalagoa.pt\/\",\"name\":\"Di\u00e1rio da Lagoa\",\"description\":\"Di\u00e1rio da Lagoa. As not\u00edcias que contam. A partir da Lagoa, nos A\u00e7ores, para o mundo.\",\"potentialAction\":[{\"@type\":\"SearchAction\",\"target\":{\"@type\":\"EntryPoint\",\"urlTemplate\":\"https:\/\/diariodalagoa.pt\/?s={search_term_string}\"},\"query-input\":\"required name=search_term_string\"}],\"inLanguage\":\"es\"},{\"@type\":\"Person\",\"@id\":\"https:\/\/diariodalagoa.pt\/#\/schema\/person\/1615a002370e8857b6f972834bc43ece\",\"name\":\"Di\u00e1rio da Lagoa\",\"image\":{\"@type\":\"ImageObject\",\"inLanguage\":\"es\",\"@id\":\"https:\/\/diariodalagoa.pt\/#\/schema\/person\/image\/\",\"url\":\"https:\/\/secure.gravatar.com\/avatar\/2cb5cef90a26f8fbd4d9d930608102c5?s=96&d=mm&r=g\",\"contentUrl\":\"https:\/\/secure.gravatar.com\/avatar\/2cb5cef90a26f8fbd4d9d930608102c5?s=96&d=mm&r=g\",\"caption\":\"Di\u00e1rio da Lagoa\"},\"url\":\"https:\/\/diariodalagoa.pt\/es\/author\/diariodalagoa\/\"}]}<\/script>\n<!-- \/ Yoast SEO plugin. -->","yoast_head_json":{"title":"PJ deteve suspeito de ter abusado sexualmente de uma crian\u00e7a - Di\u00e1rio da Lagoa","robots":{"index":"index","follow":"follow","max-snippet":"max-snippet:-1","max-image-preview":"max-image-preview:large","max-video-preview":"max-video-preview:-1"},"canonical":"https:\/\/diariodalagoa.pt\/es\/pj-deteve-suspeito-de-ter-abusado-sexualmente-de-uma-crianca\/","og_locale":"es_ES","og_type":"article","og_title":"PJ deteve suspeito de ter abusado sexualmente de uma crian\u00e7a - Di\u00e1rio da Lagoa","og_description":"A Pol\u00edcia Judici\u00e1ria (PJ), atrav\u00e9s do Departamento de Investiga\u00e7\u00e3o Criminal de Ponta Delgada, identificou e deteve um homem, de 28 anos de idade, pela presum\u00edvel pr\u00e1tica de v\u00e1rios crimes de abuso sexual de crian\u00e7a, de que foi v\u00edtima uma menina com 13 anos de idade.\u00a0 Os abusos foram praticados em diversos locais no concelho de [&hellip;]","og_url":"https:\/\/diariodalagoa.pt\/es\/pj-deteve-suspeito-de-ter-abusado-sexualmente-de-uma-crianca\/","og_site_name":"Di\u00e1rio da Lagoa","article_published_time":"2014-11-24T16:23:53+00:00","og_image":[{"width":720,"height":380,"url":"https:\/\/diariodalagoa.pt\/wp-content\/uploads\/2014\/11\/pj-faixa-1.jpg","type":"image\/jpeg"}],"author":"Di\u00e1rio da Lagoa","twitter_card":"summary_large_image","twitter_misc":{"Escrito por":"Di\u00e1rio da Lagoa","Tiempo de lectura":"1 minuto"},"schema":{"@context":"https:\/\/schema.org","@graph":[{"@type":"WebPage","@id":"https:\/\/diariodalagoa.pt\/pj-deteve-suspeito-de-ter-abusado-sexualmente-de-uma-crianca\/","url":"https:\/\/diariodalagoa.pt\/pj-deteve-suspeito-de-ter-abusado-sexualmente-de-uma-crianca\/","name":"PJ deteve suspeito de ter abusado sexualmente de uma crian\u00e7a - Di\u00e1rio da Lagoa","isPartOf":{"@id":"https:\/\/diariodalagoa.pt\/#website"},"datePublished":"2014-11-24T16:23:53+00:00","dateModified":"2014-11-24T16:23:53+00:00","author":{"@id":"https:\/\/diariodalagoa.pt\/#\/schema\/person\/1615a002370e8857b6f972834bc43ece"},"breadcrumb":{"@id":"https:\/\/diariodalagoa.pt\/pj-deteve-suspeito-de-ter-abusado-sexualmente-de-uma-crianca\/#breadcrumb"},"inLanguage":"es","potentialAction":[{"@type":"ReadAction","target":["https:\/\/diariodalagoa.pt\/pj-deteve-suspeito-de-ter-abusado-sexualmente-de-uma-crianca\/"]}]},{"@type":"BreadcrumbList","@id":"https:\/\/diariodalagoa.pt\/pj-deteve-suspeito-de-ter-abusado-sexualmente-de-uma-crianca\/#breadcrumb","itemListElement":[{"@type":"ListItem","position":1,"name":"In\u00edcio","item":"https:\/\/diariodalagoa.pt\/"},{"@type":"ListItem","position":2,"name":"PJ deteve suspeito de ter abusado sexualmente de uma crian\u00e7a"}]},{"@type":"WebSite","@id":"https:\/\/diariodalagoa.pt\/#website","url":"https:\/\/diariodalagoa.pt\/","name":"Di\u00e1rio da Lagoa","description":"Di\u00e1rio da Lagoa. As not\u00edcias que contam. A partir da Lagoa, nos A\u00e7ores, para o mundo.","potentialAction":[{"@type":"SearchAction","target":{"@type":"EntryPoint","urlTemplate":"https:\/\/diariodalagoa.pt\/?s={search_term_string}"},"query-input":"required name=search_term_string"}],"inLanguage":"es"},{"@type":"Person","@id":"https:\/\/diariodalagoa.pt\/#\/schema\/person\/1615a002370e8857b6f972834bc43ece","name":"Di\u00e1rio da Lagoa","image":{"@type":"ImageObject","inLanguage":"es","@id":"https:\/\/diariodalagoa.pt\/#\/schema\/person\/image\/","url":"https:\/\/secure.gravatar.com\/avatar\/2cb5cef90a26f8fbd4d9d930608102c5?s=96&d=mm&r=g","contentUrl":"https:\/\/secure.gravatar.com\/avatar\/2cb5cef90a26f8fbd4d9d930608102c5?s=96&d=mm&r=g","caption":"Di\u00e1rio da Lagoa"},"url":"https:\/\/diariodalagoa.pt\/es\/author\/diariodalagoa\/"}]}},"_links":{"self":[{"href":"https:\/\/diariodalagoa.pt\/es\/wp-json\/wp\/v2\/posts\/11555"}],"collection":[{"href":"https:\/\/diariodalagoa.pt\/es\/wp-json\/wp\/v2\/posts"}],"about":[{"href":"https:\/\/diariodalagoa.pt\/es\/wp-json\/wp\/v2\/types\/post"}],"author":[{"embeddable":true,"href":"https:\/\/diariodalagoa.pt\/es\/wp-json\/wp\/v2\/users\/2"}],"replies":[{"embeddable":true,"href":"https:\/\/diariodalagoa.pt\/es\/wp-json\/wp\/v2\/comments?post=11555"}],"version-history":[{"count":0,"href":"https:\/\/diariodalagoa.pt\/es\/wp-json\/wp\/v2\/posts\/11555\/revisions"}],"wp:featuredmedia":[{"embeddable":true,"href":"https:\/\/diariodalagoa.pt\/es\/wp-json\/wp\/v2\/media\/121670"}],"wp:attachment":[{"href":"https:\/\/diariodalagoa.pt\/es\/wp-json\/wp\/v2\/media?parent=11555"}],"wp:term":[{"taxonomy":"category","embeddable":true,"href":"https:\/\/diariodalagoa.pt\/es\/wp-json\/wp\/v2\/categories?post=11555"},{"taxonomy":"post_tag","embeddable":true,"href":"https:\/\/diariodalagoa.pt\/es\/wp-json\/wp\/v2\/tags?post=11555"}],"curies":[{"name":"wp","href":"https:\/\/api.w.org\/{rel}","templated":true}]}}