{"id":11546,"date":"2014-11-24T15:35:49","date_gmt":"2014-11-24T16:35:49","guid":{"rendered":"http:\/\/diariodalagoa.pt\/?p=11546"},"modified":"2014-11-24T15:35:49","modified_gmt":"2014-11-24T16:35:49","slug":"ii-plano-regional-de-prevencao-e-combate-a-violencia-domestica-e-de-genero-foi-ja-publicado","status":"publish","type":"post","link":"https:\/\/diariodalagoa.pt\/es\/ii-plano-regional-de-prevencao-e-combate-a-violencia-domestica-e-de-genero-foi-ja-publicado\/","title":{"rendered":"II Plano Regional de Preven\u00e7\u00e3o e Combate \u00e0 Viol\u00eancia Dom\u00e9stica e de G\u00e9nero foi j\u00e1 publicado"},"content":{"rendered":"<p style=\"text-align: justify;\"><img decoding=\"async\" class=\"alignnone size-full wp-image-11471\" src=\"http:\/\/diariodalagoa.pt\/wp-content\/uploads\/2014\/11\/Andreia-Cardoso-Solidariedade-Social-Violencia-Domestica.jpg\" alt=\"Andreia-Cardoso-Solidariedade-Social-Violencia-Domestica\" width=\"720\" height=\"380\" \/><\/p>\n<p style=\"text-align: justify;\"><span style=\"color: #000000;\">O\u00a0diploma que aprova o II Plano Regional de Preven\u00e7\u00e3o e Combate \u00e0 Viol\u00eancia Dom\u00e9stica e de G\u00e9nero, a estrat\u00e9gia regional para os pr\u00f3ximos quatro anos no combate a todas as formas de viol\u00eancia em contexto dom\u00e9stico e em fun\u00e7\u00e3o do g\u00e9nero, foi j\u00e1 publicado em Jornal Oficial.\u00a0<\/span><\/p>\n<p style=\"text-align: justify;\"><span style=\"color: #000000;\">O documento contempla 40 medidas organizadas em torno de quatro \u00e1reas estrat\u00e9gicas, nomeadamente\u00a0preven\u00e7\u00e3o e sensibiliza\u00e7\u00e3o, interven\u00e7\u00e3o e prote\u00e7\u00e3o, qualifica\u00e7\u00e3o de profissionais e monitoriza\u00e7\u00e3o.\u00a0<\/span><\/p>\n<p style=\"text-align: justify;\"><span style=\"color: #000000;\">Este\u00a0plano inclui algumas novidades\u00a0em rela\u00e7\u00e3o\u00a0\u00e0 sua primeira edi\u00e7\u00e3o, entre as quais uma maior incid\u00eancia na preven\u00e7\u00e3o direcionada para p\u00fablicos-alvo particularmente vulner\u00e1veis e a consolida\u00e7\u00e3o das tem\u00e1ticas da igualdade de g\u00e9nero e da n\u00e3o-discrimina\u00e7\u00e3o.\u00a0<\/span><\/p>\n<p style=\"text-align: justify;\"><span style=\"color: #000000;\">Outra grande aposta desta nova estrat\u00e9gia passa pelo envolvimento dos munic\u00edpios e dos\u00a0agentes culturais e desportivos na dinamiza\u00e7\u00e3o de iniciativas de preven\u00e7\u00e3o e combate \u00e0 viol\u00eancia dom\u00e9stica e na promo\u00e7\u00e3o de uma cultura de cidadania e igualdade.\u00a0<\/span><\/p>\n<p style=\"text-align: justify;\"><span style=\"color: #000000;\">O II Plano Regional de Preven\u00e7\u00e3o e Combate \u00e0 Viol\u00eancia Dom\u00e9stica e de G\u00e9nero estar\u00e1 dispon\u00edvel para consulta p\u00fablica no Portal do Governo a partir de ter\u00e7a-feira,\u00a025 de novembro, data em que se assinala o Dia Internacional para a Elimina\u00e7\u00e3o da Viol\u00eancia contra as Mulheres.<\/span><\/p>\n<p style=\"text-align: justify;\"><span style=\"color: #000000;\"><em>DL\/GaCS<\/em><\/span><\/p>","protected":false},"excerpt":{"rendered":"<p>O\u00a0diploma que aprova o II Plano Regional de Preven\u00e7\u00e3o e Combate \u00e0 Viol\u00eancia Dom\u00e9stica e de G\u00e9nero, a estrat\u00e9gia regional para os pr\u00f3ximos quatro anos no combate a todas as formas de viol\u00eancia em contexto dom\u00e9stico e em fun\u00e7\u00e3o do g\u00e9nero, foi j\u00e1 publicado em Jornal Oficial.\u00a0 O documento contempla 40 medidas organizadas em torno [&hellip;]<\/p>","protected":false},"author":2,"featured_media":121668,"comment_status":"open","ping_status":"open","sticky":false,"template":"","format":"standard","meta":[],"categories":[21],"tags":[],"acf":[],"yoast_head":"<!-- This site is optimized with the Yoast SEO plugin v20.10 - https:\/\/yoast.com\/wordpress\/plugins\/seo\/ -->\n<title>II Plano Regional de Preven\u00e7\u00e3o e Combate \u00e0 Viol\u00eancia Dom\u00e9stica e de G\u00e9nero foi j\u00e1 publicado - Di\u00e1rio da Lagoa<\/title>\n<meta name=\"robots\" content=\"index, follow, max-snippet:-1, max-image-preview:large, max-video-preview:-1\" \/>\n<link rel=\"canonical\" href=\"https:\/\/diariodalagoa.pt\/es\/ii-plano-regional-de-prevencao-e-combate-a-violencia-domestica-e-de-genero-foi-ja-publicado\/\" \/>\n<meta property=\"og:locale\" content=\"es_ES\" \/>\n<meta property=\"og:type\" content=\"article\" \/>\n<meta property=\"og:title\" content=\"II Plano Regional de Preven\u00e7\u00e3o e Combate \u00e0 Viol\u00eancia Dom\u00e9stica e de G\u00e9nero foi j\u00e1 publicado - Di\u00e1rio da Lagoa\" \/>\n<meta property=\"og:description\" content=\"O\u00a0diploma que aprova o II Plano Regional de Preven\u00e7\u00e3o e Combate \u00e0 Viol\u00eancia Dom\u00e9stica e de G\u00e9nero, a estrat\u00e9gia regional para os pr\u00f3ximos quatro anos no combate a todas as formas de viol\u00eancia em contexto dom\u00e9stico e em fun\u00e7\u00e3o do g\u00e9nero, foi j\u00e1 publicado em Jornal Oficial.\u00a0 O documento contempla 40 medidas organizadas em torno [&hellip;]\" \/>\n<meta property=\"og:url\" content=\"https:\/\/diariodalagoa.pt\/es\/ii-plano-regional-de-prevencao-e-combate-a-violencia-domestica-e-de-genero-foi-ja-publicado\/\" \/>\n<meta property=\"og:site_name\" content=\"Di\u00e1rio da Lagoa\" \/>\n<meta property=\"article:published_time\" content=\"2014-11-24T16:35:49+00:00\" \/>\n<meta property=\"og:image\" content=\"https:\/\/diariodalagoa.pt\/wp-content\/uploads\/2014\/11\/andreia-cardoso-solidariedade-social-violencia-domestica.jpg\" \/>\n\t<meta property=\"og:image:width\" content=\"720\" \/>\n\t<meta property=\"og:image:height\" content=\"380\" \/>\n\t<meta property=\"og:image:type\" content=\"image\/jpeg\" \/>\n<meta name=\"author\" content=\"Di\u00e1rio da Lagoa\" \/>\n<meta name=\"twitter:card\" content=\"summary_large_image\" \/>\n<meta name=\"twitter:label1\" content=\"Escrito por\" \/>\n\t<meta name=\"twitter:data1\" content=\"Di\u00e1rio da Lagoa\" \/>\n\t<meta name=\"twitter:label2\" content=\"Tiempo de lectura\" \/>\n\t<meta name=\"twitter:data2\" content=\"1 minuto\" \/>\n<script type=\"application\/ld+json\" class=\"yoast-schema-graph\">{\"@context\":\"https:\/\/schema.org\",\"@graph\":[{\"@type\":\"WebPage\",\"@id\":\"https:\/\/diariodalagoa.pt\/ii-plano-regional-de-prevencao-e-combate-a-violencia-domestica-e-de-genero-foi-ja-publicado\/\",\"url\":\"https:\/\/diariodalagoa.pt\/ii-plano-regional-de-prevencao-e-combate-a-violencia-domestica-e-de-genero-foi-ja-publicado\/\",\"name\":\"II Plano Regional de Preven\u00e7\u00e3o e Combate \u00e0 Viol\u00eancia Dom\u00e9stica e de G\u00e9nero foi j\u00e1 publicado - Di\u00e1rio da Lagoa\",\"isPartOf\":{\"@id\":\"https:\/\/diariodalagoa.pt\/#website\"},\"datePublished\":\"2014-11-24T16:35:49+00:00\",\"dateModified\":\"2014-11-24T16:35:49+00:00\",\"author\":{\"@id\":\"https:\/\/diariodalagoa.pt\/#\/schema\/person\/1615a002370e8857b6f972834bc43ece\"},\"breadcrumb\":{\"@id\":\"https:\/\/diariodalagoa.pt\/ii-plano-regional-de-prevencao-e-combate-a-violencia-domestica-e-de-genero-foi-ja-publicado\/#breadcrumb\"},\"inLanguage\":\"es\",\"potentialAction\":[{\"@type\":\"ReadAction\",\"target\":[\"https:\/\/diariodalagoa.pt\/ii-plano-regional-de-prevencao-e-combate-a-violencia-domestica-e-de-genero-foi-ja-publicado\/\"]}]},{\"@type\":\"BreadcrumbList\",\"@id\":\"https:\/\/diariodalagoa.pt\/ii-plano-regional-de-prevencao-e-combate-a-violencia-domestica-e-de-genero-foi-ja-publicado\/#breadcrumb\",\"itemListElement\":[{\"@type\":\"ListItem\",\"position\":1,\"name\":\"In\u00edcio\",\"item\":\"https:\/\/diariodalagoa.pt\/\"},{\"@type\":\"ListItem\",\"position\":2,\"name\":\"II Plano Regional de Preven\u00e7\u00e3o e Combate \u00e0 Viol\u00eancia Dom\u00e9stica e de G\u00e9nero foi j\u00e1 publicado\"}]},{\"@type\":\"WebSite\",\"@id\":\"https:\/\/diariodalagoa.pt\/#website\",\"url\":\"https:\/\/diariodalagoa.pt\/\",\"name\":\"Di\u00e1rio da Lagoa\",\"description\":\"Di\u00e1rio da Lagoa. As not\u00edcias que contam. A partir da Lagoa, nos A\u00e7ores, para o mundo.\",\"potentialAction\":[{\"@type\":\"SearchAction\",\"target\":{\"@type\":\"EntryPoint\",\"urlTemplate\":\"https:\/\/diariodalagoa.pt\/?s={search_term_string}\"},\"query-input\":\"required name=search_term_string\"}],\"inLanguage\":\"es\"},{\"@type\":\"Person\",\"@id\":\"https:\/\/diariodalagoa.pt\/#\/schema\/person\/1615a002370e8857b6f972834bc43ece\",\"name\":\"Di\u00e1rio da Lagoa\",\"image\":{\"@type\":\"ImageObject\",\"inLanguage\":\"es\",\"@id\":\"https:\/\/diariodalagoa.pt\/#\/schema\/person\/image\/\",\"url\":\"https:\/\/secure.gravatar.com\/avatar\/2cb5cef90a26f8fbd4d9d930608102c5?s=96&d=mm&r=g\",\"contentUrl\":\"https:\/\/secure.gravatar.com\/avatar\/2cb5cef90a26f8fbd4d9d930608102c5?s=96&d=mm&r=g\",\"caption\":\"Di\u00e1rio da Lagoa\"},\"url\":\"https:\/\/diariodalagoa.pt\/es\/author\/diariodalagoa\/\"}]}<\/script>\n<!-- \/ Yoast SEO plugin. -->","yoast_head_json":{"title":"II Plano Regional de Preven\u00e7\u00e3o e Combate \u00e0 Viol\u00eancia Dom\u00e9stica e de G\u00e9nero foi j\u00e1 publicado - Di\u00e1rio da Lagoa","robots":{"index":"index","follow":"follow","max-snippet":"max-snippet:-1","max-image-preview":"max-image-preview:large","max-video-preview":"max-video-preview:-1"},"canonical":"https:\/\/diariodalagoa.pt\/es\/ii-plano-regional-de-prevencao-e-combate-a-violencia-domestica-e-de-genero-foi-ja-publicado\/","og_locale":"es_ES","og_type":"article","og_title":"II Plano Regional de Preven\u00e7\u00e3o e Combate \u00e0 Viol\u00eancia Dom\u00e9stica e de G\u00e9nero foi j\u00e1 publicado - Di\u00e1rio da Lagoa","og_description":"O\u00a0diploma que aprova o II Plano Regional de Preven\u00e7\u00e3o e Combate \u00e0 Viol\u00eancia Dom\u00e9stica e de G\u00e9nero, a estrat\u00e9gia regional para os pr\u00f3ximos quatro anos no combate a todas as formas de viol\u00eancia em contexto dom\u00e9stico e em fun\u00e7\u00e3o do g\u00e9nero, foi j\u00e1 publicado em Jornal Oficial.\u00a0 O documento contempla 40 medidas organizadas em torno [&hellip;]","og_url":"https:\/\/diariodalagoa.pt\/es\/ii-plano-regional-de-prevencao-e-combate-a-violencia-domestica-e-de-genero-foi-ja-publicado\/","og_site_name":"Di\u00e1rio da Lagoa","article_published_time":"2014-11-24T16:35:49+00:00","og_image":[{"width":720,"height":380,"url":"https:\/\/diariodalagoa.pt\/wp-content\/uploads\/2014\/11\/andreia-cardoso-solidariedade-social-violencia-domestica.jpg","type":"image\/jpeg"}],"author":"Di\u00e1rio da Lagoa","twitter_card":"summary_large_image","twitter_misc":{"Escrito por":"Di\u00e1rio da Lagoa","Tiempo de lectura":"1 minuto"},"schema":{"@context":"https:\/\/schema.org","@graph":[{"@type":"WebPage","@id":"https:\/\/diariodalagoa.pt\/ii-plano-regional-de-prevencao-e-combate-a-violencia-domestica-e-de-genero-foi-ja-publicado\/","url":"https:\/\/diariodalagoa.pt\/ii-plano-regional-de-prevencao-e-combate-a-violencia-domestica-e-de-genero-foi-ja-publicado\/","name":"II Plano Regional de Preven\u00e7\u00e3o e Combate \u00e0 Viol\u00eancia Dom\u00e9stica e de G\u00e9nero foi j\u00e1 publicado - Di\u00e1rio da Lagoa","isPartOf":{"@id":"https:\/\/diariodalagoa.pt\/#website"},"datePublished":"2014-11-24T16:35:49+00:00","dateModified":"2014-11-24T16:35:49+00:00","author":{"@id":"https:\/\/diariodalagoa.pt\/#\/schema\/person\/1615a002370e8857b6f972834bc43ece"},"breadcrumb":{"@id":"https:\/\/diariodalagoa.pt\/ii-plano-regional-de-prevencao-e-combate-a-violencia-domestica-e-de-genero-foi-ja-publicado\/#breadcrumb"},"inLanguage":"es","potentialAction":[{"@type":"ReadAction","target":["https:\/\/diariodalagoa.pt\/ii-plano-regional-de-prevencao-e-combate-a-violencia-domestica-e-de-genero-foi-ja-publicado\/"]}]},{"@type":"BreadcrumbList","@id":"https:\/\/diariodalagoa.pt\/ii-plano-regional-de-prevencao-e-combate-a-violencia-domestica-e-de-genero-foi-ja-publicado\/#breadcrumb","itemListElement":[{"@type":"ListItem","position":1,"name":"In\u00edcio","item":"https:\/\/diariodalagoa.pt\/"},{"@type":"ListItem","position":2,"name":"II Plano Regional de Preven\u00e7\u00e3o e Combate \u00e0 Viol\u00eancia Dom\u00e9stica e de G\u00e9nero foi j\u00e1 publicado"}]},{"@type":"WebSite","@id":"https:\/\/diariodalagoa.pt\/#website","url":"https:\/\/diariodalagoa.pt\/","name":"Di\u00e1rio da Lagoa","description":"Di\u00e1rio da Lagoa. As not\u00edcias que contam. A partir da Lagoa, nos A\u00e7ores, para o mundo.","potentialAction":[{"@type":"SearchAction","target":{"@type":"EntryPoint","urlTemplate":"https:\/\/diariodalagoa.pt\/?s={search_term_string}"},"query-input":"required name=search_term_string"}],"inLanguage":"es"},{"@type":"Person","@id":"https:\/\/diariodalagoa.pt\/#\/schema\/person\/1615a002370e8857b6f972834bc43ece","name":"Di\u00e1rio da Lagoa","image":{"@type":"ImageObject","inLanguage":"es","@id":"https:\/\/diariodalagoa.pt\/#\/schema\/person\/image\/","url":"https:\/\/secure.gravatar.com\/avatar\/2cb5cef90a26f8fbd4d9d930608102c5?s=96&d=mm&r=g","contentUrl":"https:\/\/secure.gravatar.com\/avatar\/2cb5cef90a26f8fbd4d9d930608102c5?s=96&d=mm&r=g","caption":"Di\u00e1rio da Lagoa"},"url":"https:\/\/diariodalagoa.pt\/es\/author\/diariodalagoa\/"}]}},"_links":{"self":[{"href":"https:\/\/diariodalagoa.pt\/es\/wp-json\/wp\/v2\/posts\/11546"}],"collection":[{"href":"https:\/\/diariodalagoa.pt\/es\/wp-json\/wp\/v2\/posts"}],"about":[{"href":"https:\/\/diariodalagoa.pt\/es\/wp-json\/wp\/v2\/types\/post"}],"author":[{"embeddable":true,"href":"https:\/\/diariodalagoa.pt\/es\/wp-json\/wp\/v2\/users\/2"}],"replies":[{"embeddable":true,"href":"https:\/\/diariodalagoa.pt\/es\/wp-json\/wp\/v2\/comments?post=11546"}],"version-history":[{"count":0,"href":"https:\/\/diariodalagoa.pt\/es\/wp-json\/wp\/v2\/posts\/11546\/revisions"}],"wp:featuredmedia":[{"embeddable":true,"href":"https:\/\/diariodalagoa.pt\/es\/wp-json\/wp\/v2\/media\/121668"}],"wp:attachment":[{"href":"https:\/\/diariodalagoa.pt\/es\/wp-json\/wp\/v2\/media?parent=11546"}],"wp:term":[{"taxonomy":"category","embeddable":true,"href":"https:\/\/diariodalagoa.pt\/es\/wp-json\/wp\/v2\/categories?post=11546"},{"taxonomy":"post_tag","embeddable":true,"href":"https:\/\/diariodalagoa.pt\/es\/wp-json\/wp\/v2\/tags?post=11546"}],"curies":[{"name":"wp","href":"https:\/\/api.w.org\/{rel}","templated":true}]}}