{"id":11311,"date":"2014-11-17T17:26:16","date_gmt":"2014-11-17T18:26:16","guid":{"rendered":"http:\/\/diariodalagoa.pt\/?p=11311"},"modified":"2014-11-17T17:26:16","modified_gmt":"2014-11-17T18:26:16","slug":"faleceu-o-pe-agostinho-de-sousa-pacheco","status":"publish","type":"post","link":"https:\/\/diariodalagoa.pt\/es\/faleceu-o-pe-agostinho-de-sousa-pacheco\/","title":{"rendered":"Faleceu o Pe Agostinho de Sousa Pacheco"},"content":{"rendered":"<p style=\"color: #000000; text-align: justify;\"><img decoding=\"async\" class=\"alignnone size-full wp-image-11312\" src=\"http:\/\/diariodalagoa.pt\/wp-content\/uploads\/2014\/11\/Toronto_Hospital.jpg\" alt=\"Toronto_Hospital\" width=\"720\" height=\"380\" \/><\/p>\n<p style=\"color: #000000; text-align: justify;\"><span style=\"color: #000000;\">O Pe Agostinho de Sousa Pacheco, de 75 anos de idade, faleceu recentemente, no hospital de\u00a0<span class=\"_5yl5\" data-reactid=\".3b.$mid=11416211861251=2e1cd6d02743f5cfd25.2:0.0.0.0.0\">St Michael<\/span>,\u00a0<span class=\"_5yl5\" data-reactid=\".3b.$mid=11416211861251=2e1cd6d02743f5cfd25.2:0.0.0.0.0\">em Brampthon, diocese de\u00a0\u00a0<\/span>Toronto, Canad\u00e1, onde residia.<\/span><\/p>\n<p style=\"color: #000000; text-align: justify;\"><span style=\"color: #000000;\">O Sacerdote ordenado a 3 de junho de 1962 por D. Manuel Afonso Carvalho, era natural de S\u00e3o Vicente Ferreira, em S\u00e3o Miguel<\/span><\/p>\n<p style=\"color: #000000; text-align: justify;\"><span style=\"color: #000000;\">Iniciou o seu minist\u00e9rio nas Ribeiras do Pico, depois foi para os Estados Unidos da Am\u00e9rica e regressou aos A\u00e7ores, na d\u00e9cada de oitenta, onde esteve cerca de seis anos como Bibliotec\u00e1rio no Semin\u00e1rio de Angra.<\/span><\/p>\n<p style=\"color: #000000; text-align: justify;\"><span style=\"color: #000000;\">Ap\u00f3s este servi\u00e7o na Diocese de Angra regressou \u00e0 emigra\u00e7\u00e3o, desta feita para o Canad\u00e1 de onde nunca mais sa\u00edu.<\/span><\/p>\n<p style=\"color: #000000; text-align: justify;\"><span style=\"color: #000000;\">O Pe Agostinho de Sousa Pacheco faleceu num Hospital de Toronto, onde estava internado.<\/span><\/p>\n<p style=\"color: #000000; text-align: justify;\"><span style=\"color: #000000;\"><em>DL\/IA<\/em><\/span><\/p>","protected":false},"excerpt":{"rendered":"<p>O Pe Agostinho de Sousa Pacheco, de 75 anos de idade, faleceu recentemente, no hospital de\u00a0St Michael,\u00a0em Brampthon, diocese de\u00a0\u00a0Toronto, Canad\u00e1, onde residia. O Sacerdote ordenado a 3 de junho de 1962 por D. Manuel Afonso Carvalho, era natural de S\u00e3o Vicente Ferreira, em S\u00e3o Miguel Iniciou o seu minist\u00e9rio nas Ribeiras do Pico, depois [&hellip;]<\/p>","protected":false},"author":2,"featured_media":121675,"comment_status":"open","ping_status":"open","sticky":false,"template":"","format":"standard","meta":[],"categories":[21],"tags":[],"acf":[],"yoast_head":"<!-- This site is optimized with the Yoast SEO plugin v20.10 - https:\/\/yoast.com\/wordpress\/plugins\/seo\/ -->\n<title>Faleceu o Pe Agostinho de Sousa Pacheco - Di\u00e1rio da Lagoa<\/title>\n<meta name=\"robots\" content=\"index, follow, max-snippet:-1, max-image-preview:large, max-video-preview:-1\" \/>\n<link rel=\"canonical\" href=\"https:\/\/diariodalagoa.pt\/es\/faleceu-o-pe-agostinho-de-sousa-pacheco\/\" \/>\n<meta property=\"og:locale\" content=\"es_ES\" \/>\n<meta property=\"og:type\" content=\"article\" \/>\n<meta property=\"og:title\" content=\"Faleceu o Pe Agostinho de Sousa Pacheco - Di\u00e1rio da Lagoa\" \/>\n<meta property=\"og:description\" content=\"O Pe Agostinho de Sousa Pacheco, de 75 anos de idade, faleceu recentemente, no hospital de\u00a0St Michael,\u00a0em Brampthon, diocese de\u00a0\u00a0Toronto, Canad\u00e1, onde residia. O Sacerdote ordenado a 3 de junho de 1962 por D. Manuel Afonso Carvalho, era natural de S\u00e3o Vicente Ferreira, em S\u00e3o Miguel Iniciou o seu minist\u00e9rio nas Ribeiras do Pico, depois [&hellip;]\" \/>\n<meta property=\"og:url\" content=\"https:\/\/diariodalagoa.pt\/es\/faleceu-o-pe-agostinho-de-sousa-pacheco\/\" \/>\n<meta property=\"og:site_name\" content=\"Di\u00e1rio da Lagoa\" \/>\n<meta property=\"article:published_time\" content=\"2014-11-17T18:26:16+00:00\" \/>\n<meta property=\"og:image\" content=\"https:\/\/diariodalagoa.pt\/wp-content\/uploads\/2014\/11\/toronto-hospital.jpg\" \/>\n\t<meta property=\"og:image:width\" content=\"720\" \/>\n\t<meta property=\"og:image:height\" content=\"380\" \/>\n\t<meta property=\"og:image:type\" content=\"image\/jpeg\" \/>\n<meta name=\"author\" content=\"Di\u00e1rio da Lagoa\" \/>\n<meta name=\"twitter:card\" content=\"summary_large_image\" \/>\n<meta name=\"twitter:label1\" content=\"Escrito por\" \/>\n\t<meta name=\"twitter:data1\" content=\"Di\u00e1rio da Lagoa\" \/>\n\t<meta name=\"twitter:label2\" content=\"Tiempo de lectura\" \/>\n\t<meta name=\"twitter:data2\" content=\"1 minuto\" \/>\n<script type=\"application\/ld+json\" class=\"yoast-schema-graph\">{\"@context\":\"https:\/\/schema.org\",\"@graph\":[{\"@type\":\"WebPage\",\"@id\":\"https:\/\/diariodalagoa.pt\/faleceu-o-pe-agostinho-de-sousa-pacheco\/\",\"url\":\"https:\/\/diariodalagoa.pt\/faleceu-o-pe-agostinho-de-sousa-pacheco\/\",\"name\":\"Faleceu o Pe Agostinho de Sousa Pacheco - Di\u00e1rio da Lagoa\",\"isPartOf\":{\"@id\":\"https:\/\/diariodalagoa.pt\/#website\"},\"datePublished\":\"2014-11-17T18:26:16+00:00\",\"dateModified\":\"2014-11-17T18:26:16+00:00\",\"author\":{\"@id\":\"https:\/\/diariodalagoa.pt\/#\/schema\/person\/1615a002370e8857b6f972834bc43ece\"},\"breadcrumb\":{\"@id\":\"https:\/\/diariodalagoa.pt\/faleceu-o-pe-agostinho-de-sousa-pacheco\/#breadcrumb\"},\"inLanguage\":\"es\",\"potentialAction\":[{\"@type\":\"ReadAction\",\"target\":[\"https:\/\/diariodalagoa.pt\/faleceu-o-pe-agostinho-de-sousa-pacheco\/\"]}]},{\"@type\":\"BreadcrumbList\",\"@id\":\"https:\/\/diariodalagoa.pt\/faleceu-o-pe-agostinho-de-sousa-pacheco\/#breadcrumb\",\"itemListElement\":[{\"@type\":\"ListItem\",\"position\":1,\"name\":\"In\u00edcio\",\"item\":\"https:\/\/diariodalagoa.pt\/\"},{\"@type\":\"ListItem\",\"position\":2,\"name\":\"Faleceu o Pe Agostinho de Sousa Pacheco\"}]},{\"@type\":\"WebSite\",\"@id\":\"https:\/\/diariodalagoa.pt\/#website\",\"url\":\"https:\/\/diariodalagoa.pt\/\",\"name\":\"Di\u00e1rio da Lagoa\",\"description\":\"Di\u00e1rio da Lagoa. As not\u00edcias que contam. A partir da Lagoa, nos A\u00e7ores, para o mundo.\",\"potentialAction\":[{\"@type\":\"SearchAction\",\"target\":{\"@type\":\"EntryPoint\",\"urlTemplate\":\"https:\/\/diariodalagoa.pt\/?s={search_term_string}\"},\"query-input\":\"required name=search_term_string\"}],\"inLanguage\":\"es\"},{\"@type\":\"Person\",\"@id\":\"https:\/\/diariodalagoa.pt\/#\/schema\/person\/1615a002370e8857b6f972834bc43ece\",\"name\":\"Di\u00e1rio da Lagoa\",\"image\":{\"@type\":\"ImageObject\",\"inLanguage\":\"es\",\"@id\":\"https:\/\/diariodalagoa.pt\/#\/schema\/person\/image\/\",\"url\":\"https:\/\/secure.gravatar.com\/avatar\/2cb5cef90a26f8fbd4d9d930608102c5?s=96&d=mm&r=g\",\"contentUrl\":\"https:\/\/secure.gravatar.com\/avatar\/2cb5cef90a26f8fbd4d9d930608102c5?s=96&d=mm&r=g\",\"caption\":\"Di\u00e1rio da Lagoa\"},\"url\":\"https:\/\/diariodalagoa.pt\/es\/author\/diariodalagoa\/\"}]}<\/script>\n<!-- \/ Yoast SEO plugin. -->","yoast_head_json":{"title":"Faleceu o Pe Agostinho de Sousa Pacheco - Di\u00e1rio da Lagoa","robots":{"index":"index","follow":"follow","max-snippet":"max-snippet:-1","max-image-preview":"max-image-preview:large","max-video-preview":"max-video-preview:-1"},"canonical":"https:\/\/diariodalagoa.pt\/es\/faleceu-o-pe-agostinho-de-sousa-pacheco\/","og_locale":"es_ES","og_type":"article","og_title":"Faleceu o Pe Agostinho de Sousa Pacheco - Di\u00e1rio da Lagoa","og_description":"O Pe Agostinho de Sousa Pacheco, de 75 anos de idade, faleceu recentemente, no hospital de\u00a0St Michael,\u00a0em Brampthon, diocese de\u00a0\u00a0Toronto, Canad\u00e1, onde residia. O Sacerdote ordenado a 3 de junho de 1962 por D. Manuel Afonso Carvalho, era natural de S\u00e3o Vicente Ferreira, em S\u00e3o Miguel Iniciou o seu minist\u00e9rio nas Ribeiras do Pico, depois [&hellip;]","og_url":"https:\/\/diariodalagoa.pt\/es\/faleceu-o-pe-agostinho-de-sousa-pacheco\/","og_site_name":"Di\u00e1rio da Lagoa","article_published_time":"2014-11-17T18:26:16+00:00","og_image":[{"width":720,"height":380,"url":"https:\/\/diariodalagoa.pt\/wp-content\/uploads\/2014\/11\/toronto-hospital.jpg","type":"image\/jpeg"}],"author":"Di\u00e1rio da Lagoa","twitter_card":"summary_large_image","twitter_misc":{"Escrito por":"Di\u00e1rio da Lagoa","Tiempo de lectura":"1 minuto"},"schema":{"@context":"https:\/\/schema.org","@graph":[{"@type":"WebPage","@id":"https:\/\/diariodalagoa.pt\/faleceu-o-pe-agostinho-de-sousa-pacheco\/","url":"https:\/\/diariodalagoa.pt\/faleceu-o-pe-agostinho-de-sousa-pacheco\/","name":"Faleceu o Pe Agostinho de Sousa Pacheco - Di\u00e1rio da Lagoa","isPartOf":{"@id":"https:\/\/diariodalagoa.pt\/#website"},"datePublished":"2014-11-17T18:26:16+00:00","dateModified":"2014-11-17T18:26:16+00:00","author":{"@id":"https:\/\/diariodalagoa.pt\/#\/schema\/person\/1615a002370e8857b6f972834bc43ece"},"breadcrumb":{"@id":"https:\/\/diariodalagoa.pt\/faleceu-o-pe-agostinho-de-sousa-pacheco\/#breadcrumb"},"inLanguage":"es","potentialAction":[{"@type":"ReadAction","target":["https:\/\/diariodalagoa.pt\/faleceu-o-pe-agostinho-de-sousa-pacheco\/"]}]},{"@type":"BreadcrumbList","@id":"https:\/\/diariodalagoa.pt\/faleceu-o-pe-agostinho-de-sousa-pacheco\/#breadcrumb","itemListElement":[{"@type":"ListItem","position":1,"name":"In\u00edcio","item":"https:\/\/diariodalagoa.pt\/"},{"@type":"ListItem","position":2,"name":"Faleceu o Pe Agostinho de Sousa Pacheco"}]},{"@type":"WebSite","@id":"https:\/\/diariodalagoa.pt\/#website","url":"https:\/\/diariodalagoa.pt\/","name":"Di\u00e1rio da Lagoa","description":"Di\u00e1rio da Lagoa. As not\u00edcias que contam. A partir da Lagoa, nos A\u00e7ores, para o mundo.","potentialAction":[{"@type":"SearchAction","target":{"@type":"EntryPoint","urlTemplate":"https:\/\/diariodalagoa.pt\/?s={search_term_string}"},"query-input":"required name=search_term_string"}],"inLanguage":"es"},{"@type":"Person","@id":"https:\/\/diariodalagoa.pt\/#\/schema\/person\/1615a002370e8857b6f972834bc43ece","name":"Di\u00e1rio da Lagoa","image":{"@type":"ImageObject","inLanguage":"es","@id":"https:\/\/diariodalagoa.pt\/#\/schema\/person\/image\/","url":"https:\/\/secure.gravatar.com\/avatar\/2cb5cef90a26f8fbd4d9d930608102c5?s=96&d=mm&r=g","contentUrl":"https:\/\/secure.gravatar.com\/avatar\/2cb5cef90a26f8fbd4d9d930608102c5?s=96&d=mm&r=g","caption":"Di\u00e1rio da Lagoa"},"url":"https:\/\/diariodalagoa.pt\/es\/author\/diariodalagoa\/"}]}},"_links":{"self":[{"href":"https:\/\/diariodalagoa.pt\/es\/wp-json\/wp\/v2\/posts\/11311"}],"collection":[{"href":"https:\/\/diariodalagoa.pt\/es\/wp-json\/wp\/v2\/posts"}],"about":[{"href":"https:\/\/diariodalagoa.pt\/es\/wp-json\/wp\/v2\/types\/post"}],"author":[{"embeddable":true,"href":"https:\/\/diariodalagoa.pt\/es\/wp-json\/wp\/v2\/users\/2"}],"replies":[{"embeddable":true,"href":"https:\/\/diariodalagoa.pt\/es\/wp-json\/wp\/v2\/comments?post=11311"}],"version-history":[{"count":0,"href":"https:\/\/diariodalagoa.pt\/es\/wp-json\/wp\/v2\/posts\/11311\/revisions"}],"wp:featuredmedia":[{"embeddable":true,"href":"https:\/\/diariodalagoa.pt\/es\/wp-json\/wp\/v2\/media\/121675"}],"wp:attachment":[{"href":"https:\/\/diariodalagoa.pt\/es\/wp-json\/wp\/v2\/media?parent=11311"}],"wp:term":[{"taxonomy":"category","embeddable":true,"href":"https:\/\/diariodalagoa.pt\/es\/wp-json\/wp\/v2\/categories?post=11311"},{"taxonomy":"post_tag","embeddable":true,"href":"https:\/\/diariodalagoa.pt\/es\/wp-json\/wp\/v2\/tags?post=11311"}],"curies":[{"name":"wp","href":"https:\/\/api.w.org\/{rel}","templated":true}]}}