{"id":11170,"date":"2014-11-12T20:50:08","date_gmt":"2014-11-12T21:50:08","guid":{"rendered":"http:\/\/diariodalagoa.pt\/?p=11170"},"modified":"2014-11-12T20:50:08","modified_gmt":"2014-11-12T21:50:08","slug":"luis-neto-viveiros-afirma-que-a-cultura-do-ananas-e-uma-oportunidade-que-deve-ser-aproveitada-em-varias-vertentes","status":"publish","type":"post","link":"https:\/\/diariodalagoa.pt\/es\/luis-neto-viveiros-afirma-que-a-cultura-do-ananas-e-uma-oportunidade-que-deve-ser-aproveitada-em-varias-vertentes\/","title":{"rendered":"Lu\u00eds Neto Viveiros afirma que a cultura do anan\u00e1s \u00e9 \u201cuma oportunidade\u201d que deve ser aproveitada em \u201cv\u00e1rias vertentes\u201d"},"content":{"rendered":"<p style=\"text-align: justify;\"><span style=\"color: #000000;\"><img decoding=\"async\" class=\"alignnone size-full wp-image-7381\" src=\"http:\/\/diariodalagoa.pt\/wp-content\/uploads\/2014\/07\/estufa-ananas.jpg\" alt=\"estufa-ananas\" width=\"720\" height=\"380\" \/><\/span><\/p>\n<p style=\"text-align: justify;\"><span style=\"color: #000000;\">O Secret\u00e1rio Regional da Agricultura e Ambiente afirmou \u00a0que a cultura do anan\u00e1s n\u00e3o deve ser \u201cs\u00f3 uma refer\u00eancia hist\u00f3rica\u201d, constituindo \u201cuma oportunidade\u201d que \u201cpode e deve\u201d ser explorada do ponto de vista da produ\u00e7\u00e3o, da comercializa\u00e7\u00e3o, da gastronomia e do turismo.\u00a0<\/span><\/p>\n<p style=\"text-align: justify;\"><span style=\"color: #000000;\">\u201c\u00c9 uma oportunidade a aproveitar com o mesmo esp\u00edrito empreendedor dos que a legaram\u201d e \u201cem todas as suas vertentes poss\u00edveis de explora\u00e7\u00e3o, com determina\u00e7\u00e3o e engenho\u201d, afirmou Lu\u00eds Neto Viveiros, na sess\u00e3o de abertura das Comemora\u00e7\u00f5es dos 150 Anos da 1.\u00aa Exporta\u00e7\u00e3o de Anan\u00e1s dos A\u00e7ores.\u00a0<\/span><\/p>\n<p style=\"text-align: justify;\"><span style=\"color: #000000;\">O Secret\u00e1rio Regional recordou o \u201csonho do Dr. Augusto Arruda de ligar o anan\u00e1s micaelense ao turismo,\u201d , frisando que o Governo dos A\u00e7ores \u201cpretende contribuir para a sua concretiza\u00e7\u00e3o com a abertura ao p\u00fablico, no pr\u00f3ximo ano, aqui na Faj\u00e3 de Baixo, do Centro de Interpreta\u00e7\u00e3o da Cultura do Anan\u00e1s\u201d.\u00a0<\/span><\/p>\n<p style=\"text-align: justify;\"><span style=\"color: #000000;\">Para Lu\u00eds Neto Viveiros, assinalar a data da primeira exporta\u00e7\u00e3o de anan\u00e1s, a 12 de novembro de 1864, para Inglaterra, \u201c\u00e9 tamb\u00e9m honrar a vis\u00e3o e a capacidade empreendedora daqueles que nos precederam\u201d.\u00a0<\/span><\/p>\n<p style=\"text-align: justify;\"><span style=\"color: #000000;\">O Secret\u00e1rio Regional destacou nomes como o de Jos\u00e9 Bensa\u00fade, real\u00e7ando a sua capacidade de contrariar \u201co colapso econ\u00f3mico que, ent\u00e3o, se previa\u201d, com o fim do ciclo da laranja, tendo-se introduzido novas e importantes culturas na ilha de S\u00e3o Miguel, entre as quais o anan\u00e1s, o tabaco e o ch\u00e1.\u00a0<\/span><\/p>\n<p style=\"text-align: justify;\"><span style=\"color: #000000;\">Na sua interven\u00e7\u00e3o, Lu\u00eds Neto Viveiros elogiou a Junta de Freguesia da Faj\u00e3 de Baixo pela iniciativa e recordou alguns epis\u00f3dios dos primeiros tempos da cultura do anan\u00e1s na ilha de S. Miguel, nomeadamente o apelo feito por Ernesto do Campo, em 1874, para uma \u201creuni\u00e3o de esfor\u00e7os dos s\u00f3cios e cultivadores, no sentido de procurar mais e novos conhecimentos\u201d que permitissem melhorar a produ\u00e7\u00e3o e o fruto.\u00a0<\/span><\/p>\n<p style=\"text-align: justify;\"><span style=\"color: #000000;\">Um desafio que Lu\u00eds Neto Viveiros considerou atual e necess\u00e1rio, no sentido de se ultrapassarem desafios.\u00a0<\/span><\/p>\n<p style=\"text-align: justify;\"><span style=\"color: #000000;\">O Secret\u00e1rio Regional reconheceu que \u201cdois anos para colher um fruto, desde a sua planta\u00e7\u00e3o, \u00e9, de facto, muito tempo\u201d, mas defendeu que \u201cessa aparente desvantagem concorrencial pode e deve ser a sua principal vantagem competitiva.\u201d\u00a0<\/span><\/p>\n<p style=\"text-align: justify;\"><span style=\"color: #000000;\">O Anan\u00e1s dos A\u00e7ores, com Denomina\u00e7\u00e3o de Origem Protegida, \u00e9 produzido em estufas de vidro, utilizando t\u00e9cnicas de cultivo tradicionais e, por isso, afirmou Lu\u00eds Neto Viveiros, \u201c\u00e9 um fruto \u00fanico no pa\u00eds e na Europa, isento de qu\u00edmicos\u201d, acrescentando que \u201cesse modo de produ\u00e7\u00e3o tem de ser valorizado comercialmente\u201d.<\/span><\/p>\n<p style=\"text-align: justify;\"><span style=\"color: #000000;\"><em>DL\/Gacs<\/em><\/span><\/p>","protected":false},"excerpt":{"rendered":"<p>O Secret\u00e1rio Regional da Agricultura e Ambiente afirmou \u00a0que a cultura do anan\u00e1s n\u00e3o deve ser \u201cs\u00f3 uma refer\u00eancia hist\u00f3rica\u201d, constituindo \u201cuma oportunidade\u201d que \u201cpode e deve\u201d ser explorada do ponto de vista da produ\u00e7\u00e3o, da comercializa\u00e7\u00e3o, da gastronomia e do turismo.\u00a0 \u201c\u00c9 uma oportunidade a aproveitar com o mesmo esp\u00edrito empreendedor dos que a [&hellip;]<\/p>","protected":false},"author":2,"featured_media":0,"comment_status":"open","ping_status":"open","sticky":false,"template":"","format":"standard","meta":[],"categories":[21],"tags":[],"acf":[],"yoast_head":"<!-- This site is optimized with the Yoast SEO plugin v20.10 - https:\/\/yoast.com\/wordpress\/plugins\/seo\/ -->\n<title>Lu\u00eds Neto Viveiros afirma que a cultura do anan\u00e1s \u00e9 \u201cuma oportunidade\u201d que deve ser aproveitada em \u201cv\u00e1rias vertentes\u201d - Di\u00e1rio da Lagoa<\/title>\n<meta name=\"robots\" content=\"index, follow, max-snippet:-1, max-image-preview:large, max-video-preview:-1\" \/>\n<link rel=\"canonical\" href=\"https:\/\/diariodalagoa.pt\/es\/luis-neto-viveiros-afirma-que-a-cultura-do-ananas-e-uma-oportunidade-que-deve-ser-aproveitada-em-varias-vertentes\/\" \/>\n<meta property=\"og:locale\" content=\"es_ES\" \/>\n<meta property=\"og:type\" content=\"article\" \/>\n<meta property=\"og:title\" content=\"Lu\u00eds Neto Viveiros afirma que a cultura do anan\u00e1s \u00e9 \u201cuma oportunidade\u201d que deve ser aproveitada em \u201cv\u00e1rias vertentes\u201d - Di\u00e1rio da Lagoa\" \/>\n<meta property=\"og:description\" content=\"O Secret\u00e1rio Regional da Agricultura e Ambiente afirmou \u00a0que a cultura do anan\u00e1s n\u00e3o deve ser \u201cs\u00f3 uma refer\u00eancia hist\u00f3rica\u201d, constituindo \u201cuma oportunidade\u201d que \u201cpode e deve\u201d ser explorada do ponto de vista da produ\u00e7\u00e3o, da comercializa\u00e7\u00e3o, da gastronomia e do turismo.\u00a0 \u201c\u00c9 uma oportunidade a aproveitar com o mesmo esp\u00edrito empreendedor dos que a [&hellip;]\" \/>\n<meta property=\"og:url\" content=\"https:\/\/diariodalagoa.pt\/es\/luis-neto-viveiros-afirma-que-a-cultura-do-ananas-e-uma-oportunidade-que-deve-ser-aproveitada-em-varias-vertentes\/\" \/>\n<meta property=\"og:site_name\" content=\"Di\u00e1rio da Lagoa\" \/>\n<meta property=\"article:published_time\" content=\"2014-11-12T21:50:08+00:00\" \/>\n<meta property=\"og:image\" content=\"http:\/\/diariodalagoa.pt\/wp-content\/uploads\/2014\/07\/estufa-ananas.jpg\" \/>\n<meta name=\"author\" content=\"Di\u00e1rio da Lagoa\" \/>\n<meta name=\"twitter:card\" content=\"summary_large_image\" \/>\n<meta name=\"twitter:label1\" content=\"Escrito por\" \/>\n\t<meta name=\"twitter:data1\" content=\"Di\u00e1rio da Lagoa\" \/>\n\t<meta name=\"twitter:label2\" content=\"Tiempo de lectura\" \/>\n\t<meta name=\"twitter:data2\" content=\"2 minutos\" \/>\n<script type=\"application\/ld+json\" class=\"yoast-schema-graph\">{\"@context\":\"https:\/\/schema.org\",\"@graph\":[{\"@type\":\"WebPage\",\"@id\":\"https:\/\/diariodalagoa.pt\/luis-neto-viveiros-afirma-que-a-cultura-do-ananas-e-uma-oportunidade-que-deve-ser-aproveitada-em-varias-vertentes\/\",\"url\":\"https:\/\/diariodalagoa.pt\/luis-neto-viveiros-afirma-que-a-cultura-do-ananas-e-uma-oportunidade-que-deve-ser-aproveitada-em-varias-vertentes\/\",\"name\":\"Lu\u00eds Neto Viveiros afirma que a cultura do anan\u00e1s \u00e9 \u201cuma oportunidade\u201d que deve ser aproveitada em \u201cv\u00e1rias vertentes\u201d - Di\u00e1rio da Lagoa\",\"isPartOf\":{\"@id\":\"https:\/\/diariodalagoa.pt\/#website\"},\"datePublished\":\"2014-11-12T21:50:08+00:00\",\"dateModified\":\"2014-11-12T21:50:08+00:00\",\"author\":{\"@id\":\"https:\/\/diariodalagoa.pt\/#\/schema\/person\/1615a002370e8857b6f972834bc43ece\"},\"breadcrumb\":{\"@id\":\"https:\/\/diariodalagoa.pt\/luis-neto-viveiros-afirma-que-a-cultura-do-ananas-e-uma-oportunidade-que-deve-ser-aproveitada-em-varias-vertentes\/#breadcrumb\"},\"inLanguage\":\"es\",\"potentialAction\":[{\"@type\":\"ReadAction\",\"target\":[\"https:\/\/diariodalagoa.pt\/luis-neto-viveiros-afirma-que-a-cultura-do-ananas-e-uma-oportunidade-que-deve-ser-aproveitada-em-varias-vertentes\/\"]}]},{\"@type\":\"BreadcrumbList\",\"@id\":\"https:\/\/diariodalagoa.pt\/luis-neto-viveiros-afirma-que-a-cultura-do-ananas-e-uma-oportunidade-que-deve-ser-aproveitada-em-varias-vertentes\/#breadcrumb\",\"itemListElement\":[{\"@type\":\"ListItem\",\"position\":1,\"name\":\"In\u00edcio\",\"item\":\"https:\/\/diariodalagoa.pt\/\"},{\"@type\":\"ListItem\",\"position\":2,\"name\":\"Lu\u00eds Neto Viveiros afirma que a cultura do anan\u00e1s \u00e9 \u201cuma oportunidade\u201d que deve ser aproveitada em \u201cv\u00e1rias vertentes\u201d\"}]},{\"@type\":\"WebSite\",\"@id\":\"https:\/\/diariodalagoa.pt\/#website\",\"url\":\"https:\/\/diariodalagoa.pt\/\",\"name\":\"Di\u00e1rio da Lagoa\",\"description\":\"Di\u00e1rio da Lagoa. As not\u00edcias que contam. A partir da Lagoa, nos A\u00e7ores, para o mundo.\",\"potentialAction\":[{\"@type\":\"SearchAction\",\"target\":{\"@type\":\"EntryPoint\",\"urlTemplate\":\"https:\/\/diariodalagoa.pt\/?s={search_term_string}\"},\"query-input\":\"required name=search_term_string\"}],\"inLanguage\":\"es\"},{\"@type\":\"Person\",\"@id\":\"https:\/\/diariodalagoa.pt\/#\/schema\/person\/1615a002370e8857b6f972834bc43ece\",\"name\":\"Di\u00e1rio da Lagoa\",\"image\":{\"@type\":\"ImageObject\",\"inLanguage\":\"es\",\"@id\":\"https:\/\/diariodalagoa.pt\/#\/schema\/person\/image\/\",\"url\":\"https:\/\/secure.gravatar.com\/avatar\/2cb5cef90a26f8fbd4d9d930608102c5?s=96&d=mm&r=g\",\"contentUrl\":\"https:\/\/secure.gravatar.com\/avatar\/2cb5cef90a26f8fbd4d9d930608102c5?s=96&d=mm&r=g\",\"caption\":\"Di\u00e1rio da Lagoa\"},\"url\":\"https:\/\/diariodalagoa.pt\/es\/author\/diariodalagoa\/\"}]}<\/script>\n<!-- \/ Yoast SEO plugin. -->","yoast_head_json":{"title":"Lu\u00eds Neto Viveiros afirma que a cultura do anan\u00e1s \u00e9 \u201cuma oportunidade\u201d que deve ser aproveitada em \u201cv\u00e1rias vertentes\u201d - Di\u00e1rio da Lagoa","robots":{"index":"index","follow":"follow","max-snippet":"max-snippet:-1","max-image-preview":"max-image-preview:large","max-video-preview":"max-video-preview:-1"},"canonical":"https:\/\/diariodalagoa.pt\/es\/luis-neto-viveiros-afirma-que-a-cultura-do-ananas-e-uma-oportunidade-que-deve-ser-aproveitada-em-varias-vertentes\/","og_locale":"es_ES","og_type":"article","og_title":"Lu\u00eds Neto Viveiros afirma que a cultura do anan\u00e1s \u00e9 \u201cuma oportunidade\u201d que deve ser aproveitada em \u201cv\u00e1rias vertentes\u201d - Di\u00e1rio da Lagoa","og_description":"O Secret\u00e1rio Regional da Agricultura e Ambiente afirmou \u00a0que a cultura do anan\u00e1s n\u00e3o deve ser \u201cs\u00f3 uma refer\u00eancia hist\u00f3rica\u201d, constituindo \u201cuma oportunidade\u201d que \u201cpode e deve\u201d ser explorada do ponto de vista da produ\u00e7\u00e3o, da comercializa\u00e7\u00e3o, da gastronomia e do turismo.\u00a0 \u201c\u00c9 uma oportunidade a aproveitar com o mesmo esp\u00edrito empreendedor dos que a [&hellip;]","og_url":"https:\/\/diariodalagoa.pt\/es\/luis-neto-viveiros-afirma-que-a-cultura-do-ananas-e-uma-oportunidade-que-deve-ser-aproveitada-em-varias-vertentes\/","og_site_name":"Di\u00e1rio da Lagoa","article_published_time":"2014-11-12T21:50:08+00:00","og_image":[{"url":"http:\/\/diariodalagoa.pt\/wp-content\/uploads\/2014\/07\/estufa-ananas.jpg"}],"author":"Di\u00e1rio da Lagoa","twitter_card":"summary_large_image","twitter_misc":{"Escrito por":"Di\u00e1rio da Lagoa","Tiempo de lectura":"2 minutos"},"schema":{"@context":"https:\/\/schema.org","@graph":[{"@type":"WebPage","@id":"https:\/\/diariodalagoa.pt\/luis-neto-viveiros-afirma-que-a-cultura-do-ananas-e-uma-oportunidade-que-deve-ser-aproveitada-em-varias-vertentes\/","url":"https:\/\/diariodalagoa.pt\/luis-neto-viveiros-afirma-que-a-cultura-do-ananas-e-uma-oportunidade-que-deve-ser-aproveitada-em-varias-vertentes\/","name":"Lu\u00eds Neto Viveiros afirma que a cultura do anan\u00e1s \u00e9 \u201cuma oportunidade\u201d que deve ser aproveitada em \u201cv\u00e1rias vertentes\u201d - Di\u00e1rio da Lagoa","isPartOf":{"@id":"https:\/\/diariodalagoa.pt\/#website"},"datePublished":"2014-11-12T21:50:08+00:00","dateModified":"2014-11-12T21:50:08+00:00","author":{"@id":"https:\/\/diariodalagoa.pt\/#\/schema\/person\/1615a002370e8857b6f972834bc43ece"},"breadcrumb":{"@id":"https:\/\/diariodalagoa.pt\/luis-neto-viveiros-afirma-que-a-cultura-do-ananas-e-uma-oportunidade-que-deve-ser-aproveitada-em-varias-vertentes\/#breadcrumb"},"inLanguage":"es","potentialAction":[{"@type":"ReadAction","target":["https:\/\/diariodalagoa.pt\/luis-neto-viveiros-afirma-que-a-cultura-do-ananas-e-uma-oportunidade-que-deve-ser-aproveitada-em-varias-vertentes\/"]}]},{"@type":"BreadcrumbList","@id":"https:\/\/diariodalagoa.pt\/luis-neto-viveiros-afirma-que-a-cultura-do-ananas-e-uma-oportunidade-que-deve-ser-aproveitada-em-varias-vertentes\/#breadcrumb","itemListElement":[{"@type":"ListItem","position":1,"name":"In\u00edcio","item":"https:\/\/diariodalagoa.pt\/"},{"@type":"ListItem","position":2,"name":"Lu\u00eds Neto Viveiros afirma que a cultura do anan\u00e1s \u00e9 \u201cuma oportunidade\u201d que deve ser aproveitada em \u201cv\u00e1rias vertentes\u201d"}]},{"@type":"WebSite","@id":"https:\/\/diariodalagoa.pt\/#website","url":"https:\/\/diariodalagoa.pt\/","name":"Di\u00e1rio da Lagoa","description":"Di\u00e1rio da Lagoa. As not\u00edcias que contam. A partir da Lagoa, nos A\u00e7ores, para o mundo.","potentialAction":[{"@type":"SearchAction","target":{"@type":"EntryPoint","urlTemplate":"https:\/\/diariodalagoa.pt\/?s={search_term_string}"},"query-input":"required name=search_term_string"}],"inLanguage":"es"},{"@type":"Person","@id":"https:\/\/diariodalagoa.pt\/#\/schema\/person\/1615a002370e8857b6f972834bc43ece","name":"Di\u00e1rio da Lagoa","image":{"@type":"ImageObject","inLanguage":"es","@id":"https:\/\/diariodalagoa.pt\/#\/schema\/person\/image\/","url":"https:\/\/secure.gravatar.com\/avatar\/2cb5cef90a26f8fbd4d9d930608102c5?s=96&d=mm&r=g","contentUrl":"https:\/\/secure.gravatar.com\/avatar\/2cb5cef90a26f8fbd4d9d930608102c5?s=96&d=mm&r=g","caption":"Di\u00e1rio da Lagoa"},"url":"https:\/\/diariodalagoa.pt\/es\/author\/diariodalagoa\/"}]}},"_links":{"self":[{"href":"https:\/\/diariodalagoa.pt\/es\/wp-json\/wp\/v2\/posts\/11170"}],"collection":[{"href":"https:\/\/diariodalagoa.pt\/es\/wp-json\/wp\/v2\/posts"}],"about":[{"href":"https:\/\/diariodalagoa.pt\/es\/wp-json\/wp\/v2\/types\/post"}],"author":[{"embeddable":true,"href":"https:\/\/diariodalagoa.pt\/es\/wp-json\/wp\/v2\/users\/2"}],"replies":[{"embeddable":true,"href":"https:\/\/diariodalagoa.pt\/es\/wp-json\/wp\/v2\/comments?post=11170"}],"version-history":[{"count":0,"href":"https:\/\/diariodalagoa.pt\/es\/wp-json\/wp\/v2\/posts\/11170\/revisions"}],"wp:attachment":[{"href":"https:\/\/diariodalagoa.pt\/es\/wp-json\/wp\/v2\/media?parent=11170"}],"wp:term":[{"taxonomy":"category","embeddable":true,"href":"https:\/\/diariodalagoa.pt\/es\/wp-json\/wp\/v2\/categories?post=11170"},{"taxonomy":"post_tag","embeddable":true,"href":"https:\/\/diariodalagoa.pt\/es\/wp-json\/wp\/v2\/tags?post=11170"}],"curies":[{"name":"wp","href":"https:\/\/api.w.org\/{rel}","templated":true}]}}