{"id":11136,"date":"2014-11-11T17:03:16","date_gmt":"2014-11-11T18:03:16","guid":{"rendered":"http:\/\/diariodalagoa.pt\/?p=11136"},"modified":"2014-11-11T17:03:16","modified_gmt":"2014-11-11T18:03:16","slug":"camara-avanca-com-construcao-de-reservatorio-de-agua-nas-caldeiras","status":"publish","type":"post","link":"https:\/\/diariodalagoa.pt\/es\/camara-avanca-com-construcao-de-reservatorio-de-agua-nas-caldeiras\/","title":{"rendered":"C\u00e2mara avan\u00e7a com constru\u00e7\u00e3o de reservat\u00f3rio de \u00e1gua nas Caldeiras"},"content":{"rendered":"<p><img decoding=\"async\" class=\"alignnone size-full wp-image-11137\" src=\"http:\/\/diariodalagoa.pt\/wp-content\/uploads\/2014\/11\/Ribeira-Grande-obras-aguas-Caldeiras.jpg\" alt=\"Ribeira-Grande-obras-aguas-Caldeiras\" width=\"720\" height=\"380\" \/><\/p>\n<p style=\"text-align: justify;\"><span style=\"color: rgb(0, 0, 0);\">A C\u00e2mara da Ribeira Grande celebrou com a empresa A.R. Casanova \u2013 Constru\u00e7\u00e3o Civil Lda., o contrato de empreitada de execu\u00e7\u00e3o do reservat\u00f3rio das Caldeiras, ap\u00f3s aquisi\u00e7\u00e3o do terreno em setembro passado, imprescind\u00edvel para a sua implanta\u00e7\u00e3o.<\/span><\/p>\n<p style=\"text-align: justify;\"><span style=\"color: rgb(0, 0, 0);\">O novo reservat\u00f3rio de \u00e1gua ser\u00e1 constru\u00eddo em bet\u00e3o armado ter\u00e1 capacidade para 1000m\u00b3 (mil metros c\u00fabicos). A op\u00e7\u00e3o por uma c\u00e9lula circular prende-se com a economia da execu\u00e7\u00e3o da obra, assim como a maior parte dos reservat\u00f3rios j\u00e1 executados pelo munic\u00edpio.<\/span><\/p>\n<p style=\"text-align: justify;\"><span style=\"color: rgb(0, 0, 0);\">Para al\u00e9m de servir o abastecimento de \u00e1gua \u00e0 zona das Caldeiras e \u00e0 freguesia de Matriz, garante tamb\u00e9m uma melhor qualidade de \u00e1gua e de press\u00e3o.<\/span><\/p>\n<p style=\"text-align: justify;\"><span style=\"color: rgb(0, 0, 0);\">Or\u00e7ada em 270 mil euros, a obra tem um prazo de execu\u00e7\u00e3o de 180 dias cujas obras \u201carrancam de imediato\u201d, refere uma nota da autarquia.<\/span><\/p>\n<p style=\"text-align: justify;\"><span style=\"color: rgb(0, 0, 0);\"><em>DL\/CMRG<\/em><\/span><\/p>","protected":false},"excerpt":{"rendered":"<p>A C\u00e2mara da Ribeira Grande celebrou com a empresa A.R. Casanova \u2013 Constru\u00e7\u00e3o Civil Lda., o contrato de empreitada de execu\u00e7\u00e3o do reservat\u00f3rio das Caldeiras, ap\u00f3s aquisi\u00e7\u00e3o do terreno em setembro passado, imprescind\u00edvel para a sua implanta\u00e7\u00e3o. O novo reservat\u00f3rio de \u00e1gua ser\u00e1 constru\u00eddo em bet\u00e3o armado ter\u00e1 capacidade para 1000m\u00b3 (mil metros c\u00fabicos). A [&hellip;]<\/p>","protected":false},"author":2,"featured_media":121689,"comment_status":"open","ping_status":"open","sticky":false,"template":"","format":"standard","meta":[],"categories":[21],"tags":[],"acf":[],"yoast_head":"<!-- This site is optimized with the Yoast SEO plugin v20.10 - https:\/\/yoast.com\/wordpress\/plugins\/seo\/ -->\n<title>C\u00e2mara avan\u00e7a com constru\u00e7\u00e3o de reservat\u00f3rio de \u00e1gua nas Caldeiras - Di\u00e1rio da Lagoa<\/title>\n<meta name=\"robots\" content=\"index, follow, max-snippet:-1, max-image-preview:large, max-video-preview:-1\" \/>\n<link rel=\"canonical\" href=\"https:\/\/diariodalagoa.pt\/es\/camara-avanca-com-construcao-de-reservatorio-de-agua-nas-caldeiras\/\" \/>\n<meta property=\"og:locale\" content=\"es_ES\" \/>\n<meta property=\"og:type\" content=\"article\" \/>\n<meta property=\"og:title\" content=\"C\u00e2mara avan\u00e7a com constru\u00e7\u00e3o de reservat\u00f3rio de \u00e1gua nas Caldeiras - Di\u00e1rio da Lagoa\" \/>\n<meta property=\"og:description\" content=\"A C\u00e2mara da Ribeira Grande celebrou com a empresa A.R. Casanova \u2013 Constru\u00e7\u00e3o Civil Lda., o contrato de empreitada de execu\u00e7\u00e3o do reservat\u00f3rio das Caldeiras, ap\u00f3s aquisi\u00e7\u00e3o do terreno em setembro passado, imprescind\u00edvel para a sua implanta\u00e7\u00e3o. O novo reservat\u00f3rio de \u00e1gua ser\u00e1 constru\u00eddo em bet\u00e3o armado ter\u00e1 capacidade para 1000m\u00b3 (mil metros c\u00fabicos). A [&hellip;]\" \/>\n<meta property=\"og:url\" content=\"https:\/\/diariodalagoa.pt\/es\/camara-avanca-com-construcao-de-reservatorio-de-agua-nas-caldeiras\/\" \/>\n<meta property=\"og:site_name\" content=\"Di\u00e1rio da Lagoa\" \/>\n<meta property=\"article:published_time\" content=\"2014-11-11T18:03:16+00:00\" \/>\n<meta property=\"og:image\" content=\"https:\/\/diariodalagoa.pt\/wp-content\/uploads\/2014\/11\/ribeira-grande-obras-aguas-caldeiras.jpg\" \/>\n\t<meta property=\"og:image:width\" content=\"720\" \/>\n\t<meta property=\"og:image:height\" content=\"380\" \/>\n\t<meta property=\"og:image:type\" content=\"image\/jpeg\" \/>\n<meta name=\"author\" content=\"Di\u00e1rio da Lagoa\" \/>\n<meta name=\"twitter:card\" content=\"summary_large_image\" \/>\n<meta name=\"twitter:label1\" content=\"Escrito por\" \/>\n\t<meta name=\"twitter:data1\" content=\"Di\u00e1rio da Lagoa\" \/>\n\t<meta name=\"twitter:label2\" content=\"Tiempo de lectura\" \/>\n\t<meta name=\"twitter:data2\" content=\"1 minuto\" \/>\n<script type=\"application\/ld+json\" class=\"yoast-schema-graph\">{\"@context\":\"https:\/\/schema.org\",\"@graph\":[{\"@type\":\"WebPage\",\"@id\":\"https:\/\/diariodalagoa.pt\/camara-avanca-com-construcao-de-reservatorio-de-agua-nas-caldeiras\/\",\"url\":\"https:\/\/diariodalagoa.pt\/camara-avanca-com-construcao-de-reservatorio-de-agua-nas-caldeiras\/\",\"name\":\"C\u00e2mara avan\u00e7a com constru\u00e7\u00e3o de reservat\u00f3rio de \u00e1gua nas Caldeiras - Di\u00e1rio da Lagoa\",\"isPartOf\":{\"@id\":\"https:\/\/diariodalagoa.pt\/#website\"},\"datePublished\":\"2014-11-11T18:03:16+00:00\",\"dateModified\":\"2014-11-11T18:03:16+00:00\",\"author\":{\"@id\":\"https:\/\/diariodalagoa.pt\/#\/schema\/person\/1615a002370e8857b6f972834bc43ece\"},\"breadcrumb\":{\"@id\":\"https:\/\/diariodalagoa.pt\/camara-avanca-com-construcao-de-reservatorio-de-agua-nas-caldeiras\/#breadcrumb\"},\"inLanguage\":\"es\",\"potentialAction\":[{\"@type\":\"ReadAction\",\"target\":[\"https:\/\/diariodalagoa.pt\/camara-avanca-com-construcao-de-reservatorio-de-agua-nas-caldeiras\/\"]}]},{\"@type\":\"BreadcrumbList\",\"@id\":\"https:\/\/diariodalagoa.pt\/camara-avanca-com-construcao-de-reservatorio-de-agua-nas-caldeiras\/#breadcrumb\",\"itemListElement\":[{\"@type\":\"ListItem\",\"position\":1,\"name\":\"In\u00edcio\",\"item\":\"https:\/\/diariodalagoa.pt\/\"},{\"@type\":\"ListItem\",\"position\":2,\"name\":\"C\u00e2mara avan\u00e7a com constru\u00e7\u00e3o de reservat\u00f3rio de \u00e1gua nas Caldeiras\"}]},{\"@type\":\"WebSite\",\"@id\":\"https:\/\/diariodalagoa.pt\/#website\",\"url\":\"https:\/\/diariodalagoa.pt\/\",\"name\":\"Di\u00e1rio da Lagoa\",\"description\":\"Di\u00e1rio da Lagoa. As not\u00edcias que contam. A partir da Lagoa, nos A\u00e7ores, para o mundo.\",\"potentialAction\":[{\"@type\":\"SearchAction\",\"target\":{\"@type\":\"EntryPoint\",\"urlTemplate\":\"https:\/\/diariodalagoa.pt\/?s={search_term_string}\"},\"query-input\":\"required name=search_term_string\"}],\"inLanguage\":\"es\"},{\"@type\":\"Person\",\"@id\":\"https:\/\/diariodalagoa.pt\/#\/schema\/person\/1615a002370e8857b6f972834bc43ece\",\"name\":\"Di\u00e1rio da Lagoa\",\"image\":{\"@type\":\"ImageObject\",\"inLanguage\":\"es\",\"@id\":\"https:\/\/diariodalagoa.pt\/#\/schema\/person\/image\/\",\"url\":\"https:\/\/secure.gravatar.com\/avatar\/2cb5cef90a26f8fbd4d9d930608102c5?s=96&d=mm&r=g\",\"contentUrl\":\"https:\/\/secure.gravatar.com\/avatar\/2cb5cef90a26f8fbd4d9d930608102c5?s=96&d=mm&r=g\",\"caption\":\"Di\u00e1rio da Lagoa\"},\"url\":\"https:\/\/diariodalagoa.pt\/es\/author\/diariodalagoa\/\"}]}<\/script>\n<!-- \/ Yoast SEO plugin. -->","yoast_head_json":{"title":"C\u00e2mara avan\u00e7a com constru\u00e7\u00e3o de reservat\u00f3rio de \u00e1gua nas Caldeiras - Di\u00e1rio da Lagoa","robots":{"index":"index","follow":"follow","max-snippet":"max-snippet:-1","max-image-preview":"max-image-preview:large","max-video-preview":"max-video-preview:-1"},"canonical":"https:\/\/diariodalagoa.pt\/es\/camara-avanca-com-construcao-de-reservatorio-de-agua-nas-caldeiras\/","og_locale":"es_ES","og_type":"article","og_title":"C\u00e2mara avan\u00e7a com constru\u00e7\u00e3o de reservat\u00f3rio de \u00e1gua nas Caldeiras - Di\u00e1rio da Lagoa","og_description":"A C\u00e2mara da Ribeira Grande celebrou com a empresa A.R. Casanova \u2013 Constru\u00e7\u00e3o Civil Lda., o contrato de empreitada de execu\u00e7\u00e3o do reservat\u00f3rio das Caldeiras, ap\u00f3s aquisi\u00e7\u00e3o do terreno em setembro passado, imprescind\u00edvel para a sua implanta\u00e7\u00e3o. O novo reservat\u00f3rio de \u00e1gua ser\u00e1 constru\u00eddo em bet\u00e3o armado ter\u00e1 capacidade para 1000m\u00b3 (mil metros c\u00fabicos). A [&hellip;]","og_url":"https:\/\/diariodalagoa.pt\/es\/camara-avanca-com-construcao-de-reservatorio-de-agua-nas-caldeiras\/","og_site_name":"Di\u00e1rio da Lagoa","article_published_time":"2014-11-11T18:03:16+00:00","og_image":[{"width":720,"height":380,"url":"https:\/\/diariodalagoa.pt\/wp-content\/uploads\/2014\/11\/ribeira-grande-obras-aguas-caldeiras.jpg","type":"image\/jpeg"}],"author":"Di\u00e1rio da Lagoa","twitter_card":"summary_large_image","twitter_misc":{"Escrito por":"Di\u00e1rio da Lagoa","Tiempo de lectura":"1 minuto"},"schema":{"@context":"https:\/\/schema.org","@graph":[{"@type":"WebPage","@id":"https:\/\/diariodalagoa.pt\/camara-avanca-com-construcao-de-reservatorio-de-agua-nas-caldeiras\/","url":"https:\/\/diariodalagoa.pt\/camara-avanca-com-construcao-de-reservatorio-de-agua-nas-caldeiras\/","name":"C\u00e2mara avan\u00e7a com constru\u00e7\u00e3o de reservat\u00f3rio de \u00e1gua nas Caldeiras - Di\u00e1rio da Lagoa","isPartOf":{"@id":"https:\/\/diariodalagoa.pt\/#website"},"datePublished":"2014-11-11T18:03:16+00:00","dateModified":"2014-11-11T18:03:16+00:00","author":{"@id":"https:\/\/diariodalagoa.pt\/#\/schema\/person\/1615a002370e8857b6f972834bc43ece"},"breadcrumb":{"@id":"https:\/\/diariodalagoa.pt\/camara-avanca-com-construcao-de-reservatorio-de-agua-nas-caldeiras\/#breadcrumb"},"inLanguage":"es","potentialAction":[{"@type":"ReadAction","target":["https:\/\/diariodalagoa.pt\/camara-avanca-com-construcao-de-reservatorio-de-agua-nas-caldeiras\/"]}]},{"@type":"BreadcrumbList","@id":"https:\/\/diariodalagoa.pt\/camara-avanca-com-construcao-de-reservatorio-de-agua-nas-caldeiras\/#breadcrumb","itemListElement":[{"@type":"ListItem","position":1,"name":"In\u00edcio","item":"https:\/\/diariodalagoa.pt\/"},{"@type":"ListItem","position":2,"name":"C\u00e2mara avan\u00e7a com constru\u00e7\u00e3o de reservat\u00f3rio de \u00e1gua nas Caldeiras"}]},{"@type":"WebSite","@id":"https:\/\/diariodalagoa.pt\/#website","url":"https:\/\/diariodalagoa.pt\/","name":"Di\u00e1rio da Lagoa","description":"Di\u00e1rio da Lagoa. As not\u00edcias que contam. A partir da Lagoa, nos A\u00e7ores, para o mundo.","potentialAction":[{"@type":"SearchAction","target":{"@type":"EntryPoint","urlTemplate":"https:\/\/diariodalagoa.pt\/?s={search_term_string}"},"query-input":"required name=search_term_string"}],"inLanguage":"es"},{"@type":"Person","@id":"https:\/\/diariodalagoa.pt\/#\/schema\/person\/1615a002370e8857b6f972834bc43ece","name":"Di\u00e1rio da Lagoa","image":{"@type":"ImageObject","inLanguage":"es","@id":"https:\/\/diariodalagoa.pt\/#\/schema\/person\/image\/","url":"https:\/\/secure.gravatar.com\/avatar\/2cb5cef90a26f8fbd4d9d930608102c5?s=96&d=mm&r=g","contentUrl":"https:\/\/secure.gravatar.com\/avatar\/2cb5cef90a26f8fbd4d9d930608102c5?s=96&d=mm&r=g","caption":"Di\u00e1rio da Lagoa"},"url":"https:\/\/diariodalagoa.pt\/es\/author\/diariodalagoa\/"}]}},"_links":{"self":[{"href":"https:\/\/diariodalagoa.pt\/es\/wp-json\/wp\/v2\/posts\/11136"}],"collection":[{"href":"https:\/\/diariodalagoa.pt\/es\/wp-json\/wp\/v2\/posts"}],"about":[{"href":"https:\/\/diariodalagoa.pt\/es\/wp-json\/wp\/v2\/types\/post"}],"author":[{"embeddable":true,"href":"https:\/\/diariodalagoa.pt\/es\/wp-json\/wp\/v2\/users\/2"}],"replies":[{"embeddable":true,"href":"https:\/\/diariodalagoa.pt\/es\/wp-json\/wp\/v2\/comments?post=11136"}],"version-history":[{"count":0,"href":"https:\/\/diariodalagoa.pt\/es\/wp-json\/wp\/v2\/posts\/11136\/revisions"}],"wp:featuredmedia":[{"embeddable":true,"href":"https:\/\/diariodalagoa.pt\/es\/wp-json\/wp\/v2\/media\/121689"}],"wp:attachment":[{"href":"https:\/\/diariodalagoa.pt\/es\/wp-json\/wp\/v2\/media?parent=11136"}],"wp:term":[{"taxonomy":"category","embeddable":true,"href":"https:\/\/diariodalagoa.pt\/es\/wp-json\/wp\/v2\/categories?post=11136"},{"taxonomy":"post_tag","embeddable":true,"href":"https:\/\/diariodalagoa.pt\/es\/wp-json\/wp\/v2\/tags?post=11136"}],"curies":[{"name":"wp","href":"https:\/\/api.w.org\/{rel}","templated":true}]}}