{"id":11123,"date":"2014-11-11T12:23:07","date_gmt":"2014-11-11T13:23:07","guid":{"rendered":"http:\/\/diariodalagoa.pt\/?p=11123"},"modified":"2014-11-11T12:23:07","modified_gmt":"2014-11-11T13:23:07","slug":"democracia-e-politica","status":"publish","type":"post","link":"https:\/\/diariodalagoa.pt\/es\/democracia-e-politica\/","title":{"rendered":"Democracia e Pol\u00edtica"},"content":{"rendered":"<p style=\"text-align: justify;\"><img decoding=\"async\" class=\"alignnone size-full wp-image-7580\" src=\"http:\/\/diariodalagoa.pt\/wp-content\/uploads\/2014\/08\/Romulo-Avila-opini\u00e3o-720x380.jpg\" alt=\"Romulo-Avila-opini\u00e3o-720x380\" width=\"720\" height=\"380\" \/><\/p>\n<p style=\"text-align: justify;\"><span style=\"color: #000000;\">Democracia e pol\u00edtica s\u00e3o duas no\u00e7\u00f5es que sempre caminharam juntas e por vezes at\u00e9 se confundem. Na verdade s\u00f3 em democracia a pol\u00edtica pode verdadeiramente exprimir-se.<\/span><\/p>\n<p style=\"text-align: justify;\"><span style=\"color: #000000;\">Infelizmente hoje em dia a palavra \u00abpol\u00edtica\u00bb reveste-se de uma carga essencialmente negativa, levando muita gente a confundir \u00abpol\u00edtica\u00bb com \u00abpol\u00edticos\u00bb e estes com um sector da sociedade supostamente caracterizado por personificar interesses ego\u00edstas, demagogia barata ou puro oportunismo. Esta ideia \u00e9 particularmente perigosa porque corr\u00f3i os pilares da democracia e, a pouco e pouco, v\u00e3o pondo em causa os seus valores mais nobres. A conclus\u00e3o l\u00f3gica de um tal racioc\u00ednio \u00e9 que, se a pol\u00edtica \u00e9 o que fazem os pol\u00edticos, se os pol\u00edticos apenas defendem os seus interesses pessoais, se estes se tornaram parasitas da sociedade, ent\u00e3o, se assim \u00e9, ser\u00e1 necess\u00e1rio control\u00e1-los e, se poss\u00edvel, acabar com eles.<\/span><\/p>\n<p style=\"text-align: justify;\"><span style=\"color: #000000;\">Contudo, interessa salvaguardar a ideia de que nem todos s\u00e3o iguais, e que existe quem usa a pol\u00edtica para atingir fins pessoais, mudando mesmo de ideias durante a sua vida, mas tamb\u00e9m existe quem coloca os seus servi\u00e7os e demais valias ao servi\u00e7o das popula\u00e7\u00f5es. Porque se alguns s\u00e3o corruptos, falsos, mentirosos, arrogantes, incompetentes, incoerentes e irrespons\u00e1veis, h\u00e1 outros que colocam em primeiro lugar a \u201ccausa p\u00fablica\u201d, dando mostras do seu trabalho noutros ramos da nossa sociedade, mesmo sem estar directamente ligados com a pol\u00edtica partid\u00e1ria.<\/span><\/p>\n<p style=\"text-align: justify;\"><span style=\"color: #000000;\">N\u00e3o simpatizo nem de longe nem de perto com Cavaco Silva, antigo primeiro-ministro e agora Presidente da Rep\u00fablica, mas h\u00e1 bem pouco tempo, disse qualquer coisa como: \u201cos pol\u00edticos competentes devem marginalizar\/expulsar os pol\u00edticos incompetentes\u201d, porque se assim n\u00e3o for, no meu entender, esta ideia de que a classe pol\u00edtica \u00e9 toda m\u00e1, torna-se extremamente nociva para a democracia, que com muito sacrif\u00edcio o povo portugu\u00eas conseguiu implantar.<\/span><\/p>\n<p style=\"text-align: justify;\"><span style=\"color: #000000;\">Caro leitor, penso que esta \u201cfalta de qualidade na classe pol\u00edtica\u201d, bem retratada na forma de fazer campanha de alguns, come\u00e7a a germinar na popula\u00e7\u00e3o em geral um desinteresse pela \u201cquest\u00e3o p\u00fablica\u201d, isto \u00e9, pela pol\u00edtica no seu sentido mais nobre.<\/span><\/p>\n<p style=\"text-align: justify;\"><span style=\"color: #000000;\">Em suma, a pol\u00edtica n\u00e3o pode nem deve confundir-se com os maus exemplos de pseudo-pol\u00edticos que por a\u00ed vemos em todo o pa\u00eds e em toda a Regi\u00e3o.<\/span><\/p>\n<p style=\"text-align: justify;\"><span style=\"color: #000000;\"><em>Por R\u00f3mulo \u00c1vila<\/em><\/span><\/p>","protected":false},"excerpt":{"rendered":"<p>Democracia e pol\u00edtica s\u00e3o duas no\u00e7\u00f5es que sempre caminharam juntas e por vezes at\u00e9 se confundem. Na verdade s\u00f3 em democracia a pol\u00edtica pode verdadeiramente exprimir-se. Infelizmente hoje em dia a palavra \u00abpol\u00edtica\u00bb reveste-se de uma carga essencialmente negativa, levando muita gente a confundir \u00abpol\u00edtica\u00bb com \u00abpol\u00edticos\u00bb e estes com um sector da sociedade supostamente [&hellip;]<\/p>","protected":false},"author":2,"featured_media":0,"comment_status":"open","ping_status":"open","sticky":false,"template":"","format":"standard","meta":[],"categories":[11],"tags":[],"acf":[],"yoast_head":"<!-- This site is optimized with the Yoast SEO plugin v20.10 - https:\/\/yoast.com\/wordpress\/plugins\/seo\/ -->\n<title>Democracia e Pol\u00edtica - Di\u00e1rio da Lagoa<\/title>\n<meta name=\"robots\" content=\"index, follow, max-snippet:-1, max-image-preview:large, max-video-preview:-1\" \/>\n<link rel=\"canonical\" href=\"https:\/\/diariodalagoa.pt\/es\/democracia-e-politica\/\" \/>\n<meta property=\"og:locale\" content=\"es_ES\" \/>\n<meta property=\"og:type\" content=\"article\" \/>\n<meta property=\"og:title\" content=\"Democracia e Pol\u00edtica - Di\u00e1rio da Lagoa\" \/>\n<meta property=\"og:description\" content=\"Democracia e pol\u00edtica s\u00e3o duas no\u00e7\u00f5es que sempre caminharam juntas e por vezes at\u00e9 se confundem. Na verdade s\u00f3 em democracia a pol\u00edtica pode verdadeiramente exprimir-se. Infelizmente hoje em dia a palavra \u00abpol\u00edtica\u00bb reveste-se de uma carga essencialmente negativa, levando muita gente a confundir \u00abpol\u00edtica\u00bb com \u00abpol\u00edticos\u00bb e estes com um sector da sociedade supostamente [&hellip;]\" \/>\n<meta property=\"og:url\" content=\"https:\/\/diariodalagoa.pt\/es\/democracia-e-politica\/\" \/>\n<meta property=\"og:site_name\" content=\"Di\u00e1rio da Lagoa\" \/>\n<meta property=\"article:published_time\" content=\"2014-11-11T13:23:07+00:00\" \/>\n<meta name=\"author\" content=\"Di\u00e1rio da Lagoa\" \/>\n<meta name=\"twitter:card\" content=\"summary_large_image\" \/>\n<meta name=\"twitter:label1\" content=\"Escrito por\" \/>\n\t<meta name=\"twitter:data1\" content=\"Di\u00e1rio da Lagoa\" \/>\n\t<meta name=\"twitter:label2\" content=\"Tiempo de lectura\" \/>\n\t<meta name=\"twitter:data2\" content=\"2 minutos\" \/>\n<script type=\"application\/ld+json\" class=\"yoast-schema-graph\">{\"@context\":\"https:\/\/schema.org\",\"@graph\":[{\"@type\":\"WebPage\",\"@id\":\"https:\/\/diariodalagoa.pt\/democracia-e-politica\/\",\"url\":\"https:\/\/diariodalagoa.pt\/democracia-e-politica\/\",\"name\":\"Democracia e Pol\u00edtica - Di\u00e1rio da Lagoa\",\"isPartOf\":{\"@id\":\"https:\/\/diariodalagoa.pt\/#website\"},\"datePublished\":\"2014-11-11T13:23:07+00:00\",\"dateModified\":\"2014-11-11T13:23:07+00:00\",\"author\":{\"@id\":\"https:\/\/diariodalagoa.pt\/#\/schema\/person\/1615a002370e8857b6f972834bc43ece\"},\"breadcrumb\":{\"@id\":\"https:\/\/diariodalagoa.pt\/democracia-e-politica\/#breadcrumb\"},\"inLanguage\":\"es\",\"potentialAction\":[{\"@type\":\"ReadAction\",\"target\":[\"https:\/\/diariodalagoa.pt\/democracia-e-politica\/\"]}]},{\"@type\":\"BreadcrumbList\",\"@id\":\"https:\/\/diariodalagoa.pt\/democracia-e-politica\/#breadcrumb\",\"itemListElement\":[{\"@type\":\"ListItem\",\"position\":1,\"name\":\"In\u00edcio\",\"item\":\"https:\/\/diariodalagoa.pt\/\"},{\"@type\":\"ListItem\",\"position\":2,\"name\":\"Democracia e Pol\u00edtica\"}]},{\"@type\":\"WebSite\",\"@id\":\"https:\/\/diariodalagoa.pt\/#website\",\"url\":\"https:\/\/diariodalagoa.pt\/\",\"name\":\"Di\u00e1rio da Lagoa\",\"description\":\"Di\u00e1rio da Lagoa. As not\u00edcias que contam. A partir da Lagoa, nos A\u00e7ores, para o mundo.\",\"potentialAction\":[{\"@type\":\"SearchAction\",\"target\":{\"@type\":\"EntryPoint\",\"urlTemplate\":\"https:\/\/diariodalagoa.pt\/?s={search_term_string}\"},\"query-input\":\"required name=search_term_string\"}],\"inLanguage\":\"es\"},{\"@type\":\"Person\",\"@id\":\"https:\/\/diariodalagoa.pt\/#\/schema\/person\/1615a002370e8857b6f972834bc43ece\",\"name\":\"Di\u00e1rio da Lagoa\",\"image\":{\"@type\":\"ImageObject\",\"inLanguage\":\"es\",\"@id\":\"https:\/\/diariodalagoa.pt\/#\/schema\/person\/image\/\",\"url\":\"https:\/\/secure.gravatar.com\/avatar\/2cb5cef90a26f8fbd4d9d930608102c5?s=96&d=mm&r=g\",\"contentUrl\":\"https:\/\/secure.gravatar.com\/avatar\/2cb5cef90a26f8fbd4d9d930608102c5?s=96&d=mm&r=g\",\"caption\":\"Di\u00e1rio da Lagoa\"},\"url\":\"https:\/\/diariodalagoa.pt\/es\/author\/diariodalagoa\/\"}]}<\/script>\n<!-- \/ Yoast SEO plugin. -->","yoast_head_json":{"title":"Democracia e Pol\u00edtica - Di\u00e1rio da Lagoa","robots":{"index":"index","follow":"follow","max-snippet":"max-snippet:-1","max-image-preview":"max-image-preview:large","max-video-preview":"max-video-preview:-1"},"canonical":"https:\/\/diariodalagoa.pt\/es\/democracia-e-politica\/","og_locale":"es_ES","og_type":"article","og_title":"Democracia e Pol\u00edtica - Di\u00e1rio da Lagoa","og_description":"Democracia e pol\u00edtica s\u00e3o duas no\u00e7\u00f5es que sempre caminharam juntas e por vezes at\u00e9 se confundem. Na verdade s\u00f3 em democracia a pol\u00edtica pode verdadeiramente exprimir-se. Infelizmente hoje em dia a palavra \u00abpol\u00edtica\u00bb reveste-se de uma carga essencialmente negativa, levando muita gente a confundir \u00abpol\u00edtica\u00bb com \u00abpol\u00edticos\u00bb e estes com um sector da sociedade supostamente [&hellip;]","og_url":"https:\/\/diariodalagoa.pt\/es\/democracia-e-politica\/","og_site_name":"Di\u00e1rio da Lagoa","article_published_time":"2014-11-11T13:23:07+00:00","author":"Di\u00e1rio da Lagoa","twitter_card":"summary_large_image","twitter_misc":{"Escrito por":"Di\u00e1rio da Lagoa","Tiempo de lectura":"2 minutos"},"schema":{"@context":"https:\/\/schema.org","@graph":[{"@type":"WebPage","@id":"https:\/\/diariodalagoa.pt\/democracia-e-politica\/","url":"https:\/\/diariodalagoa.pt\/democracia-e-politica\/","name":"Democracia e Pol\u00edtica - Di\u00e1rio da Lagoa","isPartOf":{"@id":"https:\/\/diariodalagoa.pt\/#website"},"datePublished":"2014-11-11T13:23:07+00:00","dateModified":"2014-11-11T13:23:07+00:00","author":{"@id":"https:\/\/diariodalagoa.pt\/#\/schema\/person\/1615a002370e8857b6f972834bc43ece"},"breadcrumb":{"@id":"https:\/\/diariodalagoa.pt\/democracia-e-politica\/#breadcrumb"},"inLanguage":"es","potentialAction":[{"@type":"ReadAction","target":["https:\/\/diariodalagoa.pt\/democracia-e-politica\/"]}]},{"@type":"BreadcrumbList","@id":"https:\/\/diariodalagoa.pt\/democracia-e-politica\/#breadcrumb","itemListElement":[{"@type":"ListItem","position":1,"name":"In\u00edcio","item":"https:\/\/diariodalagoa.pt\/"},{"@type":"ListItem","position":2,"name":"Democracia e Pol\u00edtica"}]},{"@type":"WebSite","@id":"https:\/\/diariodalagoa.pt\/#website","url":"https:\/\/diariodalagoa.pt\/","name":"Di\u00e1rio da Lagoa","description":"Di\u00e1rio da Lagoa. As not\u00edcias que contam. A partir da Lagoa, nos A\u00e7ores, para o mundo.","potentialAction":[{"@type":"SearchAction","target":{"@type":"EntryPoint","urlTemplate":"https:\/\/diariodalagoa.pt\/?s={search_term_string}"},"query-input":"required name=search_term_string"}],"inLanguage":"es"},{"@type":"Person","@id":"https:\/\/diariodalagoa.pt\/#\/schema\/person\/1615a002370e8857b6f972834bc43ece","name":"Di\u00e1rio da Lagoa","image":{"@type":"ImageObject","inLanguage":"es","@id":"https:\/\/diariodalagoa.pt\/#\/schema\/person\/image\/","url":"https:\/\/secure.gravatar.com\/avatar\/2cb5cef90a26f8fbd4d9d930608102c5?s=96&d=mm&r=g","contentUrl":"https:\/\/secure.gravatar.com\/avatar\/2cb5cef90a26f8fbd4d9d930608102c5?s=96&d=mm&r=g","caption":"Di\u00e1rio da Lagoa"},"url":"https:\/\/diariodalagoa.pt\/es\/author\/diariodalagoa\/"}]}},"_links":{"self":[{"href":"https:\/\/diariodalagoa.pt\/es\/wp-json\/wp\/v2\/posts\/11123"}],"collection":[{"href":"https:\/\/diariodalagoa.pt\/es\/wp-json\/wp\/v2\/posts"}],"about":[{"href":"https:\/\/diariodalagoa.pt\/es\/wp-json\/wp\/v2\/types\/post"}],"author":[{"embeddable":true,"href":"https:\/\/diariodalagoa.pt\/es\/wp-json\/wp\/v2\/users\/2"}],"replies":[{"embeddable":true,"href":"https:\/\/diariodalagoa.pt\/es\/wp-json\/wp\/v2\/comments?post=11123"}],"version-history":[{"count":0,"href":"https:\/\/diariodalagoa.pt\/es\/wp-json\/wp\/v2\/posts\/11123\/revisions"}],"wp:attachment":[{"href":"https:\/\/diariodalagoa.pt\/es\/wp-json\/wp\/v2\/media?parent=11123"}],"wp:term":[{"taxonomy":"category","embeddable":true,"href":"https:\/\/diariodalagoa.pt\/es\/wp-json\/wp\/v2\/categories?post=11123"},{"taxonomy":"post_tag","embeddable":true,"href":"https:\/\/diariodalagoa.pt\/es\/wp-json\/wp\/v2\/tags?post=11123"}],"curies":[{"name":"wp","href":"https:\/\/api.w.org\/{rel}","templated":true}]}}