{"id":11067,"date":"2014-11-09T22:33:46","date_gmt":"2014-11-09T23:33:46","guid":{"rendered":"http:\/\/diariodalagoa.pt\/?p=11067"},"modified":"2014-11-09T22:33:46","modified_gmt":"2014-11-09T23:33:46","slug":"mediatizacao-do-destino-acores-torna-se-importante-na-abordagem-ao-cliente-final","status":"publish","type":"post","link":"https:\/\/diariodalagoa.pt\/es\/mediatizacao-do-destino-acores-torna-se-importante-na-abordagem-ao-cliente-final\/","title":{"rendered":"Mediatiza\u00e7\u00e3o do Destino A\u00e7ores torna-se importante na abordagem ao cliente final"},"content":{"rendered":"<p style=\"text-align: justify;\"><img decoding=\"async\" class=\"alignnone size-full wp-image-11068\" src=\"http:\/\/diariodalagoa.pt\/wp-content\/uploads\/2014\/11\/Vitor-Fraga-turismo-A\u00e7ores-triatlo-Portas-Mar.jpg\" alt=\"Vitor-Fraga-turismo-A\u00e7ores-triatlo-Portas-Mar\" width=\"720\" height=\"380\" \/><\/p>\n<p style=\"text-align: justify;\"><span style=\"color: rgb(0, 0, 0);\">O Secret\u00e1rio Regional do Turismo e Transportes afirmou que a cobertura medi\u00e1tica de eventos promovidos nos A\u00e7ores assume grande import\u00e2ncia na estrat\u00e9gia de abordagem aos mercados emissores.<\/span><\/p>\n<p style=\"text-align: justify;\"><span style=\"color: rgb(0, 0, 0);\">V\u00edtor Fraga, em declara\u00e7\u00f5es aos jornalistas ap\u00f3s a entrega de pr\u00e9mios do 5.\u00ba\u00a0Triatlo Portas do Mar, que decorreu em Ponta Delgada, salientou que esta estrat\u00e9gia passa pela \u201ccomunica\u00e7\u00e3o direta com o cliente final, para estimularmos a procura e associarmos esse est\u00edmulo da procura a uma agressividade comercial muito acentuada, da parte de todos os parceiros que trabalham o Destino A\u00e7ores, com vista a captarmos mais fluxos tur\u00edsticos para a Regi\u00e3o, tornando-nos assim mais eficientes e tirando partindo de uma nova realidade com que a Regi\u00e3o se ir\u00e1 deparar num futuro muito breve\u201d.<\/span><\/p>\n<p style=\"text-align: justify;\"><span style=\"color: rgb(0, 0, 0);\">O Secret\u00e1rio Regional frisou que o Triatlo Portas do Mar \u00e9 mais um evento que se enquadra na estrat\u00e9gia de angaria\u00e7\u00e3o de eventos para Regi\u00e3o, com dois objetivos muito claros: \u201cpor um lado, a promo\u00e7\u00e3o do destino e, por outro, a capta\u00e7\u00e3o de fluxos\u201d.<\/span><\/p>\n<p style=\"text-align: justify;\"><span style=\"color: rgb(0, 0, 0);\">A quinta edi\u00e7\u00e3o do Triatlo Portas do Mar\u00a0contou com a participa\u00e7\u00e3o de cerca de 90 atletas, trazendo ainda \u00e0 Regi\u00e3o diversas televis\u00f5es, jornais e revistas generalistas e desportivas.<\/span><\/p>\n<p style=\"text-align: justify;\"><span style=\"color: rgb(0, 0, 0);\"><em>DL\/Gacs<\/em><\/span><\/p>","protected":false},"excerpt":{"rendered":"<p>O Secret\u00e1rio Regional do Turismo e Transportes afirmou que a cobertura medi\u00e1tica de eventos promovidos nos A\u00e7ores assume grande import\u00e2ncia na estrat\u00e9gia de abordagem aos mercados emissores. V\u00edtor Fraga, em declara\u00e7\u00f5es aos jornalistas ap\u00f3s a entrega de pr\u00e9mios do 5.\u00ba\u00a0Triatlo Portas do Mar, que decorreu em Ponta Delgada, salientou que esta estrat\u00e9gia passa pela \u201ccomunica\u00e7\u00e3o [&hellip;]<\/p>","protected":false},"author":2,"featured_media":0,"comment_status":"open","ping_status":"open","sticky":false,"template":"","format":"standard","meta":[],"categories":[21],"tags":[],"acf":[],"yoast_head":"<!-- This site is optimized with the Yoast SEO plugin v20.10 - https:\/\/yoast.com\/wordpress\/plugins\/seo\/ -->\n<title>Mediatiza\u00e7\u00e3o do Destino A\u00e7ores torna-se importante na abordagem ao cliente final - Di\u00e1rio da Lagoa<\/title>\n<meta name=\"robots\" content=\"index, follow, max-snippet:-1, max-image-preview:large, max-video-preview:-1\" \/>\n<link rel=\"canonical\" href=\"https:\/\/diariodalagoa.pt\/es\/mediatizacao-do-destino-acores-torna-se-importante-na-abordagem-ao-cliente-final\/\" \/>\n<meta property=\"og:locale\" content=\"es_ES\" \/>\n<meta property=\"og:type\" content=\"article\" \/>\n<meta property=\"og:title\" content=\"Mediatiza\u00e7\u00e3o do Destino A\u00e7ores torna-se importante na abordagem ao cliente final - Di\u00e1rio da Lagoa\" \/>\n<meta property=\"og:description\" content=\"O Secret\u00e1rio Regional do Turismo e Transportes afirmou que a cobertura medi\u00e1tica de eventos promovidos nos A\u00e7ores assume grande import\u00e2ncia na estrat\u00e9gia de abordagem aos mercados emissores. V\u00edtor Fraga, em declara\u00e7\u00f5es aos jornalistas ap\u00f3s a entrega de pr\u00e9mios do 5.\u00ba\u00a0Triatlo Portas do Mar, que decorreu em Ponta Delgada, salientou que esta estrat\u00e9gia passa pela \u201ccomunica\u00e7\u00e3o [&hellip;]\" \/>\n<meta property=\"og:url\" content=\"https:\/\/diariodalagoa.pt\/es\/mediatizacao-do-destino-acores-torna-se-importante-na-abordagem-ao-cliente-final\/\" \/>\n<meta property=\"og:site_name\" content=\"Di\u00e1rio da Lagoa\" \/>\n<meta property=\"article:published_time\" content=\"2014-11-09T23:33:46+00:00\" \/>\n<meta name=\"author\" content=\"Di\u00e1rio da Lagoa\" \/>\n<meta name=\"twitter:card\" content=\"summary_large_image\" \/>\n<meta name=\"twitter:label1\" content=\"Escrito por\" \/>\n\t<meta name=\"twitter:data1\" content=\"Di\u00e1rio da Lagoa\" \/>\n\t<meta name=\"twitter:label2\" content=\"Tiempo de lectura\" \/>\n\t<meta name=\"twitter:data2\" content=\"1 minuto\" \/>\n<script type=\"application\/ld+json\" class=\"yoast-schema-graph\">{\"@context\":\"https:\/\/schema.org\",\"@graph\":[{\"@type\":\"WebPage\",\"@id\":\"https:\/\/diariodalagoa.pt\/mediatizacao-do-destino-acores-torna-se-importante-na-abordagem-ao-cliente-final\/\",\"url\":\"https:\/\/diariodalagoa.pt\/mediatizacao-do-destino-acores-torna-se-importante-na-abordagem-ao-cliente-final\/\",\"name\":\"Mediatiza\u00e7\u00e3o do Destino A\u00e7ores torna-se importante na abordagem ao cliente final - Di\u00e1rio da Lagoa\",\"isPartOf\":{\"@id\":\"https:\/\/diariodalagoa.pt\/#website\"},\"datePublished\":\"2014-11-09T23:33:46+00:00\",\"dateModified\":\"2014-11-09T23:33:46+00:00\",\"author\":{\"@id\":\"https:\/\/diariodalagoa.pt\/#\/schema\/person\/1615a002370e8857b6f972834bc43ece\"},\"breadcrumb\":{\"@id\":\"https:\/\/diariodalagoa.pt\/mediatizacao-do-destino-acores-torna-se-importante-na-abordagem-ao-cliente-final\/#breadcrumb\"},\"inLanguage\":\"es\",\"potentialAction\":[{\"@type\":\"ReadAction\",\"target\":[\"https:\/\/diariodalagoa.pt\/mediatizacao-do-destino-acores-torna-se-importante-na-abordagem-ao-cliente-final\/\"]}]},{\"@type\":\"BreadcrumbList\",\"@id\":\"https:\/\/diariodalagoa.pt\/mediatizacao-do-destino-acores-torna-se-importante-na-abordagem-ao-cliente-final\/#breadcrumb\",\"itemListElement\":[{\"@type\":\"ListItem\",\"position\":1,\"name\":\"In\u00edcio\",\"item\":\"https:\/\/diariodalagoa.pt\/\"},{\"@type\":\"ListItem\",\"position\":2,\"name\":\"Mediatiza\u00e7\u00e3o do Destino A\u00e7ores torna-se importante na abordagem ao cliente final\"}]},{\"@type\":\"WebSite\",\"@id\":\"https:\/\/diariodalagoa.pt\/#website\",\"url\":\"https:\/\/diariodalagoa.pt\/\",\"name\":\"Di\u00e1rio da Lagoa\",\"description\":\"Di\u00e1rio da Lagoa. As not\u00edcias que contam. A partir da Lagoa, nos A\u00e7ores, para o mundo.\",\"potentialAction\":[{\"@type\":\"SearchAction\",\"target\":{\"@type\":\"EntryPoint\",\"urlTemplate\":\"https:\/\/diariodalagoa.pt\/?s={search_term_string}\"},\"query-input\":\"required name=search_term_string\"}],\"inLanguage\":\"es\"},{\"@type\":\"Person\",\"@id\":\"https:\/\/diariodalagoa.pt\/#\/schema\/person\/1615a002370e8857b6f972834bc43ece\",\"name\":\"Di\u00e1rio da Lagoa\",\"image\":{\"@type\":\"ImageObject\",\"inLanguage\":\"es\",\"@id\":\"https:\/\/diariodalagoa.pt\/#\/schema\/person\/image\/\",\"url\":\"https:\/\/secure.gravatar.com\/avatar\/2cb5cef90a26f8fbd4d9d930608102c5?s=96&d=mm&r=g\",\"contentUrl\":\"https:\/\/secure.gravatar.com\/avatar\/2cb5cef90a26f8fbd4d9d930608102c5?s=96&d=mm&r=g\",\"caption\":\"Di\u00e1rio da Lagoa\"},\"url\":\"https:\/\/diariodalagoa.pt\/es\/author\/diariodalagoa\/\"}]}<\/script>\n<!-- \/ Yoast SEO plugin. -->","yoast_head_json":{"title":"Mediatiza\u00e7\u00e3o do Destino A\u00e7ores torna-se importante na abordagem ao cliente final - Di\u00e1rio da Lagoa","robots":{"index":"index","follow":"follow","max-snippet":"max-snippet:-1","max-image-preview":"max-image-preview:large","max-video-preview":"max-video-preview:-1"},"canonical":"https:\/\/diariodalagoa.pt\/es\/mediatizacao-do-destino-acores-torna-se-importante-na-abordagem-ao-cliente-final\/","og_locale":"es_ES","og_type":"article","og_title":"Mediatiza\u00e7\u00e3o do Destino A\u00e7ores torna-se importante na abordagem ao cliente final - Di\u00e1rio da Lagoa","og_description":"O Secret\u00e1rio Regional do Turismo e Transportes afirmou que a cobertura medi\u00e1tica de eventos promovidos nos A\u00e7ores assume grande import\u00e2ncia na estrat\u00e9gia de abordagem aos mercados emissores. V\u00edtor Fraga, em declara\u00e7\u00f5es aos jornalistas ap\u00f3s a entrega de pr\u00e9mios do 5.\u00ba\u00a0Triatlo Portas do Mar, que decorreu em Ponta Delgada, salientou que esta estrat\u00e9gia passa pela \u201ccomunica\u00e7\u00e3o [&hellip;]","og_url":"https:\/\/diariodalagoa.pt\/es\/mediatizacao-do-destino-acores-torna-se-importante-na-abordagem-ao-cliente-final\/","og_site_name":"Di\u00e1rio da Lagoa","article_published_time":"2014-11-09T23:33:46+00:00","author":"Di\u00e1rio da Lagoa","twitter_card":"summary_large_image","twitter_misc":{"Escrito por":"Di\u00e1rio da Lagoa","Tiempo de lectura":"1 minuto"},"schema":{"@context":"https:\/\/schema.org","@graph":[{"@type":"WebPage","@id":"https:\/\/diariodalagoa.pt\/mediatizacao-do-destino-acores-torna-se-importante-na-abordagem-ao-cliente-final\/","url":"https:\/\/diariodalagoa.pt\/mediatizacao-do-destino-acores-torna-se-importante-na-abordagem-ao-cliente-final\/","name":"Mediatiza\u00e7\u00e3o do Destino A\u00e7ores torna-se importante na abordagem ao cliente final - Di\u00e1rio da Lagoa","isPartOf":{"@id":"https:\/\/diariodalagoa.pt\/#website"},"datePublished":"2014-11-09T23:33:46+00:00","dateModified":"2014-11-09T23:33:46+00:00","author":{"@id":"https:\/\/diariodalagoa.pt\/#\/schema\/person\/1615a002370e8857b6f972834bc43ece"},"breadcrumb":{"@id":"https:\/\/diariodalagoa.pt\/mediatizacao-do-destino-acores-torna-se-importante-na-abordagem-ao-cliente-final\/#breadcrumb"},"inLanguage":"es","potentialAction":[{"@type":"ReadAction","target":["https:\/\/diariodalagoa.pt\/mediatizacao-do-destino-acores-torna-se-importante-na-abordagem-ao-cliente-final\/"]}]},{"@type":"BreadcrumbList","@id":"https:\/\/diariodalagoa.pt\/mediatizacao-do-destino-acores-torna-se-importante-na-abordagem-ao-cliente-final\/#breadcrumb","itemListElement":[{"@type":"ListItem","position":1,"name":"In\u00edcio","item":"https:\/\/diariodalagoa.pt\/"},{"@type":"ListItem","position":2,"name":"Mediatiza\u00e7\u00e3o do Destino A\u00e7ores torna-se importante na abordagem ao cliente final"}]},{"@type":"WebSite","@id":"https:\/\/diariodalagoa.pt\/#website","url":"https:\/\/diariodalagoa.pt\/","name":"Di\u00e1rio da Lagoa","description":"Di\u00e1rio da Lagoa. As not\u00edcias que contam. A partir da Lagoa, nos A\u00e7ores, para o mundo.","potentialAction":[{"@type":"SearchAction","target":{"@type":"EntryPoint","urlTemplate":"https:\/\/diariodalagoa.pt\/?s={search_term_string}"},"query-input":"required name=search_term_string"}],"inLanguage":"es"},{"@type":"Person","@id":"https:\/\/diariodalagoa.pt\/#\/schema\/person\/1615a002370e8857b6f972834bc43ece","name":"Di\u00e1rio da Lagoa","image":{"@type":"ImageObject","inLanguage":"es","@id":"https:\/\/diariodalagoa.pt\/#\/schema\/person\/image\/","url":"https:\/\/secure.gravatar.com\/avatar\/2cb5cef90a26f8fbd4d9d930608102c5?s=96&d=mm&r=g","contentUrl":"https:\/\/secure.gravatar.com\/avatar\/2cb5cef90a26f8fbd4d9d930608102c5?s=96&d=mm&r=g","caption":"Di\u00e1rio da Lagoa"},"url":"https:\/\/diariodalagoa.pt\/es\/author\/diariodalagoa\/"}]}},"_links":{"self":[{"href":"https:\/\/diariodalagoa.pt\/es\/wp-json\/wp\/v2\/posts\/11067"}],"collection":[{"href":"https:\/\/diariodalagoa.pt\/es\/wp-json\/wp\/v2\/posts"}],"about":[{"href":"https:\/\/diariodalagoa.pt\/es\/wp-json\/wp\/v2\/types\/post"}],"author":[{"embeddable":true,"href":"https:\/\/diariodalagoa.pt\/es\/wp-json\/wp\/v2\/users\/2"}],"replies":[{"embeddable":true,"href":"https:\/\/diariodalagoa.pt\/es\/wp-json\/wp\/v2\/comments?post=11067"}],"version-history":[{"count":0,"href":"https:\/\/diariodalagoa.pt\/es\/wp-json\/wp\/v2\/posts\/11067\/revisions"}],"wp:attachment":[{"href":"https:\/\/diariodalagoa.pt\/es\/wp-json\/wp\/v2\/media?parent=11067"}],"wp:term":[{"taxonomy":"category","embeddable":true,"href":"https:\/\/diariodalagoa.pt\/es\/wp-json\/wp\/v2\/categories?post=11067"},{"taxonomy":"post_tag","embeddable":true,"href":"https:\/\/diariodalagoa.pt\/es\/wp-json\/wp\/v2\/tags?post=11067"}],"curies":[{"name":"wp","href":"https:\/\/api.w.org\/{rel}","templated":true}]}}