{"id":11061,"date":"2014-11-09T15:33:46","date_gmt":"2014-11-09T16:33:46","guid":{"rendered":"http:\/\/diariodalagoa.pt\/?p=11061"},"modified":"2014-11-09T15:33:46","modified_gmt":"2014-11-09T16:33:46","slug":"camara-perpetua-a-memoria-dos-combatentes-na-i-guerra-mundial","status":"publish","type":"post","link":"https:\/\/diariodalagoa.pt\/es\/camara-perpetua-a-memoria-dos-combatentes-na-i-guerra-mundial\/","title":{"rendered":"C\u00e2mara perpetua a mem\u00f3ria dos combatentes na I Guerra Mundial"},"content":{"rendered":"<p style=\"text-align: justify;\"><img decoding=\"async\" class=\"alignnone size-full wp-image-11062\" src=\"http:\/\/diariodalagoa.pt\/wp-content\/uploads\/2014\/11\/I-Guerra-Mundial-Homenagem-A\u00e7ores-Ribeira-Grande.jpg\" alt=\"I-Guerra-Mundial-Homenagem-A\u00e7ores-Ribeira-Grande\" width=\"720\" height=\"380\" \/><\/p>\n<p style=\"text-align: justify;\"><span style=\"color: #000000;\">Na Ribeira Grande foi\u00a0inaugurado o monumento que recorda e homenageia os naturais do concelho que perderam a vida em combate na I Grande Guerra, com especial relevo para Adolfo Coutinho de Medeiros, tido como o primeiro ribeiragrandense falecido em combate.<\/span><\/p>\n<p style=\"text-align: justify;\"><span style=\"color: #000000;\">O monumento, instalado no Jardim Para\u00edso, perpetua por ocasi\u00e3o do centen\u00e1rio da sua morte os homens da Ribeira Grande que deram a vida na guerra, uma iniciativa da autarquia em parceria com o n\u00facleo de Ponta Delgada da Liga dos Combatentes. Antes da cerim\u00f3nia de descerramento das placas evocativas, teve lugar uma missa na igreja Matriz em sufr\u00e1gio dos combatentes.<\/span><\/p>\n<p style=\"text-align: justify;\"><span style=\"color: #000000;\">Adolfo Coutinho de Medeiros nasceu na par\u00f3quia de Nossa Senhora da Concei\u00e7\u00e3o, ouvidoria da Ribeira Grande, no dia 7 de fevereiro de 1890. Era filho \u00fanico de Eug\u00e9nio da Silveira Medeiros, escriv\u00e3o da Fazenda, e de Maria Carolina de Frias Coutinho, dom\u00e9stica, tamb\u00e9m eles naturais da mesma par\u00f3quia. Batizou-se a 3 de maio de 1890, tendo servido de padrinho o conde da Fonte Bella, solteiro, e madrinha D. Carolina Paula Leonila da Silva, vi\u00fava.<\/span><\/p>\n<p style=\"text-align: justify;\"><span style=\"color: #000000;\">Adolfo de Medeiros, na cidade de Genebra, Su\u00ed\u00e7a, haveria de obter o grau de engenheiro qu\u00edmico (1910-1912), tendo, logo depois, viajado pela Am\u00e9rica do Sul (Brasil e Argentina) e pela Inglaterra, recreando-se e aperfei\u00e7oando-se na \u00e1rea que escolhera para desempenhar fun\u00e7\u00f5es profissionais.<\/span><\/p>\n<p style=\"text-align: justify;\"><span style=\"color: #000000;\">Em finais do ano de 1913, fixou-se em Paris, cidade que j\u00e1 conhecia, com o intuito de a\u00ed vir a exercer a sua profiss\u00e3o. Parece n\u00e3o ter chegado a exerc\u00ea-la. O apelo da guerra para a defesa da liberdade foi mais forte.<\/span><\/p>\n<p style=\"text-align: justify;\"><span style=\"color: #000000;\">Existem vozes que afirmam que Adolfo Coutinho e Medeiros foi o primeiro portugu\u00eas a combater na I Guerra Mundial e o primeiro soldado portugu\u00eas a tombar nela. A decis\u00e3o oficial da participa\u00e7\u00e3o portuguesa na I Grande Guerra (o conhecido Corpo Expedicion\u00e1rio Portugu\u00eas) s\u00f3 haveria de ocorrer no ano de 1916.<\/span><\/p>\n<p style=\"text-align: justify;\"><span style=\"color: #000000;\"><em>DL\/CMRG<\/em><\/span><\/p>","protected":false},"excerpt":{"rendered":"<p>Na Ribeira Grande foi\u00a0inaugurado o monumento que recorda e homenageia os naturais do concelho que perderam a vida em combate na I Grande Guerra, com especial relevo para Adolfo Coutinho de Medeiros, tido como o primeiro ribeiragrandense falecido em combate. O monumento, instalado no Jardim Para\u00edso, perpetua por ocasi\u00e3o do centen\u00e1rio da sua morte os [&hellip;]<\/p>","protected":false},"author":2,"featured_media":0,"comment_status":"open","ping_status":"open","sticky":false,"template":"","format":"standard","meta":[],"categories":[21],"tags":[],"acf":[],"yoast_head":"<!-- This site is optimized with the Yoast SEO plugin v20.10 - https:\/\/yoast.com\/wordpress\/plugins\/seo\/ -->\n<title>C\u00e2mara perpetua a mem\u00f3ria dos combatentes na I Guerra Mundial - Di\u00e1rio da Lagoa<\/title>\n<meta name=\"robots\" content=\"index, follow, max-snippet:-1, max-image-preview:large, max-video-preview:-1\" \/>\n<link rel=\"canonical\" href=\"https:\/\/diariodalagoa.pt\/es\/camara-perpetua-a-memoria-dos-combatentes-na-i-guerra-mundial\/\" \/>\n<meta property=\"og:locale\" content=\"es_ES\" \/>\n<meta property=\"og:type\" content=\"article\" \/>\n<meta property=\"og:title\" content=\"C\u00e2mara perpetua a mem\u00f3ria dos combatentes na I Guerra Mundial - Di\u00e1rio da Lagoa\" \/>\n<meta property=\"og:description\" content=\"Na Ribeira Grande foi\u00a0inaugurado o monumento que recorda e homenageia os naturais do concelho que perderam a vida em combate na I Grande Guerra, com especial relevo para Adolfo Coutinho de Medeiros, tido como o primeiro ribeiragrandense falecido em combate. O monumento, instalado no Jardim Para\u00edso, perpetua por ocasi\u00e3o do centen\u00e1rio da sua morte os [&hellip;]\" \/>\n<meta property=\"og:url\" content=\"https:\/\/diariodalagoa.pt\/es\/camara-perpetua-a-memoria-dos-combatentes-na-i-guerra-mundial\/\" \/>\n<meta property=\"og:site_name\" content=\"Di\u00e1rio da Lagoa\" \/>\n<meta property=\"article:published_time\" content=\"2014-11-09T16:33:46+00:00\" \/>\n<meta name=\"author\" content=\"Di\u00e1rio da Lagoa\" \/>\n<meta name=\"twitter:card\" content=\"summary_large_image\" \/>\n<meta name=\"twitter:label1\" content=\"Escrito por\" \/>\n\t<meta name=\"twitter:data1\" content=\"Di\u00e1rio da Lagoa\" \/>\n\t<meta name=\"twitter:label2\" content=\"Tiempo de lectura\" \/>\n\t<meta name=\"twitter:data2\" content=\"2 minutos\" \/>\n<script type=\"application\/ld+json\" class=\"yoast-schema-graph\">{\"@context\":\"https:\/\/schema.org\",\"@graph\":[{\"@type\":\"WebPage\",\"@id\":\"https:\/\/diariodalagoa.pt\/camara-perpetua-a-memoria-dos-combatentes-na-i-guerra-mundial\/\",\"url\":\"https:\/\/diariodalagoa.pt\/camara-perpetua-a-memoria-dos-combatentes-na-i-guerra-mundial\/\",\"name\":\"C\u00e2mara perpetua a mem\u00f3ria dos combatentes na I Guerra Mundial - Di\u00e1rio da Lagoa\",\"isPartOf\":{\"@id\":\"https:\/\/diariodalagoa.pt\/#website\"},\"datePublished\":\"2014-11-09T16:33:46+00:00\",\"dateModified\":\"2014-11-09T16:33:46+00:00\",\"author\":{\"@id\":\"https:\/\/diariodalagoa.pt\/#\/schema\/person\/1615a002370e8857b6f972834bc43ece\"},\"breadcrumb\":{\"@id\":\"https:\/\/diariodalagoa.pt\/camara-perpetua-a-memoria-dos-combatentes-na-i-guerra-mundial\/#breadcrumb\"},\"inLanguage\":\"es\",\"potentialAction\":[{\"@type\":\"ReadAction\",\"target\":[\"https:\/\/diariodalagoa.pt\/camara-perpetua-a-memoria-dos-combatentes-na-i-guerra-mundial\/\"]}]},{\"@type\":\"BreadcrumbList\",\"@id\":\"https:\/\/diariodalagoa.pt\/camara-perpetua-a-memoria-dos-combatentes-na-i-guerra-mundial\/#breadcrumb\",\"itemListElement\":[{\"@type\":\"ListItem\",\"position\":1,\"name\":\"In\u00edcio\",\"item\":\"https:\/\/diariodalagoa.pt\/\"},{\"@type\":\"ListItem\",\"position\":2,\"name\":\"C\u00e2mara perpetua a mem\u00f3ria dos combatentes na I Guerra Mundial\"}]},{\"@type\":\"WebSite\",\"@id\":\"https:\/\/diariodalagoa.pt\/#website\",\"url\":\"https:\/\/diariodalagoa.pt\/\",\"name\":\"Di\u00e1rio da Lagoa\",\"description\":\"Di\u00e1rio da Lagoa. As not\u00edcias que contam. A partir da Lagoa, nos A\u00e7ores, para o mundo.\",\"potentialAction\":[{\"@type\":\"SearchAction\",\"target\":{\"@type\":\"EntryPoint\",\"urlTemplate\":\"https:\/\/diariodalagoa.pt\/?s={search_term_string}\"},\"query-input\":\"required name=search_term_string\"}],\"inLanguage\":\"es\"},{\"@type\":\"Person\",\"@id\":\"https:\/\/diariodalagoa.pt\/#\/schema\/person\/1615a002370e8857b6f972834bc43ece\",\"name\":\"Di\u00e1rio da Lagoa\",\"image\":{\"@type\":\"ImageObject\",\"inLanguage\":\"es\",\"@id\":\"https:\/\/diariodalagoa.pt\/#\/schema\/person\/image\/\",\"url\":\"https:\/\/secure.gravatar.com\/avatar\/2cb5cef90a26f8fbd4d9d930608102c5?s=96&d=mm&r=g\",\"contentUrl\":\"https:\/\/secure.gravatar.com\/avatar\/2cb5cef90a26f8fbd4d9d930608102c5?s=96&d=mm&r=g\",\"caption\":\"Di\u00e1rio da Lagoa\"},\"url\":\"https:\/\/diariodalagoa.pt\/es\/author\/diariodalagoa\/\"}]}<\/script>\n<!-- \/ Yoast SEO plugin. -->","yoast_head_json":{"title":"C\u00e2mara perpetua a mem\u00f3ria dos combatentes na I Guerra Mundial - Di\u00e1rio da Lagoa","robots":{"index":"index","follow":"follow","max-snippet":"max-snippet:-1","max-image-preview":"max-image-preview:large","max-video-preview":"max-video-preview:-1"},"canonical":"https:\/\/diariodalagoa.pt\/es\/camara-perpetua-a-memoria-dos-combatentes-na-i-guerra-mundial\/","og_locale":"es_ES","og_type":"article","og_title":"C\u00e2mara perpetua a mem\u00f3ria dos combatentes na I Guerra Mundial - Di\u00e1rio da Lagoa","og_description":"Na Ribeira Grande foi\u00a0inaugurado o monumento que recorda e homenageia os naturais do concelho que perderam a vida em combate na I Grande Guerra, com especial relevo para Adolfo Coutinho de Medeiros, tido como o primeiro ribeiragrandense falecido em combate. O monumento, instalado no Jardim Para\u00edso, perpetua por ocasi\u00e3o do centen\u00e1rio da sua morte os [&hellip;]","og_url":"https:\/\/diariodalagoa.pt\/es\/camara-perpetua-a-memoria-dos-combatentes-na-i-guerra-mundial\/","og_site_name":"Di\u00e1rio da Lagoa","article_published_time":"2014-11-09T16:33:46+00:00","author":"Di\u00e1rio da Lagoa","twitter_card":"summary_large_image","twitter_misc":{"Escrito por":"Di\u00e1rio da Lagoa","Tiempo de lectura":"2 minutos"},"schema":{"@context":"https:\/\/schema.org","@graph":[{"@type":"WebPage","@id":"https:\/\/diariodalagoa.pt\/camara-perpetua-a-memoria-dos-combatentes-na-i-guerra-mundial\/","url":"https:\/\/diariodalagoa.pt\/camara-perpetua-a-memoria-dos-combatentes-na-i-guerra-mundial\/","name":"C\u00e2mara perpetua a mem\u00f3ria dos combatentes na I Guerra Mundial - Di\u00e1rio da Lagoa","isPartOf":{"@id":"https:\/\/diariodalagoa.pt\/#website"},"datePublished":"2014-11-09T16:33:46+00:00","dateModified":"2014-11-09T16:33:46+00:00","author":{"@id":"https:\/\/diariodalagoa.pt\/#\/schema\/person\/1615a002370e8857b6f972834bc43ece"},"breadcrumb":{"@id":"https:\/\/diariodalagoa.pt\/camara-perpetua-a-memoria-dos-combatentes-na-i-guerra-mundial\/#breadcrumb"},"inLanguage":"es","potentialAction":[{"@type":"ReadAction","target":["https:\/\/diariodalagoa.pt\/camara-perpetua-a-memoria-dos-combatentes-na-i-guerra-mundial\/"]}]},{"@type":"BreadcrumbList","@id":"https:\/\/diariodalagoa.pt\/camara-perpetua-a-memoria-dos-combatentes-na-i-guerra-mundial\/#breadcrumb","itemListElement":[{"@type":"ListItem","position":1,"name":"In\u00edcio","item":"https:\/\/diariodalagoa.pt\/"},{"@type":"ListItem","position":2,"name":"C\u00e2mara perpetua a mem\u00f3ria dos combatentes na I Guerra Mundial"}]},{"@type":"WebSite","@id":"https:\/\/diariodalagoa.pt\/#website","url":"https:\/\/diariodalagoa.pt\/","name":"Di\u00e1rio da Lagoa","description":"Di\u00e1rio da Lagoa. As not\u00edcias que contam. A partir da Lagoa, nos A\u00e7ores, para o mundo.","potentialAction":[{"@type":"SearchAction","target":{"@type":"EntryPoint","urlTemplate":"https:\/\/diariodalagoa.pt\/?s={search_term_string}"},"query-input":"required name=search_term_string"}],"inLanguage":"es"},{"@type":"Person","@id":"https:\/\/diariodalagoa.pt\/#\/schema\/person\/1615a002370e8857b6f972834bc43ece","name":"Di\u00e1rio da Lagoa","image":{"@type":"ImageObject","inLanguage":"es","@id":"https:\/\/diariodalagoa.pt\/#\/schema\/person\/image\/","url":"https:\/\/secure.gravatar.com\/avatar\/2cb5cef90a26f8fbd4d9d930608102c5?s=96&d=mm&r=g","contentUrl":"https:\/\/secure.gravatar.com\/avatar\/2cb5cef90a26f8fbd4d9d930608102c5?s=96&d=mm&r=g","caption":"Di\u00e1rio da Lagoa"},"url":"https:\/\/diariodalagoa.pt\/es\/author\/diariodalagoa\/"}]}},"_links":{"self":[{"href":"https:\/\/diariodalagoa.pt\/es\/wp-json\/wp\/v2\/posts\/11061"}],"collection":[{"href":"https:\/\/diariodalagoa.pt\/es\/wp-json\/wp\/v2\/posts"}],"about":[{"href":"https:\/\/diariodalagoa.pt\/es\/wp-json\/wp\/v2\/types\/post"}],"author":[{"embeddable":true,"href":"https:\/\/diariodalagoa.pt\/es\/wp-json\/wp\/v2\/users\/2"}],"replies":[{"embeddable":true,"href":"https:\/\/diariodalagoa.pt\/es\/wp-json\/wp\/v2\/comments?post=11061"}],"version-history":[{"count":0,"href":"https:\/\/diariodalagoa.pt\/es\/wp-json\/wp\/v2\/posts\/11061\/revisions"}],"wp:attachment":[{"href":"https:\/\/diariodalagoa.pt\/es\/wp-json\/wp\/v2\/media?parent=11061"}],"wp:term":[{"taxonomy":"category","embeddable":true,"href":"https:\/\/diariodalagoa.pt\/es\/wp-json\/wp\/v2\/categories?post=11061"},{"taxonomy":"post_tag","embeddable":true,"href":"https:\/\/diariodalagoa.pt\/es\/wp-json\/wp\/v2\/tags?post=11061"}],"curies":[{"name":"wp","href":"https:\/\/api.w.org\/{rel}","templated":true}]}}