{"id":10944,"date":"2014-11-05T11:48:08","date_gmt":"2014-11-05T12:48:08","guid":{"rendered":"http:\/\/diariodalagoa.pt\/?p=10944"},"modified":"2014-11-05T11:48:08","modified_gmt":"2014-11-05T12:48:08","slug":"governo-dos-acores-vai-dar-resposta-as-necessidades-mais-prementes-ao-nivel-das-estradas","status":"publish","type":"post","link":"https:\/\/diariodalagoa.pt\/es\/governo-dos-acores-vai-dar-resposta-as-necessidades-mais-prementes-ao-nivel-das-estradas\/","title":{"rendered":"Governo dos A\u00e7ores vai dar resposta \u00e0s necessidades mais prementes ao n\u00edvel das estradas"},"content":{"rendered":"<p style=\"text-align: justify;\"><img decoding=\"async\" class=\"alignnone size-full wp-image-10945\" src=\"http:\/\/diariodalagoa.pt\/wp-content\/uploads\/2014\/11\/ALRA-Vitor-Fraga-Turismo-Estradas-investimento-2015.jpg\" alt=\"ALRA-Vitor-Fraga-Turismo-Estradas-investimento-2015\" width=\"720\" height=\"380\" \/><\/p>\n<p style=\"text-align: justify;\"><span style=\"color: rgb(0, 0, 0);\">O Secret\u00e1rio Regional do Turismo e Transportes assegurou que\u00a0o Governo dos A\u00e7ores vai \u201cdar resposta&#8221; no pr\u00f3ximo ano\u00a0\u00e0s &#8220;necessidades mais prementes ao n\u00edvel das estradas&#8221; no arquip\u00e9lago.\u00a0<\/span><\/p>\n<p style=\"text-align: justify;\"><span style=\"color: rgb(0, 0, 0);\">V\u00edtor Fraga, em declara\u00e7\u00f5es aos jornalistas ap\u00f3s ter sido ouvido pela Comiss\u00e3o de Pol\u00edtica Geral da Assembleia Legislativa, recordou que \u201co pa\u00eds disse que n\u00e3o necessitava de mais estradas e o Governo dos A\u00e7ores desenvolveu um grande esfor\u00e7o junto da Comunidade Europeia para encontrar\u00a0algumas medidas de exce\u00e7\u00e3o que contrariassem essa indica\u00e7\u00e3o dada pela Rep\u00fablica\u201d.\u00a0<\/span><\/p>\n<p style=\"text-align: justify;\"><span style=\"color: rgb(0, 0, 0);\">Nesse sentido,\u00a0o titular da pasta das Obras P\u00fablicas salientou que ser\u00e1 realizado\u00a0\u201cum conjunto de interven\u00e7\u00f5es em todas as ilhas, denominadas &#8216;interven\u00e7\u00f5es nos circuitos log\u00edsticos de apoio ao desenvolvimento&#8217;,\u00a0que ir\u00e1 dar resposta a essas necessidades\u201d.\u00a0<\/span><\/p>\n<p style=\"text-align: justify;\"><span style=\"color: rgb(0, 0, 0);\">Paralelamente, segundo V\u00edtor Fraga,\u00a0ser\u00e1 desenvolvido em 2015 um trabalho\u00a0\u201cna sequ\u00eancia daquilo que foi feito no decorrer deste ano, de valoriza\u00e7\u00e3o dos nossos materiais end\u00f3genos, ao n\u00edvel do desenvolvimento de novos produtos&#8221;.<\/span><\/p>\n<p style=\"text-align: justify;\"><span style=\"color: rgb(0, 0, 0);\">V\u00edtor Fraga salientou ainda que o Plano para 2015 \u201cfoi feito em franca parceria com os parceiros sociais, com os A\u00e7orianos em geral, e\u00a0d\u00e1 claramente resposta \u00e0queles que s\u00e3o os principais desafios da Regi\u00e3o para os pr\u00f3ximos tempos\u201d.<\/span><\/p>\n<p style=\"text-align: justify;\"><span style=\"color: rgb(0, 0, 0);\"><em>DL\/GaCS<\/em><\/span><\/p>","protected":false},"excerpt":{"rendered":"<p>O Secret\u00e1rio Regional do Turismo e Transportes assegurou que\u00a0o Governo dos A\u00e7ores vai \u201cdar resposta&#8221; no pr\u00f3ximo ano\u00a0\u00e0s &#8220;necessidades mais prementes ao n\u00edvel das estradas&#8221; no arquip\u00e9lago.\u00a0 V\u00edtor Fraga, em declara\u00e7\u00f5es aos jornalistas ap\u00f3s ter sido ouvido pela Comiss\u00e3o de Pol\u00edtica Geral da Assembleia Legislativa, recordou que \u201co pa\u00eds disse que n\u00e3o necessitava de mais [&hellip;]<\/p>","protected":false},"author":2,"featured_media":121702,"comment_status":"open","ping_status":"open","sticky":false,"template":"","format":"standard","meta":[],"categories":[21],"tags":[],"acf":[],"yoast_head":"<!-- This site is optimized with the Yoast SEO plugin v20.10 - https:\/\/yoast.com\/wordpress\/plugins\/seo\/ -->\n<title>Governo dos A\u00e7ores vai dar resposta \u00e0s necessidades mais prementes ao n\u00edvel das estradas - Di\u00e1rio da Lagoa<\/title>\n<meta name=\"robots\" content=\"index, follow, max-snippet:-1, max-image-preview:large, max-video-preview:-1\" \/>\n<link rel=\"canonical\" href=\"https:\/\/diariodalagoa.pt\/es\/governo-dos-acores-vai-dar-resposta-as-necessidades-mais-prementes-ao-nivel-das-estradas\/\" \/>\n<meta property=\"og:locale\" content=\"es_ES\" \/>\n<meta property=\"og:type\" content=\"article\" \/>\n<meta property=\"og:title\" content=\"Governo dos A\u00e7ores vai dar resposta \u00e0s necessidades mais prementes ao n\u00edvel das estradas - Di\u00e1rio da Lagoa\" \/>\n<meta property=\"og:description\" content=\"O Secret\u00e1rio Regional do Turismo e Transportes assegurou que\u00a0o Governo dos A\u00e7ores vai \u201cdar resposta&#8221; no pr\u00f3ximo ano\u00a0\u00e0s &#8220;necessidades mais prementes ao n\u00edvel das estradas&#8221; no arquip\u00e9lago.\u00a0 V\u00edtor Fraga, em declara\u00e7\u00f5es aos jornalistas ap\u00f3s ter sido ouvido pela Comiss\u00e3o de Pol\u00edtica Geral da Assembleia Legislativa, recordou que \u201co pa\u00eds disse que n\u00e3o necessitava de mais [&hellip;]\" \/>\n<meta property=\"og:url\" content=\"https:\/\/diariodalagoa.pt\/es\/governo-dos-acores-vai-dar-resposta-as-necessidades-mais-prementes-ao-nivel-das-estradas\/\" \/>\n<meta property=\"og:site_name\" content=\"Di\u00e1rio da Lagoa\" \/>\n<meta property=\"article:published_time\" content=\"2014-11-05T12:48:08+00:00\" \/>\n<meta property=\"og:image\" content=\"https:\/\/diariodalagoa.pt\/wp-content\/uploads\/2014\/11\/alra-vitor-fraga-turismo-estradas-investimento-2015.jpg\" \/>\n\t<meta property=\"og:image:width\" content=\"720\" \/>\n\t<meta property=\"og:image:height\" content=\"380\" \/>\n\t<meta property=\"og:image:type\" content=\"image\/jpeg\" \/>\n<meta name=\"author\" content=\"Di\u00e1rio da Lagoa\" \/>\n<meta name=\"twitter:card\" content=\"summary_large_image\" \/>\n<meta name=\"twitter:label1\" content=\"Escrito por\" \/>\n\t<meta name=\"twitter:data1\" content=\"Di\u00e1rio da Lagoa\" \/>\n\t<meta name=\"twitter:label2\" content=\"Tiempo de lectura\" \/>\n\t<meta name=\"twitter:data2\" content=\"1 minuto\" \/>\n<script type=\"application\/ld+json\" class=\"yoast-schema-graph\">{\"@context\":\"https:\/\/schema.org\",\"@graph\":[{\"@type\":\"WebPage\",\"@id\":\"https:\/\/diariodalagoa.pt\/governo-dos-acores-vai-dar-resposta-as-necessidades-mais-prementes-ao-nivel-das-estradas\/\",\"url\":\"https:\/\/diariodalagoa.pt\/governo-dos-acores-vai-dar-resposta-as-necessidades-mais-prementes-ao-nivel-das-estradas\/\",\"name\":\"Governo dos A\u00e7ores vai dar resposta \u00e0s necessidades mais prementes ao n\u00edvel das estradas - Di\u00e1rio da Lagoa\",\"isPartOf\":{\"@id\":\"https:\/\/diariodalagoa.pt\/#website\"},\"datePublished\":\"2014-11-05T12:48:08+00:00\",\"dateModified\":\"2014-11-05T12:48:08+00:00\",\"author\":{\"@id\":\"https:\/\/diariodalagoa.pt\/#\/schema\/person\/1615a002370e8857b6f972834bc43ece\"},\"breadcrumb\":{\"@id\":\"https:\/\/diariodalagoa.pt\/governo-dos-acores-vai-dar-resposta-as-necessidades-mais-prementes-ao-nivel-das-estradas\/#breadcrumb\"},\"inLanguage\":\"es\",\"potentialAction\":[{\"@type\":\"ReadAction\",\"target\":[\"https:\/\/diariodalagoa.pt\/governo-dos-acores-vai-dar-resposta-as-necessidades-mais-prementes-ao-nivel-das-estradas\/\"]}]},{\"@type\":\"BreadcrumbList\",\"@id\":\"https:\/\/diariodalagoa.pt\/governo-dos-acores-vai-dar-resposta-as-necessidades-mais-prementes-ao-nivel-das-estradas\/#breadcrumb\",\"itemListElement\":[{\"@type\":\"ListItem\",\"position\":1,\"name\":\"In\u00edcio\",\"item\":\"https:\/\/diariodalagoa.pt\/\"},{\"@type\":\"ListItem\",\"position\":2,\"name\":\"Governo dos A\u00e7ores vai dar resposta \u00e0s necessidades mais prementes ao n\u00edvel das estradas\"}]},{\"@type\":\"WebSite\",\"@id\":\"https:\/\/diariodalagoa.pt\/#website\",\"url\":\"https:\/\/diariodalagoa.pt\/\",\"name\":\"Di\u00e1rio da Lagoa\",\"description\":\"Di\u00e1rio da Lagoa. As not\u00edcias que contam. A partir da Lagoa, nos A\u00e7ores, para o mundo.\",\"potentialAction\":[{\"@type\":\"SearchAction\",\"target\":{\"@type\":\"EntryPoint\",\"urlTemplate\":\"https:\/\/diariodalagoa.pt\/?s={search_term_string}\"},\"query-input\":\"required name=search_term_string\"}],\"inLanguage\":\"es\"},{\"@type\":\"Person\",\"@id\":\"https:\/\/diariodalagoa.pt\/#\/schema\/person\/1615a002370e8857b6f972834bc43ece\",\"name\":\"Di\u00e1rio da Lagoa\",\"image\":{\"@type\":\"ImageObject\",\"inLanguage\":\"es\",\"@id\":\"https:\/\/diariodalagoa.pt\/#\/schema\/person\/image\/\",\"url\":\"https:\/\/secure.gravatar.com\/avatar\/2cb5cef90a26f8fbd4d9d930608102c5?s=96&d=mm&r=g\",\"contentUrl\":\"https:\/\/secure.gravatar.com\/avatar\/2cb5cef90a26f8fbd4d9d930608102c5?s=96&d=mm&r=g\",\"caption\":\"Di\u00e1rio da Lagoa\"},\"url\":\"https:\/\/diariodalagoa.pt\/es\/author\/diariodalagoa\/\"}]}<\/script>\n<!-- \/ Yoast SEO plugin. -->","yoast_head_json":{"title":"Governo dos A\u00e7ores vai dar resposta \u00e0s necessidades mais prementes ao n\u00edvel das estradas - Di\u00e1rio da Lagoa","robots":{"index":"index","follow":"follow","max-snippet":"max-snippet:-1","max-image-preview":"max-image-preview:large","max-video-preview":"max-video-preview:-1"},"canonical":"https:\/\/diariodalagoa.pt\/es\/governo-dos-acores-vai-dar-resposta-as-necessidades-mais-prementes-ao-nivel-das-estradas\/","og_locale":"es_ES","og_type":"article","og_title":"Governo dos A\u00e7ores vai dar resposta \u00e0s necessidades mais prementes ao n\u00edvel das estradas - Di\u00e1rio da Lagoa","og_description":"O Secret\u00e1rio Regional do Turismo e Transportes assegurou que\u00a0o Governo dos A\u00e7ores vai \u201cdar resposta&#8221; no pr\u00f3ximo ano\u00a0\u00e0s &#8220;necessidades mais prementes ao n\u00edvel das estradas&#8221; no arquip\u00e9lago.\u00a0 V\u00edtor Fraga, em declara\u00e7\u00f5es aos jornalistas ap\u00f3s ter sido ouvido pela Comiss\u00e3o de Pol\u00edtica Geral da Assembleia Legislativa, recordou que \u201co pa\u00eds disse que n\u00e3o necessitava de mais [&hellip;]","og_url":"https:\/\/diariodalagoa.pt\/es\/governo-dos-acores-vai-dar-resposta-as-necessidades-mais-prementes-ao-nivel-das-estradas\/","og_site_name":"Di\u00e1rio da Lagoa","article_published_time":"2014-11-05T12:48:08+00:00","og_image":[{"width":720,"height":380,"url":"https:\/\/diariodalagoa.pt\/wp-content\/uploads\/2014\/11\/alra-vitor-fraga-turismo-estradas-investimento-2015.jpg","type":"image\/jpeg"}],"author":"Di\u00e1rio da Lagoa","twitter_card":"summary_large_image","twitter_misc":{"Escrito por":"Di\u00e1rio da Lagoa","Tiempo de lectura":"1 minuto"},"schema":{"@context":"https:\/\/schema.org","@graph":[{"@type":"WebPage","@id":"https:\/\/diariodalagoa.pt\/governo-dos-acores-vai-dar-resposta-as-necessidades-mais-prementes-ao-nivel-das-estradas\/","url":"https:\/\/diariodalagoa.pt\/governo-dos-acores-vai-dar-resposta-as-necessidades-mais-prementes-ao-nivel-das-estradas\/","name":"Governo dos A\u00e7ores vai dar resposta \u00e0s necessidades mais prementes ao n\u00edvel das estradas - Di\u00e1rio da Lagoa","isPartOf":{"@id":"https:\/\/diariodalagoa.pt\/#website"},"datePublished":"2014-11-05T12:48:08+00:00","dateModified":"2014-11-05T12:48:08+00:00","author":{"@id":"https:\/\/diariodalagoa.pt\/#\/schema\/person\/1615a002370e8857b6f972834bc43ece"},"breadcrumb":{"@id":"https:\/\/diariodalagoa.pt\/governo-dos-acores-vai-dar-resposta-as-necessidades-mais-prementes-ao-nivel-das-estradas\/#breadcrumb"},"inLanguage":"es","potentialAction":[{"@type":"ReadAction","target":["https:\/\/diariodalagoa.pt\/governo-dos-acores-vai-dar-resposta-as-necessidades-mais-prementes-ao-nivel-das-estradas\/"]}]},{"@type":"BreadcrumbList","@id":"https:\/\/diariodalagoa.pt\/governo-dos-acores-vai-dar-resposta-as-necessidades-mais-prementes-ao-nivel-das-estradas\/#breadcrumb","itemListElement":[{"@type":"ListItem","position":1,"name":"In\u00edcio","item":"https:\/\/diariodalagoa.pt\/"},{"@type":"ListItem","position":2,"name":"Governo dos A\u00e7ores vai dar resposta \u00e0s necessidades mais prementes ao n\u00edvel das estradas"}]},{"@type":"WebSite","@id":"https:\/\/diariodalagoa.pt\/#website","url":"https:\/\/diariodalagoa.pt\/","name":"Di\u00e1rio da Lagoa","description":"Di\u00e1rio da Lagoa. As not\u00edcias que contam. A partir da Lagoa, nos A\u00e7ores, para o mundo.","potentialAction":[{"@type":"SearchAction","target":{"@type":"EntryPoint","urlTemplate":"https:\/\/diariodalagoa.pt\/?s={search_term_string}"},"query-input":"required name=search_term_string"}],"inLanguage":"es"},{"@type":"Person","@id":"https:\/\/diariodalagoa.pt\/#\/schema\/person\/1615a002370e8857b6f972834bc43ece","name":"Di\u00e1rio da Lagoa","image":{"@type":"ImageObject","inLanguage":"es","@id":"https:\/\/diariodalagoa.pt\/#\/schema\/person\/image\/","url":"https:\/\/secure.gravatar.com\/avatar\/2cb5cef90a26f8fbd4d9d930608102c5?s=96&d=mm&r=g","contentUrl":"https:\/\/secure.gravatar.com\/avatar\/2cb5cef90a26f8fbd4d9d930608102c5?s=96&d=mm&r=g","caption":"Di\u00e1rio da Lagoa"},"url":"https:\/\/diariodalagoa.pt\/es\/author\/diariodalagoa\/"}]}},"_links":{"self":[{"href":"https:\/\/diariodalagoa.pt\/es\/wp-json\/wp\/v2\/posts\/10944"}],"collection":[{"href":"https:\/\/diariodalagoa.pt\/es\/wp-json\/wp\/v2\/posts"}],"about":[{"href":"https:\/\/diariodalagoa.pt\/es\/wp-json\/wp\/v2\/types\/post"}],"author":[{"embeddable":true,"href":"https:\/\/diariodalagoa.pt\/es\/wp-json\/wp\/v2\/users\/2"}],"replies":[{"embeddable":true,"href":"https:\/\/diariodalagoa.pt\/es\/wp-json\/wp\/v2\/comments?post=10944"}],"version-history":[{"count":0,"href":"https:\/\/diariodalagoa.pt\/es\/wp-json\/wp\/v2\/posts\/10944\/revisions"}],"wp:featuredmedia":[{"embeddable":true,"href":"https:\/\/diariodalagoa.pt\/es\/wp-json\/wp\/v2\/media\/121702"}],"wp:attachment":[{"href":"https:\/\/diariodalagoa.pt\/es\/wp-json\/wp\/v2\/media?parent=10944"}],"wp:term":[{"taxonomy":"category","embeddable":true,"href":"https:\/\/diariodalagoa.pt\/es\/wp-json\/wp\/v2\/categories?post=10944"},{"taxonomy":"post_tag","embeddable":true,"href":"https:\/\/diariodalagoa.pt\/es\/wp-json\/wp\/v2\/tags?post=10944"}],"curies":[{"name":"wp","href":"https:\/\/api.w.org\/{rel}","templated":true}]}}