{"id":10922,"date":"2014-11-04T17:23:17","date_gmt":"2014-11-04T18:23:17","guid":{"rendered":"http:\/\/diariodalagoa.pt\/?p=10922"},"modified":"2014-11-04T17:23:17","modified_gmt":"2014-11-04T18:23:17","slug":"50-participantes-em-acao-de-sensibilizacao-da-camara-municipal-de-vila-franca-do-campo-sobre-o-cagarro","status":"publish","type":"post","link":"https:\/\/diariodalagoa.pt\/es\/50-participantes-em-acao-de-sensibilizacao-da-camara-municipal-de-vila-franca-do-campo-sobre-o-cagarro\/","title":{"rendered":"50 participantes em a\u00e7\u00e3o de sensibiliza\u00e7\u00e3o da C\u00e2mara Municipal de Vila Franca do Campo sobre o cagarro"},"content":{"rendered":"<p style=\"text-align: justify;\"><span style=\"color: #000000;\"><img decoding=\"async\" class=\"alignnone size-full wp-image-10923\" src=\"http:\/\/diariodalagoa.pt\/wp-content\/uploads\/2014\/11\/SOS-Cagarro-Vila-Franca-Campo-1.jpg\" alt=\"SOS-Cagarro-Vila-Franca-Campo- (1)\" width=\"720\" height=\"380\" \/><\/span><\/p>\n<p style=\"text-align: justify;\"><span style=\"color: #000000;\">Cerca de 50 participantes marcaram presen\u00e7a na passada segunda feira, 3 de novembro, na a\u00e7\u00e3o de sensibiliza\u00e7\u00e3o organizada pela C\u00e2mara Municipal de Vila Franca do Campo sobre o cagarro, inserida na Campanha SOS Cagarro promovida pelo Governo Regional do A\u00e7ores.\u00a0<\/span><\/p>\n<p style=\"text-align: justify;\"><span style=\"color: #000000;\">Segundo uma nota de imprensa da autarquia, na sess\u00e3o esclarecimento sobre o &#8220;Cagarro&#8221;, apresentada por Paulo Garcia, do Parque Natural da Ilha de S\u00e3o Miguel, estiveram presentes cerca de 50 participantes, desde escuteiros do Agrupamento 436 de Vila Franca do Campo, 976 de \u00c1gua d\u2019Alto e Escuteiros Maritimos, e alunos das escolas EBS de Vila Franca do Campo, EBI de Ponta Gar\u00e7a e Escola Profissional. Tamb\u00e9m participou da a\u00e7\u00e3o a P.S.P que dirigiu a opera\u00e7\u00e3o STOP Cagarro.\u00a0<\/span><\/p>\n<p style=\"text-align: justify;\"><span style=\"color: #000000;\">Depois da a\u00e7\u00e3o de sensibiliza\u00e7\u00e3o, foram formados grupos, que seguiram uns para a brigada SOS Cagarro, liderada por dois elementos da P.S.P de Vila Franca do Campo, e outros para as brigadas de salvamento e distribui\u00e7\u00e3o de panfletos de sensibiliza\u00e7\u00e3o a estabelecimentos comerciais e transeuntes.<\/span><\/p>\n<p style=\"text-align: justify;\"><span style=\"color: #000000;\">Na manh\u00e3 seguinte (do dia 4 de novembro), fez-se a liberta\u00e7\u00e3o dos cinco cagarros salvos na Praia Vinha d\u2019Areia. A a\u00e7\u00e3o contou com a presen\u00e7a de duas turmas de alunos do 1\u00baciclo (EB\/JI Padre Manuel Ernesto Ferreira e EBI de Ponta Gar\u00e7a), envolvidas no programa Eco-Escolas, refere a mesma nota.<\/span><\/p>\n<p style=\"text-align: justify;\"><span style=\"color: #000000;\"><em>DL\/CMVFC<\/em><\/span><\/p>","protected":false},"excerpt":{"rendered":"<p>Cerca de 50 participantes marcaram presen\u00e7a na passada segunda feira, 3 de novembro, na a\u00e7\u00e3o de sensibiliza\u00e7\u00e3o organizada pela C\u00e2mara Municipal de Vila Franca do Campo sobre o cagarro, inserida na Campanha SOS Cagarro promovida pelo Governo Regional do A\u00e7ores.\u00a0 Segundo uma nota de imprensa da autarquia, na sess\u00e3o esclarecimento sobre o &#8220;Cagarro&#8221;, apresentada por [&hellip;]<\/p>","protected":false},"author":2,"featured_media":121705,"comment_status":"open","ping_status":"open","sticky":false,"template":"","format":"standard","meta":[],"categories":[21],"tags":[],"acf":[],"yoast_head":"<!-- This site is optimized with the Yoast SEO plugin v20.10 - https:\/\/yoast.com\/wordpress\/plugins\/seo\/ -->\n<title>50 participantes em a\u00e7\u00e3o de sensibiliza\u00e7\u00e3o da C\u00e2mara Municipal de Vila Franca do Campo sobre o cagarro - Di\u00e1rio da Lagoa<\/title>\n<meta name=\"robots\" content=\"index, follow, max-snippet:-1, max-image-preview:large, max-video-preview:-1\" \/>\n<link rel=\"canonical\" href=\"https:\/\/diariodalagoa.pt\/es\/50-participantes-em-acao-de-sensibilizacao-da-camara-municipal-de-vila-franca-do-campo-sobre-o-cagarro\/\" \/>\n<meta property=\"og:locale\" content=\"es_ES\" \/>\n<meta property=\"og:type\" content=\"article\" \/>\n<meta property=\"og:title\" content=\"50 participantes em a\u00e7\u00e3o de sensibiliza\u00e7\u00e3o da C\u00e2mara Municipal de Vila Franca do Campo sobre o cagarro - Di\u00e1rio da Lagoa\" \/>\n<meta property=\"og:description\" content=\"Cerca de 50 participantes marcaram presen\u00e7a na passada segunda feira, 3 de novembro, na a\u00e7\u00e3o de sensibiliza\u00e7\u00e3o organizada pela C\u00e2mara Municipal de Vila Franca do Campo sobre o cagarro, inserida na Campanha SOS Cagarro promovida pelo Governo Regional do A\u00e7ores.\u00a0 Segundo uma nota de imprensa da autarquia, na sess\u00e3o esclarecimento sobre o &#8220;Cagarro&#8221;, apresentada por [&hellip;]\" \/>\n<meta property=\"og:url\" content=\"https:\/\/diariodalagoa.pt\/es\/50-participantes-em-acao-de-sensibilizacao-da-camara-municipal-de-vila-franca-do-campo-sobre-o-cagarro\/\" \/>\n<meta property=\"og:site_name\" content=\"Di\u00e1rio da Lagoa\" \/>\n<meta property=\"article:published_time\" content=\"2014-11-04T18:23:17+00:00\" \/>\n<meta property=\"og:image\" content=\"https:\/\/diariodalagoa.pt\/wp-content\/uploads\/2014\/11\/sos-cagarro-vila-franca-campo.jpg\" \/>\n\t<meta property=\"og:image:width\" content=\"720\" \/>\n\t<meta property=\"og:image:height\" content=\"380\" \/>\n\t<meta property=\"og:image:type\" content=\"image\/jpeg\" \/>\n<meta name=\"author\" content=\"Di\u00e1rio da Lagoa\" \/>\n<meta name=\"twitter:card\" content=\"summary_large_image\" \/>\n<meta name=\"twitter:label1\" content=\"Escrito por\" \/>\n\t<meta name=\"twitter:data1\" content=\"Di\u00e1rio da Lagoa\" \/>\n\t<meta name=\"twitter:label2\" content=\"Tiempo de lectura\" \/>\n\t<meta name=\"twitter:data2\" content=\"1 minuto\" \/>\n<script type=\"application\/ld+json\" class=\"yoast-schema-graph\">{\"@context\":\"https:\/\/schema.org\",\"@graph\":[{\"@type\":\"WebPage\",\"@id\":\"https:\/\/diariodalagoa.pt\/50-participantes-em-acao-de-sensibilizacao-da-camara-municipal-de-vila-franca-do-campo-sobre-o-cagarro\/\",\"url\":\"https:\/\/diariodalagoa.pt\/50-participantes-em-acao-de-sensibilizacao-da-camara-municipal-de-vila-franca-do-campo-sobre-o-cagarro\/\",\"name\":\"50 participantes em a\u00e7\u00e3o de sensibiliza\u00e7\u00e3o da C\u00e2mara Municipal de Vila Franca do Campo sobre o cagarro - Di\u00e1rio da Lagoa\",\"isPartOf\":{\"@id\":\"https:\/\/diariodalagoa.pt\/#website\"},\"datePublished\":\"2014-11-04T18:23:17+00:00\",\"dateModified\":\"2014-11-04T18:23:17+00:00\",\"author\":{\"@id\":\"https:\/\/diariodalagoa.pt\/#\/schema\/person\/1615a002370e8857b6f972834bc43ece\"},\"breadcrumb\":{\"@id\":\"https:\/\/diariodalagoa.pt\/50-participantes-em-acao-de-sensibilizacao-da-camara-municipal-de-vila-franca-do-campo-sobre-o-cagarro\/#breadcrumb\"},\"inLanguage\":\"es\",\"potentialAction\":[{\"@type\":\"ReadAction\",\"target\":[\"https:\/\/diariodalagoa.pt\/50-participantes-em-acao-de-sensibilizacao-da-camara-municipal-de-vila-franca-do-campo-sobre-o-cagarro\/\"]}]},{\"@type\":\"BreadcrumbList\",\"@id\":\"https:\/\/diariodalagoa.pt\/50-participantes-em-acao-de-sensibilizacao-da-camara-municipal-de-vila-franca-do-campo-sobre-o-cagarro\/#breadcrumb\",\"itemListElement\":[{\"@type\":\"ListItem\",\"position\":1,\"name\":\"In\u00edcio\",\"item\":\"https:\/\/diariodalagoa.pt\/\"},{\"@type\":\"ListItem\",\"position\":2,\"name\":\"50 participantes em a\u00e7\u00e3o de sensibiliza\u00e7\u00e3o da C\u00e2mara Municipal de Vila Franca do Campo sobre o cagarro\"}]},{\"@type\":\"WebSite\",\"@id\":\"https:\/\/diariodalagoa.pt\/#website\",\"url\":\"https:\/\/diariodalagoa.pt\/\",\"name\":\"Di\u00e1rio da Lagoa\",\"description\":\"Di\u00e1rio da Lagoa. As not\u00edcias que contam. A partir da Lagoa, nos A\u00e7ores, para o mundo.\",\"potentialAction\":[{\"@type\":\"SearchAction\",\"target\":{\"@type\":\"EntryPoint\",\"urlTemplate\":\"https:\/\/diariodalagoa.pt\/?s={search_term_string}\"},\"query-input\":\"required name=search_term_string\"}],\"inLanguage\":\"es\"},{\"@type\":\"Person\",\"@id\":\"https:\/\/diariodalagoa.pt\/#\/schema\/person\/1615a002370e8857b6f972834bc43ece\",\"name\":\"Di\u00e1rio da Lagoa\",\"image\":{\"@type\":\"ImageObject\",\"inLanguage\":\"es\",\"@id\":\"https:\/\/diariodalagoa.pt\/#\/schema\/person\/image\/\",\"url\":\"https:\/\/secure.gravatar.com\/avatar\/2cb5cef90a26f8fbd4d9d930608102c5?s=96&d=mm&r=g\",\"contentUrl\":\"https:\/\/secure.gravatar.com\/avatar\/2cb5cef90a26f8fbd4d9d930608102c5?s=96&d=mm&r=g\",\"caption\":\"Di\u00e1rio da Lagoa\"},\"url\":\"https:\/\/diariodalagoa.pt\/es\/author\/diariodalagoa\/\"}]}<\/script>\n<!-- \/ Yoast SEO plugin. -->","yoast_head_json":{"title":"50 participantes em a\u00e7\u00e3o de sensibiliza\u00e7\u00e3o da C\u00e2mara Municipal de Vila Franca do Campo sobre o cagarro - Di\u00e1rio da Lagoa","robots":{"index":"index","follow":"follow","max-snippet":"max-snippet:-1","max-image-preview":"max-image-preview:large","max-video-preview":"max-video-preview:-1"},"canonical":"https:\/\/diariodalagoa.pt\/es\/50-participantes-em-acao-de-sensibilizacao-da-camara-municipal-de-vila-franca-do-campo-sobre-o-cagarro\/","og_locale":"es_ES","og_type":"article","og_title":"50 participantes em a\u00e7\u00e3o de sensibiliza\u00e7\u00e3o da C\u00e2mara Municipal de Vila Franca do Campo sobre o cagarro - Di\u00e1rio da Lagoa","og_description":"Cerca de 50 participantes marcaram presen\u00e7a na passada segunda feira, 3 de novembro, na a\u00e7\u00e3o de sensibiliza\u00e7\u00e3o organizada pela C\u00e2mara Municipal de Vila Franca do Campo sobre o cagarro, inserida na Campanha SOS Cagarro promovida pelo Governo Regional do A\u00e7ores.\u00a0 Segundo uma nota de imprensa da autarquia, na sess\u00e3o esclarecimento sobre o &#8220;Cagarro&#8221;, apresentada por [&hellip;]","og_url":"https:\/\/diariodalagoa.pt\/es\/50-participantes-em-acao-de-sensibilizacao-da-camara-municipal-de-vila-franca-do-campo-sobre-o-cagarro\/","og_site_name":"Di\u00e1rio da Lagoa","article_published_time":"2014-11-04T18:23:17+00:00","og_image":[{"width":720,"height":380,"url":"https:\/\/diariodalagoa.pt\/wp-content\/uploads\/2014\/11\/sos-cagarro-vila-franca-campo.jpg","type":"image\/jpeg"}],"author":"Di\u00e1rio da Lagoa","twitter_card":"summary_large_image","twitter_misc":{"Escrito por":"Di\u00e1rio da Lagoa","Tiempo de lectura":"1 minuto"},"schema":{"@context":"https:\/\/schema.org","@graph":[{"@type":"WebPage","@id":"https:\/\/diariodalagoa.pt\/50-participantes-em-acao-de-sensibilizacao-da-camara-municipal-de-vila-franca-do-campo-sobre-o-cagarro\/","url":"https:\/\/diariodalagoa.pt\/50-participantes-em-acao-de-sensibilizacao-da-camara-municipal-de-vila-franca-do-campo-sobre-o-cagarro\/","name":"50 participantes em a\u00e7\u00e3o de sensibiliza\u00e7\u00e3o da C\u00e2mara Municipal de Vila Franca do Campo sobre o cagarro - Di\u00e1rio da Lagoa","isPartOf":{"@id":"https:\/\/diariodalagoa.pt\/#website"},"datePublished":"2014-11-04T18:23:17+00:00","dateModified":"2014-11-04T18:23:17+00:00","author":{"@id":"https:\/\/diariodalagoa.pt\/#\/schema\/person\/1615a002370e8857b6f972834bc43ece"},"breadcrumb":{"@id":"https:\/\/diariodalagoa.pt\/50-participantes-em-acao-de-sensibilizacao-da-camara-municipal-de-vila-franca-do-campo-sobre-o-cagarro\/#breadcrumb"},"inLanguage":"es","potentialAction":[{"@type":"ReadAction","target":["https:\/\/diariodalagoa.pt\/50-participantes-em-acao-de-sensibilizacao-da-camara-municipal-de-vila-franca-do-campo-sobre-o-cagarro\/"]}]},{"@type":"BreadcrumbList","@id":"https:\/\/diariodalagoa.pt\/50-participantes-em-acao-de-sensibilizacao-da-camara-municipal-de-vila-franca-do-campo-sobre-o-cagarro\/#breadcrumb","itemListElement":[{"@type":"ListItem","position":1,"name":"In\u00edcio","item":"https:\/\/diariodalagoa.pt\/"},{"@type":"ListItem","position":2,"name":"50 participantes em a\u00e7\u00e3o de sensibiliza\u00e7\u00e3o da C\u00e2mara Municipal de Vila Franca do Campo sobre o cagarro"}]},{"@type":"WebSite","@id":"https:\/\/diariodalagoa.pt\/#website","url":"https:\/\/diariodalagoa.pt\/","name":"Di\u00e1rio da Lagoa","description":"Di\u00e1rio da Lagoa. As not\u00edcias que contam. A partir da Lagoa, nos A\u00e7ores, para o mundo.","potentialAction":[{"@type":"SearchAction","target":{"@type":"EntryPoint","urlTemplate":"https:\/\/diariodalagoa.pt\/?s={search_term_string}"},"query-input":"required name=search_term_string"}],"inLanguage":"es"},{"@type":"Person","@id":"https:\/\/diariodalagoa.pt\/#\/schema\/person\/1615a002370e8857b6f972834bc43ece","name":"Di\u00e1rio da Lagoa","image":{"@type":"ImageObject","inLanguage":"es","@id":"https:\/\/diariodalagoa.pt\/#\/schema\/person\/image\/","url":"https:\/\/secure.gravatar.com\/avatar\/2cb5cef90a26f8fbd4d9d930608102c5?s=96&d=mm&r=g","contentUrl":"https:\/\/secure.gravatar.com\/avatar\/2cb5cef90a26f8fbd4d9d930608102c5?s=96&d=mm&r=g","caption":"Di\u00e1rio da Lagoa"},"url":"https:\/\/diariodalagoa.pt\/es\/author\/diariodalagoa\/"}]}},"_links":{"self":[{"href":"https:\/\/diariodalagoa.pt\/es\/wp-json\/wp\/v2\/posts\/10922"}],"collection":[{"href":"https:\/\/diariodalagoa.pt\/es\/wp-json\/wp\/v2\/posts"}],"about":[{"href":"https:\/\/diariodalagoa.pt\/es\/wp-json\/wp\/v2\/types\/post"}],"author":[{"embeddable":true,"href":"https:\/\/diariodalagoa.pt\/es\/wp-json\/wp\/v2\/users\/2"}],"replies":[{"embeddable":true,"href":"https:\/\/diariodalagoa.pt\/es\/wp-json\/wp\/v2\/comments?post=10922"}],"version-history":[{"count":0,"href":"https:\/\/diariodalagoa.pt\/es\/wp-json\/wp\/v2\/posts\/10922\/revisions"}],"wp:featuredmedia":[{"embeddable":true,"href":"https:\/\/diariodalagoa.pt\/es\/wp-json\/wp\/v2\/media\/121705"}],"wp:attachment":[{"href":"https:\/\/diariodalagoa.pt\/es\/wp-json\/wp\/v2\/media?parent=10922"}],"wp:term":[{"taxonomy":"category","embeddable":true,"href":"https:\/\/diariodalagoa.pt\/es\/wp-json\/wp\/v2\/categories?post=10922"},{"taxonomy":"post_tag","embeddable":true,"href":"https:\/\/diariodalagoa.pt\/es\/wp-json\/wp\/v2\/tags?post=10922"}],"curies":[{"name":"wp","href":"https:\/\/api.w.org\/{rel}","templated":true}]}}