{"id":109101,"date":"2023-05-26T09:51:27","date_gmt":"2023-05-26T09:51:27","guid":{"rendered":"https:\/\/diariodalagoa.pt\/?p=109101"},"modified":"2025-06-27T16:03:20","modified_gmt":"2025-06-27T16:03:20","slug":"visita-guiada-e-comentada-a-vila-de-agua-de-pau-no-domingo","status":"publish","type":"post","link":"https:\/\/diariodalagoa.pt\/es\/visita-guiada-e-comentada-a-vila-de-agua-de-pau-no-domingo\/","title":{"rendered":"Visita guiada e comentada \u00e0 vila de \u00c1gua de Pau no domingo"},"content":{"rendered":"<figure class=\"wp-block-image size-full is-resized\"><img decoding=\"async\" src=\"https:\/\/diariodalagoa.pt\/wp-content\/uploads\/2023\/04\/agua-de-pau-vista-aerea.jpg\" alt=\"\" class=\"wp-image-108419\" width=\"840\" height=\"560\"\/><figcaption class=\"wp-element-caption\"><sup><mark style=\"background-color:rgba(0, 0, 0, 0)\" class=\"has-inline-color has-cyan-bluish-gray-color\">\u00a9\u00a0CM LAGOA<\/mark><\/sup><\/figcaption><\/figure>\n\n\n\n<p>A c\u00e2mara municipal da Lagoa, atrav\u00e9s do Museu da Lagoa \u2013 A\u00e7ores, vai realizar uma visita guiada e comentada sobre a hist\u00f3ria e patrim\u00f3nio da vila de \u00c1gua de Pau, no pr\u00f3ximo domingo, dia 28 de maio, com in\u00edcio pelas 14h00.<\/p>\n\n\n\n<p>O ponto de encontro para a visita ser\u00e1 no audit\u00f3rio Ferreira da Silva, na rua professor Jo\u00e3o Ferreira da Silva, antiga rua da Carreira, de onde os participantes partir\u00e3o para um percurso pedonal pelas ruas e patrim\u00f3nio da vila.<\/p>\n\n\n\n<p>A atividade ser\u00e1 gratuita, devendo, no entanto, os interessados realizar a sua inscri\u00e7\u00e3o, atrav\u00e9s do email <a href=\"mailto:museu@lagoa-acores.pt\">museu@lagoa-acores.pt<\/a>. Para mais informa\u00e7\u00f5es contatar atrav\u00e9s do telefone 296&nbsp;912&nbsp;510.<\/p>\n\n\n\n<p>A visita guiada contar\u00e1 com a participa\u00e7\u00e3o de alguns comentadores convidados, nomeadamente Roberto Medeiros, ex-vereador da c\u00e2mara da Lagoa e autor de v\u00e1rias obras sobre a vila de \u00c1gua de Pau, Malvina Sousa (professora), V\u00e2nia Pimentel (engenheira da autarquia) e o coronel Jos\u00e9 Salgado Martins.<\/p>\n\n\n\n<p>Desta forma, o Museu da Lagoa \u2013 A\u00e7ores, atrav\u00e9s do N\u00facleo Museol\u00f3gico Mercearia Central \u2013 Casa Tradicional, ir\u00e1 realizar um passeio num percurso de cerca de 2h30, que conduzir\u00e1 os participantes a espa\u00e7os p\u00fablicos ao ar livre, espa\u00e7os museol\u00f3gicos, edif\u00edcios com valor hist\u00f3rico e patrimonial e paisagens.<\/p>\n\n\n\n<p>Alguns dos espa\u00e7os a visitar ser\u00e3o o edif\u00edcio da junta de freguesia de \u00c1gua de Pau e jardim (constru\u00eddo no s\u00e9culo XVIII pela fam\u00edlia do \u00faltimo capit\u00e3o-mor), o edif\u00edcio da Casa do Povo (casa do capit\u00e3o-mor de \u00c1gua de Pau, sendo a maior casa nobre desta vila), uma moagem, o N\u00facleo Museol\u00f3gico Mercearia Central \u2013 Casa Tradicional, a Casa das Lavadeiras e a igreja de Nossa Senhora dos Anjos. <\/p>\n\n\n\n<p>O objetivo desta a\u00e7\u00e3o \u00e9 dar a conhecer o valor do patrim\u00f3nio cultural da vila de \u00c1gua de Pau, englobando uma multiplicidade de lugares de mem\u00f3ria que giram em torno de elementos t\u00e3o diversificados como of\u00edcios tradicionais, patrim\u00f3nio edificado ou evoca\u00e7\u00e3o de acontecimentos da hist\u00f3ria local como, por exemplo, os 338 anos de vila e sede do concelho.<\/p>","protected":false},"excerpt":{"rendered":"<p>A c\u00e2mara municipal da Lagoa, atrav\u00e9s do Museu da Lagoa \u2013 A\u00e7ores, vai realizar uma visita guiada e comentada sobre a hist\u00f3ria e patrim\u00f3nio da vila de \u00c1gua de Pau, no pr\u00f3ximo domingo, dia 28 de maio, com in\u00edcio pelas 14h00. O ponto de encontro para a visita ser\u00e1 no audit\u00f3rio Ferreira da Silva, na [&hellip;]<\/p>","protected":false},"author":2,"featured_media":110338,"comment_status":"open","ping_status":"closed","sticky":false,"template":"","format":"standard","meta":[],"categories":[21],"tags":[],"acf":[],"yoast_head":"<!-- This site is optimized with the Yoast SEO plugin v20.10 - https:\/\/yoast.com\/wordpress\/plugins\/seo\/ -->\n<title>Visita guiada e comentada \u00e0 vila de \u00c1gua de Pau no domingo - Di\u00e1rio da Lagoa<\/title>\n<meta name=\"description\" content=\"Ponto de encontro ser\u00e1 no audit\u00f3rio Ferreira da Silva. Participa\u00e7\u00e3o \u00e9 gratuita, mas carece de inscri\u00e7\u00e3o pr\u00e9via.\" \/>\n<meta name=\"robots\" content=\"index, follow, max-snippet:-1, max-image-preview:large, max-video-preview:-1\" \/>\n<link rel=\"canonical\" href=\"https:\/\/diariodalagoa.pt\/es\/visita-guiada-e-comentada-a-vila-de-agua-de-pau-no-domingo\/\" \/>\n<meta property=\"og:locale\" content=\"es_ES\" \/>\n<meta property=\"og:type\" content=\"article\" \/>\n<meta property=\"og:title\" content=\"Visita guiada e comentada \u00e0 vila de \u00c1gua de Pau no domingo - Di\u00e1rio da Lagoa\" \/>\n<meta property=\"og:description\" content=\"Ponto de encontro ser\u00e1 no audit\u00f3rio Ferreira da Silva. Participa\u00e7\u00e3o \u00e9 gratuita, mas carece de inscri\u00e7\u00e3o pr\u00e9via.\" \/>\n<meta property=\"og:url\" content=\"https:\/\/diariodalagoa.pt\/es\/visita-guiada-e-comentada-a-vila-de-agua-de-pau-no-domingo\/\" \/>\n<meta property=\"og:site_name\" content=\"Di\u00e1rio da Lagoa\" \/>\n<meta property=\"article:published_time\" content=\"2023-05-26T09:51:27+00:00\" \/>\n<meta property=\"article:modified_time\" content=\"2025-06-27T16:03:20+00:00\" \/>\n<meta property=\"og:image\" content=\"https:\/\/diariodalagoa.pt\/wp-content\/uploads\/2023\/05\/agua-de-pau-vista-aerea.jpg\" \/>\n\t<meta property=\"og:image:width\" content=\"960\" \/>\n\t<meta property=\"og:image:height\" content=\"640\" \/>\n\t<meta property=\"og:image:type\" content=\"image\/jpeg\" \/>\n<meta name=\"author\" content=\"Di\u00e1rio da Lagoa\" \/>\n<meta name=\"twitter:card\" content=\"summary_large_image\" \/>\n<meta name=\"twitter:label1\" content=\"Escrito por\" \/>\n\t<meta name=\"twitter:data1\" content=\"Di\u00e1rio da Lagoa\" \/>\n\t<meta name=\"twitter:label2\" content=\"Tiempo de lectura\" \/>\n\t<meta name=\"twitter:data2\" content=\"2 minutos\" \/>\n<script type=\"application\/ld+json\" class=\"yoast-schema-graph\">{\"@context\":\"https:\/\/schema.org\",\"@graph\":[{\"@type\":\"WebPage\",\"@id\":\"https:\/\/diariodalagoa.pt\/visita-guiada-e-comentada-a-vila-de-agua-de-pau-no-domingo\/\",\"url\":\"https:\/\/diariodalagoa.pt\/visita-guiada-e-comentada-a-vila-de-agua-de-pau-no-domingo\/\",\"name\":\"Visita guiada e comentada \u00e0 vila de \u00c1gua de Pau no domingo - Di\u00e1rio da Lagoa\",\"isPartOf\":{\"@id\":\"https:\/\/diariodalagoa.pt\/#website\"},\"datePublished\":\"2023-05-26T09:51:27+00:00\",\"dateModified\":\"2025-06-27T16:03:20+00:00\",\"author\":{\"@id\":\"https:\/\/diariodalagoa.pt\/#\/schema\/person\/1615a002370e8857b6f972834bc43ece\"},\"description\":\"Ponto de encontro ser\u00e1 no audit\u00f3rio Ferreira da Silva. Participa\u00e7\u00e3o \u00e9 gratuita, mas carece de inscri\u00e7\u00e3o pr\u00e9via.\",\"breadcrumb\":{\"@id\":\"https:\/\/diariodalagoa.pt\/visita-guiada-e-comentada-a-vila-de-agua-de-pau-no-domingo\/#breadcrumb\"},\"inLanguage\":\"es\",\"potentialAction\":[{\"@type\":\"ReadAction\",\"target\":[\"https:\/\/diariodalagoa.pt\/visita-guiada-e-comentada-a-vila-de-agua-de-pau-no-domingo\/\"]}]},{\"@type\":\"BreadcrumbList\",\"@id\":\"https:\/\/diariodalagoa.pt\/visita-guiada-e-comentada-a-vila-de-agua-de-pau-no-domingo\/#breadcrumb\",\"itemListElement\":[{\"@type\":\"ListItem\",\"position\":1,\"name\":\"In\u00edcio\",\"item\":\"https:\/\/diariodalagoa.pt\/\"},{\"@type\":\"ListItem\",\"position\":2,\"name\":\"Visita guiada e comentada \u00e0 vila de \u00c1gua de Pau no domingo\"}]},{\"@type\":\"WebSite\",\"@id\":\"https:\/\/diariodalagoa.pt\/#website\",\"url\":\"https:\/\/diariodalagoa.pt\/\",\"name\":\"Di\u00e1rio da Lagoa\",\"description\":\"Di\u00e1rio da Lagoa. As not\u00edcias que contam. A partir da Lagoa, nos A\u00e7ores, para o mundo.\",\"potentialAction\":[{\"@type\":\"SearchAction\",\"target\":{\"@type\":\"EntryPoint\",\"urlTemplate\":\"https:\/\/diariodalagoa.pt\/?s={search_term_string}\"},\"query-input\":\"required name=search_term_string\"}],\"inLanguage\":\"es\"},{\"@type\":\"Person\",\"@id\":\"https:\/\/diariodalagoa.pt\/#\/schema\/person\/1615a002370e8857b6f972834bc43ece\",\"name\":\"Di\u00e1rio da Lagoa\",\"image\":{\"@type\":\"ImageObject\",\"inLanguage\":\"es\",\"@id\":\"https:\/\/diariodalagoa.pt\/#\/schema\/person\/image\/\",\"url\":\"https:\/\/secure.gravatar.com\/avatar\/2cb5cef90a26f8fbd4d9d930608102c5?s=96&d=mm&r=g\",\"contentUrl\":\"https:\/\/secure.gravatar.com\/avatar\/2cb5cef90a26f8fbd4d9d930608102c5?s=96&d=mm&r=g\",\"caption\":\"Di\u00e1rio da Lagoa\"},\"url\":\"https:\/\/diariodalagoa.pt\/es\/author\/diariodalagoa\/\"}]}<\/script>\n<!-- \/ Yoast SEO plugin. -->","yoast_head_json":{"title":"Visita guiada e comentada \u00e0 vila de \u00c1gua de Pau no domingo - Di\u00e1rio da Lagoa","description":"Ponto de encontro ser\u00e1 no audit\u00f3rio Ferreira da Silva. Participa\u00e7\u00e3o \u00e9 gratuita, mas carece de inscri\u00e7\u00e3o pr\u00e9via.","robots":{"index":"index","follow":"follow","max-snippet":"max-snippet:-1","max-image-preview":"max-image-preview:large","max-video-preview":"max-video-preview:-1"},"canonical":"https:\/\/diariodalagoa.pt\/es\/visita-guiada-e-comentada-a-vila-de-agua-de-pau-no-domingo\/","og_locale":"es_ES","og_type":"article","og_title":"Visita guiada e comentada \u00e0 vila de \u00c1gua de Pau no domingo - Di\u00e1rio da Lagoa","og_description":"Ponto de encontro ser\u00e1 no audit\u00f3rio Ferreira da Silva. Participa\u00e7\u00e3o \u00e9 gratuita, mas carece de inscri\u00e7\u00e3o pr\u00e9via.","og_url":"https:\/\/diariodalagoa.pt\/es\/visita-guiada-e-comentada-a-vila-de-agua-de-pau-no-domingo\/","og_site_name":"Di\u00e1rio da Lagoa","article_published_time":"2023-05-26T09:51:27+00:00","article_modified_time":"2025-06-27T16:03:20+00:00","og_image":[{"width":960,"height":640,"url":"https:\/\/diariodalagoa.pt\/wp-content\/uploads\/2023\/05\/agua-de-pau-vista-aerea.jpg","type":"image\/jpeg"}],"author":"Di\u00e1rio da Lagoa","twitter_card":"summary_large_image","twitter_misc":{"Escrito por":"Di\u00e1rio da Lagoa","Tiempo de lectura":"2 minutos"},"schema":{"@context":"https:\/\/schema.org","@graph":[{"@type":"WebPage","@id":"https:\/\/diariodalagoa.pt\/visita-guiada-e-comentada-a-vila-de-agua-de-pau-no-domingo\/","url":"https:\/\/diariodalagoa.pt\/visita-guiada-e-comentada-a-vila-de-agua-de-pau-no-domingo\/","name":"Visita guiada e comentada \u00e0 vila de \u00c1gua de Pau no domingo - Di\u00e1rio da Lagoa","isPartOf":{"@id":"https:\/\/diariodalagoa.pt\/#website"},"datePublished":"2023-05-26T09:51:27+00:00","dateModified":"2025-06-27T16:03:20+00:00","author":{"@id":"https:\/\/diariodalagoa.pt\/#\/schema\/person\/1615a002370e8857b6f972834bc43ece"},"description":"Ponto de encontro ser\u00e1 no audit\u00f3rio Ferreira da Silva. Participa\u00e7\u00e3o \u00e9 gratuita, mas carece de inscri\u00e7\u00e3o pr\u00e9via.","breadcrumb":{"@id":"https:\/\/diariodalagoa.pt\/visita-guiada-e-comentada-a-vila-de-agua-de-pau-no-domingo\/#breadcrumb"},"inLanguage":"es","potentialAction":[{"@type":"ReadAction","target":["https:\/\/diariodalagoa.pt\/visita-guiada-e-comentada-a-vila-de-agua-de-pau-no-domingo\/"]}]},{"@type":"BreadcrumbList","@id":"https:\/\/diariodalagoa.pt\/visita-guiada-e-comentada-a-vila-de-agua-de-pau-no-domingo\/#breadcrumb","itemListElement":[{"@type":"ListItem","position":1,"name":"In\u00edcio","item":"https:\/\/diariodalagoa.pt\/"},{"@type":"ListItem","position":2,"name":"Visita guiada e comentada \u00e0 vila de \u00c1gua de Pau no domingo"}]},{"@type":"WebSite","@id":"https:\/\/diariodalagoa.pt\/#website","url":"https:\/\/diariodalagoa.pt\/","name":"Di\u00e1rio da Lagoa","description":"Di\u00e1rio da Lagoa. As not\u00edcias que contam. A partir da Lagoa, nos A\u00e7ores, para o mundo.","potentialAction":[{"@type":"SearchAction","target":{"@type":"EntryPoint","urlTemplate":"https:\/\/diariodalagoa.pt\/?s={search_term_string}"},"query-input":"required name=search_term_string"}],"inLanguage":"es"},{"@type":"Person","@id":"https:\/\/diariodalagoa.pt\/#\/schema\/person\/1615a002370e8857b6f972834bc43ece","name":"Di\u00e1rio da Lagoa","image":{"@type":"ImageObject","inLanguage":"es","@id":"https:\/\/diariodalagoa.pt\/#\/schema\/person\/image\/","url":"https:\/\/secure.gravatar.com\/avatar\/2cb5cef90a26f8fbd4d9d930608102c5?s=96&d=mm&r=g","contentUrl":"https:\/\/secure.gravatar.com\/avatar\/2cb5cef90a26f8fbd4d9d930608102c5?s=96&d=mm&r=g","caption":"Di\u00e1rio da Lagoa"},"url":"https:\/\/diariodalagoa.pt\/es\/author\/diariodalagoa\/"}]}},"_links":{"self":[{"href":"https:\/\/diariodalagoa.pt\/es\/wp-json\/wp\/v2\/posts\/109101"}],"collection":[{"href":"https:\/\/diariodalagoa.pt\/es\/wp-json\/wp\/v2\/posts"}],"about":[{"href":"https:\/\/diariodalagoa.pt\/es\/wp-json\/wp\/v2\/types\/post"}],"author":[{"embeddable":true,"href":"https:\/\/diariodalagoa.pt\/es\/wp-json\/wp\/v2\/users\/2"}],"replies":[{"embeddable":true,"href":"https:\/\/diariodalagoa.pt\/es\/wp-json\/wp\/v2\/comments?post=109101"}],"version-history":[{"count":1,"href":"https:\/\/diariodalagoa.pt\/es\/wp-json\/wp\/v2\/posts\/109101\/revisions"}],"predecessor-version":[{"id":157295,"href":"https:\/\/diariodalagoa.pt\/es\/wp-json\/wp\/v2\/posts\/109101\/revisions\/157295"}],"wp:featuredmedia":[{"embeddable":true,"href":"https:\/\/diariodalagoa.pt\/es\/wp-json\/wp\/v2\/media\/110338"}],"wp:attachment":[{"href":"https:\/\/diariodalagoa.pt\/es\/wp-json\/wp\/v2\/media?parent=109101"}],"wp:term":[{"taxonomy":"category","embeddable":true,"href":"https:\/\/diariodalagoa.pt\/es\/wp-json\/wp\/v2\/categories?post=109101"},{"taxonomy":"post_tag","embeddable":true,"href":"https:\/\/diariodalagoa.pt\/es\/wp-json\/wp\/v2\/tags?post=109101"}],"curies":[{"name":"wp","href":"https:\/\/api.w.org\/{rel}","templated":true}]}}