{"id":10910,"date":"2014-11-04T13:37:16","date_gmt":"2014-11-04T14:37:16","guid":{"rendered":"http:\/\/diariodalagoa.pt\/?p=10910"},"modified":"2014-11-04T13:37:16","modified_gmt":"2014-11-04T14:37:16","slug":"direcao-regional-da-juventude-participa-nas-jornadas-da-juventude-empreendedora-na-horta","status":"publish","type":"post","link":"https:\/\/diariodalagoa.pt\/es\/direcao-regional-da-juventude-participa-nas-jornadas-da-juventude-empreendedora-na-horta\/","title":{"rendered":"Dire\u00e7\u00e3o Regional da Juventude participa nas Jornadas da Juventude Empreendedora, na Horta"},"content":{"rendered":"<p style=\"text-align: justify;\"><img decoding=\"async\" class=\"alignnone size-full wp-image-10911\" src=\"http:\/\/diariodalagoa.pt\/wp-content\/uploads\/2014\/11\/Faial-A\u00e7ores-cidade-horta.jpg\" alt=\"Faial-A\u00e7ores-cidade-horta\" width=\"720\" height=\"380\" \/><\/p>\n<p style=\"text-align: justify;\"><span style=\"color: #000000;\">A Dire\u00e7\u00e3o Regional da Juventude participa, entre 6 e 8 de novembro, nas I Jornadas da Juventude Empreendedora, que se realizam no \u00e2mbito do F\u00f3rum Municipal da Juventude da Horta, no Faial.<\/span><\/p>\n<p style=\"text-align: justify;\"><span style=\"color: #000000;\">No primeiro painel deste f\u00f3rum, denominado \u201cDesafios profissionais: contributo do empreendedorismo jovem nas escolas\u201d, v\u00e3o ser apresentados os resultados das quatro edi\u00e7\u00f5es anuais do projeto \u201cEduca\u00e7\u00e3o Empreendedora: O Caminho do Sucesso\u201d, uma iniciativa da Dire\u00e7\u00e3o Regional da Juventude que resulta numa aposta na educa\u00e7\u00e3o para o empreendedorismo nas escolas dos A\u00e7ores.\u00a0<\/span><\/p>\n<p style=\"text-align: justify;\"><span style=\"color: #000000;\">O convite da C\u00e2mara Municipal da Horta acentua a relev\u00e2ncia que tem vindo a assumir este projeto pedag\u00f3gico, composto por conjunto de atividades did\u00e1ticas ministradas por professores em sala de aula, que j\u00e1 foi aplicado em cerca de 500 turmas de 45 escolas do ensino b\u00e1sico, secund\u00e1rio e profissional, envolvendo 170 docentes formados para o efeito e cerca de 10 mil alunos.\u00a0<\/span><\/p>\n<p style=\"text-align: justify;\"><span style=\"color: #000000;\">Cada edi\u00e7\u00e3o anual do projeto \u201cEduca\u00e7\u00e3o Empreendedora:\u00a0O Caminho do Sucesso\u201d termina com a realiza\u00e7\u00e3o de um concurso regional de ideias de neg\u00f3cio, que \u00e9 a face mais vis\u00edvel deste projeto, onde uma equipa de cada escola apresenta a sua ideia e plano de neg\u00f3cio a um j\u00fari especializado, que os avalia e decide os vencedores.\u00a0<\/span><\/p>\n<p style=\"text-align: justify;\"><span style=\"color: #000000;\">O primeiro pr\u00e9mio \u00e9 uma miss\u00e3o de empreendedorismo em Lisboa, com a dura\u00e7\u00e3o de quatro dias.\u00a0<\/span><\/p>\n<p style=\"text-align: justify;\"><span style=\"color: #000000;\">No segundo dia destas Jornadas da Juventude Empreendedora, a Dire\u00e7\u00e3o Regional da Juventude vai apresentar outros programas destinados a jovens, com especial destaque para o programa \u201cErasmus+: Juventude em A\u00e7\u00e3o\u201d.\u00a0<\/span><\/p>\n<p style=\"text-align: justify;\"><span style=\"color: #000000;\">Em simult\u00e2neo com a realiza\u00e7\u00e3o das jornadas, est\u00e1 a decorrer nas escolas das ilhas do Faial, Pico e S\u00e3o Jorge a primeira visita de acompanhamento da quinta edi\u00e7\u00e3o do projeto \u201cEduca\u00e7\u00e3o Empreendedora: O Caminho do Sucesso\u201d.\u00a0<\/span><\/p>\n<p style=\"text-align: justify;\"><span style=\"color: #000000;\">Esta edi\u00e7\u00e3o tem como principais inova\u00e7\u00f5es a aplica\u00e7\u00e3o do projeto em 10 turmas do 1.\u00ba Ciclo com recurso a um pacote pedag\u00f3gico criado para o efeito, na forma de um jogo interativo online, implementado pela primeira vez no pa\u00eds, mas tamb\u00e9m uma a\u00e7\u00e3o de forma\u00e7\u00e3o acreditada para aprofundamento de conhecimentos, destinada aos professores que j\u00e1 est\u00e3o no projeto h\u00e1 v\u00e1rios anos e que se realizar\u00e1 em fevereiro de 2015, assim como o Concurso IdeiA\u00e7ores em formato de \u2018campo de ver\u00e3o\u2019, com a dura\u00e7\u00e3o de quatro dias, ap\u00f3s o encerramento do ano letivo.\u00a0<\/span><\/p>\n<p style=\"text-align: justify;\"><span style=\"color: #000000;\">A Dire\u00e7\u00e3o Regional da Juventude pretende, no futuro, estender a educa\u00e7\u00e3o empreendedora ao ensino n\u00e3o formal, envolvendo associa\u00e7\u00f5es juvenis, diversificar a forma\u00e7\u00e3o com a realiza\u00e7\u00e3o de um \u2018bootcamp\u2019 em Empreendedorismo Social e apoiar a incuba\u00e7\u00e3o de ideias de neg\u00f3cio de jovens.<\/span><\/p>\n<p style=\"text-align: justify;\"><span style=\"color: #000000;\"><em>DL\/GaCS<\/em><\/span><\/p>","protected":false},"excerpt":{"rendered":"<p>A Dire\u00e7\u00e3o Regional da Juventude participa, entre 6 e 8 de novembro, nas I Jornadas da Juventude Empreendedora, que se realizam no \u00e2mbito do F\u00f3rum Municipal da Juventude da Horta, no Faial. No primeiro painel deste f\u00f3rum, denominado \u201cDesafios profissionais: contributo do empreendedorismo jovem nas escolas\u201d, v\u00e3o ser apresentados os resultados das quatro edi\u00e7\u00f5es anuais [&hellip;]<\/p>","protected":false},"author":2,"featured_media":0,"comment_status":"open","ping_status":"open","sticky":false,"template":"","format":"standard","meta":[],"categories":[21],"tags":[],"acf":[],"yoast_head":"<!-- This site is optimized with the Yoast SEO plugin v20.10 - https:\/\/yoast.com\/wordpress\/plugins\/seo\/ -->\n<title>Dire\u00e7\u00e3o Regional da Juventude participa nas Jornadas da Juventude Empreendedora, na Horta - Di\u00e1rio da Lagoa<\/title>\n<meta name=\"robots\" content=\"index, follow, max-snippet:-1, max-image-preview:large, max-video-preview:-1\" \/>\n<link rel=\"canonical\" href=\"https:\/\/diariodalagoa.pt\/es\/direcao-regional-da-juventude-participa-nas-jornadas-da-juventude-empreendedora-na-horta\/\" \/>\n<meta property=\"og:locale\" content=\"es_ES\" \/>\n<meta property=\"og:type\" content=\"article\" \/>\n<meta property=\"og:title\" content=\"Dire\u00e7\u00e3o Regional da Juventude participa nas Jornadas da Juventude Empreendedora, na Horta - Di\u00e1rio da Lagoa\" \/>\n<meta property=\"og:description\" content=\"A Dire\u00e7\u00e3o Regional da Juventude participa, entre 6 e 8 de novembro, nas I Jornadas da Juventude Empreendedora, que se realizam no \u00e2mbito do F\u00f3rum Municipal da Juventude da Horta, no Faial. No primeiro painel deste f\u00f3rum, denominado \u201cDesafios profissionais: contributo do empreendedorismo jovem nas escolas\u201d, v\u00e3o ser apresentados os resultados das quatro edi\u00e7\u00f5es anuais [&hellip;]\" \/>\n<meta property=\"og:url\" content=\"https:\/\/diariodalagoa.pt\/es\/direcao-regional-da-juventude-participa-nas-jornadas-da-juventude-empreendedora-na-horta\/\" \/>\n<meta property=\"og:site_name\" content=\"Di\u00e1rio da Lagoa\" \/>\n<meta property=\"article:published_time\" content=\"2014-11-04T14:37:16+00:00\" \/>\n<meta name=\"author\" content=\"Di\u00e1rio da Lagoa\" \/>\n<meta name=\"twitter:card\" content=\"summary_large_image\" \/>\n<meta name=\"twitter:label1\" content=\"Escrito por\" \/>\n\t<meta name=\"twitter:data1\" content=\"Di\u00e1rio da Lagoa\" \/>\n\t<meta name=\"twitter:label2\" content=\"Tiempo de lectura\" \/>\n\t<meta name=\"twitter:data2\" content=\"2 minutos\" \/>\n<script type=\"application\/ld+json\" class=\"yoast-schema-graph\">{\"@context\":\"https:\/\/schema.org\",\"@graph\":[{\"@type\":\"WebPage\",\"@id\":\"https:\/\/diariodalagoa.pt\/direcao-regional-da-juventude-participa-nas-jornadas-da-juventude-empreendedora-na-horta\/\",\"url\":\"https:\/\/diariodalagoa.pt\/direcao-regional-da-juventude-participa-nas-jornadas-da-juventude-empreendedora-na-horta\/\",\"name\":\"Dire\u00e7\u00e3o Regional da Juventude participa nas Jornadas da Juventude Empreendedora, na Horta - Di\u00e1rio da Lagoa\",\"isPartOf\":{\"@id\":\"https:\/\/diariodalagoa.pt\/#website\"},\"datePublished\":\"2014-11-04T14:37:16+00:00\",\"dateModified\":\"2014-11-04T14:37:16+00:00\",\"author\":{\"@id\":\"https:\/\/diariodalagoa.pt\/#\/schema\/person\/1615a002370e8857b6f972834bc43ece\"},\"breadcrumb\":{\"@id\":\"https:\/\/diariodalagoa.pt\/direcao-regional-da-juventude-participa-nas-jornadas-da-juventude-empreendedora-na-horta\/#breadcrumb\"},\"inLanguage\":\"es\",\"potentialAction\":[{\"@type\":\"ReadAction\",\"target\":[\"https:\/\/diariodalagoa.pt\/direcao-regional-da-juventude-participa-nas-jornadas-da-juventude-empreendedora-na-horta\/\"]}]},{\"@type\":\"BreadcrumbList\",\"@id\":\"https:\/\/diariodalagoa.pt\/direcao-regional-da-juventude-participa-nas-jornadas-da-juventude-empreendedora-na-horta\/#breadcrumb\",\"itemListElement\":[{\"@type\":\"ListItem\",\"position\":1,\"name\":\"In\u00edcio\",\"item\":\"https:\/\/diariodalagoa.pt\/\"},{\"@type\":\"ListItem\",\"position\":2,\"name\":\"Dire\u00e7\u00e3o Regional da Juventude participa nas Jornadas da Juventude Empreendedora, na Horta\"}]},{\"@type\":\"WebSite\",\"@id\":\"https:\/\/diariodalagoa.pt\/#website\",\"url\":\"https:\/\/diariodalagoa.pt\/\",\"name\":\"Di\u00e1rio da Lagoa\",\"description\":\"Di\u00e1rio da Lagoa. As not\u00edcias que contam. A partir da Lagoa, nos A\u00e7ores, para o mundo.\",\"potentialAction\":[{\"@type\":\"SearchAction\",\"target\":{\"@type\":\"EntryPoint\",\"urlTemplate\":\"https:\/\/diariodalagoa.pt\/?s={search_term_string}\"},\"query-input\":\"required name=search_term_string\"}],\"inLanguage\":\"es\"},{\"@type\":\"Person\",\"@id\":\"https:\/\/diariodalagoa.pt\/#\/schema\/person\/1615a002370e8857b6f972834bc43ece\",\"name\":\"Di\u00e1rio da Lagoa\",\"image\":{\"@type\":\"ImageObject\",\"inLanguage\":\"es\",\"@id\":\"https:\/\/diariodalagoa.pt\/#\/schema\/person\/image\/\",\"url\":\"https:\/\/secure.gravatar.com\/avatar\/2cb5cef90a26f8fbd4d9d930608102c5?s=96&d=mm&r=g\",\"contentUrl\":\"https:\/\/secure.gravatar.com\/avatar\/2cb5cef90a26f8fbd4d9d930608102c5?s=96&d=mm&r=g\",\"caption\":\"Di\u00e1rio da Lagoa\"},\"url\":\"https:\/\/diariodalagoa.pt\/es\/author\/diariodalagoa\/\"}]}<\/script>\n<!-- \/ Yoast SEO plugin. -->","yoast_head_json":{"title":"Dire\u00e7\u00e3o Regional da Juventude participa nas Jornadas da Juventude Empreendedora, na Horta - Di\u00e1rio da Lagoa","robots":{"index":"index","follow":"follow","max-snippet":"max-snippet:-1","max-image-preview":"max-image-preview:large","max-video-preview":"max-video-preview:-1"},"canonical":"https:\/\/diariodalagoa.pt\/es\/direcao-regional-da-juventude-participa-nas-jornadas-da-juventude-empreendedora-na-horta\/","og_locale":"es_ES","og_type":"article","og_title":"Dire\u00e7\u00e3o Regional da Juventude participa nas Jornadas da Juventude Empreendedora, na Horta - Di\u00e1rio da Lagoa","og_description":"A Dire\u00e7\u00e3o Regional da Juventude participa, entre 6 e 8 de novembro, nas I Jornadas da Juventude Empreendedora, que se realizam no \u00e2mbito do F\u00f3rum Municipal da Juventude da Horta, no Faial. No primeiro painel deste f\u00f3rum, denominado \u201cDesafios profissionais: contributo do empreendedorismo jovem nas escolas\u201d, v\u00e3o ser apresentados os resultados das quatro edi\u00e7\u00f5es anuais [&hellip;]","og_url":"https:\/\/diariodalagoa.pt\/es\/direcao-regional-da-juventude-participa-nas-jornadas-da-juventude-empreendedora-na-horta\/","og_site_name":"Di\u00e1rio da Lagoa","article_published_time":"2014-11-04T14:37:16+00:00","author":"Di\u00e1rio da Lagoa","twitter_card":"summary_large_image","twitter_misc":{"Escrito por":"Di\u00e1rio da Lagoa","Tiempo de lectura":"2 minutos"},"schema":{"@context":"https:\/\/schema.org","@graph":[{"@type":"WebPage","@id":"https:\/\/diariodalagoa.pt\/direcao-regional-da-juventude-participa-nas-jornadas-da-juventude-empreendedora-na-horta\/","url":"https:\/\/diariodalagoa.pt\/direcao-regional-da-juventude-participa-nas-jornadas-da-juventude-empreendedora-na-horta\/","name":"Dire\u00e7\u00e3o Regional da Juventude participa nas Jornadas da Juventude Empreendedora, na Horta - Di\u00e1rio da Lagoa","isPartOf":{"@id":"https:\/\/diariodalagoa.pt\/#website"},"datePublished":"2014-11-04T14:37:16+00:00","dateModified":"2014-11-04T14:37:16+00:00","author":{"@id":"https:\/\/diariodalagoa.pt\/#\/schema\/person\/1615a002370e8857b6f972834bc43ece"},"breadcrumb":{"@id":"https:\/\/diariodalagoa.pt\/direcao-regional-da-juventude-participa-nas-jornadas-da-juventude-empreendedora-na-horta\/#breadcrumb"},"inLanguage":"es","potentialAction":[{"@type":"ReadAction","target":["https:\/\/diariodalagoa.pt\/direcao-regional-da-juventude-participa-nas-jornadas-da-juventude-empreendedora-na-horta\/"]}]},{"@type":"BreadcrumbList","@id":"https:\/\/diariodalagoa.pt\/direcao-regional-da-juventude-participa-nas-jornadas-da-juventude-empreendedora-na-horta\/#breadcrumb","itemListElement":[{"@type":"ListItem","position":1,"name":"In\u00edcio","item":"https:\/\/diariodalagoa.pt\/"},{"@type":"ListItem","position":2,"name":"Dire\u00e7\u00e3o Regional da Juventude participa nas Jornadas da Juventude Empreendedora, na Horta"}]},{"@type":"WebSite","@id":"https:\/\/diariodalagoa.pt\/#website","url":"https:\/\/diariodalagoa.pt\/","name":"Di\u00e1rio da Lagoa","description":"Di\u00e1rio da Lagoa. As not\u00edcias que contam. A partir da Lagoa, nos A\u00e7ores, para o mundo.","potentialAction":[{"@type":"SearchAction","target":{"@type":"EntryPoint","urlTemplate":"https:\/\/diariodalagoa.pt\/?s={search_term_string}"},"query-input":"required name=search_term_string"}],"inLanguage":"es"},{"@type":"Person","@id":"https:\/\/diariodalagoa.pt\/#\/schema\/person\/1615a002370e8857b6f972834bc43ece","name":"Di\u00e1rio da Lagoa","image":{"@type":"ImageObject","inLanguage":"es","@id":"https:\/\/diariodalagoa.pt\/#\/schema\/person\/image\/","url":"https:\/\/secure.gravatar.com\/avatar\/2cb5cef90a26f8fbd4d9d930608102c5?s=96&d=mm&r=g","contentUrl":"https:\/\/secure.gravatar.com\/avatar\/2cb5cef90a26f8fbd4d9d930608102c5?s=96&d=mm&r=g","caption":"Di\u00e1rio da Lagoa"},"url":"https:\/\/diariodalagoa.pt\/es\/author\/diariodalagoa\/"}]}},"_links":{"self":[{"href":"https:\/\/diariodalagoa.pt\/es\/wp-json\/wp\/v2\/posts\/10910"}],"collection":[{"href":"https:\/\/diariodalagoa.pt\/es\/wp-json\/wp\/v2\/posts"}],"about":[{"href":"https:\/\/diariodalagoa.pt\/es\/wp-json\/wp\/v2\/types\/post"}],"author":[{"embeddable":true,"href":"https:\/\/diariodalagoa.pt\/es\/wp-json\/wp\/v2\/users\/2"}],"replies":[{"embeddable":true,"href":"https:\/\/diariodalagoa.pt\/es\/wp-json\/wp\/v2\/comments?post=10910"}],"version-history":[{"count":0,"href":"https:\/\/diariodalagoa.pt\/es\/wp-json\/wp\/v2\/posts\/10910\/revisions"}],"wp:attachment":[{"href":"https:\/\/diariodalagoa.pt\/es\/wp-json\/wp\/v2\/media?parent=10910"}],"wp:term":[{"taxonomy":"category","embeddable":true,"href":"https:\/\/diariodalagoa.pt\/es\/wp-json\/wp\/v2\/categories?post=10910"},{"taxonomy":"post_tag","embeddable":true,"href":"https:\/\/diariodalagoa.pt\/es\/wp-json\/wp\/v2\/tags?post=10910"}],"curies":[{"name":"wp","href":"https:\/\/api.w.org\/{rel}","templated":true}]}}