{"id":10908,"date":"2014-11-04T14:48:24","date_gmt":"2014-11-04T15:48:24","guid":{"rendered":"http:\/\/diariodalagoa.pt\/?p=10908"},"modified":"2014-11-04T14:48:24","modified_gmt":"2014-11-04T15:48:24","slug":"mais-de-120-milhoes-de-pessoas-em-risco-de-pobreza-ou-de-exclusao-social-na-ue-em-2013","status":"publish","type":"post","link":"https:\/\/diariodalagoa.pt\/es\/mais-de-120-milhoes-de-pessoas-em-risco-de-pobreza-ou-de-exclusao-social-na-ue-em-2013\/","title":{"rendered":"Mais de 120 milh\u00f5es de pessoas em risco de pobreza ou de exclus\u00e3o social na UE em 2013"},"content":{"rendered":"<p style=\"text-align: justify;\"><img decoding=\"async\" class=\"alignnone wp-image-2731 size-full\" src=\"http:\/\/diariodalagoa.pt\/wp-content\/uploads\/2014\/04\/Sem-Abrigo-peditorio-ajuda-.jpg\" alt=\"Sem-Abrigo-peditorio-ajuda-\" width=\"720\" height=\"381\" \/><\/p>\n<p style=\"text-align: justify;\"><span style=\"color: rgb(0, 0, 0);\">Em 2013, 122,6 milh\u00f5es de pessoas, ou seja, 24,5% da popula\u00e7\u00e3o da UE, viviam em risco de pobreza ou de exclus\u00e3o social. Isto significa que estas pessoas se encontravam em, pelo menos, uma das seguintes tr\u00eas condi\u00e7\u00f5es: risco de pobreza ap\u00f3s transfer\u00eancias sociais (pobreza monet\u00e1ria), em situa\u00e7\u00e3o de priva\u00e7\u00e3o material grave, ou a viver em agregados familiares com muito baixa intensidade de trabalho. <\/span><\/p>\n<p style=\"text-align: justify;\"><span style=\"color: rgb(0, 0, 0);\">A propor\u00e7\u00e3o de pessoas em risco de pobreza ou de exclus\u00e3o social na UE em 2013 (24,5 %) diminuiu ligeiramente em compara\u00e7\u00e3o com 2012 (24,8 %), mas \u00e9 mais elevada do que em 2008 (23,8%). A redu\u00e7\u00e3o do n\u00famero de pessoas em risco de pobreza ou exclus\u00e3o social na UE \u00e9 um dos principais objetivos da Estrat\u00e9gia Europa 2020.<\/span><\/p>\n<p style=\"text-align: justify;\"><span style=\"color: rgb(0, 0, 0);\">Em setembro de 2014, em compara\u00e7\u00e3o com agosto do mesmo ano, os pre\u00e7os na produ\u00e7\u00e3o industrial aumentaram 0,2 % na zona euro e 0,1% na UE, de acordo com as estimativas do Eurostat, o Servi\u00e7o de Estat\u00edstica da Uni\u00e3o Europeia. Em agosto, os pre\u00e7os diminu\u00edram 0,2% em ambas as zonas.<\/span><\/p>\n<p style=\"text-align: justify;\"><span style=\"color: rgb(0, 0, 0);\"><em>DL\/RCEP<\/em><\/span><\/p>","protected":false},"excerpt":{"rendered":"<p>Em 2013, 122,6 milh\u00f5es de pessoas, ou seja, 24,5% da popula\u00e7\u00e3o da UE, viviam em risco de pobreza ou de exclus\u00e3o social. Isto significa que estas pessoas se encontravam em, pelo menos, uma das seguintes tr\u00eas condi\u00e7\u00f5es: risco de pobreza ap\u00f3s transfer\u00eancias sociais (pobreza monet\u00e1ria), em situa\u00e7\u00e3o de priva\u00e7\u00e3o material grave, ou a viver em [&hellip;]<\/p>","protected":false},"author":2,"featured_media":121707,"comment_status":"open","ping_status":"open","sticky":false,"template":"","format":"standard","meta":[],"categories":[21],"tags":[],"acf":[],"yoast_head":"<!-- This site is optimized with the Yoast SEO plugin v20.10 - https:\/\/yoast.com\/wordpress\/plugins\/seo\/ -->\n<title>Mais de 120 milh\u00f5es de pessoas em risco de pobreza ou de exclus\u00e3o social na UE em 2013 - Di\u00e1rio da Lagoa<\/title>\n<meta name=\"robots\" content=\"index, follow, max-snippet:-1, max-image-preview:large, max-video-preview:-1\" \/>\n<link rel=\"canonical\" href=\"https:\/\/diariodalagoa.pt\/es\/mais-de-120-milhoes-de-pessoas-em-risco-de-pobreza-ou-de-exclusao-social-na-ue-em-2013\/\" \/>\n<meta property=\"og:locale\" content=\"es_ES\" \/>\n<meta property=\"og:type\" content=\"article\" \/>\n<meta property=\"og:title\" content=\"Mais de 120 milh\u00f5es de pessoas em risco de pobreza ou de exclus\u00e3o social na UE em 2013 - Di\u00e1rio da Lagoa\" \/>\n<meta property=\"og:description\" content=\"Em 2013, 122,6 milh\u00f5es de pessoas, ou seja, 24,5% da popula\u00e7\u00e3o da UE, viviam em risco de pobreza ou de exclus\u00e3o social. Isto significa que estas pessoas se encontravam em, pelo menos, uma das seguintes tr\u00eas condi\u00e7\u00f5es: risco de pobreza ap\u00f3s transfer\u00eancias sociais (pobreza monet\u00e1ria), em situa\u00e7\u00e3o de priva\u00e7\u00e3o material grave, ou a viver em [&hellip;]\" \/>\n<meta property=\"og:url\" content=\"https:\/\/diariodalagoa.pt\/es\/mais-de-120-milhoes-de-pessoas-em-risco-de-pobreza-ou-de-exclusao-social-na-ue-em-2013\/\" \/>\n<meta property=\"og:site_name\" content=\"Di\u00e1rio da Lagoa\" \/>\n<meta property=\"article:published_time\" content=\"2014-11-04T15:48:24+00:00\" \/>\n<meta property=\"og:image\" content=\"https:\/\/diariodalagoa.pt\/wp-content\/uploads\/2014\/11\/sem-abrigo-peditorio-ajuda.jpg\" \/>\n\t<meta property=\"og:image:width\" content=\"720\" \/>\n\t<meta property=\"og:image:height\" content=\"381\" \/>\n\t<meta property=\"og:image:type\" content=\"image\/jpeg\" \/>\n<meta name=\"author\" content=\"Di\u00e1rio da Lagoa\" \/>\n<meta name=\"twitter:card\" content=\"summary_large_image\" \/>\n<meta name=\"twitter:label1\" content=\"Escrito por\" \/>\n\t<meta name=\"twitter:data1\" content=\"Di\u00e1rio da Lagoa\" \/>\n\t<meta name=\"twitter:label2\" content=\"Tiempo de lectura\" \/>\n\t<meta name=\"twitter:data2\" content=\"1 minuto\" \/>\n<script type=\"application\/ld+json\" class=\"yoast-schema-graph\">{\"@context\":\"https:\/\/schema.org\",\"@graph\":[{\"@type\":\"WebPage\",\"@id\":\"https:\/\/diariodalagoa.pt\/mais-de-120-milhoes-de-pessoas-em-risco-de-pobreza-ou-de-exclusao-social-na-ue-em-2013\/\",\"url\":\"https:\/\/diariodalagoa.pt\/mais-de-120-milhoes-de-pessoas-em-risco-de-pobreza-ou-de-exclusao-social-na-ue-em-2013\/\",\"name\":\"Mais de 120 milh\u00f5es de pessoas em risco de pobreza ou de exclus\u00e3o social na UE em 2013 - Di\u00e1rio da Lagoa\",\"isPartOf\":{\"@id\":\"https:\/\/diariodalagoa.pt\/#website\"},\"datePublished\":\"2014-11-04T15:48:24+00:00\",\"dateModified\":\"2014-11-04T15:48:24+00:00\",\"author\":{\"@id\":\"https:\/\/diariodalagoa.pt\/#\/schema\/person\/1615a002370e8857b6f972834bc43ece\"},\"breadcrumb\":{\"@id\":\"https:\/\/diariodalagoa.pt\/mais-de-120-milhoes-de-pessoas-em-risco-de-pobreza-ou-de-exclusao-social-na-ue-em-2013\/#breadcrumb\"},\"inLanguage\":\"es\",\"potentialAction\":[{\"@type\":\"ReadAction\",\"target\":[\"https:\/\/diariodalagoa.pt\/mais-de-120-milhoes-de-pessoas-em-risco-de-pobreza-ou-de-exclusao-social-na-ue-em-2013\/\"]}]},{\"@type\":\"BreadcrumbList\",\"@id\":\"https:\/\/diariodalagoa.pt\/mais-de-120-milhoes-de-pessoas-em-risco-de-pobreza-ou-de-exclusao-social-na-ue-em-2013\/#breadcrumb\",\"itemListElement\":[{\"@type\":\"ListItem\",\"position\":1,\"name\":\"In\u00edcio\",\"item\":\"https:\/\/diariodalagoa.pt\/\"},{\"@type\":\"ListItem\",\"position\":2,\"name\":\"Mais de 120 milh\u00f5es de pessoas em risco de pobreza ou de exclus\u00e3o social na UE em 2013\"}]},{\"@type\":\"WebSite\",\"@id\":\"https:\/\/diariodalagoa.pt\/#website\",\"url\":\"https:\/\/diariodalagoa.pt\/\",\"name\":\"Di\u00e1rio da Lagoa\",\"description\":\"Di\u00e1rio da Lagoa. As not\u00edcias que contam. A partir da Lagoa, nos A\u00e7ores, para o mundo.\",\"potentialAction\":[{\"@type\":\"SearchAction\",\"target\":{\"@type\":\"EntryPoint\",\"urlTemplate\":\"https:\/\/diariodalagoa.pt\/?s={search_term_string}\"},\"query-input\":\"required name=search_term_string\"}],\"inLanguage\":\"es\"},{\"@type\":\"Person\",\"@id\":\"https:\/\/diariodalagoa.pt\/#\/schema\/person\/1615a002370e8857b6f972834bc43ece\",\"name\":\"Di\u00e1rio da Lagoa\",\"image\":{\"@type\":\"ImageObject\",\"inLanguage\":\"es\",\"@id\":\"https:\/\/diariodalagoa.pt\/#\/schema\/person\/image\/\",\"url\":\"https:\/\/secure.gravatar.com\/avatar\/2cb5cef90a26f8fbd4d9d930608102c5?s=96&d=mm&r=g\",\"contentUrl\":\"https:\/\/secure.gravatar.com\/avatar\/2cb5cef90a26f8fbd4d9d930608102c5?s=96&d=mm&r=g\",\"caption\":\"Di\u00e1rio da Lagoa\"},\"url\":\"https:\/\/diariodalagoa.pt\/es\/author\/diariodalagoa\/\"}]}<\/script>\n<!-- \/ Yoast SEO plugin. -->","yoast_head_json":{"title":"Mais de 120 milh\u00f5es de pessoas em risco de pobreza ou de exclus\u00e3o social na UE em 2013 - Di\u00e1rio da Lagoa","robots":{"index":"index","follow":"follow","max-snippet":"max-snippet:-1","max-image-preview":"max-image-preview:large","max-video-preview":"max-video-preview:-1"},"canonical":"https:\/\/diariodalagoa.pt\/es\/mais-de-120-milhoes-de-pessoas-em-risco-de-pobreza-ou-de-exclusao-social-na-ue-em-2013\/","og_locale":"es_ES","og_type":"article","og_title":"Mais de 120 milh\u00f5es de pessoas em risco de pobreza ou de exclus\u00e3o social na UE em 2013 - Di\u00e1rio da Lagoa","og_description":"Em 2013, 122,6 milh\u00f5es de pessoas, ou seja, 24,5% da popula\u00e7\u00e3o da UE, viviam em risco de pobreza ou de exclus\u00e3o social. Isto significa que estas pessoas se encontravam em, pelo menos, uma das seguintes tr\u00eas condi\u00e7\u00f5es: risco de pobreza ap\u00f3s transfer\u00eancias sociais (pobreza monet\u00e1ria), em situa\u00e7\u00e3o de priva\u00e7\u00e3o material grave, ou a viver em [&hellip;]","og_url":"https:\/\/diariodalagoa.pt\/es\/mais-de-120-milhoes-de-pessoas-em-risco-de-pobreza-ou-de-exclusao-social-na-ue-em-2013\/","og_site_name":"Di\u00e1rio da Lagoa","article_published_time":"2014-11-04T15:48:24+00:00","og_image":[{"width":720,"height":381,"url":"https:\/\/diariodalagoa.pt\/wp-content\/uploads\/2014\/11\/sem-abrigo-peditorio-ajuda.jpg","type":"image\/jpeg"}],"author":"Di\u00e1rio da Lagoa","twitter_card":"summary_large_image","twitter_misc":{"Escrito por":"Di\u00e1rio da Lagoa","Tiempo de lectura":"1 minuto"},"schema":{"@context":"https:\/\/schema.org","@graph":[{"@type":"WebPage","@id":"https:\/\/diariodalagoa.pt\/mais-de-120-milhoes-de-pessoas-em-risco-de-pobreza-ou-de-exclusao-social-na-ue-em-2013\/","url":"https:\/\/diariodalagoa.pt\/mais-de-120-milhoes-de-pessoas-em-risco-de-pobreza-ou-de-exclusao-social-na-ue-em-2013\/","name":"Mais de 120 milh\u00f5es de pessoas em risco de pobreza ou de exclus\u00e3o social na UE em 2013 - Di\u00e1rio da Lagoa","isPartOf":{"@id":"https:\/\/diariodalagoa.pt\/#website"},"datePublished":"2014-11-04T15:48:24+00:00","dateModified":"2014-11-04T15:48:24+00:00","author":{"@id":"https:\/\/diariodalagoa.pt\/#\/schema\/person\/1615a002370e8857b6f972834bc43ece"},"breadcrumb":{"@id":"https:\/\/diariodalagoa.pt\/mais-de-120-milhoes-de-pessoas-em-risco-de-pobreza-ou-de-exclusao-social-na-ue-em-2013\/#breadcrumb"},"inLanguage":"es","potentialAction":[{"@type":"ReadAction","target":["https:\/\/diariodalagoa.pt\/mais-de-120-milhoes-de-pessoas-em-risco-de-pobreza-ou-de-exclusao-social-na-ue-em-2013\/"]}]},{"@type":"BreadcrumbList","@id":"https:\/\/diariodalagoa.pt\/mais-de-120-milhoes-de-pessoas-em-risco-de-pobreza-ou-de-exclusao-social-na-ue-em-2013\/#breadcrumb","itemListElement":[{"@type":"ListItem","position":1,"name":"In\u00edcio","item":"https:\/\/diariodalagoa.pt\/"},{"@type":"ListItem","position":2,"name":"Mais de 120 milh\u00f5es de pessoas em risco de pobreza ou de exclus\u00e3o social na UE em 2013"}]},{"@type":"WebSite","@id":"https:\/\/diariodalagoa.pt\/#website","url":"https:\/\/diariodalagoa.pt\/","name":"Di\u00e1rio da Lagoa","description":"Di\u00e1rio da Lagoa. As not\u00edcias que contam. A partir da Lagoa, nos A\u00e7ores, para o mundo.","potentialAction":[{"@type":"SearchAction","target":{"@type":"EntryPoint","urlTemplate":"https:\/\/diariodalagoa.pt\/?s={search_term_string}"},"query-input":"required name=search_term_string"}],"inLanguage":"es"},{"@type":"Person","@id":"https:\/\/diariodalagoa.pt\/#\/schema\/person\/1615a002370e8857b6f972834bc43ece","name":"Di\u00e1rio da Lagoa","image":{"@type":"ImageObject","inLanguage":"es","@id":"https:\/\/diariodalagoa.pt\/#\/schema\/person\/image\/","url":"https:\/\/secure.gravatar.com\/avatar\/2cb5cef90a26f8fbd4d9d930608102c5?s=96&d=mm&r=g","contentUrl":"https:\/\/secure.gravatar.com\/avatar\/2cb5cef90a26f8fbd4d9d930608102c5?s=96&d=mm&r=g","caption":"Di\u00e1rio da Lagoa"},"url":"https:\/\/diariodalagoa.pt\/es\/author\/diariodalagoa\/"}]}},"_links":{"self":[{"href":"https:\/\/diariodalagoa.pt\/es\/wp-json\/wp\/v2\/posts\/10908"}],"collection":[{"href":"https:\/\/diariodalagoa.pt\/es\/wp-json\/wp\/v2\/posts"}],"about":[{"href":"https:\/\/diariodalagoa.pt\/es\/wp-json\/wp\/v2\/types\/post"}],"author":[{"embeddable":true,"href":"https:\/\/diariodalagoa.pt\/es\/wp-json\/wp\/v2\/users\/2"}],"replies":[{"embeddable":true,"href":"https:\/\/diariodalagoa.pt\/es\/wp-json\/wp\/v2\/comments?post=10908"}],"version-history":[{"count":0,"href":"https:\/\/diariodalagoa.pt\/es\/wp-json\/wp\/v2\/posts\/10908\/revisions"}],"wp:featuredmedia":[{"embeddable":true,"href":"https:\/\/diariodalagoa.pt\/es\/wp-json\/wp\/v2\/media\/121707"}],"wp:attachment":[{"href":"https:\/\/diariodalagoa.pt\/es\/wp-json\/wp\/v2\/media?parent=10908"}],"wp:term":[{"taxonomy":"category","embeddable":true,"href":"https:\/\/diariodalagoa.pt\/es\/wp-json\/wp\/v2\/categories?post=10908"},{"taxonomy":"post_tag","embeddable":true,"href":"https:\/\/diariodalagoa.pt\/es\/wp-json\/wp\/v2\/tags?post=10908"}],"curies":[{"name":"wp","href":"https:\/\/api.w.org\/{rel}","templated":true}]}}