{"id":108712,"date":"2023-05-04T10:45:29","date_gmt":"2023-05-04T10:45:29","guid":{"rendered":"https:\/\/diariodalagoa.pt\/?p=108712"},"modified":"2025-06-27T16:05:31","modified_gmt":"2025-06-27T16:05:31","slug":"formacao-sobre-conciliacao-e-igualdade-entre-homens-e-mulheres-na-lagoa","status":"publish","type":"post","link":"https:\/\/diariodalagoa.pt\/es\/formacao-sobre-conciliacao-e-igualdade-entre-homens-e-mulheres-na-lagoa\/","title":{"rendered":"Forma\u00e7\u00e3o sobre concilia\u00e7\u00e3o e igualdade entre homens e mulheres na Lagoa"},"content":{"rendered":"<figure class=\"wp-block-image size-full\"><img decoding=\"async\" src=\"https:\/\/diariodalagoa.pt\/wp-content\/uploads\/2023\/05\/formacao-conciliacao-e-igualdade.jpg\" alt=\"\" class=\"wp-image-108713\"\/><figcaption class=\"wp-element-caption\"><sup><mark style=\"background-color:rgba(0, 0, 0, 0)\" class=\"has-inline-color has-cyan-bluish-gray-color\">\u00a9 CM LAGOA<\/mark><\/sup><\/figcaption><\/figure>\n\n\n\n<p>Decorreu na Casa da Cultura da Lagoa&nbsp;uma forma\u00e7\u00e3o de dois dias dedicada \u00e0 concilia\u00e7\u00e3o da vida pessoal, familiar e profissional e \u00e0 igualdade entre homens e mulheres.<\/p>\n\n\n\n<p>Numa parceria entre a autarquia e a Associa\u00e7\u00e3o Centro de Estudos de Economia Solid\u00e1ria do Atl\u00e2ntico \u2013 ACEESA, a forma\u00e7\u00e3o intitulada &#8220;Concilia\u00e7\u00e3o e igualdade entre mulheres e homens \u2013 organiza\u00e7\u00f5es mais inclusivas&#8221;, reuniu diversas entidades, associa\u00e7\u00f5es e institui\u00e7\u00f5es oriundas de v\u00e1rios concelhos da ilha de S\u00e3o Miguel.<\/p>\n\n\n\n<p>Este momento de reflex\u00e3o e partilha justifica-se porque, no entender de Cristina Calisto, &#8220;este tema continua a ser atual e continua a ser necess\u00e1rio adotar-se medidas que criem justi\u00e7a e igualdade entre g\u00e9neros nos v\u00e1rios contextos e dom\u00ednios da vida\u201d, disse. <\/p>\n\n\n\n<p>A presidente da c\u00e2mara municipal da Lagoa acrescentou que \u201cfalar-se de igualdade n\u00e3o \u00e9 um assunto para se falar apenas quando se assinala esse dia, mas ser um assunto que integre com naturalidade o nosso discurso e as nossas a\u00e7\u00f5es quotidianas\u201d.<\/p>","protected":false},"excerpt":{"rendered":"<p>Decorreu na Casa da Cultura da Lagoa&nbsp;uma forma\u00e7\u00e3o de dois dias dedicada \u00e0 concilia\u00e7\u00e3o da vida pessoal, familiar e profissional e \u00e0 igualdade entre homens e mulheres. Numa parceria entre a autarquia e a Associa\u00e7\u00e3o Centro de Estudos de Economia Solid\u00e1ria do Atl\u00e2ntico \u2013 ACEESA, a forma\u00e7\u00e3o intitulada &#8220;Concilia\u00e7\u00e3o e igualdade entre mulheres e homens [&hellip;]<\/p>","protected":false},"author":2,"featured_media":110357,"comment_status":"open","ping_status":"closed","sticky":false,"template":"","format":"standard","meta":[],"categories":[21],"tags":[],"acf":[],"yoast_head":"<!-- This site is optimized with the Yoast SEO plugin v20.10 - https:\/\/yoast.com\/wordpress\/plugins\/seo\/ -->\n<title>Forma\u00e7\u00e3o sobre concilia\u00e7\u00e3o e igualdade entre homens e mulheres na Lagoa - Di\u00e1rio da Lagoa<\/title>\n<meta name=\"description\" content=\"Parceria entre a c\u00e2mara da Lagoa e a ACEESA reuniu durante dois dias diversas entidades e associa\u00e7\u00f5es da ilha de S\u00e3o Miguel.\" \/>\n<meta name=\"robots\" content=\"index, follow, max-snippet:-1, max-image-preview:large, max-video-preview:-1\" \/>\n<link rel=\"canonical\" href=\"https:\/\/diariodalagoa.pt\/es\/formacao-sobre-conciliacao-e-igualdade-entre-homens-e-mulheres-na-lagoa\/\" \/>\n<meta property=\"og:locale\" content=\"es_ES\" \/>\n<meta property=\"og:type\" content=\"article\" \/>\n<meta property=\"og:title\" content=\"Forma\u00e7\u00e3o sobre concilia\u00e7\u00e3o e igualdade entre homens e mulheres na Lagoa - Di\u00e1rio da Lagoa\" \/>\n<meta property=\"og:description\" content=\"Parceria entre a c\u00e2mara da Lagoa e a ACEESA reuniu durante dois dias diversas entidades e associa\u00e7\u00f5es da ilha de S\u00e3o Miguel.\" \/>\n<meta property=\"og:url\" content=\"https:\/\/diariodalagoa.pt\/es\/formacao-sobre-conciliacao-e-igualdade-entre-homens-e-mulheres-na-lagoa\/\" \/>\n<meta property=\"og:site_name\" content=\"Di\u00e1rio da Lagoa\" \/>\n<meta property=\"article:published_time\" content=\"2023-05-04T10:45:29+00:00\" \/>\n<meta property=\"article:modified_time\" content=\"2025-06-27T16:05:31+00:00\" \/>\n<meta property=\"og:image\" content=\"https:\/\/diariodalagoa.pt\/wp-content\/uploads\/2023\/05\/formacao-conciliacao-e-igualdade.jpg\" \/>\n\t<meta property=\"og:image:width\" content=\"960\" \/>\n\t<meta property=\"og:image:height\" content=\"640\" \/>\n\t<meta property=\"og:image:type\" content=\"image\/jpeg\" \/>\n<meta name=\"author\" content=\"Di\u00e1rio da Lagoa\" \/>\n<meta name=\"twitter:card\" content=\"summary_large_image\" \/>\n<meta name=\"twitter:label1\" content=\"Escrito por\" \/>\n\t<meta name=\"twitter:data1\" content=\"Di\u00e1rio da Lagoa\" \/>\n\t<meta name=\"twitter:label2\" content=\"Tiempo de lectura\" \/>\n\t<meta name=\"twitter:data2\" content=\"2 minutos\" \/>\n<script type=\"application\/ld+json\" class=\"yoast-schema-graph\">{\"@context\":\"https:\/\/schema.org\",\"@graph\":[{\"@type\":\"WebPage\",\"@id\":\"https:\/\/diariodalagoa.pt\/formacao-sobre-conciliacao-e-igualdade-entre-homens-e-mulheres-na-lagoa\/\",\"url\":\"https:\/\/diariodalagoa.pt\/formacao-sobre-conciliacao-e-igualdade-entre-homens-e-mulheres-na-lagoa\/\",\"name\":\"Forma\u00e7\u00e3o sobre concilia\u00e7\u00e3o e igualdade entre homens e mulheres na Lagoa - Di\u00e1rio da Lagoa\",\"isPartOf\":{\"@id\":\"https:\/\/diariodalagoa.pt\/#website\"},\"datePublished\":\"2023-05-04T10:45:29+00:00\",\"dateModified\":\"2025-06-27T16:05:31+00:00\",\"author\":{\"@id\":\"https:\/\/diariodalagoa.pt\/#\/schema\/person\/1615a002370e8857b6f972834bc43ece\"},\"description\":\"Parceria entre a c\u00e2mara da Lagoa e a ACEESA reuniu durante dois dias diversas entidades e associa\u00e7\u00f5es da ilha de S\u00e3o Miguel.\",\"breadcrumb\":{\"@id\":\"https:\/\/diariodalagoa.pt\/formacao-sobre-conciliacao-e-igualdade-entre-homens-e-mulheres-na-lagoa\/#breadcrumb\"},\"inLanguage\":\"es\",\"potentialAction\":[{\"@type\":\"ReadAction\",\"target\":[\"https:\/\/diariodalagoa.pt\/formacao-sobre-conciliacao-e-igualdade-entre-homens-e-mulheres-na-lagoa\/\"]}]},{\"@type\":\"BreadcrumbList\",\"@id\":\"https:\/\/diariodalagoa.pt\/formacao-sobre-conciliacao-e-igualdade-entre-homens-e-mulheres-na-lagoa\/#breadcrumb\",\"itemListElement\":[{\"@type\":\"ListItem\",\"position\":1,\"name\":\"In\u00edcio\",\"item\":\"https:\/\/diariodalagoa.pt\/\"},{\"@type\":\"ListItem\",\"position\":2,\"name\":\"Forma\u00e7\u00e3o sobre concilia\u00e7\u00e3o e igualdade entre homens e mulheres na Lagoa\"}]},{\"@type\":\"WebSite\",\"@id\":\"https:\/\/diariodalagoa.pt\/#website\",\"url\":\"https:\/\/diariodalagoa.pt\/\",\"name\":\"Di\u00e1rio da Lagoa\",\"description\":\"Di\u00e1rio da Lagoa. As not\u00edcias que contam. A partir da Lagoa, nos A\u00e7ores, para o mundo.\",\"potentialAction\":[{\"@type\":\"SearchAction\",\"target\":{\"@type\":\"EntryPoint\",\"urlTemplate\":\"https:\/\/diariodalagoa.pt\/?s={search_term_string}\"},\"query-input\":\"required name=search_term_string\"}],\"inLanguage\":\"es\"},{\"@type\":\"Person\",\"@id\":\"https:\/\/diariodalagoa.pt\/#\/schema\/person\/1615a002370e8857b6f972834bc43ece\",\"name\":\"Di\u00e1rio da Lagoa\",\"image\":{\"@type\":\"ImageObject\",\"inLanguage\":\"es\",\"@id\":\"https:\/\/diariodalagoa.pt\/#\/schema\/person\/image\/\",\"url\":\"https:\/\/secure.gravatar.com\/avatar\/2cb5cef90a26f8fbd4d9d930608102c5?s=96&d=mm&r=g\",\"contentUrl\":\"https:\/\/secure.gravatar.com\/avatar\/2cb5cef90a26f8fbd4d9d930608102c5?s=96&d=mm&r=g\",\"caption\":\"Di\u00e1rio da Lagoa\"},\"url\":\"https:\/\/diariodalagoa.pt\/es\/author\/diariodalagoa\/\"}]}<\/script>\n<!-- \/ Yoast SEO plugin. -->","yoast_head_json":{"title":"Forma\u00e7\u00e3o sobre concilia\u00e7\u00e3o e igualdade entre homens e mulheres na Lagoa - Di\u00e1rio da Lagoa","description":"Parceria entre a c\u00e2mara da Lagoa e a ACEESA reuniu durante dois dias diversas entidades e associa\u00e7\u00f5es da ilha de S\u00e3o Miguel.","robots":{"index":"index","follow":"follow","max-snippet":"max-snippet:-1","max-image-preview":"max-image-preview:large","max-video-preview":"max-video-preview:-1"},"canonical":"https:\/\/diariodalagoa.pt\/es\/formacao-sobre-conciliacao-e-igualdade-entre-homens-e-mulheres-na-lagoa\/","og_locale":"es_ES","og_type":"article","og_title":"Forma\u00e7\u00e3o sobre concilia\u00e7\u00e3o e igualdade entre homens e mulheres na Lagoa - Di\u00e1rio da Lagoa","og_description":"Parceria entre a c\u00e2mara da Lagoa e a ACEESA reuniu durante dois dias diversas entidades e associa\u00e7\u00f5es da ilha de S\u00e3o Miguel.","og_url":"https:\/\/diariodalagoa.pt\/es\/formacao-sobre-conciliacao-e-igualdade-entre-homens-e-mulheres-na-lagoa\/","og_site_name":"Di\u00e1rio da Lagoa","article_published_time":"2023-05-04T10:45:29+00:00","article_modified_time":"2025-06-27T16:05:31+00:00","og_image":[{"width":960,"height":640,"url":"https:\/\/diariodalagoa.pt\/wp-content\/uploads\/2023\/05\/formacao-conciliacao-e-igualdade.jpg","type":"image\/jpeg"}],"author":"Di\u00e1rio da Lagoa","twitter_card":"summary_large_image","twitter_misc":{"Escrito por":"Di\u00e1rio da Lagoa","Tiempo de lectura":"2 minutos"},"schema":{"@context":"https:\/\/schema.org","@graph":[{"@type":"WebPage","@id":"https:\/\/diariodalagoa.pt\/formacao-sobre-conciliacao-e-igualdade-entre-homens-e-mulheres-na-lagoa\/","url":"https:\/\/diariodalagoa.pt\/formacao-sobre-conciliacao-e-igualdade-entre-homens-e-mulheres-na-lagoa\/","name":"Forma\u00e7\u00e3o sobre concilia\u00e7\u00e3o e igualdade entre homens e mulheres na Lagoa - Di\u00e1rio da Lagoa","isPartOf":{"@id":"https:\/\/diariodalagoa.pt\/#website"},"datePublished":"2023-05-04T10:45:29+00:00","dateModified":"2025-06-27T16:05:31+00:00","author":{"@id":"https:\/\/diariodalagoa.pt\/#\/schema\/person\/1615a002370e8857b6f972834bc43ece"},"description":"Parceria entre a c\u00e2mara da Lagoa e a ACEESA reuniu durante dois dias diversas entidades e associa\u00e7\u00f5es da ilha de S\u00e3o Miguel.","breadcrumb":{"@id":"https:\/\/diariodalagoa.pt\/formacao-sobre-conciliacao-e-igualdade-entre-homens-e-mulheres-na-lagoa\/#breadcrumb"},"inLanguage":"es","potentialAction":[{"@type":"ReadAction","target":["https:\/\/diariodalagoa.pt\/formacao-sobre-conciliacao-e-igualdade-entre-homens-e-mulheres-na-lagoa\/"]}]},{"@type":"BreadcrumbList","@id":"https:\/\/diariodalagoa.pt\/formacao-sobre-conciliacao-e-igualdade-entre-homens-e-mulheres-na-lagoa\/#breadcrumb","itemListElement":[{"@type":"ListItem","position":1,"name":"In\u00edcio","item":"https:\/\/diariodalagoa.pt\/"},{"@type":"ListItem","position":2,"name":"Forma\u00e7\u00e3o sobre concilia\u00e7\u00e3o e igualdade entre homens e mulheres na Lagoa"}]},{"@type":"WebSite","@id":"https:\/\/diariodalagoa.pt\/#website","url":"https:\/\/diariodalagoa.pt\/","name":"Di\u00e1rio da Lagoa","description":"Di\u00e1rio da Lagoa. As not\u00edcias que contam. A partir da Lagoa, nos A\u00e7ores, para o mundo.","potentialAction":[{"@type":"SearchAction","target":{"@type":"EntryPoint","urlTemplate":"https:\/\/diariodalagoa.pt\/?s={search_term_string}"},"query-input":"required name=search_term_string"}],"inLanguage":"es"},{"@type":"Person","@id":"https:\/\/diariodalagoa.pt\/#\/schema\/person\/1615a002370e8857b6f972834bc43ece","name":"Di\u00e1rio da Lagoa","image":{"@type":"ImageObject","inLanguage":"es","@id":"https:\/\/diariodalagoa.pt\/#\/schema\/person\/image\/","url":"https:\/\/secure.gravatar.com\/avatar\/2cb5cef90a26f8fbd4d9d930608102c5?s=96&d=mm&r=g","contentUrl":"https:\/\/secure.gravatar.com\/avatar\/2cb5cef90a26f8fbd4d9d930608102c5?s=96&d=mm&r=g","caption":"Di\u00e1rio da Lagoa"},"url":"https:\/\/diariodalagoa.pt\/es\/author\/diariodalagoa\/"}]}},"_links":{"self":[{"href":"https:\/\/diariodalagoa.pt\/es\/wp-json\/wp\/v2\/posts\/108712"}],"collection":[{"href":"https:\/\/diariodalagoa.pt\/es\/wp-json\/wp\/v2\/posts"}],"about":[{"href":"https:\/\/diariodalagoa.pt\/es\/wp-json\/wp\/v2\/types\/post"}],"author":[{"embeddable":true,"href":"https:\/\/diariodalagoa.pt\/es\/wp-json\/wp\/v2\/users\/2"}],"replies":[{"embeddable":true,"href":"https:\/\/diariodalagoa.pt\/es\/wp-json\/wp\/v2\/comments?post=108712"}],"version-history":[{"count":1,"href":"https:\/\/diariodalagoa.pt\/es\/wp-json\/wp\/v2\/posts\/108712\/revisions"}],"predecessor-version":[{"id":157314,"href":"https:\/\/diariodalagoa.pt\/es\/wp-json\/wp\/v2\/posts\/108712\/revisions\/157314"}],"wp:featuredmedia":[{"embeddable":true,"href":"https:\/\/diariodalagoa.pt\/es\/wp-json\/wp\/v2\/media\/110357"}],"wp:attachment":[{"href":"https:\/\/diariodalagoa.pt\/es\/wp-json\/wp\/v2\/media?parent=108712"}],"wp:term":[{"taxonomy":"category","embeddable":true,"href":"https:\/\/diariodalagoa.pt\/es\/wp-json\/wp\/v2\/categories?post=108712"},{"taxonomy":"post_tag","embeddable":true,"href":"https:\/\/diariodalagoa.pt\/es\/wp-json\/wp\/v2\/tags?post=108712"}],"curies":[{"name":"wp","href":"https:\/\/api.w.org\/{rel}","templated":true}]}}