{"id":10839,"date":"2014-10-31T20:44:15","date_gmt":"2014-10-31T21:44:15","guid":{"rendered":"http:\/\/diariodalagoa.pt\/?p=10839"},"modified":"2014-10-31T20:44:15","modified_gmt":"2014-10-31T21:44:15","slug":"governo-regional-aposta-em-melhor-fiscalizacao-das-pescas-nos-acores","status":"publish","type":"post","link":"https:\/\/diariodalagoa.pt\/es\/governo-regional-aposta-em-melhor-fiscalizacao-das-pescas-nos-acores\/","title":{"rendered":"Governo Regional aposta em melhor fiscaliza\u00e7\u00e3o das pescas nos A\u00e7ores"},"content":{"rendered":"<p style=\"text-align: justify;\"><img decoding=\"async\" class=\"alignnone size-full wp-image-5098\" src=\"http:\/\/diariodalagoa.pt\/wp-content\/uploads\/2014\/06\/Peixe-Dia-PEscador-Lagoa-Lota-1.jpg\" alt=\"Peixe-Dia-PEscador-Lagoa-Lota (1)\" width=\"720\" height=\"382\" \/><\/p>\n<p style=\"text-align: justify;\"><span style=\"color: #000000;\">O Secret\u00e1rio Regional do Mar, Ci\u00eancia e Tecnologia afirmou que \u201cvai haver fiscaliza\u00e7\u00e3o mais apertada para travar a pesca ilegal&#8221; nos A\u00e7ores, frisando que &#8220;ser\u00e3o aplicadas san\u00e7\u00f5es mais severas para transgressores recorrentes\u201d.<\/span><\/p>\n<p style=\"text-align: justify;\"><span style=\"color: #000000;\">Fausto Brito e Abreu falava na sequ\u00eancia da den\u00fancia feita\u00a0pelos pescadores da Graciosa relativamente a duas embarca\u00e7\u00f5es locais, por pesca de palangre dentro das tr\u00eas milhas.<\/span><\/p>\n<p style=\"text-align: justify;\"><span style=\"color: #000000;\">O Secret\u00e1rio Regional assegurou que a Inspe\u00e7\u00e3o Regional das Pescas tem acesso aos dados do MONICAP (&#8216;caixas azuis&#8217;), um sistema semelhante \u00e0s &#8216;caixas negras&#8217; dos avi\u00f5es que permite a monitoriza\u00e7\u00e3o, a partir de terra, da posi\u00e7\u00e3o e velocidade dos barcos,\u00a0salientando que\u00a0\u201cas embarca\u00e7\u00f5es que est\u00e3o a pescar ilegalmente ao largo da Graciosa j\u00e1 foram identificadas\u201d.<\/span><\/p>\n<p style=\"text-align: justify;\"><span style=\"color: #000000;\">No seguimento das identifica\u00e7\u00f5es, \u201cno ver\u00e3o passado a Inspe\u00e7\u00e3o Regional das Pescas, em conjunto com a Pol\u00edcia Mar\u00edtima, deslocou meios da Terceira\u00a0para a\u00a0Graciosa tendo sido detetadas situa\u00e7\u00f5es de infra\u00e7\u00e3o&#8221;.<\/span><\/p>\n<p style=\"text-align: justify;\"><span style=\"color: #000000;\">Fausto Brito e Abreu sublinhou que a Inspe\u00e7\u00e3o Regional das Pescas \u201c\u00e9 um dos servi\u00e7os que dispomos para garantir que a atividade da pesca se desenvolva de uma forma saud\u00e1vel, respeitando os ecossistemas marinhos e criando rendimentos para a comunidade piscat\u00f3ria\u201d, acrescentando que\u00a0\u00e9 nesse sentido que ser\u00e3o implementadas medidas \u201cque defendam quem respeita e cumpre, garantindo a sustentabilidade da atividade\u201d.<\/span><\/p>\n<p style=\"text-align: justify;\"><span style=\"color: #000000;\">A instala\u00e7\u00e3o de &#8216;caixas azuis&#8217; nas embarca\u00e7\u00f5es que tenham licenciamento para o uso da arte de palangre de fundo, instrumentos tamb\u00e9m importantes para a seguran\u00e7a dos pescadores, ser\u00e1 uma dessas medidas.<\/span><\/p>\n<p style=\"text-align: justify;\"><span style=\"color: #000000;\">O Secret\u00e1rio Regional do Mar, Ci\u00eancia e Tecnologia garantiu ainda que \u201cest\u00e3o previstas outras a\u00e7\u00f5es concertadas entre for\u00e7as de autoridade, na ilha Graciosa assim como em toda Regi\u00e3o\u201d, acrescentando que\u00a0\u201cest\u00e3o a ser feitos esfor\u00e7os para, em colabora\u00e7\u00e3o com a Pol\u00edcia Mar\u00edtima, se proceder a miss\u00f5es de fiscaliza\u00e7\u00e3o no mar\u201d.<\/span><\/p>\n<p style=\"text-align: justify;\"><span style=\"color: #000000;\"><em>DL\/GaCS<\/em><\/span><\/p>","protected":false},"excerpt":{"rendered":"<p>O Secret\u00e1rio Regional do Mar, Ci\u00eancia e Tecnologia afirmou que \u201cvai haver fiscaliza\u00e7\u00e3o mais apertada para travar a pesca ilegal&#8221; nos A\u00e7ores, frisando que &#8220;ser\u00e3o aplicadas san\u00e7\u00f5es mais severas para transgressores recorrentes\u201d. Fausto Brito e Abreu falava na sequ\u00eancia da den\u00fancia feita\u00a0pelos pescadores da Graciosa relativamente a duas embarca\u00e7\u00f5es locais, por pesca de palangre dentro [&hellip;]<\/p>","protected":false},"author":2,"featured_media":121711,"comment_status":"open","ping_status":"open","sticky":false,"template":"","format":"standard","meta":[],"categories":[21],"tags":[],"acf":[],"yoast_head":"<!-- This site is optimized with the Yoast SEO plugin v20.10 - https:\/\/yoast.com\/wordpress\/plugins\/seo\/ -->\n<title>Governo Regional aposta em melhor fiscaliza\u00e7\u00e3o das pescas nos A\u00e7ores - Di\u00e1rio da Lagoa<\/title>\n<meta name=\"robots\" content=\"index, follow, max-snippet:-1, max-image-preview:large, max-video-preview:-1\" \/>\n<link rel=\"canonical\" href=\"https:\/\/diariodalagoa.pt\/es\/governo-regional-aposta-em-melhor-fiscalizacao-das-pescas-nos-acores\/\" \/>\n<meta property=\"og:locale\" content=\"es_ES\" \/>\n<meta property=\"og:type\" content=\"article\" \/>\n<meta property=\"og:title\" content=\"Governo Regional aposta em melhor fiscaliza\u00e7\u00e3o das pescas nos A\u00e7ores - Di\u00e1rio da Lagoa\" \/>\n<meta property=\"og:description\" content=\"O Secret\u00e1rio Regional do Mar, Ci\u00eancia e Tecnologia afirmou que \u201cvai haver fiscaliza\u00e7\u00e3o mais apertada para travar a pesca ilegal&#8221; nos A\u00e7ores, frisando que &#8220;ser\u00e3o aplicadas san\u00e7\u00f5es mais severas para transgressores recorrentes\u201d. Fausto Brito e Abreu falava na sequ\u00eancia da den\u00fancia feita\u00a0pelos pescadores da Graciosa relativamente a duas embarca\u00e7\u00f5es locais, por pesca de palangre dentro [&hellip;]\" \/>\n<meta property=\"og:url\" content=\"https:\/\/diariodalagoa.pt\/es\/governo-regional-aposta-em-melhor-fiscalizacao-das-pescas-nos-acores\/\" \/>\n<meta property=\"og:site_name\" content=\"Di\u00e1rio da Lagoa\" \/>\n<meta property=\"article:published_time\" content=\"2014-10-31T21:44:15+00:00\" \/>\n<meta property=\"og:image\" content=\"https:\/\/diariodalagoa.pt\/wp-content\/uploads\/2014\/10\/peixe-dia-pescador-lagoa-lota-2.jpg\" \/>\n\t<meta property=\"og:image:width\" content=\"720\" \/>\n\t<meta property=\"og:image:height\" content=\"380\" \/>\n\t<meta property=\"og:image:type\" content=\"image\/jpeg\" \/>\n<meta name=\"author\" content=\"Di\u00e1rio da Lagoa\" \/>\n<meta name=\"twitter:card\" content=\"summary_large_image\" \/>\n<meta name=\"twitter:label1\" content=\"Escrito por\" \/>\n\t<meta name=\"twitter:data1\" content=\"Di\u00e1rio da Lagoa\" \/>\n\t<meta name=\"twitter:label2\" content=\"Tiempo de lectura\" \/>\n\t<meta name=\"twitter:data2\" content=\"2 minutos\" \/>\n<script type=\"application\/ld+json\" class=\"yoast-schema-graph\">{\"@context\":\"https:\/\/schema.org\",\"@graph\":[{\"@type\":\"WebPage\",\"@id\":\"https:\/\/diariodalagoa.pt\/governo-regional-aposta-em-melhor-fiscalizacao-das-pescas-nos-acores\/\",\"url\":\"https:\/\/diariodalagoa.pt\/governo-regional-aposta-em-melhor-fiscalizacao-das-pescas-nos-acores\/\",\"name\":\"Governo Regional aposta em melhor fiscaliza\u00e7\u00e3o das pescas nos A\u00e7ores - Di\u00e1rio da Lagoa\",\"isPartOf\":{\"@id\":\"https:\/\/diariodalagoa.pt\/#website\"},\"datePublished\":\"2014-10-31T21:44:15+00:00\",\"dateModified\":\"2014-10-31T21:44:15+00:00\",\"author\":{\"@id\":\"https:\/\/diariodalagoa.pt\/#\/schema\/person\/1615a002370e8857b6f972834bc43ece\"},\"breadcrumb\":{\"@id\":\"https:\/\/diariodalagoa.pt\/governo-regional-aposta-em-melhor-fiscalizacao-das-pescas-nos-acores\/#breadcrumb\"},\"inLanguage\":\"es\",\"potentialAction\":[{\"@type\":\"ReadAction\",\"target\":[\"https:\/\/diariodalagoa.pt\/governo-regional-aposta-em-melhor-fiscalizacao-das-pescas-nos-acores\/\"]}]},{\"@type\":\"BreadcrumbList\",\"@id\":\"https:\/\/diariodalagoa.pt\/governo-regional-aposta-em-melhor-fiscalizacao-das-pescas-nos-acores\/#breadcrumb\",\"itemListElement\":[{\"@type\":\"ListItem\",\"position\":1,\"name\":\"In\u00edcio\",\"item\":\"https:\/\/diariodalagoa.pt\/\"},{\"@type\":\"ListItem\",\"position\":2,\"name\":\"Governo Regional aposta em melhor fiscaliza\u00e7\u00e3o das pescas nos A\u00e7ores\"}]},{\"@type\":\"WebSite\",\"@id\":\"https:\/\/diariodalagoa.pt\/#website\",\"url\":\"https:\/\/diariodalagoa.pt\/\",\"name\":\"Di\u00e1rio da Lagoa\",\"description\":\"Di\u00e1rio da Lagoa. As not\u00edcias que contam. A partir da Lagoa, nos A\u00e7ores, para o mundo.\",\"potentialAction\":[{\"@type\":\"SearchAction\",\"target\":{\"@type\":\"EntryPoint\",\"urlTemplate\":\"https:\/\/diariodalagoa.pt\/?s={search_term_string}\"},\"query-input\":\"required name=search_term_string\"}],\"inLanguage\":\"es\"},{\"@type\":\"Person\",\"@id\":\"https:\/\/diariodalagoa.pt\/#\/schema\/person\/1615a002370e8857b6f972834bc43ece\",\"name\":\"Di\u00e1rio da Lagoa\",\"image\":{\"@type\":\"ImageObject\",\"inLanguage\":\"es\",\"@id\":\"https:\/\/diariodalagoa.pt\/#\/schema\/person\/image\/\",\"url\":\"https:\/\/secure.gravatar.com\/avatar\/2cb5cef90a26f8fbd4d9d930608102c5?s=96&d=mm&r=g\",\"contentUrl\":\"https:\/\/secure.gravatar.com\/avatar\/2cb5cef90a26f8fbd4d9d930608102c5?s=96&d=mm&r=g\",\"caption\":\"Di\u00e1rio da Lagoa\"},\"url\":\"https:\/\/diariodalagoa.pt\/es\/author\/diariodalagoa\/\"}]}<\/script>\n<!-- \/ Yoast SEO plugin. -->","yoast_head_json":{"title":"Governo Regional aposta em melhor fiscaliza\u00e7\u00e3o das pescas nos A\u00e7ores - Di\u00e1rio da Lagoa","robots":{"index":"index","follow":"follow","max-snippet":"max-snippet:-1","max-image-preview":"max-image-preview:large","max-video-preview":"max-video-preview:-1"},"canonical":"https:\/\/diariodalagoa.pt\/es\/governo-regional-aposta-em-melhor-fiscalizacao-das-pescas-nos-acores\/","og_locale":"es_ES","og_type":"article","og_title":"Governo Regional aposta em melhor fiscaliza\u00e7\u00e3o das pescas nos A\u00e7ores - Di\u00e1rio da Lagoa","og_description":"O Secret\u00e1rio Regional do Mar, Ci\u00eancia e Tecnologia afirmou que \u201cvai haver fiscaliza\u00e7\u00e3o mais apertada para travar a pesca ilegal&#8221; nos A\u00e7ores, frisando que &#8220;ser\u00e3o aplicadas san\u00e7\u00f5es mais severas para transgressores recorrentes\u201d. Fausto Brito e Abreu falava na sequ\u00eancia da den\u00fancia feita\u00a0pelos pescadores da Graciosa relativamente a duas embarca\u00e7\u00f5es locais, por pesca de palangre dentro [&hellip;]","og_url":"https:\/\/diariodalagoa.pt\/es\/governo-regional-aposta-em-melhor-fiscalizacao-das-pescas-nos-acores\/","og_site_name":"Di\u00e1rio da Lagoa","article_published_time":"2014-10-31T21:44:15+00:00","og_image":[{"width":720,"height":380,"url":"https:\/\/diariodalagoa.pt\/wp-content\/uploads\/2014\/10\/peixe-dia-pescador-lagoa-lota-2.jpg","type":"image\/jpeg"}],"author":"Di\u00e1rio da Lagoa","twitter_card":"summary_large_image","twitter_misc":{"Escrito por":"Di\u00e1rio da Lagoa","Tiempo de lectura":"2 minutos"},"schema":{"@context":"https:\/\/schema.org","@graph":[{"@type":"WebPage","@id":"https:\/\/diariodalagoa.pt\/governo-regional-aposta-em-melhor-fiscalizacao-das-pescas-nos-acores\/","url":"https:\/\/diariodalagoa.pt\/governo-regional-aposta-em-melhor-fiscalizacao-das-pescas-nos-acores\/","name":"Governo Regional aposta em melhor fiscaliza\u00e7\u00e3o das pescas nos A\u00e7ores - Di\u00e1rio da Lagoa","isPartOf":{"@id":"https:\/\/diariodalagoa.pt\/#website"},"datePublished":"2014-10-31T21:44:15+00:00","dateModified":"2014-10-31T21:44:15+00:00","author":{"@id":"https:\/\/diariodalagoa.pt\/#\/schema\/person\/1615a002370e8857b6f972834bc43ece"},"breadcrumb":{"@id":"https:\/\/diariodalagoa.pt\/governo-regional-aposta-em-melhor-fiscalizacao-das-pescas-nos-acores\/#breadcrumb"},"inLanguage":"es","potentialAction":[{"@type":"ReadAction","target":["https:\/\/diariodalagoa.pt\/governo-regional-aposta-em-melhor-fiscalizacao-das-pescas-nos-acores\/"]}]},{"@type":"BreadcrumbList","@id":"https:\/\/diariodalagoa.pt\/governo-regional-aposta-em-melhor-fiscalizacao-das-pescas-nos-acores\/#breadcrumb","itemListElement":[{"@type":"ListItem","position":1,"name":"In\u00edcio","item":"https:\/\/diariodalagoa.pt\/"},{"@type":"ListItem","position":2,"name":"Governo Regional aposta em melhor fiscaliza\u00e7\u00e3o das pescas nos A\u00e7ores"}]},{"@type":"WebSite","@id":"https:\/\/diariodalagoa.pt\/#website","url":"https:\/\/diariodalagoa.pt\/","name":"Di\u00e1rio da Lagoa","description":"Di\u00e1rio da Lagoa. As not\u00edcias que contam. A partir da Lagoa, nos A\u00e7ores, para o mundo.","potentialAction":[{"@type":"SearchAction","target":{"@type":"EntryPoint","urlTemplate":"https:\/\/diariodalagoa.pt\/?s={search_term_string}"},"query-input":"required name=search_term_string"}],"inLanguage":"es"},{"@type":"Person","@id":"https:\/\/diariodalagoa.pt\/#\/schema\/person\/1615a002370e8857b6f972834bc43ece","name":"Di\u00e1rio da Lagoa","image":{"@type":"ImageObject","inLanguage":"es","@id":"https:\/\/diariodalagoa.pt\/#\/schema\/person\/image\/","url":"https:\/\/secure.gravatar.com\/avatar\/2cb5cef90a26f8fbd4d9d930608102c5?s=96&d=mm&r=g","contentUrl":"https:\/\/secure.gravatar.com\/avatar\/2cb5cef90a26f8fbd4d9d930608102c5?s=96&d=mm&r=g","caption":"Di\u00e1rio da Lagoa"},"url":"https:\/\/diariodalagoa.pt\/es\/author\/diariodalagoa\/"}]}},"_links":{"self":[{"href":"https:\/\/diariodalagoa.pt\/es\/wp-json\/wp\/v2\/posts\/10839"}],"collection":[{"href":"https:\/\/diariodalagoa.pt\/es\/wp-json\/wp\/v2\/posts"}],"about":[{"href":"https:\/\/diariodalagoa.pt\/es\/wp-json\/wp\/v2\/types\/post"}],"author":[{"embeddable":true,"href":"https:\/\/diariodalagoa.pt\/es\/wp-json\/wp\/v2\/users\/2"}],"replies":[{"embeddable":true,"href":"https:\/\/diariodalagoa.pt\/es\/wp-json\/wp\/v2\/comments?post=10839"}],"version-history":[{"count":0,"href":"https:\/\/diariodalagoa.pt\/es\/wp-json\/wp\/v2\/posts\/10839\/revisions"}],"wp:featuredmedia":[{"embeddable":true,"href":"https:\/\/diariodalagoa.pt\/es\/wp-json\/wp\/v2\/media\/121711"}],"wp:attachment":[{"href":"https:\/\/diariodalagoa.pt\/es\/wp-json\/wp\/v2\/media?parent=10839"}],"wp:term":[{"taxonomy":"category","embeddable":true,"href":"https:\/\/diariodalagoa.pt\/es\/wp-json\/wp\/v2\/categories?post=10839"},{"taxonomy":"post_tag","embeddable":true,"href":"https:\/\/diariodalagoa.pt\/es\/wp-json\/wp\/v2\/tags?post=10839"}],"curies":[{"name":"wp","href":"https:\/\/api.w.org\/{rel}","templated":true}]}}