{"id":10826,"date":"2014-10-31T11:42:17","date_gmt":"2014-10-31T12:42:17","guid":{"rendered":"http:\/\/diariodalagoa.pt\/?p=10826"},"modified":"2014-10-31T11:42:17","modified_gmt":"2014-10-31T12:42:17","slug":"camara-municipal-de-vila-franca-do-campo-organiza-acao-de-sensibilizacao-ambiental-inserida-na-campanha-sos-cagarro","status":"publish","type":"post","link":"https:\/\/diariodalagoa.pt\/es\/camara-municipal-de-vila-franca-do-campo-organiza-acao-de-sensibilizacao-ambiental-inserida-na-campanha-sos-cagarro\/","title":{"rendered":"C\u00e2mara Municipal de Vila Franca do Campo organiza a\u00e7\u00e3o de sensibiliza\u00e7\u00e3o ambiental inserida na Campanha SOS Cagarro"},"content":{"rendered":"<p style=\"text-align: justify;\"><img decoding=\"async\" class=\"alignnone size-full wp-image-10827\" src=\"http:\/\/diariodalagoa.pt\/wp-content\/uploads\/2014\/10\/cartaz_soscagarro2014-Vila-Franca-Campo.jpg\" alt=\"cartaz_soscagarro2014-Vila-Franca-Campo\" width=\"720\" height=\"380\" \/><\/p>\n<p style=\"text-align: justify;\"><span style=\"color: rgb(0, 0, 0);\">A C\u00e2mara Municipal de Vila Franca do Campo, em parceria com o Parque Natural da Ilha de S\u00e3o Miguel, vai organizar uma atividade de sensibiliza\u00e7\u00e3o ambiental, inserida na Campanha SOS Cagarro promovida anualmente pela Secretaria Regional do Ambiente.<\/span><\/p>\n<p style=\"text-align: justify;\"><span style=\"color: rgb(0, 0, 0);\">Deste modo, no pr\u00f3ximo dia 3 de novembro, \u00e0s 20h00 ter\u00e1 lugar uma Sess\u00e3o de Esclarecimento sobre a Campanha SOS Cagarro, promovida pelo Parque Natural da Ilha de S\u00e3o Miguel, no Audit\u00f3rio do Centro Cultural de Vila Franca do Campo.<\/span><\/p>\n<p style=\"text-align: justify;\"><span style=\"color: rgb(0, 0, 0);\">De seguida, pelas 20h30, vai decorrer uma Sa\u00edda de Campo, com a organiza\u00e7\u00e3o de brigadas de salvamento de cagarros, distribui\u00e7\u00e3o de panfletos \u00e0 popula\u00e7\u00e3o e estabelecimentos comerciais e a \u201cOpera\u00e7\u00e3o STOP Cagarro\u201d, em colabora\u00e7\u00e3o com a Pol\u00edcia de Seguran\u00e7a P\u00fablica de Vila Franca do Campo.<\/span><\/p>\n<p style=\"text-align: justify;\"><span style=\"color: rgb(0, 0, 0);\">No dia 4 de novembro, \u00e0s 10h30, na Praia Vinha d\u2019Areia, ir\u00e1 realizar-se a liberta\u00e7\u00e3o dos cagarros salvos na Brigada Noturna.<\/span><\/p>\n<p style=\"text-align: justify;\"><span style=\"color: rgb(0, 0, 0);\">A Campanha SOS Cagarro no Concelho Vilafranquense vai tamb\u00e9m contar com a exibi\u00e7\u00e3o da exposi\u00e7\u00e3o: \u201cNascer Cagarro\u201d que ir\u00e1 estar patente no Sol Mar de Vila Franca do Campo entre 7 e 16 de novembro, disponibilizada pelo Parque Natural da Ilha de S\u00e3o Miguel.<\/span><\/p>\n<p style=\"text-align: justify;\"><em><span style=\"color: #000000;\">DL\/CMVFC<\/span><\/em><\/p>","protected":false},"excerpt":{"rendered":"<p>A C\u00e2mara Municipal de Vila Franca do Campo, em parceria com o Parque Natural da Ilha de S\u00e3o Miguel, vai organizar uma atividade de sensibiliza\u00e7\u00e3o ambiental, inserida na Campanha SOS Cagarro promovida anualmente pela Secretaria Regional do Ambiente. Deste modo, no pr\u00f3ximo dia 3 de novembro, \u00e0s 20h00 ter\u00e1 lugar uma Sess\u00e3o de Esclarecimento sobre [&hellip;]<\/p>","protected":false},"author":2,"featured_media":121712,"comment_status":"open","ping_status":"open","sticky":false,"template":"","format":"standard","meta":[],"categories":[21],"tags":[],"acf":[],"yoast_head":"<!-- This site is optimized with the Yoast SEO plugin v20.10 - https:\/\/yoast.com\/wordpress\/plugins\/seo\/ -->\n<title>C\u00e2mara Municipal de Vila Franca do Campo organiza a\u00e7\u00e3o de sensibiliza\u00e7\u00e3o ambiental inserida na Campanha SOS Cagarro - Di\u00e1rio da Lagoa<\/title>\n<meta name=\"robots\" content=\"index, follow, max-snippet:-1, max-image-preview:large, max-video-preview:-1\" \/>\n<link rel=\"canonical\" href=\"https:\/\/diariodalagoa.pt\/es\/camara-municipal-de-vila-franca-do-campo-organiza-acao-de-sensibilizacao-ambiental-inserida-na-campanha-sos-cagarro\/\" \/>\n<meta property=\"og:locale\" content=\"es_ES\" \/>\n<meta property=\"og:type\" content=\"article\" \/>\n<meta property=\"og:title\" content=\"C\u00e2mara Municipal de Vila Franca do Campo organiza a\u00e7\u00e3o de sensibiliza\u00e7\u00e3o ambiental inserida na Campanha SOS Cagarro - Di\u00e1rio da Lagoa\" \/>\n<meta property=\"og:description\" content=\"A C\u00e2mara Municipal de Vila Franca do Campo, em parceria com o Parque Natural da Ilha de S\u00e3o Miguel, vai organizar uma atividade de sensibiliza\u00e7\u00e3o ambiental, inserida na Campanha SOS Cagarro promovida anualmente pela Secretaria Regional do Ambiente. Deste modo, no pr\u00f3ximo dia 3 de novembro, \u00e0s 20h00 ter\u00e1 lugar uma Sess\u00e3o de Esclarecimento sobre [&hellip;]\" \/>\n<meta property=\"og:url\" content=\"https:\/\/diariodalagoa.pt\/es\/camara-municipal-de-vila-franca-do-campo-organiza-acao-de-sensibilizacao-ambiental-inserida-na-campanha-sos-cagarro\/\" \/>\n<meta property=\"og:site_name\" content=\"Di\u00e1rio da Lagoa\" \/>\n<meta property=\"article:published_time\" content=\"2014-10-31T12:42:17+00:00\" \/>\n<meta property=\"og:image\" content=\"https:\/\/diariodalagoa.pt\/wp-content\/uploads\/2014\/10\/cartaz-soscagarro2014-vila-franca-campo.jpg\" \/>\n\t<meta property=\"og:image:width\" content=\"720\" \/>\n\t<meta property=\"og:image:height\" content=\"380\" \/>\n\t<meta property=\"og:image:type\" content=\"image\/jpeg\" \/>\n<meta name=\"author\" content=\"Di\u00e1rio da Lagoa\" \/>\n<meta name=\"twitter:card\" content=\"summary_large_image\" \/>\n<meta name=\"twitter:label1\" content=\"Escrito por\" \/>\n\t<meta name=\"twitter:data1\" content=\"Di\u00e1rio da Lagoa\" \/>\n\t<meta name=\"twitter:label2\" content=\"Tiempo de lectura\" \/>\n\t<meta name=\"twitter:data2\" content=\"1 minuto\" \/>\n<script type=\"application\/ld+json\" class=\"yoast-schema-graph\">{\"@context\":\"https:\/\/schema.org\",\"@graph\":[{\"@type\":\"WebPage\",\"@id\":\"https:\/\/diariodalagoa.pt\/camara-municipal-de-vila-franca-do-campo-organiza-acao-de-sensibilizacao-ambiental-inserida-na-campanha-sos-cagarro\/\",\"url\":\"https:\/\/diariodalagoa.pt\/camara-municipal-de-vila-franca-do-campo-organiza-acao-de-sensibilizacao-ambiental-inserida-na-campanha-sos-cagarro\/\",\"name\":\"C\u00e2mara Municipal de Vila Franca do Campo organiza a\u00e7\u00e3o de sensibiliza\u00e7\u00e3o ambiental inserida na Campanha SOS Cagarro - Di\u00e1rio da Lagoa\",\"isPartOf\":{\"@id\":\"https:\/\/diariodalagoa.pt\/#website\"},\"datePublished\":\"2014-10-31T12:42:17+00:00\",\"dateModified\":\"2014-10-31T12:42:17+00:00\",\"author\":{\"@id\":\"https:\/\/diariodalagoa.pt\/#\/schema\/person\/1615a002370e8857b6f972834bc43ece\"},\"breadcrumb\":{\"@id\":\"https:\/\/diariodalagoa.pt\/camara-municipal-de-vila-franca-do-campo-organiza-acao-de-sensibilizacao-ambiental-inserida-na-campanha-sos-cagarro\/#breadcrumb\"},\"inLanguage\":\"es\",\"potentialAction\":[{\"@type\":\"ReadAction\",\"target\":[\"https:\/\/diariodalagoa.pt\/camara-municipal-de-vila-franca-do-campo-organiza-acao-de-sensibilizacao-ambiental-inserida-na-campanha-sos-cagarro\/\"]}]},{\"@type\":\"BreadcrumbList\",\"@id\":\"https:\/\/diariodalagoa.pt\/camara-municipal-de-vila-franca-do-campo-organiza-acao-de-sensibilizacao-ambiental-inserida-na-campanha-sos-cagarro\/#breadcrumb\",\"itemListElement\":[{\"@type\":\"ListItem\",\"position\":1,\"name\":\"In\u00edcio\",\"item\":\"https:\/\/diariodalagoa.pt\/\"},{\"@type\":\"ListItem\",\"position\":2,\"name\":\"C\u00e2mara Municipal de Vila Franca do Campo organiza a\u00e7\u00e3o de sensibiliza\u00e7\u00e3o ambiental inserida na Campanha SOS Cagarro\"}]},{\"@type\":\"WebSite\",\"@id\":\"https:\/\/diariodalagoa.pt\/#website\",\"url\":\"https:\/\/diariodalagoa.pt\/\",\"name\":\"Di\u00e1rio da Lagoa\",\"description\":\"Di\u00e1rio da Lagoa. As not\u00edcias que contam. A partir da Lagoa, nos A\u00e7ores, para o mundo.\",\"potentialAction\":[{\"@type\":\"SearchAction\",\"target\":{\"@type\":\"EntryPoint\",\"urlTemplate\":\"https:\/\/diariodalagoa.pt\/?s={search_term_string}\"},\"query-input\":\"required name=search_term_string\"}],\"inLanguage\":\"es\"},{\"@type\":\"Person\",\"@id\":\"https:\/\/diariodalagoa.pt\/#\/schema\/person\/1615a002370e8857b6f972834bc43ece\",\"name\":\"Di\u00e1rio da Lagoa\",\"image\":{\"@type\":\"ImageObject\",\"inLanguage\":\"es\",\"@id\":\"https:\/\/diariodalagoa.pt\/#\/schema\/person\/image\/\",\"url\":\"https:\/\/secure.gravatar.com\/avatar\/2cb5cef90a26f8fbd4d9d930608102c5?s=96&d=mm&r=g\",\"contentUrl\":\"https:\/\/secure.gravatar.com\/avatar\/2cb5cef90a26f8fbd4d9d930608102c5?s=96&d=mm&r=g\",\"caption\":\"Di\u00e1rio da Lagoa\"},\"url\":\"https:\/\/diariodalagoa.pt\/es\/author\/diariodalagoa\/\"}]}<\/script>\n<!-- \/ Yoast SEO plugin. -->","yoast_head_json":{"title":"C\u00e2mara Municipal de Vila Franca do Campo organiza a\u00e7\u00e3o de sensibiliza\u00e7\u00e3o ambiental inserida na Campanha SOS Cagarro - Di\u00e1rio da Lagoa","robots":{"index":"index","follow":"follow","max-snippet":"max-snippet:-1","max-image-preview":"max-image-preview:large","max-video-preview":"max-video-preview:-1"},"canonical":"https:\/\/diariodalagoa.pt\/es\/camara-municipal-de-vila-franca-do-campo-organiza-acao-de-sensibilizacao-ambiental-inserida-na-campanha-sos-cagarro\/","og_locale":"es_ES","og_type":"article","og_title":"C\u00e2mara Municipal de Vila Franca do Campo organiza a\u00e7\u00e3o de sensibiliza\u00e7\u00e3o ambiental inserida na Campanha SOS Cagarro - Di\u00e1rio da Lagoa","og_description":"A C\u00e2mara Municipal de Vila Franca do Campo, em parceria com o Parque Natural da Ilha de S\u00e3o Miguel, vai organizar uma atividade de sensibiliza\u00e7\u00e3o ambiental, inserida na Campanha SOS Cagarro promovida anualmente pela Secretaria Regional do Ambiente. Deste modo, no pr\u00f3ximo dia 3 de novembro, \u00e0s 20h00 ter\u00e1 lugar uma Sess\u00e3o de Esclarecimento sobre [&hellip;]","og_url":"https:\/\/diariodalagoa.pt\/es\/camara-municipal-de-vila-franca-do-campo-organiza-acao-de-sensibilizacao-ambiental-inserida-na-campanha-sos-cagarro\/","og_site_name":"Di\u00e1rio da Lagoa","article_published_time":"2014-10-31T12:42:17+00:00","og_image":[{"width":720,"height":380,"url":"https:\/\/diariodalagoa.pt\/wp-content\/uploads\/2014\/10\/cartaz-soscagarro2014-vila-franca-campo.jpg","type":"image\/jpeg"}],"author":"Di\u00e1rio da Lagoa","twitter_card":"summary_large_image","twitter_misc":{"Escrito por":"Di\u00e1rio da Lagoa","Tiempo de lectura":"1 minuto"},"schema":{"@context":"https:\/\/schema.org","@graph":[{"@type":"WebPage","@id":"https:\/\/diariodalagoa.pt\/camara-municipal-de-vila-franca-do-campo-organiza-acao-de-sensibilizacao-ambiental-inserida-na-campanha-sos-cagarro\/","url":"https:\/\/diariodalagoa.pt\/camara-municipal-de-vila-franca-do-campo-organiza-acao-de-sensibilizacao-ambiental-inserida-na-campanha-sos-cagarro\/","name":"C\u00e2mara Municipal de Vila Franca do Campo organiza a\u00e7\u00e3o de sensibiliza\u00e7\u00e3o ambiental inserida na Campanha SOS Cagarro - Di\u00e1rio da Lagoa","isPartOf":{"@id":"https:\/\/diariodalagoa.pt\/#website"},"datePublished":"2014-10-31T12:42:17+00:00","dateModified":"2014-10-31T12:42:17+00:00","author":{"@id":"https:\/\/diariodalagoa.pt\/#\/schema\/person\/1615a002370e8857b6f972834bc43ece"},"breadcrumb":{"@id":"https:\/\/diariodalagoa.pt\/camara-municipal-de-vila-franca-do-campo-organiza-acao-de-sensibilizacao-ambiental-inserida-na-campanha-sos-cagarro\/#breadcrumb"},"inLanguage":"es","potentialAction":[{"@type":"ReadAction","target":["https:\/\/diariodalagoa.pt\/camara-municipal-de-vila-franca-do-campo-organiza-acao-de-sensibilizacao-ambiental-inserida-na-campanha-sos-cagarro\/"]}]},{"@type":"BreadcrumbList","@id":"https:\/\/diariodalagoa.pt\/camara-municipal-de-vila-franca-do-campo-organiza-acao-de-sensibilizacao-ambiental-inserida-na-campanha-sos-cagarro\/#breadcrumb","itemListElement":[{"@type":"ListItem","position":1,"name":"In\u00edcio","item":"https:\/\/diariodalagoa.pt\/"},{"@type":"ListItem","position":2,"name":"C\u00e2mara Municipal de Vila Franca do Campo organiza a\u00e7\u00e3o de sensibiliza\u00e7\u00e3o ambiental inserida na Campanha SOS Cagarro"}]},{"@type":"WebSite","@id":"https:\/\/diariodalagoa.pt\/#website","url":"https:\/\/diariodalagoa.pt\/","name":"Di\u00e1rio da Lagoa","description":"Di\u00e1rio da Lagoa. As not\u00edcias que contam. A partir da Lagoa, nos A\u00e7ores, para o mundo.","potentialAction":[{"@type":"SearchAction","target":{"@type":"EntryPoint","urlTemplate":"https:\/\/diariodalagoa.pt\/?s={search_term_string}"},"query-input":"required name=search_term_string"}],"inLanguage":"es"},{"@type":"Person","@id":"https:\/\/diariodalagoa.pt\/#\/schema\/person\/1615a002370e8857b6f972834bc43ece","name":"Di\u00e1rio da Lagoa","image":{"@type":"ImageObject","inLanguage":"es","@id":"https:\/\/diariodalagoa.pt\/#\/schema\/person\/image\/","url":"https:\/\/secure.gravatar.com\/avatar\/2cb5cef90a26f8fbd4d9d930608102c5?s=96&d=mm&r=g","contentUrl":"https:\/\/secure.gravatar.com\/avatar\/2cb5cef90a26f8fbd4d9d930608102c5?s=96&d=mm&r=g","caption":"Di\u00e1rio da Lagoa"},"url":"https:\/\/diariodalagoa.pt\/es\/author\/diariodalagoa\/"}]}},"_links":{"self":[{"href":"https:\/\/diariodalagoa.pt\/es\/wp-json\/wp\/v2\/posts\/10826"}],"collection":[{"href":"https:\/\/diariodalagoa.pt\/es\/wp-json\/wp\/v2\/posts"}],"about":[{"href":"https:\/\/diariodalagoa.pt\/es\/wp-json\/wp\/v2\/types\/post"}],"author":[{"embeddable":true,"href":"https:\/\/diariodalagoa.pt\/es\/wp-json\/wp\/v2\/users\/2"}],"replies":[{"embeddable":true,"href":"https:\/\/diariodalagoa.pt\/es\/wp-json\/wp\/v2\/comments?post=10826"}],"version-history":[{"count":0,"href":"https:\/\/diariodalagoa.pt\/es\/wp-json\/wp\/v2\/posts\/10826\/revisions"}],"wp:featuredmedia":[{"embeddable":true,"href":"https:\/\/diariodalagoa.pt\/es\/wp-json\/wp\/v2\/media\/121712"}],"wp:attachment":[{"href":"https:\/\/diariodalagoa.pt\/es\/wp-json\/wp\/v2\/media?parent=10826"}],"wp:term":[{"taxonomy":"category","embeddable":true,"href":"https:\/\/diariodalagoa.pt\/es\/wp-json\/wp\/v2\/categories?post=10826"},{"taxonomy":"post_tag","embeddable":true,"href":"https:\/\/diariodalagoa.pt\/es\/wp-json\/wp\/v2\/tags?post=10826"}],"curies":[{"name":"wp","href":"https:\/\/api.w.org\/{rel}","templated":true}]}}