{"id":10802,"date":"2014-10-30T22:07:30","date_gmt":"2014-10-30T23:07:30","guid":{"rendered":"http:\/\/diariodalagoa.pt\/?p=10802"},"modified":"2014-10-30T22:07:30","modified_gmt":"2014-10-30T23:07:30","slug":"aumento-de-quota-do-atum-rabilho-nao-deve-ser-atribuida-as-armacoes-afirma-fausto-brito-e-abreu","status":"publish","type":"post","link":"https:\/\/diariodalagoa.pt\/es\/aumento-de-quota-do-atum-rabilho-nao-deve-ser-atribuida-as-armacoes-afirma-fausto-brito-e-abreu\/","title":{"rendered":"Aumento de quota do atum rabilho n\u00e3o deve ser atribu\u00edda \u00e0s arma\u00e7\u00f5es, afirma Fausto Brito e Abreu"},"content":{"rendered":"<p style=\"text-align: justify;\"><img decoding=\"async\" class=\"alignnone size-full wp-image-10803\" src=\"http:\/\/diariodalagoa.pt\/wp-content\/uploads\/2014\/10\/atum-rabilho.jpg\" alt=\"atum-rabilho\" width=\"720\" height=\"380\" \/><\/p>\n<p style=\"text-align: justify;\"><span style=\"color: #000000;\">O Secret\u00e1rio Regional do Mar, Ci\u00eancia e Tecnologia manifestou\u00a0discord\u00e2ncia com a Resolu\u00e7\u00e3o da Assembleia da Rep\u00fablica, publicada em Di\u00e1rio da Rep\u00fablica, que recomenda ao Governo portugu\u00eas que, no processo negocial com as institui\u00e7\u00f5es europeias e com a Comiss\u00e3o Internacional para a Conserva\u00e7\u00e3o dos Tun\u00eddeos do Atl\u00e2ntico (ICCAT), defenda um aumento dos Totais Admiss\u00edveis de Captura (TAC) do atum rabilho para arma\u00e7\u00f5es, onde \u00e9 capturado para engorda.\u00a0<\/span><\/p>\n<p style=\"text-align: justify;\"><span style=\"color: #000000;\">Fausto Brito e Abreu defendeu que \u201co eventual aumento de quota dever\u00e1 ser disponibilizado para as embarca\u00e7\u00f5es que praticam a pesca sustent\u00e1vel utilizando a arte de salto e vara no Atl\u00e2ntico\u201d.\u00a0<\/span><\/p>\n<p style=\"text-align: justify;\"><span style=\"color: #000000;\">\u201cA pesca de atum rabilho dever\u00e1 representar um incremento nos rendimentos dos pescadores a\u00e7orianos dado o seu elevado valor comercial\u201d,\u00a0frisou o governante.\u00a0<\/span><\/p>\n<p style=\"text-align: justify;\"><span style=\"color: #000000;\">Neste sentido, o Governo Regional dos A\u00e7ores\u00a0vai manifestar junto do Governo\u00a0portugu\u00eas a sua discord\u00e2ncia acerca do conte\u00fado da Resolu\u00e7\u00e3o aprovada na Assembleia da Rep\u00fablica.<\/span><\/p>\n<p style=\"text-align: justify;\"><span style=\"color: #000000;\"><em>DL\/Gacs<\/em><\/span><\/p>","protected":false},"excerpt":{"rendered":"<p>O Secret\u00e1rio Regional do Mar, Ci\u00eancia e Tecnologia manifestou\u00a0discord\u00e2ncia com a Resolu\u00e7\u00e3o da Assembleia da Rep\u00fablica, publicada em Di\u00e1rio da Rep\u00fablica, que recomenda ao Governo portugu\u00eas que, no processo negocial com as institui\u00e7\u00f5es europeias e com a Comiss\u00e3o Internacional para a Conserva\u00e7\u00e3o dos Tun\u00eddeos do Atl\u00e2ntico (ICCAT), defenda um aumento dos Totais Admiss\u00edveis de Captura [&hellip;]<\/p>","protected":false},"author":2,"featured_media":121715,"comment_status":"open","ping_status":"open","sticky":false,"template":"","format":"standard","meta":[],"categories":[21],"tags":[],"acf":[],"yoast_head":"<!-- This site is optimized with the Yoast SEO plugin v20.10 - https:\/\/yoast.com\/wordpress\/plugins\/seo\/ -->\n<title>Aumento de quota do atum rabilho n\u00e3o deve ser atribu\u00edda \u00e0s arma\u00e7\u00f5es, afirma Fausto Brito e Abreu - Di\u00e1rio da Lagoa<\/title>\n<meta name=\"robots\" content=\"index, follow, max-snippet:-1, max-image-preview:large, max-video-preview:-1\" \/>\n<link rel=\"canonical\" href=\"https:\/\/diariodalagoa.pt\/es\/aumento-de-quota-do-atum-rabilho-nao-deve-ser-atribuida-as-armacoes-afirma-fausto-brito-e-abreu\/\" \/>\n<meta property=\"og:locale\" content=\"es_ES\" \/>\n<meta property=\"og:type\" content=\"article\" \/>\n<meta property=\"og:title\" content=\"Aumento de quota do atum rabilho n\u00e3o deve ser atribu\u00edda \u00e0s arma\u00e7\u00f5es, afirma Fausto Brito e Abreu - Di\u00e1rio da Lagoa\" \/>\n<meta property=\"og:description\" content=\"O Secret\u00e1rio Regional do Mar, Ci\u00eancia e Tecnologia manifestou\u00a0discord\u00e2ncia com a Resolu\u00e7\u00e3o da Assembleia da Rep\u00fablica, publicada em Di\u00e1rio da Rep\u00fablica, que recomenda ao Governo portugu\u00eas que, no processo negocial com as institui\u00e7\u00f5es europeias e com a Comiss\u00e3o Internacional para a Conserva\u00e7\u00e3o dos Tun\u00eddeos do Atl\u00e2ntico (ICCAT), defenda um aumento dos Totais Admiss\u00edveis de Captura [&hellip;]\" \/>\n<meta property=\"og:url\" content=\"https:\/\/diariodalagoa.pt\/es\/aumento-de-quota-do-atum-rabilho-nao-deve-ser-atribuida-as-armacoes-afirma-fausto-brito-e-abreu\/\" \/>\n<meta property=\"og:site_name\" content=\"Di\u00e1rio da Lagoa\" \/>\n<meta property=\"article:published_time\" content=\"2014-10-30T23:07:30+00:00\" \/>\n<meta property=\"og:image\" content=\"https:\/\/diariodalagoa.pt\/wp-content\/uploads\/2014\/10\/atum-rabilho.jpg\" \/>\n\t<meta property=\"og:image:width\" content=\"720\" \/>\n\t<meta property=\"og:image:height\" content=\"380\" \/>\n\t<meta property=\"og:image:type\" content=\"image\/jpeg\" \/>\n<meta name=\"author\" content=\"Di\u00e1rio da Lagoa\" \/>\n<meta name=\"twitter:card\" content=\"summary_large_image\" \/>\n<meta name=\"twitter:label1\" content=\"Escrito por\" \/>\n\t<meta name=\"twitter:data1\" content=\"Di\u00e1rio da Lagoa\" \/>\n\t<meta name=\"twitter:label2\" content=\"Tiempo de lectura\" \/>\n\t<meta name=\"twitter:data2\" content=\"1 minuto\" \/>\n<script type=\"application\/ld+json\" class=\"yoast-schema-graph\">{\"@context\":\"https:\/\/schema.org\",\"@graph\":[{\"@type\":\"WebPage\",\"@id\":\"https:\/\/diariodalagoa.pt\/aumento-de-quota-do-atum-rabilho-nao-deve-ser-atribuida-as-armacoes-afirma-fausto-brito-e-abreu\/\",\"url\":\"https:\/\/diariodalagoa.pt\/aumento-de-quota-do-atum-rabilho-nao-deve-ser-atribuida-as-armacoes-afirma-fausto-brito-e-abreu\/\",\"name\":\"Aumento de quota do atum rabilho n\u00e3o deve ser atribu\u00edda \u00e0s arma\u00e7\u00f5es, afirma Fausto Brito e Abreu - Di\u00e1rio da Lagoa\",\"isPartOf\":{\"@id\":\"https:\/\/diariodalagoa.pt\/#website\"},\"datePublished\":\"2014-10-30T23:07:30+00:00\",\"dateModified\":\"2014-10-30T23:07:30+00:00\",\"author\":{\"@id\":\"https:\/\/diariodalagoa.pt\/#\/schema\/person\/1615a002370e8857b6f972834bc43ece\"},\"breadcrumb\":{\"@id\":\"https:\/\/diariodalagoa.pt\/aumento-de-quota-do-atum-rabilho-nao-deve-ser-atribuida-as-armacoes-afirma-fausto-brito-e-abreu\/#breadcrumb\"},\"inLanguage\":\"es\",\"potentialAction\":[{\"@type\":\"ReadAction\",\"target\":[\"https:\/\/diariodalagoa.pt\/aumento-de-quota-do-atum-rabilho-nao-deve-ser-atribuida-as-armacoes-afirma-fausto-brito-e-abreu\/\"]}]},{\"@type\":\"BreadcrumbList\",\"@id\":\"https:\/\/diariodalagoa.pt\/aumento-de-quota-do-atum-rabilho-nao-deve-ser-atribuida-as-armacoes-afirma-fausto-brito-e-abreu\/#breadcrumb\",\"itemListElement\":[{\"@type\":\"ListItem\",\"position\":1,\"name\":\"In\u00edcio\",\"item\":\"https:\/\/diariodalagoa.pt\/\"},{\"@type\":\"ListItem\",\"position\":2,\"name\":\"Aumento de quota do atum rabilho n\u00e3o deve ser atribu\u00edda \u00e0s arma\u00e7\u00f5es, afirma Fausto Brito e Abreu\"}]},{\"@type\":\"WebSite\",\"@id\":\"https:\/\/diariodalagoa.pt\/#website\",\"url\":\"https:\/\/diariodalagoa.pt\/\",\"name\":\"Di\u00e1rio da Lagoa\",\"description\":\"Di\u00e1rio da Lagoa. As not\u00edcias que contam. A partir da Lagoa, nos A\u00e7ores, para o mundo.\",\"potentialAction\":[{\"@type\":\"SearchAction\",\"target\":{\"@type\":\"EntryPoint\",\"urlTemplate\":\"https:\/\/diariodalagoa.pt\/?s={search_term_string}\"},\"query-input\":\"required name=search_term_string\"}],\"inLanguage\":\"es\"},{\"@type\":\"Person\",\"@id\":\"https:\/\/diariodalagoa.pt\/#\/schema\/person\/1615a002370e8857b6f972834bc43ece\",\"name\":\"Di\u00e1rio da Lagoa\",\"image\":{\"@type\":\"ImageObject\",\"inLanguage\":\"es\",\"@id\":\"https:\/\/diariodalagoa.pt\/#\/schema\/person\/image\/\",\"url\":\"https:\/\/secure.gravatar.com\/avatar\/2cb5cef90a26f8fbd4d9d930608102c5?s=96&d=mm&r=g\",\"contentUrl\":\"https:\/\/secure.gravatar.com\/avatar\/2cb5cef90a26f8fbd4d9d930608102c5?s=96&d=mm&r=g\",\"caption\":\"Di\u00e1rio da Lagoa\"},\"url\":\"https:\/\/diariodalagoa.pt\/es\/author\/diariodalagoa\/\"}]}<\/script>\n<!-- \/ Yoast SEO plugin. -->","yoast_head_json":{"title":"Aumento de quota do atum rabilho n\u00e3o deve ser atribu\u00edda \u00e0s arma\u00e7\u00f5es, afirma Fausto Brito e Abreu - Di\u00e1rio da Lagoa","robots":{"index":"index","follow":"follow","max-snippet":"max-snippet:-1","max-image-preview":"max-image-preview:large","max-video-preview":"max-video-preview:-1"},"canonical":"https:\/\/diariodalagoa.pt\/es\/aumento-de-quota-do-atum-rabilho-nao-deve-ser-atribuida-as-armacoes-afirma-fausto-brito-e-abreu\/","og_locale":"es_ES","og_type":"article","og_title":"Aumento de quota do atum rabilho n\u00e3o deve ser atribu\u00edda \u00e0s arma\u00e7\u00f5es, afirma Fausto Brito e Abreu - Di\u00e1rio da Lagoa","og_description":"O Secret\u00e1rio Regional do Mar, Ci\u00eancia e Tecnologia manifestou\u00a0discord\u00e2ncia com a Resolu\u00e7\u00e3o da Assembleia da Rep\u00fablica, publicada em Di\u00e1rio da Rep\u00fablica, que recomenda ao Governo portugu\u00eas que, no processo negocial com as institui\u00e7\u00f5es europeias e com a Comiss\u00e3o Internacional para a Conserva\u00e7\u00e3o dos Tun\u00eddeos do Atl\u00e2ntico (ICCAT), defenda um aumento dos Totais Admiss\u00edveis de Captura [&hellip;]","og_url":"https:\/\/diariodalagoa.pt\/es\/aumento-de-quota-do-atum-rabilho-nao-deve-ser-atribuida-as-armacoes-afirma-fausto-brito-e-abreu\/","og_site_name":"Di\u00e1rio da Lagoa","article_published_time":"2014-10-30T23:07:30+00:00","og_image":[{"width":720,"height":380,"url":"https:\/\/diariodalagoa.pt\/wp-content\/uploads\/2014\/10\/atum-rabilho.jpg","type":"image\/jpeg"}],"author":"Di\u00e1rio da Lagoa","twitter_card":"summary_large_image","twitter_misc":{"Escrito por":"Di\u00e1rio da Lagoa","Tiempo de lectura":"1 minuto"},"schema":{"@context":"https:\/\/schema.org","@graph":[{"@type":"WebPage","@id":"https:\/\/diariodalagoa.pt\/aumento-de-quota-do-atum-rabilho-nao-deve-ser-atribuida-as-armacoes-afirma-fausto-brito-e-abreu\/","url":"https:\/\/diariodalagoa.pt\/aumento-de-quota-do-atum-rabilho-nao-deve-ser-atribuida-as-armacoes-afirma-fausto-brito-e-abreu\/","name":"Aumento de quota do atum rabilho n\u00e3o deve ser atribu\u00edda \u00e0s arma\u00e7\u00f5es, afirma Fausto Brito e Abreu - Di\u00e1rio da Lagoa","isPartOf":{"@id":"https:\/\/diariodalagoa.pt\/#website"},"datePublished":"2014-10-30T23:07:30+00:00","dateModified":"2014-10-30T23:07:30+00:00","author":{"@id":"https:\/\/diariodalagoa.pt\/#\/schema\/person\/1615a002370e8857b6f972834bc43ece"},"breadcrumb":{"@id":"https:\/\/diariodalagoa.pt\/aumento-de-quota-do-atum-rabilho-nao-deve-ser-atribuida-as-armacoes-afirma-fausto-brito-e-abreu\/#breadcrumb"},"inLanguage":"es","potentialAction":[{"@type":"ReadAction","target":["https:\/\/diariodalagoa.pt\/aumento-de-quota-do-atum-rabilho-nao-deve-ser-atribuida-as-armacoes-afirma-fausto-brito-e-abreu\/"]}]},{"@type":"BreadcrumbList","@id":"https:\/\/diariodalagoa.pt\/aumento-de-quota-do-atum-rabilho-nao-deve-ser-atribuida-as-armacoes-afirma-fausto-brito-e-abreu\/#breadcrumb","itemListElement":[{"@type":"ListItem","position":1,"name":"In\u00edcio","item":"https:\/\/diariodalagoa.pt\/"},{"@type":"ListItem","position":2,"name":"Aumento de quota do atum rabilho n\u00e3o deve ser atribu\u00edda \u00e0s arma\u00e7\u00f5es, afirma Fausto Brito e Abreu"}]},{"@type":"WebSite","@id":"https:\/\/diariodalagoa.pt\/#website","url":"https:\/\/diariodalagoa.pt\/","name":"Di\u00e1rio da Lagoa","description":"Di\u00e1rio da Lagoa. As not\u00edcias que contam. A partir da Lagoa, nos A\u00e7ores, para o mundo.","potentialAction":[{"@type":"SearchAction","target":{"@type":"EntryPoint","urlTemplate":"https:\/\/diariodalagoa.pt\/?s={search_term_string}"},"query-input":"required name=search_term_string"}],"inLanguage":"es"},{"@type":"Person","@id":"https:\/\/diariodalagoa.pt\/#\/schema\/person\/1615a002370e8857b6f972834bc43ece","name":"Di\u00e1rio da Lagoa","image":{"@type":"ImageObject","inLanguage":"es","@id":"https:\/\/diariodalagoa.pt\/#\/schema\/person\/image\/","url":"https:\/\/secure.gravatar.com\/avatar\/2cb5cef90a26f8fbd4d9d930608102c5?s=96&d=mm&r=g","contentUrl":"https:\/\/secure.gravatar.com\/avatar\/2cb5cef90a26f8fbd4d9d930608102c5?s=96&d=mm&r=g","caption":"Di\u00e1rio da Lagoa"},"url":"https:\/\/diariodalagoa.pt\/es\/author\/diariodalagoa\/"}]}},"_links":{"self":[{"href":"https:\/\/diariodalagoa.pt\/es\/wp-json\/wp\/v2\/posts\/10802"}],"collection":[{"href":"https:\/\/diariodalagoa.pt\/es\/wp-json\/wp\/v2\/posts"}],"about":[{"href":"https:\/\/diariodalagoa.pt\/es\/wp-json\/wp\/v2\/types\/post"}],"author":[{"embeddable":true,"href":"https:\/\/diariodalagoa.pt\/es\/wp-json\/wp\/v2\/users\/2"}],"replies":[{"embeddable":true,"href":"https:\/\/diariodalagoa.pt\/es\/wp-json\/wp\/v2\/comments?post=10802"}],"version-history":[{"count":0,"href":"https:\/\/diariodalagoa.pt\/es\/wp-json\/wp\/v2\/posts\/10802\/revisions"}],"wp:featuredmedia":[{"embeddable":true,"href":"https:\/\/diariodalagoa.pt\/es\/wp-json\/wp\/v2\/media\/121715"}],"wp:attachment":[{"href":"https:\/\/diariodalagoa.pt\/es\/wp-json\/wp\/v2\/media?parent=10802"}],"wp:term":[{"taxonomy":"category","embeddable":true,"href":"https:\/\/diariodalagoa.pt\/es\/wp-json\/wp\/v2\/categories?post=10802"},{"taxonomy":"post_tag","embeddable":true,"href":"https:\/\/diariodalagoa.pt\/es\/wp-json\/wp\/v2\/tags?post=10802"}],"curies":[{"name":"wp","href":"https:\/\/api.w.org\/{rel}","templated":true}]}}