{"id":10779,"date":"2014-10-30T15:05:56","date_gmt":"2014-10-30T16:05:56","guid":{"rendered":"http:\/\/diariodalagoa.pt\/?p=10779"},"modified":"2014-10-30T15:05:56","modified_gmt":"2014-10-30T16:05:56","slug":"acores-querem-atrair-empresas-de-biotecnologia-marinha-para-exploracao-dos-recursos-do-mar-profundo","status":"publish","type":"post","link":"https:\/\/diariodalagoa.pt\/es\/acores-querem-atrair-empresas-de-biotecnologia-marinha-para-exploracao-dos-recursos-do-mar-profundo\/","title":{"rendered":"A\u00e7ores querem atrair empresas de biotecnologia marinha para explora\u00e7\u00e3o dos recursos do mar profundo"},"content":{"rendered":"<p style=\"text-align: justify;\"><img decoding=\"async\" class=\"alignnone size-full wp-image-10780\" src=\"http:\/\/diariodalagoa.pt\/wp-content\/uploads\/2014\/10\/Fausto-Brito-Abreu-ciencia-Mar-secretario-governo-A\u00e7ores-Biomarine.jpg\" alt=\"Fausto-Brito-Abreu-ciencia-Mar-secretario-governo-A\u00e7ores-Biomarine\" width=\"720\" height=\"380\" \/><\/p>\n<p style=\"text-align: justify;\"><span style=\"color: #000000;\">O Secret\u00e1rio Regional do Mar, Ci\u00eancia e Tecnologia participou, em Cascais, na Confer\u00eancia da BioMarine, uma plataforma de investimento internacional dedicada aos recursos biol\u00f3gicos marinhos, onde anunciou que os A\u00e7ores &#8220;querem ser um polo da biotecnologia marinha do Atl\u00e2ntico Norte e do mar profundo\u201d.\u00a0<\/span><\/p>\n<p style=\"text-align: justify;\"><span style=\"color: #000000;\">Fausto Brito e Abreu, que\u00a0falava na sess\u00e3o de abertura deste evento internacional, onde representou Portugal,\u00a0salientou \u201ca import\u00e2ncia especial dos A\u00e7ores no desenvolvimento da estrat\u00e9gia de \u2018crescimento azul\u2019 da Uni\u00e3o Europeia\u201d.\u00a0<\/span><\/p>\n<p style=\"text-align: justify;\"><span style=\"color: #000000;\">\u201cMais de 50% do mar da Uni\u00e3o Europeia \u00e9 portugu\u00eas e mais de 50% do mar portugu\u00eas \u00e9 a\u00e7oriano e, por isso, a Regi\u00e3o tem responsabilidades especiais na implementa\u00e7\u00e3o de um modelo de desenvolvimento assente na \u2018economia azul\u2019\u201d, frisou.\u00a0<\/span><\/p>\n<p style=\"text-align: justify;\"><span style=\"color: #000000;\">Brito e Abreu evidenciou o potencial dos A\u00e7ores para acolher investimentos na \u00e1rea da biotecnologia marinha, um mercado que, estima-se, dever\u00e1 apresentar um crescimento entre 5 a 10% nos pr\u00f3ximos anos a n\u00edvel mundial e que tem aplica\u00e7\u00f5es em setores como a cosm\u00e9tica, sa\u00fade e farmac\u00eautica, alimenta\u00e7\u00e3o e nutri\u00e7\u00e3o, ambiente e tecnologias limpas.\u00a0<\/span><\/p>\n<p style=\"text-align: justify;\"><span style=\"color: #000000;\">Na sua interven\u00e7\u00e3o,\u00a0anunciou ainda um pacote de incentivos a ser implementado pelo Executivo regional para atrair aos A\u00e7ores empresas nacionais e internacionais ligadas \u00e0 biotecnologia marinha.\u00a0<\/span><\/p>\n<p style=\"text-align: justify;\"><span style=\"color: #000000;\">Entre as medidas previstas pelo Governo\u00a0e as mais-valias competitivas dos A\u00e7ores\u00a0merecem destaque um quadro fiscal favor\u00e1vel para empresas de biotecnologia marinha que criem postos de trabalho na Regi\u00e3o, uma linha de financiamento de projetos de Investiga\u00e7\u00e3o e Desenvolvimento em contexto empresarial, um quadro jur\u00eddico adequado e procedimentos de licenciamento agilizados, incluindo legisla\u00e7\u00e3o pioneira sobre acesso e partilha de benef\u00edcios dos recursos gen\u00e9ticos.<\/span><\/p>\n<p style=\"text-align: justify;\"><span style=\"color: #000000;\">Fausto Brito e Abreu referiu tamb\u00e9m que as companhias deste setor que se venham a basear nos A\u00e7ores\u00a0poder\u00e3o beneficiar de escrit\u00f3rios e laborat\u00f3rios com rendas acess\u00edveis na ilha do Faial, onde ser\u00e1 instalado um Parque Empresarial para empresas ligadas ao aproveitamento dos recursos do mar, e ter acesso facilitado ao conhecimento cient\u00edfico do IMAR\/DOP, que frisou ser \u201cum centro de investiga\u00e7\u00e3o que est\u00e1 no top 20 mundial em publica\u00e7\u00f5es sobre mar profundo\u201d.\u00a0<\/span><\/p>\n<p style=\"text-align: justify;\"><span style=\"color: #000000;\">A BioMarine Business Convention, que\u00a0decorre hoje e sexta-feira no Centro de Congressos do Estoril, assume-se como um dos mais importantes eventos empresariais sobre biotecnologia marinha a n\u00edvel mundial, reunindo cerca de 300 executivos de empresas especializadas no desenvolvimento de ind\u00fastrias relacionadas com os bio-recursos marinhos de mais de 30 pa\u00edses.\u00a0<\/span><\/p>\n<p style=\"text-align: justify;\"><span style=\"color: #000000;\">A Biomarine conta com o alto patroc\u00ednio da Presid\u00eancia da Rep\u00fablica e tem o Pr\u00edncipe Alberto II do M\u00f3naco como um dos seus principais anfitri\u00f5es.<\/span><\/p>\n<p style=\"text-align: justify;\"><span style=\"color: #000000;\"><em>DL\/GaCS<\/em><\/span><\/p>","protected":false},"excerpt":{"rendered":"<p>O Secret\u00e1rio Regional do Mar, Ci\u00eancia e Tecnologia participou, em Cascais, na Confer\u00eancia da BioMarine, uma plataforma de investimento internacional dedicada aos recursos biol\u00f3gicos marinhos, onde anunciou que os A\u00e7ores &#8220;querem ser um polo da biotecnologia marinha do Atl\u00e2ntico Norte e do mar profundo\u201d.\u00a0 Fausto Brito e Abreu, que\u00a0falava na sess\u00e3o de abertura deste evento [&hellip;]<\/p>","protected":false},"author":2,"featured_media":0,"comment_status":"open","ping_status":"open","sticky":false,"template":"","format":"standard","meta":[],"categories":[21],"tags":[],"acf":[],"yoast_head":"<!-- This site is optimized with the Yoast SEO plugin v20.10 - https:\/\/yoast.com\/wordpress\/plugins\/seo\/ -->\n<title>A\u00e7ores querem atrair empresas de biotecnologia marinha para explora\u00e7\u00e3o dos recursos do mar profundo - Di\u00e1rio da Lagoa<\/title>\n<meta name=\"robots\" content=\"index, follow, max-snippet:-1, max-image-preview:large, max-video-preview:-1\" \/>\n<link rel=\"canonical\" href=\"https:\/\/diariodalagoa.pt\/es\/acores-querem-atrair-empresas-de-biotecnologia-marinha-para-exploracao-dos-recursos-do-mar-profundo\/\" \/>\n<meta property=\"og:locale\" content=\"es_ES\" \/>\n<meta property=\"og:type\" content=\"article\" \/>\n<meta property=\"og:title\" content=\"A\u00e7ores querem atrair empresas de biotecnologia marinha para explora\u00e7\u00e3o dos recursos do mar profundo - Di\u00e1rio da Lagoa\" \/>\n<meta property=\"og:description\" content=\"O Secret\u00e1rio Regional do Mar, Ci\u00eancia e Tecnologia participou, em Cascais, na Confer\u00eancia da BioMarine, uma plataforma de investimento internacional dedicada aos recursos biol\u00f3gicos marinhos, onde anunciou que os A\u00e7ores &#8220;querem ser um polo da biotecnologia marinha do Atl\u00e2ntico Norte e do mar profundo\u201d.\u00a0 Fausto Brito e Abreu, que\u00a0falava na sess\u00e3o de abertura deste evento [&hellip;]\" \/>\n<meta property=\"og:url\" content=\"https:\/\/diariodalagoa.pt\/es\/acores-querem-atrair-empresas-de-biotecnologia-marinha-para-exploracao-dos-recursos-do-mar-profundo\/\" \/>\n<meta property=\"og:site_name\" content=\"Di\u00e1rio da Lagoa\" \/>\n<meta property=\"article:published_time\" content=\"2014-10-30T16:05:56+00:00\" \/>\n<meta name=\"author\" content=\"Di\u00e1rio da Lagoa\" \/>\n<meta name=\"twitter:card\" content=\"summary_large_image\" \/>\n<meta name=\"twitter:label1\" content=\"Escrito por\" \/>\n\t<meta name=\"twitter:data1\" content=\"Di\u00e1rio da Lagoa\" \/>\n\t<meta name=\"twitter:label2\" content=\"Tiempo de lectura\" \/>\n\t<meta name=\"twitter:data2\" content=\"2 minutos\" \/>\n<script type=\"application\/ld+json\" class=\"yoast-schema-graph\">{\"@context\":\"https:\/\/schema.org\",\"@graph\":[{\"@type\":\"WebPage\",\"@id\":\"https:\/\/diariodalagoa.pt\/acores-querem-atrair-empresas-de-biotecnologia-marinha-para-exploracao-dos-recursos-do-mar-profundo\/\",\"url\":\"https:\/\/diariodalagoa.pt\/acores-querem-atrair-empresas-de-biotecnologia-marinha-para-exploracao-dos-recursos-do-mar-profundo\/\",\"name\":\"A\u00e7ores querem atrair empresas de biotecnologia marinha para explora\u00e7\u00e3o dos recursos do mar profundo - Di\u00e1rio da Lagoa\",\"isPartOf\":{\"@id\":\"https:\/\/diariodalagoa.pt\/#website\"},\"datePublished\":\"2014-10-30T16:05:56+00:00\",\"dateModified\":\"2014-10-30T16:05:56+00:00\",\"author\":{\"@id\":\"https:\/\/diariodalagoa.pt\/#\/schema\/person\/1615a002370e8857b6f972834bc43ece\"},\"breadcrumb\":{\"@id\":\"https:\/\/diariodalagoa.pt\/acores-querem-atrair-empresas-de-biotecnologia-marinha-para-exploracao-dos-recursos-do-mar-profundo\/#breadcrumb\"},\"inLanguage\":\"es\",\"potentialAction\":[{\"@type\":\"ReadAction\",\"target\":[\"https:\/\/diariodalagoa.pt\/acores-querem-atrair-empresas-de-biotecnologia-marinha-para-exploracao-dos-recursos-do-mar-profundo\/\"]}]},{\"@type\":\"BreadcrumbList\",\"@id\":\"https:\/\/diariodalagoa.pt\/acores-querem-atrair-empresas-de-biotecnologia-marinha-para-exploracao-dos-recursos-do-mar-profundo\/#breadcrumb\",\"itemListElement\":[{\"@type\":\"ListItem\",\"position\":1,\"name\":\"In\u00edcio\",\"item\":\"https:\/\/diariodalagoa.pt\/\"},{\"@type\":\"ListItem\",\"position\":2,\"name\":\"A\u00e7ores querem atrair empresas de biotecnologia marinha para explora\u00e7\u00e3o dos recursos do mar profundo\"}]},{\"@type\":\"WebSite\",\"@id\":\"https:\/\/diariodalagoa.pt\/#website\",\"url\":\"https:\/\/diariodalagoa.pt\/\",\"name\":\"Di\u00e1rio da Lagoa\",\"description\":\"Di\u00e1rio da Lagoa. As not\u00edcias que contam. A partir da Lagoa, nos A\u00e7ores, para o mundo.\",\"potentialAction\":[{\"@type\":\"SearchAction\",\"target\":{\"@type\":\"EntryPoint\",\"urlTemplate\":\"https:\/\/diariodalagoa.pt\/?s={search_term_string}\"},\"query-input\":\"required name=search_term_string\"}],\"inLanguage\":\"es\"},{\"@type\":\"Person\",\"@id\":\"https:\/\/diariodalagoa.pt\/#\/schema\/person\/1615a002370e8857b6f972834bc43ece\",\"name\":\"Di\u00e1rio da Lagoa\",\"image\":{\"@type\":\"ImageObject\",\"inLanguage\":\"es\",\"@id\":\"https:\/\/diariodalagoa.pt\/#\/schema\/person\/image\/\",\"url\":\"https:\/\/secure.gravatar.com\/avatar\/2cb5cef90a26f8fbd4d9d930608102c5?s=96&d=mm&r=g\",\"contentUrl\":\"https:\/\/secure.gravatar.com\/avatar\/2cb5cef90a26f8fbd4d9d930608102c5?s=96&d=mm&r=g\",\"caption\":\"Di\u00e1rio da Lagoa\"},\"url\":\"https:\/\/diariodalagoa.pt\/es\/author\/diariodalagoa\/\"}]}<\/script>\n<!-- \/ Yoast SEO plugin. -->","yoast_head_json":{"title":"A\u00e7ores querem atrair empresas de biotecnologia marinha para explora\u00e7\u00e3o dos recursos do mar profundo - Di\u00e1rio da Lagoa","robots":{"index":"index","follow":"follow","max-snippet":"max-snippet:-1","max-image-preview":"max-image-preview:large","max-video-preview":"max-video-preview:-1"},"canonical":"https:\/\/diariodalagoa.pt\/es\/acores-querem-atrair-empresas-de-biotecnologia-marinha-para-exploracao-dos-recursos-do-mar-profundo\/","og_locale":"es_ES","og_type":"article","og_title":"A\u00e7ores querem atrair empresas de biotecnologia marinha para explora\u00e7\u00e3o dos recursos do mar profundo - Di\u00e1rio da Lagoa","og_description":"O Secret\u00e1rio Regional do Mar, Ci\u00eancia e Tecnologia participou, em Cascais, na Confer\u00eancia da BioMarine, uma plataforma de investimento internacional dedicada aos recursos biol\u00f3gicos marinhos, onde anunciou que os A\u00e7ores &#8220;querem ser um polo da biotecnologia marinha do Atl\u00e2ntico Norte e do mar profundo\u201d.\u00a0 Fausto Brito e Abreu, que\u00a0falava na sess\u00e3o de abertura deste evento [&hellip;]","og_url":"https:\/\/diariodalagoa.pt\/es\/acores-querem-atrair-empresas-de-biotecnologia-marinha-para-exploracao-dos-recursos-do-mar-profundo\/","og_site_name":"Di\u00e1rio da Lagoa","article_published_time":"2014-10-30T16:05:56+00:00","author":"Di\u00e1rio da Lagoa","twitter_card":"summary_large_image","twitter_misc":{"Escrito por":"Di\u00e1rio da Lagoa","Tiempo de lectura":"2 minutos"},"schema":{"@context":"https:\/\/schema.org","@graph":[{"@type":"WebPage","@id":"https:\/\/diariodalagoa.pt\/acores-querem-atrair-empresas-de-biotecnologia-marinha-para-exploracao-dos-recursos-do-mar-profundo\/","url":"https:\/\/diariodalagoa.pt\/acores-querem-atrair-empresas-de-biotecnologia-marinha-para-exploracao-dos-recursos-do-mar-profundo\/","name":"A\u00e7ores querem atrair empresas de biotecnologia marinha para explora\u00e7\u00e3o dos recursos do mar profundo - Di\u00e1rio da Lagoa","isPartOf":{"@id":"https:\/\/diariodalagoa.pt\/#website"},"datePublished":"2014-10-30T16:05:56+00:00","dateModified":"2014-10-30T16:05:56+00:00","author":{"@id":"https:\/\/diariodalagoa.pt\/#\/schema\/person\/1615a002370e8857b6f972834bc43ece"},"breadcrumb":{"@id":"https:\/\/diariodalagoa.pt\/acores-querem-atrair-empresas-de-biotecnologia-marinha-para-exploracao-dos-recursos-do-mar-profundo\/#breadcrumb"},"inLanguage":"es","potentialAction":[{"@type":"ReadAction","target":["https:\/\/diariodalagoa.pt\/acores-querem-atrair-empresas-de-biotecnologia-marinha-para-exploracao-dos-recursos-do-mar-profundo\/"]}]},{"@type":"BreadcrumbList","@id":"https:\/\/diariodalagoa.pt\/acores-querem-atrair-empresas-de-biotecnologia-marinha-para-exploracao-dos-recursos-do-mar-profundo\/#breadcrumb","itemListElement":[{"@type":"ListItem","position":1,"name":"In\u00edcio","item":"https:\/\/diariodalagoa.pt\/"},{"@type":"ListItem","position":2,"name":"A\u00e7ores querem atrair empresas de biotecnologia marinha para explora\u00e7\u00e3o dos recursos do mar profundo"}]},{"@type":"WebSite","@id":"https:\/\/diariodalagoa.pt\/#website","url":"https:\/\/diariodalagoa.pt\/","name":"Di\u00e1rio da Lagoa","description":"Di\u00e1rio da Lagoa. As not\u00edcias que contam. A partir da Lagoa, nos A\u00e7ores, para o mundo.","potentialAction":[{"@type":"SearchAction","target":{"@type":"EntryPoint","urlTemplate":"https:\/\/diariodalagoa.pt\/?s={search_term_string}"},"query-input":"required name=search_term_string"}],"inLanguage":"es"},{"@type":"Person","@id":"https:\/\/diariodalagoa.pt\/#\/schema\/person\/1615a002370e8857b6f972834bc43ece","name":"Di\u00e1rio da Lagoa","image":{"@type":"ImageObject","inLanguage":"es","@id":"https:\/\/diariodalagoa.pt\/#\/schema\/person\/image\/","url":"https:\/\/secure.gravatar.com\/avatar\/2cb5cef90a26f8fbd4d9d930608102c5?s=96&d=mm&r=g","contentUrl":"https:\/\/secure.gravatar.com\/avatar\/2cb5cef90a26f8fbd4d9d930608102c5?s=96&d=mm&r=g","caption":"Di\u00e1rio da Lagoa"},"url":"https:\/\/diariodalagoa.pt\/es\/author\/diariodalagoa\/"}]}},"_links":{"self":[{"href":"https:\/\/diariodalagoa.pt\/es\/wp-json\/wp\/v2\/posts\/10779"}],"collection":[{"href":"https:\/\/diariodalagoa.pt\/es\/wp-json\/wp\/v2\/posts"}],"about":[{"href":"https:\/\/diariodalagoa.pt\/es\/wp-json\/wp\/v2\/types\/post"}],"author":[{"embeddable":true,"href":"https:\/\/diariodalagoa.pt\/es\/wp-json\/wp\/v2\/users\/2"}],"replies":[{"embeddable":true,"href":"https:\/\/diariodalagoa.pt\/es\/wp-json\/wp\/v2\/comments?post=10779"}],"version-history":[{"count":0,"href":"https:\/\/diariodalagoa.pt\/es\/wp-json\/wp\/v2\/posts\/10779\/revisions"}],"wp:attachment":[{"href":"https:\/\/diariodalagoa.pt\/es\/wp-json\/wp\/v2\/media?parent=10779"}],"wp:term":[{"taxonomy":"category","embeddable":true,"href":"https:\/\/diariodalagoa.pt\/es\/wp-json\/wp\/v2\/categories?post=10779"},{"taxonomy":"post_tag","embeddable":true,"href":"https:\/\/diariodalagoa.pt\/es\/wp-json\/wp\/v2\/tags?post=10779"}],"curies":[{"name":"wp","href":"https:\/\/api.w.org\/{rel}","templated":true}]}}