{"id":10687,"date":"2014-10-27T19:44:42","date_gmt":"2014-10-27T20:44:42","guid":{"rendered":"http:\/\/diariodalagoa.pt\/?p=10687"},"modified":"2014-10-27T19:44:42","modified_gmt":"2014-10-27T20:44:42","slug":"2015-sera-um-ano-chave-para-a-tecnologia-aeroespacial-nos-acores","status":"publish","type":"post","link":"https:\/\/diariodalagoa.pt\/es\/2015-sera-um-ano-chave-para-a-tecnologia-aeroespacial-nos-acores\/","title":{"rendered":"2015 ser\u00e1 um ano-chave para a tecnologia aeroespacial nos A\u00e7ores"},"content":{"rendered":"<p style=\"text-align: justify;\"><img decoding=\"async\" class=\"alignnone size-full wp-image-10688\" src=\"http:\/\/diariodalagoa.pt\/wp-content\/uploads\/2014\/10\/ESA-Santa-Maria-esta\u00e7\u00e3o-rastreio.jpg\" alt=\"ESA-Santa-Maria-esta\u00e7\u00e3o-rastreio\" width=\"720\" height=\"380\" \/><\/p>\n<p style=\"text-align: justify;\"><span style=\"color: #000000;\">O\u00a0Diretor Regional da Ci\u00eancia e Tecnologia afirmou que 2015 ser\u00e1 &#8220;um ano importante para as tecnologias espaciais nos A\u00e7ores\u201d, apontando como exemplo a Rede Atl\u00e2ntica de Esta\u00e7\u00f5es Geodin\u00e2micas e Espaciais.\u00a0<\/span><\/p>\n<p style=\"text-align: justify;\"><span style=\"color: #000000;\">Nelson Sim\u00f5es, que falava no semin\u00e1rio &#8216;Azores &#8211; Potencial for Space Technology&#8217;, organizado pelo Governo dos A\u00e7ores\u00a0para promover projetos em curso no arquip\u00e9lago na \u00e1rea das tecnologias espaciais, salientou que a\u00a0RAEGE\u00a0vai realizar em 2015 \u201cas suas primeiras grandes observa\u00e7\u00f5es, ficando a funcionar em pleno\u201d.\u00a0<\/span><\/p>\n<p style=\"text-align: justify;\"><span style=\"color: #000000;\">Neste semin\u00e1rio,\u00a0al\u00e9m das esta\u00e7\u00f5es da ESA e GALILEO, em Santa Maria, projetos que, segundo o Diretor Regional,\u00a0\u201ccolocam os A\u00e7ores na globaliza\u00e7\u00e3o e recolhem dados que s\u00e3o essenciais para aspetos relacionados com defesa e que t\u00eam tamb\u00e9m aplica\u00e7\u00f5es em economia marinha, sa\u00fade e controlo de desastres naturais\u201d,\u00a0foi tamb\u00e9m apresentado o projeto ARM do Observat\u00f3rio de Investiga\u00e7\u00e3o Clim\u00e1tica da Graciosa, que disponibiliza gratuitamente dados sobre a composi\u00e7\u00e3o atmosf\u00e9rica e que, em 2015, passar\u00e1 a fazer uma interpreta\u00e7\u00e3o tridimensional da atmosfera. \u00a0<\/span><\/p>\n<p style=\"text-align: justify;\"><span style=\"color: #000000;\">Os projetos apresentados no &#8216;Azores &#8211; Potencial for Space Technology&#8217; t\u00eam parceiros internacionais que querem colaborar com a Regi\u00e3o, entre os quais a NASA, o que, para Nelson Sim\u00f5es, significa que\u00a0a Regi\u00e3o\u00a0tem\u00a0&#8220;as portas abertas e condi\u00e7\u00f5es para estabelecer liga\u00e7\u00f5es com grandes empresas do estrangeiro que queiram vir para os A\u00e7ores\u201d.\u00a0<\/span><\/p>\n<p style=\"text-align: justify;\"><span style=\"color: #000000;\">Durante o semin\u00e1rio, que contou com a presen\u00e7a de v\u00e1rios oradores nacionais e estrangeiros, foram ainda abordados temas como a Reflectometria a partir de Sistemas de Sat\u00e9lites de Navega\u00e7\u00e3o Globais, o projeto Nereus (Network of European Regions using Space Technologies), que congrega regi\u00f5es utilizadoras de tecnologia espacial, o uso de dete\u00e7\u00e3o remota para Cartografia da Vegeta\u00e7\u00e3o nas \u00c1reas Protegidas dos A\u00e7ores e os Sat\u00e9lites de Alta Resolu\u00e7\u00e3o.<\/span><\/p>\n<p style=\"text-align: justify;\"><span style=\"color: #000000;\"><em>DL\/GaCS<\/em><\/span><\/p>","protected":false},"excerpt":{"rendered":"<p>O\u00a0Diretor Regional da Ci\u00eancia e Tecnologia afirmou que 2015 ser\u00e1 &#8220;um ano importante para as tecnologias espaciais nos A\u00e7ores\u201d, apontando como exemplo a Rede Atl\u00e2ntica de Esta\u00e7\u00f5es Geodin\u00e2micas e Espaciais.\u00a0 Nelson Sim\u00f5es, que falava no semin\u00e1rio &#8216;Azores &#8211; Potencial for Space Technology&#8217;, organizado pelo Governo dos A\u00e7ores\u00a0para promover projetos em curso no arquip\u00e9lago na \u00e1rea [&hellip;]<\/p>","protected":false},"author":2,"featured_media":0,"comment_status":"open","ping_status":"open","sticky":false,"template":"","format":"standard","meta":[],"categories":[21],"tags":[],"acf":[],"yoast_head":"<!-- This site is optimized with the Yoast SEO plugin v20.10 - https:\/\/yoast.com\/wordpress\/plugins\/seo\/ -->\n<title>2015 ser\u00e1 um ano-chave para a tecnologia aeroespacial nos A\u00e7ores - Di\u00e1rio da Lagoa<\/title>\n<meta name=\"robots\" content=\"index, follow, max-snippet:-1, max-image-preview:large, max-video-preview:-1\" \/>\n<link rel=\"canonical\" href=\"https:\/\/diariodalagoa.pt\/es\/2015-sera-um-ano-chave-para-a-tecnologia-aeroespacial-nos-acores\/\" \/>\n<meta property=\"og:locale\" content=\"es_ES\" \/>\n<meta property=\"og:type\" content=\"article\" \/>\n<meta property=\"og:title\" content=\"2015 ser\u00e1 um ano-chave para a tecnologia aeroespacial nos A\u00e7ores - Di\u00e1rio da Lagoa\" \/>\n<meta property=\"og:description\" content=\"O\u00a0Diretor Regional da Ci\u00eancia e Tecnologia afirmou que 2015 ser\u00e1 &#8220;um ano importante para as tecnologias espaciais nos A\u00e7ores\u201d, apontando como exemplo a Rede Atl\u00e2ntica de Esta\u00e7\u00f5es Geodin\u00e2micas e Espaciais.\u00a0 Nelson Sim\u00f5es, que falava no semin\u00e1rio &#8216;Azores &#8211; Potencial for Space Technology&#8217;, organizado pelo Governo dos A\u00e7ores\u00a0para promover projetos em curso no arquip\u00e9lago na \u00e1rea [&hellip;]\" \/>\n<meta property=\"og:url\" content=\"https:\/\/diariodalagoa.pt\/es\/2015-sera-um-ano-chave-para-a-tecnologia-aeroespacial-nos-acores\/\" \/>\n<meta property=\"og:site_name\" content=\"Di\u00e1rio da Lagoa\" \/>\n<meta property=\"article:published_time\" content=\"2014-10-27T20:44:42+00:00\" \/>\n<meta name=\"author\" content=\"Di\u00e1rio da Lagoa\" \/>\n<meta name=\"twitter:card\" content=\"summary_large_image\" \/>\n<meta name=\"twitter:label1\" content=\"Escrito por\" \/>\n\t<meta name=\"twitter:data1\" content=\"Di\u00e1rio da Lagoa\" \/>\n\t<meta name=\"twitter:label2\" content=\"Tiempo de lectura\" \/>\n\t<meta name=\"twitter:data2\" content=\"2 minutos\" \/>\n<script type=\"application\/ld+json\" class=\"yoast-schema-graph\">{\"@context\":\"https:\/\/schema.org\",\"@graph\":[{\"@type\":\"WebPage\",\"@id\":\"https:\/\/diariodalagoa.pt\/2015-sera-um-ano-chave-para-a-tecnologia-aeroespacial-nos-acores\/\",\"url\":\"https:\/\/diariodalagoa.pt\/2015-sera-um-ano-chave-para-a-tecnologia-aeroespacial-nos-acores\/\",\"name\":\"2015 ser\u00e1 um ano-chave para a tecnologia aeroespacial nos A\u00e7ores - Di\u00e1rio da Lagoa\",\"isPartOf\":{\"@id\":\"https:\/\/diariodalagoa.pt\/#website\"},\"datePublished\":\"2014-10-27T20:44:42+00:00\",\"dateModified\":\"2014-10-27T20:44:42+00:00\",\"author\":{\"@id\":\"https:\/\/diariodalagoa.pt\/#\/schema\/person\/1615a002370e8857b6f972834bc43ece\"},\"breadcrumb\":{\"@id\":\"https:\/\/diariodalagoa.pt\/2015-sera-um-ano-chave-para-a-tecnologia-aeroespacial-nos-acores\/#breadcrumb\"},\"inLanguage\":\"es\",\"potentialAction\":[{\"@type\":\"ReadAction\",\"target\":[\"https:\/\/diariodalagoa.pt\/2015-sera-um-ano-chave-para-a-tecnologia-aeroespacial-nos-acores\/\"]}]},{\"@type\":\"BreadcrumbList\",\"@id\":\"https:\/\/diariodalagoa.pt\/2015-sera-um-ano-chave-para-a-tecnologia-aeroespacial-nos-acores\/#breadcrumb\",\"itemListElement\":[{\"@type\":\"ListItem\",\"position\":1,\"name\":\"In\u00edcio\",\"item\":\"https:\/\/diariodalagoa.pt\/\"},{\"@type\":\"ListItem\",\"position\":2,\"name\":\"2015 ser\u00e1 um ano-chave para a tecnologia aeroespacial nos A\u00e7ores\"}]},{\"@type\":\"WebSite\",\"@id\":\"https:\/\/diariodalagoa.pt\/#website\",\"url\":\"https:\/\/diariodalagoa.pt\/\",\"name\":\"Di\u00e1rio da Lagoa\",\"description\":\"Di\u00e1rio da Lagoa. As not\u00edcias que contam. A partir da Lagoa, nos A\u00e7ores, para o mundo.\",\"potentialAction\":[{\"@type\":\"SearchAction\",\"target\":{\"@type\":\"EntryPoint\",\"urlTemplate\":\"https:\/\/diariodalagoa.pt\/?s={search_term_string}\"},\"query-input\":\"required name=search_term_string\"}],\"inLanguage\":\"es\"},{\"@type\":\"Person\",\"@id\":\"https:\/\/diariodalagoa.pt\/#\/schema\/person\/1615a002370e8857b6f972834bc43ece\",\"name\":\"Di\u00e1rio da Lagoa\",\"image\":{\"@type\":\"ImageObject\",\"inLanguage\":\"es\",\"@id\":\"https:\/\/diariodalagoa.pt\/#\/schema\/person\/image\/\",\"url\":\"https:\/\/secure.gravatar.com\/avatar\/2cb5cef90a26f8fbd4d9d930608102c5?s=96&d=mm&r=g\",\"contentUrl\":\"https:\/\/secure.gravatar.com\/avatar\/2cb5cef90a26f8fbd4d9d930608102c5?s=96&d=mm&r=g\",\"caption\":\"Di\u00e1rio da Lagoa\"},\"url\":\"https:\/\/diariodalagoa.pt\/es\/author\/diariodalagoa\/\"}]}<\/script>\n<!-- \/ Yoast SEO plugin. -->","yoast_head_json":{"title":"2015 ser\u00e1 um ano-chave para a tecnologia aeroespacial nos A\u00e7ores - Di\u00e1rio da Lagoa","robots":{"index":"index","follow":"follow","max-snippet":"max-snippet:-1","max-image-preview":"max-image-preview:large","max-video-preview":"max-video-preview:-1"},"canonical":"https:\/\/diariodalagoa.pt\/es\/2015-sera-um-ano-chave-para-a-tecnologia-aeroespacial-nos-acores\/","og_locale":"es_ES","og_type":"article","og_title":"2015 ser\u00e1 um ano-chave para a tecnologia aeroespacial nos A\u00e7ores - Di\u00e1rio da Lagoa","og_description":"O\u00a0Diretor Regional da Ci\u00eancia e Tecnologia afirmou que 2015 ser\u00e1 &#8220;um ano importante para as tecnologias espaciais nos A\u00e7ores\u201d, apontando como exemplo a Rede Atl\u00e2ntica de Esta\u00e7\u00f5es Geodin\u00e2micas e Espaciais.\u00a0 Nelson Sim\u00f5es, que falava no semin\u00e1rio &#8216;Azores &#8211; Potencial for Space Technology&#8217;, organizado pelo Governo dos A\u00e7ores\u00a0para promover projetos em curso no arquip\u00e9lago na \u00e1rea [&hellip;]","og_url":"https:\/\/diariodalagoa.pt\/es\/2015-sera-um-ano-chave-para-a-tecnologia-aeroespacial-nos-acores\/","og_site_name":"Di\u00e1rio da Lagoa","article_published_time":"2014-10-27T20:44:42+00:00","author":"Di\u00e1rio da Lagoa","twitter_card":"summary_large_image","twitter_misc":{"Escrito por":"Di\u00e1rio da Lagoa","Tiempo de lectura":"2 minutos"},"schema":{"@context":"https:\/\/schema.org","@graph":[{"@type":"WebPage","@id":"https:\/\/diariodalagoa.pt\/2015-sera-um-ano-chave-para-a-tecnologia-aeroespacial-nos-acores\/","url":"https:\/\/diariodalagoa.pt\/2015-sera-um-ano-chave-para-a-tecnologia-aeroespacial-nos-acores\/","name":"2015 ser\u00e1 um ano-chave para a tecnologia aeroespacial nos A\u00e7ores - Di\u00e1rio da Lagoa","isPartOf":{"@id":"https:\/\/diariodalagoa.pt\/#website"},"datePublished":"2014-10-27T20:44:42+00:00","dateModified":"2014-10-27T20:44:42+00:00","author":{"@id":"https:\/\/diariodalagoa.pt\/#\/schema\/person\/1615a002370e8857b6f972834bc43ece"},"breadcrumb":{"@id":"https:\/\/diariodalagoa.pt\/2015-sera-um-ano-chave-para-a-tecnologia-aeroespacial-nos-acores\/#breadcrumb"},"inLanguage":"es","potentialAction":[{"@type":"ReadAction","target":["https:\/\/diariodalagoa.pt\/2015-sera-um-ano-chave-para-a-tecnologia-aeroespacial-nos-acores\/"]}]},{"@type":"BreadcrumbList","@id":"https:\/\/diariodalagoa.pt\/2015-sera-um-ano-chave-para-a-tecnologia-aeroespacial-nos-acores\/#breadcrumb","itemListElement":[{"@type":"ListItem","position":1,"name":"In\u00edcio","item":"https:\/\/diariodalagoa.pt\/"},{"@type":"ListItem","position":2,"name":"2015 ser\u00e1 um ano-chave para a tecnologia aeroespacial nos A\u00e7ores"}]},{"@type":"WebSite","@id":"https:\/\/diariodalagoa.pt\/#website","url":"https:\/\/diariodalagoa.pt\/","name":"Di\u00e1rio da Lagoa","description":"Di\u00e1rio da Lagoa. As not\u00edcias que contam. A partir da Lagoa, nos A\u00e7ores, para o mundo.","potentialAction":[{"@type":"SearchAction","target":{"@type":"EntryPoint","urlTemplate":"https:\/\/diariodalagoa.pt\/?s={search_term_string}"},"query-input":"required name=search_term_string"}],"inLanguage":"es"},{"@type":"Person","@id":"https:\/\/diariodalagoa.pt\/#\/schema\/person\/1615a002370e8857b6f972834bc43ece","name":"Di\u00e1rio da Lagoa","image":{"@type":"ImageObject","inLanguage":"es","@id":"https:\/\/diariodalagoa.pt\/#\/schema\/person\/image\/","url":"https:\/\/secure.gravatar.com\/avatar\/2cb5cef90a26f8fbd4d9d930608102c5?s=96&d=mm&r=g","contentUrl":"https:\/\/secure.gravatar.com\/avatar\/2cb5cef90a26f8fbd4d9d930608102c5?s=96&d=mm&r=g","caption":"Di\u00e1rio da Lagoa"},"url":"https:\/\/diariodalagoa.pt\/es\/author\/diariodalagoa\/"}]}},"_links":{"self":[{"href":"https:\/\/diariodalagoa.pt\/es\/wp-json\/wp\/v2\/posts\/10687"}],"collection":[{"href":"https:\/\/diariodalagoa.pt\/es\/wp-json\/wp\/v2\/posts"}],"about":[{"href":"https:\/\/diariodalagoa.pt\/es\/wp-json\/wp\/v2\/types\/post"}],"author":[{"embeddable":true,"href":"https:\/\/diariodalagoa.pt\/es\/wp-json\/wp\/v2\/users\/2"}],"replies":[{"embeddable":true,"href":"https:\/\/diariodalagoa.pt\/es\/wp-json\/wp\/v2\/comments?post=10687"}],"version-history":[{"count":0,"href":"https:\/\/diariodalagoa.pt\/es\/wp-json\/wp\/v2\/posts\/10687\/revisions"}],"wp:attachment":[{"href":"https:\/\/diariodalagoa.pt\/es\/wp-json\/wp\/v2\/media?parent=10687"}],"wp:term":[{"taxonomy":"category","embeddable":true,"href":"https:\/\/diariodalagoa.pt\/es\/wp-json\/wp\/v2\/categories?post=10687"},{"taxonomy":"post_tag","embeddable":true,"href":"https:\/\/diariodalagoa.pt\/es\/wp-json\/wp\/v2\/tags?post=10687"}],"curies":[{"name":"wp","href":"https:\/\/api.w.org\/{rel}","templated":true}]}}