{"id":105866,"date":"2022-12-10T15:22:50","date_gmt":"2022-12-10T16:22:50","guid":{"rendered":"https:\/\/diariodalagoa.pt\/?p=105866"},"modified":"2022-12-10T15:22:50","modified_gmt":"2022-12-10T16:22:50","slug":"corrida-de-sao-silvestre-em-ponta-delgada-com-mais-de-1-200-inscritos","status":"publish","type":"post","link":"https:\/\/diariodalagoa.pt\/es\/corrida-de-sao-silvestre-em-ponta-delgada-com-mais-de-1-200-inscritos\/","title":{"rendered":"Corrida de S\u00e3o Silvestre em Ponta Delgada com mais de 1.200 inscritos"},"content":{"rendered":"<figure class=\"wp-block-image size-full\"><img decoding=\"async\" src=\"https:\/\/diariodalagoa.pt\/wp-content\/uploads\/2022\/12\/58-corrida-Sao-Silvestre-2022-\u00a9-CMPD.jpg\" alt=\"\" class=\"wp-image-105867\"\/><figcaption class=\"wp-element-caption\"><sup><mark style=\"background-color:rgba(0, 0, 0, 0)\" class=\"has-inline-color has-cyan-bluish-gray-color\">\u00a9 CM PONTA DELGADA<\/mark><\/sup><\/figcaption><\/figure>\n\n\n<p>A 58\u00aa corrida de S\u00e3o Silvestre realiza-se este s\u00e1bado, 10 de dezembro, pelas 18h30 na cidade de Ponta Delgada, em S\u00e3o Miguel, tendo esta manh\u00e3 acontecido a rece\u00e7\u00e3o aos atletas no sal\u00e3o nobre dos Pa\u00e7os do Concelho da autarquia do maior concelho a\u00e7oriano.<\/p>\n<p>Na ocasi\u00e3o, segundo nota de imprensa, o vice-presidente da autarquia, Pedro Furtado, real\u00e7ou &#8220;o orgulho em Ponta Delgada ser este fim de semana a capital do atletismo nacional&#8221; ao receber a \u201cnobreza\u201d da modalidade para uma \u201cgrande festa\u201d do desporto que re\u00fane atletas regionais e nacionais.<\/p>\n<p>Pedro Furtado destacou a qualidade da corrida S\u00e3o Silvestre, quer pela excel\u00eancia da organiza\u00e7\u00e3o, quer pela capacidade de mobiliza\u00e7\u00e3o, sendo que a prova desta tarde conta com mais de 1.200 inscritos.<\/p>\n<p>A corrida S\u00e3o Silvestre de Ponta Delgada \u00e9 a segunda mais antiga do pa\u00eds. S\u00f3 n\u00e3o se realizou em 2020 por imperativos da pandemia da covid-19.<\/p>\n<p>\u201cJ\u00e1 faz, por isso, parte do nosso ADN\u201d , assumiu o autarca, lembrando que importa dar continuidade ao esp\u00edrito de inova\u00e7\u00e3o e de busca da excel\u00eancia que tem pautado a prova.<\/p>\n<p>O sal\u00e3o nobre esteve, assim, repleto de atletas, equipas t\u00e9cnicas e acompanhantes, tendo este ano como\u00a0embaixador o atleta Rui Silva, medalha de bronze nos 1500 metros nos Jogos Ol\u00edmpicos de Atenas, em 2004, campe\u00e3o do Mundo por uma ocasi\u00e3o e da Europa em tr\u00eas.<\/p>\n<p>O atleta ol\u00edmpico agradeceu o convite e disse ser um orgulho ser embaixador da prova, congratulando-se com a experi\u00eancia tida com os alunos das escolas secund\u00e1rias das Laranjeiras e da Ribeira Grande.<\/p>","protected":false},"excerpt":{"rendered":"<p>A 58\u00aa corrida de S\u00e3o Silvestre realiza-se este s\u00e1bado, 10 de dezembro, pelas 18h30 na cidade de Ponta Delgada, em S\u00e3o Miguel, tendo esta manh\u00e3 acontecido a rece\u00e7\u00e3o aos atletas no sal\u00e3o nobre dos Pa\u00e7os do Concelho da autarquia do maior concelho a\u00e7oriano. Na ocasi\u00e3o, segundo nota de imprensa, o vice-presidente da autarquia, Pedro Furtado, [&hellip;]<\/p>","protected":false},"author":2,"featured_media":113863,"comment_status":"open","ping_status":"closed","sticky":false,"template":"","format":"standard","meta":[],"categories":[21],"tags":[],"acf":[],"yoast_head":"<!-- This site is optimized with the Yoast SEO plugin v20.10 - https:\/\/yoast.com\/wordpress\/plugins\/seo\/ -->\n<title>Corrida de S\u00e3o Silvestre em Ponta Delgada com mais de 1.200 inscritos - Di\u00e1rio da Lagoa<\/title>\n<meta name=\"robots\" content=\"index, follow, max-snippet:-1, max-image-preview:large, max-video-preview:-1\" \/>\n<link rel=\"canonical\" href=\"https:\/\/diariodalagoa.pt\/es\/corrida-de-sao-silvestre-em-ponta-delgada-com-mais-de-1-200-inscritos\/\" \/>\n<meta property=\"og:locale\" content=\"es_ES\" \/>\n<meta property=\"og:type\" content=\"article\" \/>\n<meta property=\"og:title\" content=\"Corrida de S\u00e3o Silvestre em Ponta Delgada com mais de 1.200 inscritos - Di\u00e1rio da Lagoa\" \/>\n<meta property=\"og:description\" content=\"A 58\u00aa corrida de S\u00e3o Silvestre realiza-se este s\u00e1bado, 10 de dezembro, pelas 18h30 na cidade de Ponta Delgada, em S\u00e3o Miguel, tendo esta manh\u00e3 acontecido a rece\u00e7\u00e3o aos atletas no sal\u00e3o nobre dos Pa\u00e7os do Concelho da autarquia do maior concelho a\u00e7oriano. Na ocasi\u00e3o, segundo nota de imprensa, o vice-presidente da autarquia, Pedro Furtado, [&hellip;]\" \/>\n<meta property=\"og:url\" content=\"https:\/\/diariodalagoa.pt\/es\/corrida-de-sao-silvestre-em-ponta-delgada-com-mais-de-1-200-inscritos\/\" \/>\n<meta property=\"og:site_name\" content=\"Di\u00e1rio da Lagoa\" \/>\n<meta property=\"article:published_time\" content=\"2022-12-10T16:22:50+00:00\" \/>\n<meta property=\"og:image\" content=\"https:\/\/diariodalagoa.pt\/wp-content\/uploads\/2022\/12\/58-corrida-sao-silvestre-2022-cmpd.jpg\" \/>\n\t<meta property=\"og:image:width\" content=\"960\" \/>\n\t<meta property=\"og:image:height\" content=\"640\" \/>\n\t<meta property=\"og:image:type\" content=\"image\/jpeg\" \/>\n<meta name=\"author\" content=\"Di\u00e1rio da Lagoa\" \/>\n<meta name=\"twitter:card\" content=\"summary_large_image\" \/>\n<meta name=\"twitter:label1\" content=\"Escrito por\" \/>\n\t<meta name=\"twitter:data1\" content=\"Di\u00e1rio da Lagoa\" \/>\n\t<meta name=\"twitter:label2\" content=\"Tiempo de lectura\" \/>\n\t<meta name=\"twitter:data2\" content=\"2 minutos\" \/>\n<script type=\"application\/ld+json\" class=\"yoast-schema-graph\">{\"@context\":\"https:\/\/schema.org\",\"@graph\":[{\"@type\":\"WebPage\",\"@id\":\"https:\/\/diariodalagoa.pt\/corrida-de-sao-silvestre-em-ponta-delgada-com-mais-de-1-200-inscritos\/\",\"url\":\"https:\/\/diariodalagoa.pt\/corrida-de-sao-silvestre-em-ponta-delgada-com-mais-de-1-200-inscritos\/\",\"name\":\"Corrida de S\u00e3o Silvestre em Ponta Delgada com mais de 1.200 inscritos - Di\u00e1rio da Lagoa\",\"isPartOf\":{\"@id\":\"https:\/\/diariodalagoa.pt\/#website\"},\"datePublished\":\"2022-12-10T16:22:50+00:00\",\"dateModified\":\"2022-12-10T16:22:50+00:00\",\"author\":{\"@id\":\"https:\/\/diariodalagoa.pt\/#\/schema\/person\/1615a002370e8857b6f972834bc43ece\"},\"breadcrumb\":{\"@id\":\"https:\/\/diariodalagoa.pt\/corrida-de-sao-silvestre-em-ponta-delgada-com-mais-de-1-200-inscritos\/#breadcrumb\"},\"inLanguage\":\"es\",\"potentialAction\":[{\"@type\":\"ReadAction\",\"target\":[\"https:\/\/diariodalagoa.pt\/corrida-de-sao-silvestre-em-ponta-delgada-com-mais-de-1-200-inscritos\/\"]}]},{\"@type\":\"BreadcrumbList\",\"@id\":\"https:\/\/diariodalagoa.pt\/corrida-de-sao-silvestre-em-ponta-delgada-com-mais-de-1-200-inscritos\/#breadcrumb\",\"itemListElement\":[{\"@type\":\"ListItem\",\"position\":1,\"name\":\"In\u00edcio\",\"item\":\"https:\/\/diariodalagoa.pt\/\"},{\"@type\":\"ListItem\",\"position\":2,\"name\":\"Corrida de S\u00e3o Silvestre em Ponta Delgada com mais de 1.200 inscritos\"}]},{\"@type\":\"WebSite\",\"@id\":\"https:\/\/diariodalagoa.pt\/#website\",\"url\":\"https:\/\/diariodalagoa.pt\/\",\"name\":\"Di\u00e1rio da Lagoa\",\"description\":\"Di\u00e1rio da Lagoa. As not\u00edcias que contam. A partir da Lagoa, nos A\u00e7ores, para o mundo.\",\"potentialAction\":[{\"@type\":\"SearchAction\",\"target\":{\"@type\":\"EntryPoint\",\"urlTemplate\":\"https:\/\/diariodalagoa.pt\/?s={search_term_string}\"},\"query-input\":\"required name=search_term_string\"}],\"inLanguage\":\"es\"},{\"@type\":\"Person\",\"@id\":\"https:\/\/diariodalagoa.pt\/#\/schema\/person\/1615a002370e8857b6f972834bc43ece\",\"name\":\"Di\u00e1rio da Lagoa\",\"image\":{\"@type\":\"ImageObject\",\"inLanguage\":\"es\",\"@id\":\"https:\/\/diariodalagoa.pt\/#\/schema\/person\/image\/\",\"url\":\"https:\/\/secure.gravatar.com\/avatar\/2cb5cef90a26f8fbd4d9d930608102c5?s=96&d=mm&r=g\",\"contentUrl\":\"https:\/\/secure.gravatar.com\/avatar\/2cb5cef90a26f8fbd4d9d930608102c5?s=96&d=mm&r=g\",\"caption\":\"Di\u00e1rio da Lagoa\"},\"url\":\"https:\/\/diariodalagoa.pt\/es\/author\/diariodalagoa\/\"}]}<\/script>\n<!-- \/ Yoast SEO plugin. -->","yoast_head_json":{"title":"Corrida de S\u00e3o Silvestre em Ponta Delgada com mais de 1.200 inscritos - Di\u00e1rio da Lagoa","robots":{"index":"index","follow":"follow","max-snippet":"max-snippet:-1","max-image-preview":"max-image-preview:large","max-video-preview":"max-video-preview:-1"},"canonical":"https:\/\/diariodalagoa.pt\/es\/corrida-de-sao-silvestre-em-ponta-delgada-com-mais-de-1-200-inscritos\/","og_locale":"es_ES","og_type":"article","og_title":"Corrida de S\u00e3o Silvestre em Ponta Delgada com mais de 1.200 inscritos - Di\u00e1rio da Lagoa","og_description":"A 58\u00aa corrida de S\u00e3o Silvestre realiza-se este s\u00e1bado, 10 de dezembro, pelas 18h30 na cidade de Ponta Delgada, em S\u00e3o Miguel, tendo esta manh\u00e3 acontecido a rece\u00e7\u00e3o aos atletas no sal\u00e3o nobre dos Pa\u00e7os do Concelho da autarquia do maior concelho a\u00e7oriano. Na ocasi\u00e3o, segundo nota de imprensa, o vice-presidente da autarquia, Pedro Furtado, [&hellip;]","og_url":"https:\/\/diariodalagoa.pt\/es\/corrida-de-sao-silvestre-em-ponta-delgada-com-mais-de-1-200-inscritos\/","og_site_name":"Di\u00e1rio da Lagoa","article_published_time":"2022-12-10T16:22:50+00:00","og_image":[{"width":960,"height":640,"url":"https:\/\/diariodalagoa.pt\/wp-content\/uploads\/2022\/12\/58-corrida-sao-silvestre-2022-cmpd.jpg","type":"image\/jpeg"}],"author":"Di\u00e1rio da Lagoa","twitter_card":"summary_large_image","twitter_misc":{"Escrito por":"Di\u00e1rio da Lagoa","Tiempo de lectura":"2 minutos"},"schema":{"@context":"https:\/\/schema.org","@graph":[{"@type":"WebPage","@id":"https:\/\/diariodalagoa.pt\/corrida-de-sao-silvestre-em-ponta-delgada-com-mais-de-1-200-inscritos\/","url":"https:\/\/diariodalagoa.pt\/corrida-de-sao-silvestre-em-ponta-delgada-com-mais-de-1-200-inscritos\/","name":"Corrida de S\u00e3o Silvestre em Ponta Delgada com mais de 1.200 inscritos - Di\u00e1rio da Lagoa","isPartOf":{"@id":"https:\/\/diariodalagoa.pt\/#website"},"datePublished":"2022-12-10T16:22:50+00:00","dateModified":"2022-12-10T16:22:50+00:00","author":{"@id":"https:\/\/diariodalagoa.pt\/#\/schema\/person\/1615a002370e8857b6f972834bc43ece"},"breadcrumb":{"@id":"https:\/\/diariodalagoa.pt\/corrida-de-sao-silvestre-em-ponta-delgada-com-mais-de-1-200-inscritos\/#breadcrumb"},"inLanguage":"es","potentialAction":[{"@type":"ReadAction","target":["https:\/\/diariodalagoa.pt\/corrida-de-sao-silvestre-em-ponta-delgada-com-mais-de-1-200-inscritos\/"]}]},{"@type":"BreadcrumbList","@id":"https:\/\/diariodalagoa.pt\/corrida-de-sao-silvestre-em-ponta-delgada-com-mais-de-1-200-inscritos\/#breadcrumb","itemListElement":[{"@type":"ListItem","position":1,"name":"In\u00edcio","item":"https:\/\/diariodalagoa.pt\/"},{"@type":"ListItem","position":2,"name":"Corrida de S\u00e3o Silvestre em Ponta Delgada com mais de 1.200 inscritos"}]},{"@type":"WebSite","@id":"https:\/\/diariodalagoa.pt\/#website","url":"https:\/\/diariodalagoa.pt\/","name":"Di\u00e1rio da Lagoa","description":"Di\u00e1rio da Lagoa. As not\u00edcias que contam. A partir da Lagoa, nos A\u00e7ores, para o mundo.","potentialAction":[{"@type":"SearchAction","target":{"@type":"EntryPoint","urlTemplate":"https:\/\/diariodalagoa.pt\/?s={search_term_string}"},"query-input":"required name=search_term_string"}],"inLanguage":"es"},{"@type":"Person","@id":"https:\/\/diariodalagoa.pt\/#\/schema\/person\/1615a002370e8857b6f972834bc43ece","name":"Di\u00e1rio da Lagoa","image":{"@type":"ImageObject","inLanguage":"es","@id":"https:\/\/diariodalagoa.pt\/#\/schema\/person\/image\/","url":"https:\/\/secure.gravatar.com\/avatar\/2cb5cef90a26f8fbd4d9d930608102c5?s=96&d=mm&r=g","contentUrl":"https:\/\/secure.gravatar.com\/avatar\/2cb5cef90a26f8fbd4d9d930608102c5?s=96&d=mm&r=g","caption":"Di\u00e1rio da Lagoa"},"url":"https:\/\/diariodalagoa.pt\/es\/author\/diariodalagoa\/"}]}},"_links":{"self":[{"href":"https:\/\/diariodalagoa.pt\/es\/wp-json\/wp\/v2\/posts\/105866"}],"collection":[{"href":"https:\/\/diariodalagoa.pt\/es\/wp-json\/wp\/v2\/posts"}],"about":[{"href":"https:\/\/diariodalagoa.pt\/es\/wp-json\/wp\/v2\/types\/post"}],"author":[{"embeddable":true,"href":"https:\/\/diariodalagoa.pt\/es\/wp-json\/wp\/v2\/users\/2"}],"replies":[{"embeddable":true,"href":"https:\/\/diariodalagoa.pt\/es\/wp-json\/wp\/v2\/comments?post=105866"}],"version-history":[{"count":0,"href":"https:\/\/diariodalagoa.pt\/es\/wp-json\/wp\/v2\/posts\/105866\/revisions"}],"wp:featuredmedia":[{"embeddable":true,"href":"https:\/\/diariodalagoa.pt\/es\/wp-json\/wp\/v2\/media\/113863"}],"wp:attachment":[{"href":"https:\/\/diariodalagoa.pt\/es\/wp-json\/wp\/v2\/media?parent=105866"}],"wp:term":[{"taxonomy":"category","embeddable":true,"href":"https:\/\/diariodalagoa.pt\/es\/wp-json\/wp\/v2\/categories?post=105866"},{"taxonomy":"post_tag","embeddable":true,"href":"https:\/\/diariodalagoa.pt\/es\/wp-json\/wp\/v2\/tags?post=105866"}],"curies":[{"name":"wp","href":"https:\/\/api.w.org\/{rel}","templated":true}]}}