{"id":10579,"date":"2014-10-23T10:21:45","date_gmt":"2014-10-23T11:21:45","guid":{"rendered":"http:\/\/diariodalagoa.pt\/?p=10579"},"modified":"2014-10-23T10:21:45","modified_gmt":"2014-10-23T11:21:45","slug":"uniao-europeia-atribui-244-milhoes-de-eur-para-incentivar-a-investigacao-sobre-o-virus-ebola","status":"publish","type":"post","link":"https:\/\/diariodalagoa.pt\/es\/uniao-europeia-atribui-244-milhoes-de-eur-para-incentivar-a-investigacao-sobre-o-virus-ebola\/","title":{"rendered":"Uni\u00e3o Europeia atribui 24,4 milh\u00f5es de EUR para incentivar a investiga\u00e7\u00e3o sobre o v\u00edrus \u00e9bola"},"content":{"rendered":"<p style=\"text-align: justify;\"><img decoding=\"async\" class=\"alignnone size-full wp-image-10580\" src=\"http:\/\/diariodalagoa.pt\/wp-content\/uploads\/2014\/10\/ebola.jpg\" alt=\"ebola\" width=\"720\" height=\"380\" \/><\/p>\n<p style=\"text-align: justify;\"><span style=\"color: rgb(0, 0, 0);\">A Comiss\u00e3o Europeia anunciou a atribui\u00e7\u00e3o de um montante de 24,4 milh\u00f5es de EUR do or\u00e7amento da UE para financiar a investiga\u00e7\u00e3o no dom\u00ednio do \u00c9bola, urgentemente necess\u00e1ria. <\/span><\/p>\n<p style=\"text-align: justify;\"><span style=\"color: rgb(0, 0, 0);\">O financiamento ser\u00e1 atribu\u00eddo a cinco projetos, que v\u00e3o de um ensaio cl\u00ednico em grande escala de uma vacina potencial at\u00e9 testes de componentes j\u00e1 existentes e novos para tratar o v\u00edrus \u00e9bola. <\/span><\/p>\n<p style=\"text-align: justify;\"><span style=\"color: rgb(0, 0, 0);\">Os fundos do programa Horizonte 2020 o programa de investiga\u00e7\u00e3o e inova\u00e7\u00e3o da UE, ser\u00e3o canalisados atrav\u00e9s de um procedimento de urg\u00eancia, a fim de dar in\u00edcio aos trabalhos o mais rapidamente poss\u00edvel. <\/span><\/p>\n<p style=\"text-align: justify;\"><span style=\"color: rgb(0, 0, 0);\">A Comiss\u00e3o tamb\u00e9m est\u00e1 a trabalhar com a ind\u00fastria tendo em vista a prossecu\u00e7\u00e3o do desenvolvimento de vacinas, medicamentos e diagn\u00f3sticos para o v\u00edrus \u00e9bola e outras doen\u00e7as hemorr\u00e1gicas no \u00e2mbito da Iniciativa sobre medicamentos inovadores.<\/span><\/p>\n<p style=\"text-align: justify;\"><span style=\"color: rgb(0, 0, 0);\">O financiamento ser\u00e1 concedido com base nas propostas apresentadas por equipas provenientes de toda a UE e de numerosos pa\u00edses terceiros, que foram avaliados por um grupo de peritos independentes (consultar anexo para ver os projetos selecionados).<\/span><\/p>\n<p style=\"text-align: justify;\"><span style=\"color: rgb(0, 0, 0);\">A Comiss\u00e3o tamb\u00e9m solicitou \u00e0 Parceria entre a Europa e os Pa\u00edses em Desenvolvimento para a Realiza\u00e7\u00e3o de Ensaios Cl\u00ednicos (EDCTP)que inclu\u00edsse as epidemias emergentes que afetam a \u00c1frica, e nomeadamente o \u00e9bola, no seu plano de trabalho. Tal permitir\u00e1 \u00e0 EDCTP financiar os ensaios cl\u00ednicos de medicamentos, vacinas e m\u00e9todos de diagn\u00f3stico em futuros convites \u00e0 apresenta\u00e7\u00e3o de propostas.<\/span><\/p>\n<p style=\"text-align: justify;\"><span style=\"color: rgb(0, 0, 0);\"><em>DL\/RCEP<\/em><\/span><\/p>","protected":false},"excerpt":{"rendered":"<p>A Comiss\u00e3o Europeia anunciou a atribui\u00e7\u00e3o de um montante de 24,4 milh\u00f5es de EUR do or\u00e7amento da UE para financiar a investiga\u00e7\u00e3o no dom\u00ednio do \u00c9bola, urgentemente necess\u00e1ria. O financiamento ser\u00e1 atribu\u00eddo a cinco projetos, que v\u00e3o de um ensaio cl\u00ednico em grande escala de uma vacina potencial at\u00e9 testes de componentes j\u00e1 existentes e [&hellip;]<\/p>","protected":false},"author":2,"featured_media":121724,"comment_status":"open","ping_status":"open","sticky":false,"template":"","format":"standard","meta":[],"categories":[21],"tags":[],"acf":[],"yoast_head":"<!-- This site is optimized with the Yoast SEO plugin v20.10 - https:\/\/yoast.com\/wordpress\/plugins\/seo\/ -->\n<title>Uni\u00e3o Europeia atribui 24,4 milh\u00f5es de EUR para incentivar a investiga\u00e7\u00e3o sobre o v\u00edrus \u00e9bola - Di\u00e1rio da Lagoa<\/title>\n<meta name=\"robots\" content=\"index, follow, max-snippet:-1, max-image-preview:large, max-video-preview:-1\" \/>\n<link rel=\"canonical\" href=\"https:\/\/diariodalagoa.pt\/es\/uniao-europeia-atribui-244-milhoes-de-eur-para-incentivar-a-investigacao-sobre-o-virus-ebola\/\" \/>\n<meta property=\"og:locale\" content=\"es_ES\" \/>\n<meta property=\"og:type\" content=\"article\" \/>\n<meta property=\"og:title\" content=\"Uni\u00e3o Europeia atribui 24,4 milh\u00f5es de EUR para incentivar a investiga\u00e7\u00e3o sobre o v\u00edrus \u00e9bola - Di\u00e1rio da Lagoa\" \/>\n<meta property=\"og:description\" content=\"A Comiss\u00e3o Europeia anunciou a atribui\u00e7\u00e3o de um montante de 24,4 milh\u00f5es de EUR do or\u00e7amento da UE para financiar a investiga\u00e7\u00e3o no dom\u00ednio do \u00c9bola, urgentemente necess\u00e1ria. O financiamento ser\u00e1 atribu\u00eddo a cinco projetos, que v\u00e3o de um ensaio cl\u00ednico em grande escala de uma vacina potencial at\u00e9 testes de componentes j\u00e1 existentes e [&hellip;]\" \/>\n<meta property=\"og:url\" content=\"https:\/\/diariodalagoa.pt\/es\/uniao-europeia-atribui-244-milhoes-de-eur-para-incentivar-a-investigacao-sobre-o-virus-ebola\/\" \/>\n<meta property=\"og:site_name\" content=\"Di\u00e1rio da Lagoa\" \/>\n<meta property=\"article:published_time\" content=\"2014-10-23T11:21:45+00:00\" \/>\n<meta property=\"og:image\" content=\"https:\/\/diariodalagoa.pt\/wp-content\/uploads\/2014\/10\/ebola.jpg\" \/>\n\t<meta property=\"og:image:width\" content=\"720\" \/>\n\t<meta property=\"og:image:height\" content=\"380\" \/>\n\t<meta property=\"og:image:type\" content=\"image\/jpeg\" \/>\n<meta name=\"author\" content=\"Di\u00e1rio da Lagoa\" \/>\n<meta name=\"twitter:card\" content=\"summary_large_image\" \/>\n<meta name=\"twitter:label1\" content=\"Escrito por\" \/>\n\t<meta name=\"twitter:data1\" content=\"Di\u00e1rio da Lagoa\" \/>\n\t<meta name=\"twitter:label2\" content=\"Tiempo de lectura\" \/>\n\t<meta name=\"twitter:data2\" content=\"1 minuto\" \/>\n<script type=\"application\/ld+json\" class=\"yoast-schema-graph\">{\"@context\":\"https:\/\/schema.org\",\"@graph\":[{\"@type\":\"WebPage\",\"@id\":\"https:\/\/diariodalagoa.pt\/uniao-europeia-atribui-244-milhoes-de-eur-para-incentivar-a-investigacao-sobre-o-virus-ebola\/\",\"url\":\"https:\/\/diariodalagoa.pt\/uniao-europeia-atribui-244-milhoes-de-eur-para-incentivar-a-investigacao-sobre-o-virus-ebola\/\",\"name\":\"Uni\u00e3o Europeia atribui 24,4 milh\u00f5es de EUR para incentivar a investiga\u00e7\u00e3o sobre o v\u00edrus \u00e9bola - Di\u00e1rio da Lagoa\",\"isPartOf\":{\"@id\":\"https:\/\/diariodalagoa.pt\/#website\"},\"datePublished\":\"2014-10-23T11:21:45+00:00\",\"dateModified\":\"2014-10-23T11:21:45+00:00\",\"author\":{\"@id\":\"https:\/\/diariodalagoa.pt\/#\/schema\/person\/1615a002370e8857b6f972834bc43ece\"},\"breadcrumb\":{\"@id\":\"https:\/\/diariodalagoa.pt\/uniao-europeia-atribui-244-milhoes-de-eur-para-incentivar-a-investigacao-sobre-o-virus-ebola\/#breadcrumb\"},\"inLanguage\":\"es\",\"potentialAction\":[{\"@type\":\"ReadAction\",\"target\":[\"https:\/\/diariodalagoa.pt\/uniao-europeia-atribui-244-milhoes-de-eur-para-incentivar-a-investigacao-sobre-o-virus-ebola\/\"]}]},{\"@type\":\"BreadcrumbList\",\"@id\":\"https:\/\/diariodalagoa.pt\/uniao-europeia-atribui-244-milhoes-de-eur-para-incentivar-a-investigacao-sobre-o-virus-ebola\/#breadcrumb\",\"itemListElement\":[{\"@type\":\"ListItem\",\"position\":1,\"name\":\"In\u00edcio\",\"item\":\"https:\/\/diariodalagoa.pt\/\"},{\"@type\":\"ListItem\",\"position\":2,\"name\":\"Uni\u00e3o Europeia atribui 24,4 milh\u00f5es de EUR para incentivar a investiga\u00e7\u00e3o sobre o v\u00edrus \u00e9bola\"}]},{\"@type\":\"WebSite\",\"@id\":\"https:\/\/diariodalagoa.pt\/#website\",\"url\":\"https:\/\/diariodalagoa.pt\/\",\"name\":\"Di\u00e1rio da Lagoa\",\"description\":\"Di\u00e1rio da Lagoa. As not\u00edcias que contam. A partir da Lagoa, nos A\u00e7ores, para o mundo.\",\"potentialAction\":[{\"@type\":\"SearchAction\",\"target\":{\"@type\":\"EntryPoint\",\"urlTemplate\":\"https:\/\/diariodalagoa.pt\/?s={search_term_string}\"},\"query-input\":\"required name=search_term_string\"}],\"inLanguage\":\"es\"},{\"@type\":\"Person\",\"@id\":\"https:\/\/diariodalagoa.pt\/#\/schema\/person\/1615a002370e8857b6f972834bc43ece\",\"name\":\"Di\u00e1rio da Lagoa\",\"image\":{\"@type\":\"ImageObject\",\"inLanguage\":\"es\",\"@id\":\"https:\/\/diariodalagoa.pt\/#\/schema\/person\/image\/\",\"url\":\"https:\/\/secure.gravatar.com\/avatar\/2cb5cef90a26f8fbd4d9d930608102c5?s=96&d=mm&r=g\",\"contentUrl\":\"https:\/\/secure.gravatar.com\/avatar\/2cb5cef90a26f8fbd4d9d930608102c5?s=96&d=mm&r=g\",\"caption\":\"Di\u00e1rio da Lagoa\"},\"url\":\"https:\/\/diariodalagoa.pt\/es\/author\/diariodalagoa\/\"}]}<\/script>\n<!-- \/ Yoast SEO plugin. -->","yoast_head_json":{"title":"Uni\u00e3o Europeia atribui 24,4 milh\u00f5es de EUR para incentivar a investiga\u00e7\u00e3o sobre o v\u00edrus \u00e9bola - Di\u00e1rio da Lagoa","robots":{"index":"index","follow":"follow","max-snippet":"max-snippet:-1","max-image-preview":"max-image-preview:large","max-video-preview":"max-video-preview:-1"},"canonical":"https:\/\/diariodalagoa.pt\/es\/uniao-europeia-atribui-244-milhoes-de-eur-para-incentivar-a-investigacao-sobre-o-virus-ebola\/","og_locale":"es_ES","og_type":"article","og_title":"Uni\u00e3o Europeia atribui 24,4 milh\u00f5es de EUR para incentivar a investiga\u00e7\u00e3o sobre o v\u00edrus \u00e9bola - Di\u00e1rio da Lagoa","og_description":"A Comiss\u00e3o Europeia anunciou a atribui\u00e7\u00e3o de um montante de 24,4 milh\u00f5es de EUR do or\u00e7amento da UE para financiar a investiga\u00e7\u00e3o no dom\u00ednio do \u00c9bola, urgentemente necess\u00e1ria. O financiamento ser\u00e1 atribu\u00eddo a cinco projetos, que v\u00e3o de um ensaio cl\u00ednico em grande escala de uma vacina potencial at\u00e9 testes de componentes j\u00e1 existentes e [&hellip;]","og_url":"https:\/\/diariodalagoa.pt\/es\/uniao-europeia-atribui-244-milhoes-de-eur-para-incentivar-a-investigacao-sobre-o-virus-ebola\/","og_site_name":"Di\u00e1rio da Lagoa","article_published_time":"2014-10-23T11:21:45+00:00","og_image":[{"width":720,"height":380,"url":"https:\/\/diariodalagoa.pt\/wp-content\/uploads\/2014\/10\/ebola.jpg","type":"image\/jpeg"}],"author":"Di\u00e1rio da Lagoa","twitter_card":"summary_large_image","twitter_misc":{"Escrito por":"Di\u00e1rio da Lagoa","Tiempo de lectura":"1 minuto"},"schema":{"@context":"https:\/\/schema.org","@graph":[{"@type":"WebPage","@id":"https:\/\/diariodalagoa.pt\/uniao-europeia-atribui-244-milhoes-de-eur-para-incentivar-a-investigacao-sobre-o-virus-ebola\/","url":"https:\/\/diariodalagoa.pt\/uniao-europeia-atribui-244-milhoes-de-eur-para-incentivar-a-investigacao-sobre-o-virus-ebola\/","name":"Uni\u00e3o Europeia atribui 24,4 milh\u00f5es de EUR para incentivar a investiga\u00e7\u00e3o sobre o v\u00edrus \u00e9bola - Di\u00e1rio da Lagoa","isPartOf":{"@id":"https:\/\/diariodalagoa.pt\/#website"},"datePublished":"2014-10-23T11:21:45+00:00","dateModified":"2014-10-23T11:21:45+00:00","author":{"@id":"https:\/\/diariodalagoa.pt\/#\/schema\/person\/1615a002370e8857b6f972834bc43ece"},"breadcrumb":{"@id":"https:\/\/diariodalagoa.pt\/uniao-europeia-atribui-244-milhoes-de-eur-para-incentivar-a-investigacao-sobre-o-virus-ebola\/#breadcrumb"},"inLanguage":"es","potentialAction":[{"@type":"ReadAction","target":["https:\/\/diariodalagoa.pt\/uniao-europeia-atribui-244-milhoes-de-eur-para-incentivar-a-investigacao-sobre-o-virus-ebola\/"]}]},{"@type":"BreadcrumbList","@id":"https:\/\/diariodalagoa.pt\/uniao-europeia-atribui-244-milhoes-de-eur-para-incentivar-a-investigacao-sobre-o-virus-ebola\/#breadcrumb","itemListElement":[{"@type":"ListItem","position":1,"name":"In\u00edcio","item":"https:\/\/diariodalagoa.pt\/"},{"@type":"ListItem","position":2,"name":"Uni\u00e3o Europeia atribui 24,4 milh\u00f5es de EUR para incentivar a investiga\u00e7\u00e3o sobre o v\u00edrus \u00e9bola"}]},{"@type":"WebSite","@id":"https:\/\/diariodalagoa.pt\/#website","url":"https:\/\/diariodalagoa.pt\/","name":"Di\u00e1rio da Lagoa","description":"Di\u00e1rio da Lagoa. As not\u00edcias que contam. A partir da Lagoa, nos A\u00e7ores, para o mundo.","potentialAction":[{"@type":"SearchAction","target":{"@type":"EntryPoint","urlTemplate":"https:\/\/diariodalagoa.pt\/?s={search_term_string}"},"query-input":"required name=search_term_string"}],"inLanguage":"es"},{"@type":"Person","@id":"https:\/\/diariodalagoa.pt\/#\/schema\/person\/1615a002370e8857b6f972834bc43ece","name":"Di\u00e1rio da Lagoa","image":{"@type":"ImageObject","inLanguage":"es","@id":"https:\/\/diariodalagoa.pt\/#\/schema\/person\/image\/","url":"https:\/\/secure.gravatar.com\/avatar\/2cb5cef90a26f8fbd4d9d930608102c5?s=96&d=mm&r=g","contentUrl":"https:\/\/secure.gravatar.com\/avatar\/2cb5cef90a26f8fbd4d9d930608102c5?s=96&d=mm&r=g","caption":"Di\u00e1rio da Lagoa"},"url":"https:\/\/diariodalagoa.pt\/es\/author\/diariodalagoa\/"}]}},"_links":{"self":[{"href":"https:\/\/diariodalagoa.pt\/es\/wp-json\/wp\/v2\/posts\/10579"}],"collection":[{"href":"https:\/\/diariodalagoa.pt\/es\/wp-json\/wp\/v2\/posts"}],"about":[{"href":"https:\/\/diariodalagoa.pt\/es\/wp-json\/wp\/v2\/types\/post"}],"author":[{"embeddable":true,"href":"https:\/\/diariodalagoa.pt\/es\/wp-json\/wp\/v2\/users\/2"}],"replies":[{"embeddable":true,"href":"https:\/\/diariodalagoa.pt\/es\/wp-json\/wp\/v2\/comments?post=10579"}],"version-history":[{"count":0,"href":"https:\/\/diariodalagoa.pt\/es\/wp-json\/wp\/v2\/posts\/10579\/revisions"}],"wp:featuredmedia":[{"embeddable":true,"href":"https:\/\/diariodalagoa.pt\/es\/wp-json\/wp\/v2\/media\/121724"}],"wp:attachment":[{"href":"https:\/\/diariodalagoa.pt\/es\/wp-json\/wp\/v2\/media?parent=10579"}],"wp:term":[{"taxonomy":"category","embeddable":true,"href":"https:\/\/diariodalagoa.pt\/es\/wp-json\/wp\/v2\/categories?post=10579"},{"taxonomy":"post_tag","embeddable":true,"href":"https:\/\/diariodalagoa.pt\/es\/wp-json\/wp\/v2\/tags?post=10579"}],"curies":[{"name":"wp","href":"https:\/\/api.w.org\/{rel}","templated":true}]}}