{"id":10498,"date":"2014-10-21T11:15:12","date_gmt":"2014-10-21T12:15:12","guid":{"rendered":"http:\/\/diariodalagoa.pt\/?p=10498"},"modified":"2014-10-21T11:15:12","modified_gmt":"2014-10-21T12:15:12","slug":"sete-ilhas-dos-acores-em-alerta-amarelo","status":"publish","type":"post","link":"https:\/\/diariodalagoa.pt\/es\/sete-ilhas-dos-acores-em-alerta-amarelo\/","title":{"rendered":"Sete ilhas dos A\u00e7ores em alerta &#8220;Amarelo&#8221;"},"content":{"rendered":"<p style=\"text-align: justify;\"><img decoding=\"async\" class=\"alignnone size-full wp-image-10499\" src=\"http:\/\/diariodalagoa.pt\/wp-content\/uploads\/2014\/10\/Chuva_mautempo@RA-5.jpg\" alt=\"Chuva_mautempo@RA (5)\" width=\"720\" height=\"380\" \/><\/p>\n<p style=\"text-align: justify;\"><span style=\"color: #000000;\">Segundo o Instituto Portugu\u00eas do Mar e da Atmosfera (IPMA), e continuando a verificar-se a exist\u00eancia de uma zona de grande instabilidade gerada por uma depress\u00e3o centrada a sul do Grupo Oriental, colocou sete ilhas dos A\u00e7ores em alerta &#8220;Amarelo&#8221;.<\/span><\/p>\n<p style=\"text-align: justify;\"><span style=\"color: #000000;\">Os Grupos Oriental e Central encontram-se sob aviso &#8220;Amarelo&#8221; relativo a precipita\u00e7\u00e3o, que dever\u00e1 ocorrer entre as 12h00 e as 21h00 desta ter\u00e7a-feira, dia 21 de outubro.<\/span><\/p>\n<p style=\"text-align: justify;\"><span style=\"color: #000000;\">O Servi\u00e7o Regional de Prote\u00e7\u00e3o Civil e Bombeiros dos A\u00e7ores (SRPCBA) recorda que o eventual impacto destes efeitos pode ser minimizado, sobretudo atrav\u00e9s da ado\u00e7\u00e3o de comportamentos adequados, pelo que, em particular nas zonas mais vulner\u00e1veis, recomenda-se a observa\u00e7\u00e3o e divulga\u00e7\u00e3o das principais medidas de autoprote\u00e7\u00e3o para estas situa\u00e7\u00f5es.<\/span><\/p>\n<p style=\"text-align: justify;\"><span style=\"color: #000000;\">Garantir a desobstru\u00e7\u00e3o dos sistemas de escoamento das \u00e1guas e a retirada de inertes e outros objetos que possam ser arrastados ou criem obst\u00e1culos ao livre escoamento; Manter limpos os sistemas de drenagem e consolidar telhados, portas e janelas; N\u00e3o despejar lixo ou entulho nas ribeiras, nem as obstruir com troncos ou ramadas.<\/span><\/p>\n<p style=\"text-align: justify;\"><span style=\"color: #000000;\">Adotar uma condu\u00e7\u00e3o defensiva, reduzindo a velocidade e tendo cuidado com a poss\u00edvel forma\u00e7\u00e3o de len\u00e7\u00f3is de \u00e1gua nas vias e estar atento \u00e0s informa\u00e7\u00f5es e indica\u00e7\u00f5es da Prote\u00e7\u00e3o Civil e For\u00e7as de Seguran\u00e7a.<\/span><\/p>\n<p style=\"text-align: justify;\"><em><span style=\"color: #000000;\">DL\/<\/span><span style=\"color: #000000;\">SRPCBA<\/span><\/em><\/p>","protected":false},"excerpt":{"rendered":"<p>Segundo o Instituto Portugu\u00eas do Mar e da Atmosfera (IPMA), e continuando a verificar-se a exist\u00eancia de uma zona de grande instabilidade gerada por uma depress\u00e3o centrada a sul do Grupo Oriental, colocou sete ilhas dos A\u00e7ores em alerta &#8220;Amarelo&#8221;. Os Grupos Oriental e Central encontram-se sob aviso &#8220;Amarelo&#8221; relativo a precipita\u00e7\u00e3o, que dever\u00e1 ocorrer [&hellip;]<\/p>","protected":false},"author":2,"featured_media":121727,"comment_status":"open","ping_status":"open","sticky":false,"template":"","format":"standard","meta":[],"categories":[21],"tags":[],"acf":[],"yoast_head":"<!-- This site is optimized with the Yoast SEO plugin v20.10 - https:\/\/yoast.com\/wordpress\/plugins\/seo\/ -->\n<title>Sete ilhas dos A\u00e7ores em alerta &quot;Amarelo&quot; - Di\u00e1rio da Lagoa<\/title>\n<meta name=\"robots\" content=\"index, follow, max-snippet:-1, max-image-preview:large, max-video-preview:-1\" \/>\n<link rel=\"canonical\" href=\"https:\/\/diariodalagoa.pt\/es\/sete-ilhas-dos-acores-em-alerta-amarelo\/\" \/>\n<meta property=\"og:locale\" content=\"es_ES\" \/>\n<meta property=\"og:type\" content=\"article\" \/>\n<meta property=\"og:title\" content=\"Sete ilhas dos A\u00e7ores em alerta &quot;Amarelo&quot; - Di\u00e1rio da Lagoa\" \/>\n<meta property=\"og:description\" content=\"Segundo o Instituto Portugu\u00eas do Mar e da Atmosfera (IPMA), e continuando a verificar-se a exist\u00eancia de uma zona de grande instabilidade gerada por uma depress\u00e3o centrada a sul do Grupo Oriental, colocou sete ilhas dos A\u00e7ores em alerta &#8220;Amarelo&#8221;. Os Grupos Oriental e Central encontram-se sob aviso &#8220;Amarelo&#8221; relativo a precipita\u00e7\u00e3o, que dever\u00e1 ocorrer [&hellip;]\" \/>\n<meta property=\"og:url\" content=\"https:\/\/diariodalagoa.pt\/es\/sete-ilhas-dos-acores-em-alerta-amarelo\/\" \/>\n<meta property=\"og:site_name\" content=\"Di\u00e1rio da Lagoa\" \/>\n<meta property=\"article:published_time\" content=\"2014-10-21T12:15:12+00:00\" \/>\n<meta property=\"og:image\" content=\"https:\/\/diariodalagoa.pt\/wp-content\/uploads\/2014\/10\/chuva-mautempora-5.jpg\" \/>\n\t<meta property=\"og:image:width\" content=\"720\" \/>\n\t<meta property=\"og:image:height\" content=\"380\" \/>\n\t<meta property=\"og:image:type\" content=\"image\/jpeg\" \/>\n<meta name=\"author\" content=\"Di\u00e1rio da Lagoa\" \/>\n<meta name=\"twitter:card\" content=\"summary_large_image\" \/>\n<meta name=\"twitter:label1\" content=\"Escrito por\" \/>\n\t<meta name=\"twitter:data1\" content=\"Di\u00e1rio da Lagoa\" \/>\n\t<meta name=\"twitter:label2\" content=\"Tiempo de lectura\" \/>\n\t<meta name=\"twitter:data2\" content=\"1 minuto\" \/>\n<script type=\"application\/ld+json\" class=\"yoast-schema-graph\">{\"@context\":\"https:\/\/schema.org\",\"@graph\":[{\"@type\":\"WebPage\",\"@id\":\"https:\/\/diariodalagoa.pt\/sete-ilhas-dos-acores-em-alerta-amarelo\/\",\"url\":\"https:\/\/diariodalagoa.pt\/sete-ilhas-dos-acores-em-alerta-amarelo\/\",\"name\":\"Sete ilhas dos A\u00e7ores em alerta \\\"Amarelo\\\" - Di\u00e1rio da Lagoa\",\"isPartOf\":{\"@id\":\"https:\/\/diariodalagoa.pt\/#website\"},\"datePublished\":\"2014-10-21T12:15:12+00:00\",\"dateModified\":\"2014-10-21T12:15:12+00:00\",\"author\":{\"@id\":\"https:\/\/diariodalagoa.pt\/#\/schema\/person\/1615a002370e8857b6f972834bc43ece\"},\"breadcrumb\":{\"@id\":\"https:\/\/diariodalagoa.pt\/sete-ilhas-dos-acores-em-alerta-amarelo\/#breadcrumb\"},\"inLanguage\":\"es\",\"potentialAction\":[{\"@type\":\"ReadAction\",\"target\":[\"https:\/\/diariodalagoa.pt\/sete-ilhas-dos-acores-em-alerta-amarelo\/\"]}]},{\"@type\":\"BreadcrumbList\",\"@id\":\"https:\/\/diariodalagoa.pt\/sete-ilhas-dos-acores-em-alerta-amarelo\/#breadcrumb\",\"itemListElement\":[{\"@type\":\"ListItem\",\"position\":1,\"name\":\"In\u00edcio\",\"item\":\"https:\/\/diariodalagoa.pt\/\"},{\"@type\":\"ListItem\",\"position\":2,\"name\":\"Sete ilhas dos A\u00e7ores em alerta &#8220;Amarelo&#8221;\"}]},{\"@type\":\"WebSite\",\"@id\":\"https:\/\/diariodalagoa.pt\/#website\",\"url\":\"https:\/\/diariodalagoa.pt\/\",\"name\":\"Di\u00e1rio da Lagoa\",\"description\":\"Di\u00e1rio da Lagoa. As not\u00edcias que contam. A partir da Lagoa, nos A\u00e7ores, para o mundo.\",\"potentialAction\":[{\"@type\":\"SearchAction\",\"target\":{\"@type\":\"EntryPoint\",\"urlTemplate\":\"https:\/\/diariodalagoa.pt\/?s={search_term_string}\"},\"query-input\":\"required name=search_term_string\"}],\"inLanguage\":\"es\"},{\"@type\":\"Person\",\"@id\":\"https:\/\/diariodalagoa.pt\/#\/schema\/person\/1615a002370e8857b6f972834bc43ece\",\"name\":\"Di\u00e1rio da Lagoa\",\"image\":{\"@type\":\"ImageObject\",\"inLanguage\":\"es\",\"@id\":\"https:\/\/diariodalagoa.pt\/#\/schema\/person\/image\/\",\"url\":\"https:\/\/secure.gravatar.com\/avatar\/2cb5cef90a26f8fbd4d9d930608102c5?s=96&d=mm&r=g\",\"contentUrl\":\"https:\/\/secure.gravatar.com\/avatar\/2cb5cef90a26f8fbd4d9d930608102c5?s=96&d=mm&r=g\",\"caption\":\"Di\u00e1rio da Lagoa\"},\"url\":\"https:\/\/diariodalagoa.pt\/es\/author\/diariodalagoa\/\"}]}<\/script>\n<!-- \/ Yoast SEO plugin. -->","yoast_head_json":{"title":"Sete ilhas dos A\u00e7ores em alerta \"Amarelo\" - Di\u00e1rio da Lagoa","robots":{"index":"index","follow":"follow","max-snippet":"max-snippet:-1","max-image-preview":"max-image-preview:large","max-video-preview":"max-video-preview:-1"},"canonical":"https:\/\/diariodalagoa.pt\/es\/sete-ilhas-dos-acores-em-alerta-amarelo\/","og_locale":"es_ES","og_type":"article","og_title":"Sete ilhas dos A\u00e7ores em alerta \"Amarelo\" - Di\u00e1rio da Lagoa","og_description":"Segundo o Instituto Portugu\u00eas do Mar e da Atmosfera (IPMA), e continuando a verificar-se a exist\u00eancia de uma zona de grande instabilidade gerada por uma depress\u00e3o centrada a sul do Grupo Oriental, colocou sete ilhas dos A\u00e7ores em alerta &#8220;Amarelo&#8221;. Os Grupos Oriental e Central encontram-se sob aviso &#8220;Amarelo&#8221; relativo a precipita\u00e7\u00e3o, que dever\u00e1 ocorrer [&hellip;]","og_url":"https:\/\/diariodalagoa.pt\/es\/sete-ilhas-dos-acores-em-alerta-amarelo\/","og_site_name":"Di\u00e1rio da Lagoa","article_published_time":"2014-10-21T12:15:12+00:00","og_image":[{"width":720,"height":380,"url":"https:\/\/diariodalagoa.pt\/wp-content\/uploads\/2014\/10\/chuva-mautempora-5.jpg","type":"image\/jpeg"}],"author":"Di\u00e1rio da Lagoa","twitter_card":"summary_large_image","twitter_misc":{"Escrito por":"Di\u00e1rio da Lagoa","Tiempo de lectura":"1 minuto"},"schema":{"@context":"https:\/\/schema.org","@graph":[{"@type":"WebPage","@id":"https:\/\/diariodalagoa.pt\/sete-ilhas-dos-acores-em-alerta-amarelo\/","url":"https:\/\/diariodalagoa.pt\/sete-ilhas-dos-acores-em-alerta-amarelo\/","name":"Sete ilhas dos A\u00e7ores em alerta \"Amarelo\" - Di\u00e1rio da Lagoa","isPartOf":{"@id":"https:\/\/diariodalagoa.pt\/#website"},"datePublished":"2014-10-21T12:15:12+00:00","dateModified":"2014-10-21T12:15:12+00:00","author":{"@id":"https:\/\/diariodalagoa.pt\/#\/schema\/person\/1615a002370e8857b6f972834bc43ece"},"breadcrumb":{"@id":"https:\/\/diariodalagoa.pt\/sete-ilhas-dos-acores-em-alerta-amarelo\/#breadcrumb"},"inLanguage":"es","potentialAction":[{"@type":"ReadAction","target":["https:\/\/diariodalagoa.pt\/sete-ilhas-dos-acores-em-alerta-amarelo\/"]}]},{"@type":"BreadcrumbList","@id":"https:\/\/diariodalagoa.pt\/sete-ilhas-dos-acores-em-alerta-amarelo\/#breadcrumb","itemListElement":[{"@type":"ListItem","position":1,"name":"In\u00edcio","item":"https:\/\/diariodalagoa.pt\/"},{"@type":"ListItem","position":2,"name":"Sete ilhas dos A\u00e7ores em alerta &#8220;Amarelo&#8221;"}]},{"@type":"WebSite","@id":"https:\/\/diariodalagoa.pt\/#website","url":"https:\/\/diariodalagoa.pt\/","name":"Di\u00e1rio da Lagoa","description":"Di\u00e1rio da Lagoa. As not\u00edcias que contam. A partir da Lagoa, nos A\u00e7ores, para o mundo.","potentialAction":[{"@type":"SearchAction","target":{"@type":"EntryPoint","urlTemplate":"https:\/\/diariodalagoa.pt\/?s={search_term_string}"},"query-input":"required name=search_term_string"}],"inLanguage":"es"},{"@type":"Person","@id":"https:\/\/diariodalagoa.pt\/#\/schema\/person\/1615a002370e8857b6f972834bc43ece","name":"Di\u00e1rio da Lagoa","image":{"@type":"ImageObject","inLanguage":"es","@id":"https:\/\/diariodalagoa.pt\/#\/schema\/person\/image\/","url":"https:\/\/secure.gravatar.com\/avatar\/2cb5cef90a26f8fbd4d9d930608102c5?s=96&d=mm&r=g","contentUrl":"https:\/\/secure.gravatar.com\/avatar\/2cb5cef90a26f8fbd4d9d930608102c5?s=96&d=mm&r=g","caption":"Di\u00e1rio da Lagoa"},"url":"https:\/\/diariodalagoa.pt\/es\/author\/diariodalagoa\/"}]}},"_links":{"self":[{"href":"https:\/\/diariodalagoa.pt\/es\/wp-json\/wp\/v2\/posts\/10498"}],"collection":[{"href":"https:\/\/diariodalagoa.pt\/es\/wp-json\/wp\/v2\/posts"}],"about":[{"href":"https:\/\/diariodalagoa.pt\/es\/wp-json\/wp\/v2\/types\/post"}],"author":[{"embeddable":true,"href":"https:\/\/diariodalagoa.pt\/es\/wp-json\/wp\/v2\/users\/2"}],"replies":[{"embeddable":true,"href":"https:\/\/diariodalagoa.pt\/es\/wp-json\/wp\/v2\/comments?post=10498"}],"version-history":[{"count":0,"href":"https:\/\/diariodalagoa.pt\/es\/wp-json\/wp\/v2\/posts\/10498\/revisions"}],"wp:featuredmedia":[{"embeddable":true,"href":"https:\/\/diariodalagoa.pt\/es\/wp-json\/wp\/v2\/media\/121727"}],"wp:attachment":[{"href":"https:\/\/diariodalagoa.pt\/es\/wp-json\/wp\/v2\/media?parent=10498"}],"wp:term":[{"taxonomy":"category","embeddable":true,"href":"https:\/\/diariodalagoa.pt\/es\/wp-json\/wp\/v2\/categories?post=10498"},{"taxonomy":"post_tag","embeddable":true,"href":"https:\/\/diariodalagoa.pt\/es\/wp-json\/wp\/v2\/tags?post=10498"}],"curies":[{"name":"wp","href":"https:\/\/api.w.org\/{rel}","templated":true}]}}