{"id":10394,"date":"2014-10-17T14:32:22","date_gmt":"2014-10-17T15:32:22","guid":{"rendered":"http:\/\/diariodalagoa.pt\/?p=10394"},"modified":"2014-10-17T14:32:22","modified_gmt":"2014-10-17T15:32:22","slug":"cooperativa-sucede-a-fundacao-e-garante-postos-de-trabalho","status":"publish","type":"post","link":"https:\/\/diariodalagoa.pt\/es\/cooperativa-sucede-a-fundacao-e-garante-postos-de-trabalho\/","title":{"rendered":"Cooperativa sucede \u00e0 Funda\u00e7\u00e3o e garante postos de trabalho"},"content":{"rendered":"<p style=\"text-align: justify;\"><img decoding=\"async\" class=\"alignnone size-full wp-image-10395\" src=\"http:\/\/diariodalagoa.pt\/wp-content\/uploads\/2014\/10\/Alexandre-Gaud\u00eancio-.jpg\" alt=\"Alexandre-Gaud\u00eancio-\" width=\"720\" height=\"380\" \/><\/p>\n<p style=\"text-align: justify;\"><span style=\"color: rgb(0, 0, 0);\">\u00c0 data de 13 de outubro de 2013 a Funda\u00e7\u00e3o para o Desenvolvimento S\u00f3cio-Profissional da Ribeira Grande n\u00e3o tinha uma solu\u00e7\u00e3o \u00e0 vista. A legisla\u00e7\u00e3o em vigor obrigava \u00e0 extin\u00e7\u00e3o da mesma e os seus colaboradores estavam em risco de desemprego.<\/span><\/p>\n<p style=\"text-align: justify;\"><span style=\"color: rgb(0, 0, 0);\">Encontrar uma alternativa para a Funda\u00e7\u00e3o foi, desde logo, uma das prioridades da C\u00e2mara da Ribeira Grande que, em sintonia com a dire\u00e7\u00e3o presidida por Teresa Silva, nomeada ap\u00f3s as \u00faltimas elei\u00e7\u00f5es aut\u00e1rquicas, procurou garantir os postos de trabalho dos vinte e seis colaboradores.\u00a0<\/span><\/p>\n<p style=\"text-align: justify;\"><span style=\"color: rgb(0, 0, 0);\">A extin\u00e7\u00e3o da Funda\u00e7\u00e3o era irrevers\u00edvel mas foram desenvolvidos todos os esfor\u00e7os para n\u00e3o colocar cerca de duas dezenas de pessoas no desemprego, garantindo-se os postos de trabalho atrav\u00e9s da cria\u00e7\u00e3o da Cooperativa de Ensino e Desenvolvimento da Ribeira Grande, denominada \u201cA Ponte Norte\u201d.<\/span><\/p>\n<p style=\"text-align: justify;\"><span style=\"color: rgb(0, 0, 0);\">Preocupado em \u201cn\u00e3o aumentar o desemprego no concelho\u201d, o executivo liderado por Alexandre Gaud\u00eancio procurou uma solu\u00e7\u00e3o que \u201csalvaguardasse os postos de trabalho, e isso \u00e9 de salutar\u201d, vincou, real\u00e7ando o \u201cimportante papel desempenhado por Teresa Silva na resolu\u00e7\u00e3o desta situa\u00e7\u00e3o.\u201d\u00a0<\/span><\/p>\n<p style=\"text-align: justify;\"><span style=\"color: rgb(0, 0, 0);\">Com a constitui\u00e7\u00e3o de \u201cA Ponte Norte \u2013 Cooperativa de Ensino e Desenvolvimento da Ribeira Grande, CRL\u201d, n\u00e3o s\u00f3 ficam salvaguardados os postos de trabalho como est\u00e3o criadas condi\u00e7\u00f5es para que o ensino profissional ganhe um novo impulso.\u00a0<\/span><\/p>\n<p style=\"text-align: justify;\"><span style=\"color: rgb(0, 0, 0);\">S\u00e3o cooperantes da Cooperativa o Munic\u00edpio da Ribeira Grande, a Associa\u00e7\u00e3o Humanit\u00e1ria dos Bombeiros Volunt\u00e1rios da Ribeira Grande, a Associa\u00e7\u00e3o Agr\u00edcola S\u00e3o Miguel, a Associa\u00e7\u00e3o Empresarial da Ribeira Grande, a Associa\u00e7\u00e3o de Turismo da Ribeira Grande, a Cooperativa Agr\u00edcola Costa Norte, a Cooperativa Ecos do Norte e o Clube Naval de Rabo de Peixe.<\/span><\/p>\n<p style=\"text-align: justify;\"><span style=\"color: rgb(0, 0, 0);\"><em>DL\/CMRG<\/em><\/span><\/p>","protected":false},"excerpt":{"rendered":"<p>\u00c0 data de 13 de outubro de 2013 a Funda\u00e7\u00e3o para o Desenvolvimento S\u00f3cio-Profissional da Ribeira Grande n\u00e3o tinha uma solu\u00e7\u00e3o \u00e0 vista. A legisla\u00e7\u00e3o em vigor obrigava \u00e0 extin\u00e7\u00e3o da mesma e os seus colaboradores estavam em risco de desemprego. Encontrar uma alternativa para a Funda\u00e7\u00e3o foi, desde logo, uma das prioridades da C\u00e2mara [&hellip;]<\/p>","protected":false},"author":2,"featured_media":0,"comment_status":"open","ping_status":"open","sticky":false,"template":"","format":"standard","meta":[],"categories":[21],"tags":[],"acf":[],"yoast_head":"<!-- This site is optimized with the Yoast SEO plugin v20.10 - https:\/\/yoast.com\/wordpress\/plugins\/seo\/ -->\n<title>Cooperativa sucede \u00e0 Funda\u00e7\u00e3o e garante postos de trabalho - Di\u00e1rio da Lagoa<\/title>\n<meta name=\"robots\" content=\"index, follow, max-snippet:-1, max-image-preview:large, max-video-preview:-1\" \/>\n<link rel=\"canonical\" href=\"https:\/\/diariodalagoa.pt\/es\/cooperativa-sucede-a-fundacao-e-garante-postos-de-trabalho\/\" \/>\n<meta property=\"og:locale\" content=\"es_ES\" \/>\n<meta property=\"og:type\" content=\"article\" \/>\n<meta property=\"og:title\" content=\"Cooperativa sucede \u00e0 Funda\u00e7\u00e3o e garante postos de trabalho - Di\u00e1rio da Lagoa\" \/>\n<meta property=\"og:description\" content=\"\u00c0 data de 13 de outubro de 2013 a Funda\u00e7\u00e3o para o Desenvolvimento S\u00f3cio-Profissional da Ribeira Grande n\u00e3o tinha uma solu\u00e7\u00e3o \u00e0 vista. A legisla\u00e7\u00e3o em vigor obrigava \u00e0 extin\u00e7\u00e3o da mesma e os seus colaboradores estavam em risco de desemprego. Encontrar uma alternativa para a Funda\u00e7\u00e3o foi, desde logo, uma das prioridades da C\u00e2mara [&hellip;]\" \/>\n<meta property=\"og:url\" content=\"https:\/\/diariodalagoa.pt\/es\/cooperativa-sucede-a-fundacao-e-garante-postos-de-trabalho\/\" \/>\n<meta property=\"og:site_name\" content=\"Di\u00e1rio da Lagoa\" \/>\n<meta property=\"article:published_time\" content=\"2014-10-17T15:32:22+00:00\" \/>\n<meta name=\"author\" content=\"Di\u00e1rio da Lagoa\" \/>\n<meta name=\"twitter:card\" content=\"summary_large_image\" \/>\n<meta name=\"twitter:label1\" content=\"Escrito por\" \/>\n\t<meta name=\"twitter:data1\" content=\"Di\u00e1rio da Lagoa\" \/>\n\t<meta name=\"twitter:label2\" content=\"Tiempo de lectura\" \/>\n\t<meta name=\"twitter:data2\" content=\"1 minuto\" \/>\n<script type=\"application\/ld+json\" class=\"yoast-schema-graph\">{\"@context\":\"https:\/\/schema.org\",\"@graph\":[{\"@type\":\"WebPage\",\"@id\":\"https:\/\/diariodalagoa.pt\/cooperativa-sucede-a-fundacao-e-garante-postos-de-trabalho\/\",\"url\":\"https:\/\/diariodalagoa.pt\/cooperativa-sucede-a-fundacao-e-garante-postos-de-trabalho\/\",\"name\":\"Cooperativa sucede \u00e0 Funda\u00e7\u00e3o e garante postos de trabalho - Di\u00e1rio da Lagoa\",\"isPartOf\":{\"@id\":\"https:\/\/diariodalagoa.pt\/#website\"},\"datePublished\":\"2014-10-17T15:32:22+00:00\",\"dateModified\":\"2014-10-17T15:32:22+00:00\",\"author\":{\"@id\":\"https:\/\/diariodalagoa.pt\/#\/schema\/person\/1615a002370e8857b6f972834bc43ece\"},\"breadcrumb\":{\"@id\":\"https:\/\/diariodalagoa.pt\/cooperativa-sucede-a-fundacao-e-garante-postos-de-trabalho\/#breadcrumb\"},\"inLanguage\":\"es\",\"potentialAction\":[{\"@type\":\"ReadAction\",\"target\":[\"https:\/\/diariodalagoa.pt\/cooperativa-sucede-a-fundacao-e-garante-postos-de-trabalho\/\"]}]},{\"@type\":\"BreadcrumbList\",\"@id\":\"https:\/\/diariodalagoa.pt\/cooperativa-sucede-a-fundacao-e-garante-postos-de-trabalho\/#breadcrumb\",\"itemListElement\":[{\"@type\":\"ListItem\",\"position\":1,\"name\":\"In\u00edcio\",\"item\":\"https:\/\/diariodalagoa.pt\/\"},{\"@type\":\"ListItem\",\"position\":2,\"name\":\"Cooperativa sucede \u00e0 Funda\u00e7\u00e3o e garante postos de trabalho\"}]},{\"@type\":\"WebSite\",\"@id\":\"https:\/\/diariodalagoa.pt\/#website\",\"url\":\"https:\/\/diariodalagoa.pt\/\",\"name\":\"Di\u00e1rio da Lagoa\",\"description\":\"Di\u00e1rio da Lagoa. As not\u00edcias que contam. A partir da Lagoa, nos A\u00e7ores, para o mundo.\",\"potentialAction\":[{\"@type\":\"SearchAction\",\"target\":{\"@type\":\"EntryPoint\",\"urlTemplate\":\"https:\/\/diariodalagoa.pt\/?s={search_term_string}\"},\"query-input\":\"required name=search_term_string\"}],\"inLanguage\":\"es\"},{\"@type\":\"Person\",\"@id\":\"https:\/\/diariodalagoa.pt\/#\/schema\/person\/1615a002370e8857b6f972834bc43ece\",\"name\":\"Di\u00e1rio da Lagoa\",\"image\":{\"@type\":\"ImageObject\",\"inLanguage\":\"es\",\"@id\":\"https:\/\/diariodalagoa.pt\/#\/schema\/person\/image\/\",\"url\":\"https:\/\/secure.gravatar.com\/avatar\/2cb5cef90a26f8fbd4d9d930608102c5?s=96&d=mm&r=g\",\"contentUrl\":\"https:\/\/secure.gravatar.com\/avatar\/2cb5cef90a26f8fbd4d9d930608102c5?s=96&d=mm&r=g\",\"caption\":\"Di\u00e1rio da Lagoa\"},\"url\":\"https:\/\/diariodalagoa.pt\/es\/author\/diariodalagoa\/\"}]}<\/script>\n<!-- \/ Yoast SEO plugin. -->","yoast_head_json":{"title":"Cooperativa sucede \u00e0 Funda\u00e7\u00e3o e garante postos de trabalho - Di\u00e1rio da Lagoa","robots":{"index":"index","follow":"follow","max-snippet":"max-snippet:-1","max-image-preview":"max-image-preview:large","max-video-preview":"max-video-preview:-1"},"canonical":"https:\/\/diariodalagoa.pt\/es\/cooperativa-sucede-a-fundacao-e-garante-postos-de-trabalho\/","og_locale":"es_ES","og_type":"article","og_title":"Cooperativa sucede \u00e0 Funda\u00e7\u00e3o e garante postos de trabalho - Di\u00e1rio da Lagoa","og_description":"\u00c0 data de 13 de outubro de 2013 a Funda\u00e7\u00e3o para o Desenvolvimento S\u00f3cio-Profissional da Ribeira Grande n\u00e3o tinha uma solu\u00e7\u00e3o \u00e0 vista. A legisla\u00e7\u00e3o em vigor obrigava \u00e0 extin\u00e7\u00e3o da mesma e os seus colaboradores estavam em risco de desemprego. Encontrar uma alternativa para a Funda\u00e7\u00e3o foi, desde logo, uma das prioridades da C\u00e2mara [&hellip;]","og_url":"https:\/\/diariodalagoa.pt\/es\/cooperativa-sucede-a-fundacao-e-garante-postos-de-trabalho\/","og_site_name":"Di\u00e1rio da Lagoa","article_published_time":"2014-10-17T15:32:22+00:00","author":"Di\u00e1rio da Lagoa","twitter_card":"summary_large_image","twitter_misc":{"Escrito por":"Di\u00e1rio da Lagoa","Tiempo de lectura":"1 minuto"},"schema":{"@context":"https:\/\/schema.org","@graph":[{"@type":"WebPage","@id":"https:\/\/diariodalagoa.pt\/cooperativa-sucede-a-fundacao-e-garante-postos-de-trabalho\/","url":"https:\/\/diariodalagoa.pt\/cooperativa-sucede-a-fundacao-e-garante-postos-de-trabalho\/","name":"Cooperativa sucede \u00e0 Funda\u00e7\u00e3o e garante postos de trabalho - Di\u00e1rio da Lagoa","isPartOf":{"@id":"https:\/\/diariodalagoa.pt\/#website"},"datePublished":"2014-10-17T15:32:22+00:00","dateModified":"2014-10-17T15:32:22+00:00","author":{"@id":"https:\/\/diariodalagoa.pt\/#\/schema\/person\/1615a002370e8857b6f972834bc43ece"},"breadcrumb":{"@id":"https:\/\/diariodalagoa.pt\/cooperativa-sucede-a-fundacao-e-garante-postos-de-trabalho\/#breadcrumb"},"inLanguage":"es","potentialAction":[{"@type":"ReadAction","target":["https:\/\/diariodalagoa.pt\/cooperativa-sucede-a-fundacao-e-garante-postos-de-trabalho\/"]}]},{"@type":"BreadcrumbList","@id":"https:\/\/diariodalagoa.pt\/cooperativa-sucede-a-fundacao-e-garante-postos-de-trabalho\/#breadcrumb","itemListElement":[{"@type":"ListItem","position":1,"name":"In\u00edcio","item":"https:\/\/diariodalagoa.pt\/"},{"@type":"ListItem","position":2,"name":"Cooperativa sucede \u00e0 Funda\u00e7\u00e3o e garante postos de trabalho"}]},{"@type":"WebSite","@id":"https:\/\/diariodalagoa.pt\/#website","url":"https:\/\/diariodalagoa.pt\/","name":"Di\u00e1rio da Lagoa","description":"Di\u00e1rio da Lagoa. As not\u00edcias que contam. A partir da Lagoa, nos A\u00e7ores, para o mundo.","potentialAction":[{"@type":"SearchAction","target":{"@type":"EntryPoint","urlTemplate":"https:\/\/diariodalagoa.pt\/?s={search_term_string}"},"query-input":"required name=search_term_string"}],"inLanguage":"es"},{"@type":"Person","@id":"https:\/\/diariodalagoa.pt\/#\/schema\/person\/1615a002370e8857b6f972834bc43ece","name":"Di\u00e1rio da Lagoa","image":{"@type":"ImageObject","inLanguage":"es","@id":"https:\/\/diariodalagoa.pt\/#\/schema\/person\/image\/","url":"https:\/\/secure.gravatar.com\/avatar\/2cb5cef90a26f8fbd4d9d930608102c5?s=96&d=mm&r=g","contentUrl":"https:\/\/secure.gravatar.com\/avatar\/2cb5cef90a26f8fbd4d9d930608102c5?s=96&d=mm&r=g","caption":"Di\u00e1rio da Lagoa"},"url":"https:\/\/diariodalagoa.pt\/es\/author\/diariodalagoa\/"}]}},"_links":{"self":[{"href":"https:\/\/diariodalagoa.pt\/es\/wp-json\/wp\/v2\/posts\/10394"}],"collection":[{"href":"https:\/\/diariodalagoa.pt\/es\/wp-json\/wp\/v2\/posts"}],"about":[{"href":"https:\/\/diariodalagoa.pt\/es\/wp-json\/wp\/v2\/types\/post"}],"author":[{"embeddable":true,"href":"https:\/\/diariodalagoa.pt\/es\/wp-json\/wp\/v2\/users\/2"}],"replies":[{"embeddable":true,"href":"https:\/\/diariodalagoa.pt\/es\/wp-json\/wp\/v2\/comments?post=10394"}],"version-history":[{"count":0,"href":"https:\/\/diariodalagoa.pt\/es\/wp-json\/wp\/v2\/posts\/10394\/revisions"}],"wp:attachment":[{"href":"https:\/\/diariodalagoa.pt\/es\/wp-json\/wp\/v2\/media?parent=10394"}],"wp:term":[{"taxonomy":"category","embeddable":true,"href":"https:\/\/diariodalagoa.pt\/es\/wp-json\/wp\/v2\/categories?post=10394"},{"taxonomy":"post_tag","embeddable":true,"href":"https:\/\/diariodalagoa.pt\/es\/wp-json\/wp\/v2\/tags?post=10394"}],"curies":[{"name":"wp","href":"https:\/\/api.w.org\/{rel}","templated":true}]}}