{"id":10388,"date":"2014-10-17T13:47:57","date_gmt":"2014-10-17T14:47:57","guid":{"rendered":"http:\/\/diariodalagoa.pt\/?p=10388"},"modified":"2014-10-17T13:47:57","modified_gmt":"2014-10-17T14:47:57","slug":"governo-dos-acores-vai-criar-rede-de-polos-locais-de-desenvolvimento","status":"publish","type":"post","link":"https:\/\/diariodalagoa.pt\/es\/governo-dos-acores-vai-criar-rede-de-polos-locais-de-desenvolvimento\/","title":{"rendered":"Governo dos A\u00e7ores vai criar rede de Polos Locais de Desenvolvimento"},"content":{"rendered":"<p style=\"text-align: justify;\"><img decoding=\"async\" class=\"alignnone size-full wp-image-10390\" src=\"http:\/\/diariodalagoa.pt\/wp-content\/uploads\/2014\/10\/Andreia-Cardoso-Polos-desenvolvimento-locais-1.jpg\" alt=\"Andreia-Cardoso-Polos-desenvolvimento-locais- (1)\" width=\"720\" height=\"408\" \/><\/p>\n<p style=\"text-align: justify;\"><span style=\"color: rgb(0, 0, 0);\">A Secret\u00e1ria Regional da Solidariedade Social anunciou a cria\u00e7\u00e3o de uma Rede Regional de Polos Locais de Desenvolvimento e Coes\u00e3o Social como forma de valorizar a territorialidade do sistema de a\u00e7\u00e3o social na conce\u00e7\u00e3o de planeamento estrat\u00e9gico e prospetivo.\u00a0<\/span><\/p>\n<p style=\"text-align: justify;\"><span style=\"color: #000000;\">Segundo Andreia Cardoso, estes\u00a0polos\u00a0\u201cser\u00e3o espa\u00e7os de excel\u00eancia para a\u00a0mobiliza\u00e7\u00e3o das comunidades na identifica\u00e7\u00e3o das problem\u00e1ticas de cada territ\u00f3rio, para a corresponsabiliza\u00e7\u00e3o na cria\u00e7\u00e3o de novas respostas\u201d.\u00a0<\/span><\/p>\n<p style=\"text-align: justify;\"><span style=\"color: rgb(0, 0, 0);\">De acordo com a Secret\u00e1ria Regional, os polos ser\u00e3o constitu\u00eddos pelas \u201cfor\u00e7as vivas de unidades territoriais circunscritas \u00e0s freguesias\u201d ou agrega\u00e7\u00e3o de freguesias e que visam a operacionalidade de um planeamento estrat\u00e9gico a n\u00edvel local, impulsionador da inova\u00e7\u00e3o social e que responda \u00e0s necessidades sociais identificadas.\u00a0<\/span><\/p>\n<p style=\"text-align: justify;\"><span style=\"color: rgb(0, 0, 0);\">Os Polos local de Desenvolvimento e Coes\u00e3o Social s\u00e3o constitu\u00eddos por unidades territoriais circunscritas \u00e0 freguesia ou agrega\u00e7\u00e3o de freguesias ao n\u00edvel de cada concelho ou de ilha.<\/span><\/p>\n<p style=\"text-align: justify;\"><span style=\"color: rgb(0, 0, 0);\">A extensividade geogr\u00e1fica, a densidade populacional e a similitude de problem\u00e1ticas sociais constituem alguns dos crit\u00e9rios a acionar para a circunscri\u00e7\u00e3o dos polos a constituir, que visam operacionalizar um planeamento estrat\u00e9gico de respostas \u00e0s necessidades sociais identificadas em cada comunidade.<\/span><\/p>\n<p style=\"text-align: justify;\"><span style=\"color: rgb(0, 0, 0);\"><em>DL\/GaCS<\/em><\/span><\/p>","protected":false},"excerpt":{"rendered":"<p>A Secret\u00e1ria Regional da Solidariedade Social anunciou a cria\u00e7\u00e3o de uma Rede Regional de Polos Locais de Desenvolvimento e Coes\u00e3o Social como forma de valorizar a territorialidade do sistema de a\u00e7\u00e3o social na conce\u00e7\u00e3o de planeamento estrat\u00e9gico e prospetivo.\u00a0 Segundo Andreia Cardoso, estes\u00a0polos\u00a0\u201cser\u00e3o espa\u00e7os de excel\u00eancia para a\u00a0mobiliza\u00e7\u00e3o das comunidades na identifica\u00e7\u00e3o das problem\u00e1ticas de [&hellip;]<\/p>","protected":false},"author":2,"featured_media":121732,"comment_status":"open","ping_status":"open","sticky":false,"template":"","format":"standard","meta":[],"categories":[21],"tags":[],"acf":[],"yoast_head":"<!-- This site is optimized with the Yoast SEO plugin v20.10 - https:\/\/yoast.com\/wordpress\/plugins\/seo\/ -->\n<title>Governo dos A\u00e7ores vai criar rede de Polos Locais de Desenvolvimento - Di\u00e1rio da Lagoa<\/title>\n<meta name=\"robots\" content=\"index, follow, max-snippet:-1, max-image-preview:large, max-video-preview:-1\" \/>\n<link rel=\"canonical\" href=\"https:\/\/diariodalagoa.pt\/es\/governo-dos-acores-vai-criar-rede-de-polos-locais-de-desenvolvimento\/\" \/>\n<meta property=\"og:locale\" content=\"es_ES\" \/>\n<meta property=\"og:type\" content=\"article\" \/>\n<meta property=\"og:title\" content=\"Governo dos A\u00e7ores vai criar rede de Polos Locais de Desenvolvimento - Di\u00e1rio da Lagoa\" \/>\n<meta property=\"og:description\" content=\"A Secret\u00e1ria Regional da Solidariedade Social anunciou a cria\u00e7\u00e3o de uma Rede Regional de Polos Locais de Desenvolvimento e Coes\u00e3o Social como forma de valorizar a territorialidade do sistema de a\u00e7\u00e3o social na conce\u00e7\u00e3o de planeamento estrat\u00e9gico e prospetivo.\u00a0 Segundo Andreia Cardoso, estes\u00a0polos\u00a0\u201cser\u00e3o espa\u00e7os de excel\u00eancia para a\u00a0mobiliza\u00e7\u00e3o das comunidades na identifica\u00e7\u00e3o das problem\u00e1ticas de [&hellip;]\" \/>\n<meta property=\"og:url\" content=\"https:\/\/diariodalagoa.pt\/es\/governo-dos-acores-vai-criar-rede-de-polos-locais-de-desenvolvimento\/\" \/>\n<meta property=\"og:site_name\" content=\"Di\u00e1rio da Lagoa\" \/>\n<meta property=\"article:published_time\" content=\"2014-10-17T14:47:57+00:00\" \/>\n<meta property=\"og:image\" content=\"https:\/\/diariodalagoa.pt\/wp-content\/uploads\/2014\/10\/andreia-cardoso-polos-desenvolvimento-locais.jpg\" \/>\n\t<meta property=\"og:image:width\" content=\"720\" \/>\n\t<meta property=\"og:image:height\" content=\"380\" \/>\n\t<meta property=\"og:image:type\" content=\"image\/jpeg\" \/>\n<meta name=\"author\" content=\"Di\u00e1rio da Lagoa\" \/>\n<meta name=\"twitter:card\" content=\"summary_large_image\" \/>\n<meta name=\"twitter:label1\" content=\"Escrito por\" \/>\n\t<meta name=\"twitter:data1\" content=\"Di\u00e1rio da Lagoa\" \/>\n\t<meta name=\"twitter:label2\" content=\"Tiempo de lectura\" \/>\n\t<meta name=\"twitter:data2\" content=\"1 minuto\" \/>\n<script type=\"application\/ld+json\" class=\"yoast-schema-graph\">{\"@context\":\"https:\/\/schema.org\",\"@graph\":[{\"@type\":\"WebPage\",\"@id\":\"https:\/\/diariodalagoa.pt\/governo-dos-acores-vai-criar-rede-de-polos-locais-de-desenvolvimento\/\",\"url\":\"https:\/\/diariodalagoa.pt\/governo-dos-acores-vai-criar-rede-de-polos-locais-de-desenvolvimento\/\",\"name\":\"Governo dos A\u00e7ores vai criar rede de Polos Locais de Desenvolvimento - Di\u00e1rio da Lagoa\",\"isPartOf\":{\"@id\":\"https:\/\/diariodalagoa.pt\/#website\"},\"datePublished\":\"2014-10-17T14:47:57+00:00\",\"dateModified\":\"2014-10-17T14:47:57+00:00\",\"author\":{\"@id\":\"https:\/\/diariodalagoa.pt\/#\/schema\/person\/1615a002370e8857b6f972834bc43ece\"},\"breadcrumb\":{\"@id\":\"https:\/\/diariodalagoa.pt\/governo-dos-acores-vai-criar-rede-de-polos-locais-de-desenvolvimento\/#breadcrumb\"},\"inLanguage\":\"es\",\"potentialAction\":[{\"@type\":\"ReadAction\",\"target\":[\"https:\/\/diariodalagoa.pt\/governo-dos-acores-vai-criar-rede-de-polos-locais-de-desenvolvimento\/\"]}]},{\"@type\":\"BreadcrumbList\",\"@id\":\"https:\/\/diariodalagoa.pt\/governo-dos-acores-vai-criar-rede-de-polos-locais-de-desenvolvimento\/#breadcrumb\",\"itemListElement\":[{\"@type\":\"ListItem\",\"position\":1,\"name\":\"In\u00edcio\",\"item\":\"https:\/\/diariodalagoa.pt\/\"},{\"@type\":\"ListItem\",\"position\":2,\"name\":\"Governo dos A\u00e7ores vai criar rede de Polos Locais de Desenvolvimento\"}]},{\"@type\":\"WebSite\",\"@id\":\"https:\/\/diariodalagoa.pt\/#website\",\"url\":\"https:\/\/diariodalagoa.pt\/\",\"name\":\"Di\u00e1rio da Lagoa\",\"description\":\"Di\u00e1rio da Lagoa. As not\u00edcias que contam. A partir da Lagoa, nos A\u00e7ores, para o mundo.\",\"potentialAction\":[{\"@type\":\"SearchAction\",\"target\":{\"@type\":\"EntryPoint\",\"urlTemplate\":\"https:\/\/diariodalagoa.pt\/?s={search_term_string}\"},\"query-input\":\"required name=search_term_string\"}],\"inLanguage\":\"es\"},{\"@type\":\"Person\",\"@id\":\"https:\/\/diariodalagoa.pt\/#\/schema\/person\/1615a002370e8857b6f972834bc43ece\",\"name\":\"Di\u00e1rio da Lagoa\",\"image\":{\"@type\":\"ImageObject\",\"inLanguage\":\"es\",\"@id\":\"https:\/\/diariodalagoa.pt\/#\/schema\/person\/image\/\",\"url\":\"https:\/\/secure.gravatar.com\/avatar\/2cb5cef90a26f8fbd4d9d930608102c5?s=96&d=mm&r=g\",\"contentUrl\":\"https:\/\/secure.gravatar.com\/avatar\/2cb5cef90a26f8fbd4d9d930608102c5?s=96&d=mm&r=g\",\"caption\":\"Di\u00e1rio da Lagoa\"},\"url\":\"https:\/\/diariodalagoa.pt\/es\/author\/diariodalagoa\/\"}]}<\/script>\n<!-- \/ Yoast SEO plugin. -->","yoast_head_json":{"title":"Governo dos A\u00e7ores vai criar rede de Polos Locais de Desenvolvimento - Di\u00e1rio da Lagoa","robots":{"index":"index","follow":"follow","max-snippet":"max-snippet:-1","max-image-preview":"max-image-preview:large","max-video-preview":"max-video-preview:-1"},"canonical":"https:\/\/diariodalagoa.pt\/es\/governo-dos-acores-vai-criar-rede-de-polos-locais-de-desenvolvimento\/","og_locale":"es_ES","og_type":"article","og_title":"Governo dos A\u00e7ores vai criar rede de Polos Locais de Desenvolvimento - Di\u00e1rio da Lagoa","og_description":"A Secret\u00e1ria Regional da Solidariedade Social anunciou a cria\u00e7\u00e3o de uma Rede Regional de Polos Locais de Desenvolvimento e Coes\u00e3o Social como forma de valorizar a territorialidade do sistema de a\u00e7\u00e3o social na conce\u00e7\u00e3o de planeamento estrat\u00e9gico e prospetivo.\u00a0 Segundo Andreia Cardoso, estes\u00a0polos\u00a0\u201cser\u00e3o espa\u00e7os de excel\u00eancia para a\u00a0mobiliza\u00e7\u00e3o das comunidades na identifica\u00e7\u00e3o das problem\u00e1ticas de [&hellip;]","og_url":"https:\/\/diariodalagoa.pt\/es\/governo-dos-acores-vai-criar-rede-de-polos-locais-de-desenvolvimento\/","og_site_name":"Di\u00e1rio da Lagoa","article_published_time":"2014-10-17T14:47:57+00:00","og_image":[{"width":720,"height":380,"url":"https:\/\/diariodalagoa.pt\/wp-content\/uploads\/2014\/10\/andreia-cardoso-polos-desenvolvimento-locais.jpg","type":"image\/jpeg"}],"author":"Di\u00e1rio da Lagoa","twitter_card":"summary_large_image","twitter_misc":{"Escrito por":"Di\u00e1rio da Lagoa","Tiempo de lectura":"1 minuto"},"schema":{"@context":"https:\/\/schema.org","@graph":[{"@type":"WebPage","@id":"https:\/\/diariodalagoa.pt\/governo-dos-acores-vai-criar-rede-de-polos-locais-de-desenvolvimento\/","url":"https:\/\/diariodalagoa.pt\/governo-dos-acores-vai-criar-rede-de-polos-locais-de-desenvolvimento\/","name":"Governo dos A\u00e7ores vai criar rede de Polos Locais de Desenvolvimento - Di\u00e1rio da Lagoa","isPartOf":{"@id":"https:\/\/diariodalagoa.pt\/#website"},"datePublished":"2014-10-17T14:47:57+00:00","dateModified":"2014-10-17T14:47:57+00:00","author":{"@id":"https:\/\/diariodalagoa.pt\/#\/schema\/person\/1615a002370e8857b6f972834bc43ece"},"breadcrumb":{"@id":"https:\/\/diariodalagoa.pt\/governo-dos-acores-vai-criar-rede-de-polos-locais-de-desenvolvimento\/#breadcrumb"},"inLanguage":"es","potentialAction":[{"@type":"ReadAction","target":["https:\/\/diariodalagoa.pt\/governo-dos-acores-vai-criar-rede-de-polos-locais-de-desenvolvimento\/"]}]},{"@type":"BreadcrumbList","@id":"https:\/\/diariodalagoa.pt\/governo-dos-acores-vai-criar-rede-de-polos-locais-de-desenvolvimento\/#breadcrumb","itemListElement":[{"@type":"ListItem","position":1,"name":"In\u00edcio","item":"https:\/\/diariodalagoa.pt\/"},{"@type":"ListItem","position":2,"name":"Governo dos A\u00e7ores vai criar rede de Polos Locais de Desenvolvimento"}]},{"@type":"WebSite","@id":"https:\/\/diariodalagoa.pt\/#website","url":"https:\/\/diariodalagoa.pt\/","name":"Di\u00e1rio da Lagoa","description":"Di\u00e1rio da Lagoa. As not\u00edcias que contam. A partir da Lagoa, nos A\u00e7ores, para o mundo.","potentialAction":[{"@type":"SearchAction","target":{"@type":"EntryPoint","urlTemplate":"https:\/\/diariodalagoa.pt\/?s={search_term_string}"},"query-input":"required name=search_term_string"}],"inLanguage":"es"},{"@type":"Person","@id":"https:\/\/diariodalagoa.pt\/#\/schema\/person\/1615a002370e8857b6f972834bc43ece","name":"Di\u00e1rio da Lagoa","image":{"@type":"ImageObject","inLanguage":"es","@id":"https:\/\/diariodalagoa.pt\/#\/schema\/person\/image\/","url":"https:\/\/secure.gravatar.com\/avatar\/2cb5cef90a26f8fbd4d9d930608102c5?s=96&d=mm&r=g","contentUrl":"https:\/\/secure.gravatar.com\/avatar\/2cb5cef90a26f8fbd4d9d930608102c5?s=96&d=mm&r=g","caption":"Di\u00e1rio da Lagoa"},"url":"https:\/\/diariodalagoa.pt\/es\/author\/diariodalagoa\/"}]}},"_links":{"self":[{"href":"https:\/\/diariodalagoa.pt\/es\/wp-json\/wp\/v2\/posts\/10388"}],"collection":[{"href":"https:\/\/diariodalagoa.pt\/es\/wp-json\/wp\/v2\/posts"}],"about":[{"href":"https:\/\/diariodalagoa.pt\/es\/wp-json\/wp\/v2\/types\/post"}],"author":[{"embeddable":true,"href":"https:\/\/diariodalagoa.pt\/es\/wp-json\/wp\/v2\/users\/2"}],"replies":[{"embeddable":true,"href":"https:\/\/diariodalagoa.pt\/es\/wp-json\/wp\/v2\/comments?post=10388"}],"version-history":[{"count":0,"href":"https:\/\/diariodalagoa.pt\/es\/wp-json\/wp\/v2\/posts\/10388\/revisions"}],"wp:featuredmedia":[{"embeddable":true,"href":"https:\/\/diariodalagoa.pt\/es\/wp-json\/wp\/v2\/media\/121732"}],"wp:attachment":[{"href":"https:\/\/diariodalagoa.pt\/es\/wp-json\/wp\/v2\/media?parent=10388"}],"wp:term":[{"taxonomy":"category","embeddable":true,"href":"https:\/\/diariodalagoa.pt\/es\/wp-json\/wp\/v2\/categories?post=10388"},{"taxonomy":"post_tag","embeddable":true,"href":"https:\/\/diariodalagoa.pt\/es\/wp-json\/wp\/v2\/tags?post=10388"}],"curies":[{"name":"wp","href":"https:\/\/api.w.org\/{rel}","templated":true}]}}