{"id":10356,"date":"2014-10-16T17:49:27","date_gmt":"2014-10-16T17:49:27","guid":{"rendered":"http:\/\/diariodalagoa.pt\/?p=10356"},"modified":"2014-10-16T17:49:27","modified_gmt":"2014-10-16T17:49:27","slug":"secretario-regional-da-saude-assinala-dia-mundial-da-alimentacao-consagrado-a-agricultura-familiar","status":"publish","type":"post","link":"https:\/\/diariodalagoa.pt\/es\/secretario-regional-da-saude-assinala-dia-mundial-da-alimentacao-consagrado-a-agricultura-familiar\/","title":{"rendered":"Secret\u00e1rio Regional da Sa\u00fade assinala Dia Mundial da Alimenta\u00e7\u00e3o consagrado \u00e0 agricultura familiar"},"content":{"rendered":"<p style=\"text-align: justify;\"><img decoding=\"async\" class=\"alignnone size-full wp-image-10361\" src=\"http:\/\/diariodalagoa.pt\/wp-content\/uploads\/2014\/10\/Luis-Cabal-Dia-Mundial-Alimenta\u00e7\u00e3o.jpg\" alt=\"Luis-Cabal-Dia-Mundial-Alimenta\u00e7\u00e3o\" width=\"720\" height=\"380\" \/><\/p>\n<p style=\"text-align: justify;\"><span style=\"color: rgb(0, 0, 0);\">O Secret\u00e1rio Regional da Sa\u00fade participou, esta quinta-feira, numa iniciativa destinada a assinalar\u00a0o Dia Mundial da Alimenta\u00e7\u00e3o,\u00a0onde salientou\u00a0que\u00a0esta data permite\u00a0\u201csensibilizar as pessoas para uma alimenta\u00e7\u00e3o saud\u00e1vel e para a import\u00e2ncia da agricultura familiar\u201d.<\/span><\/p>\n<p style=\"text-align: justify;\"><span style=\"color: rgb(0, 0, 0);\">Este dia, criado pela Organiza\u00e7\u00e3o das Na\u00e7\u00f5es Unidas para a Alimenta\u00e7\u00e3o,\u00a0pretende real\u00e7ar este ano a necessidade de refor\u00e7ar a agricultura familiar, sublinhando o importante papel que esta atividade assume na seguran\u00e7a alimentar, na prote\u00e7\u00e3o do meio ambiente e na promo\u00e7\u00e3o da utiliza\u00e7\u00e3o sustent\u00e1vel dos recursos naturais.<\/span><\/p>\n<p style=\"text-align: justify;\"><span style=\"color: rgb(0, 0, 0);\">A iniciativa que \u00a0decorreu na Pra\u00e7a Velha, em Angra do Hero\u00edsmo, Ilha Terceira, contou com a colabora\u00e7\u00e3o da C\u00e2mara Municipal e do Servi\u00e7o de Desenvolvimento Agr\u00e1rio da Terceira e incluiu a distribui\u00e7\u00e3o de fruta e ervas arom\u00e1ticas, vincando a mensagem alusiva a este dia e sensibilizando as pessoas para as vantagens do cultivo de produtos hort\u00edcolas, ervas arom\u00e1ticas ou mesmo frutas em terrenos pr\u00f3prios ou em hortas comunit\u00e1rias, promovendo, simultaneamente, \u201cos princ\u00edpios da alimenta\u00e7\u00e3o saud\u00e1vel\u201d.<\/span><\/p>\n<p style=\"text-align: justify;\"><span style=\"color: rgb(0, 0, 0);\">O Secret\u00e1rio Regional da Sa\u00fade lembrou que \u201c\u00e9 recomendada a utiliza\u00e7\u00e3o de ervas arom\u00e1ticas na prepara\u00e7\u00e3o da comida por ser mais saud\u00e1vel e permitir diminuir o sal, que traz grandes preju\u00edzos para a sa\u00fade\u201d.<\/span><\/p>\n<p style=\"text-align: justify;\"><span style=\"color: rgb(0, 0, 0);\">O Dia Mundial da Alimenta\u00e7\u00e3o foi tamb\u00e9m assinalado em outras localidades dos A\u00e7ores, por iniciativa da Dire\u00e7\u00e3o Regional da Sa\u00fade e das Unidades de Sa\u00fade de Ilha.<\/span><\/p>\n<p style=\"text-align: justify;\"><span style=\"color: rgb(0, 0, 0);\"><em>DL\/Gacs<\/em><\/span><\/p>","protected":false},"excerpt":{"rendered":"<p>O Secret\u00e1rio Regional da Sa\u00fade participou, esta quinta-feira, numa iniciativa destinada a assinalar\u00a0o Dia Mundial da Alimenta\u00e7\u00e3o,\u00a0onde salientou\u00a0que\u00a0esta data permite\u00a0\u201csensibilizar as pessoas para uma alimenta\u00e7\u00e3o saud\u00e1vel e para a import\u00e2ncia da agricultura familiar\u201d. Este dia, criado pela Organiza\u00e7\u00e3o das Na\u00e7\u00f5es Unidas para a Alimenta\u00e7\u00e3o,\u00a0pretende real\u00e7ar este ano a necessidade de refor\u00e7ar a agricultura familiar, sublinhando [&hellip;]<\/p>","protected":false},"author":2,"featured_media":0,"comment_status":"open","ping_status":"open","sticky":false,"template":"","format":"standard","meta":[],"categories":[21],"tags":[],"acf":[],"yoast_head":"<!-- This site is optimized with the Yoast SEO plugin v20.10 - https:\/\/yoast.com\/wordpress\/plugins\/seo\/ -->\n<title>Secret\u00e1rio Regional da Sa\u00fade assinala Dia Mundial da Alimenta\u00e7\u00e3o consagrado \u00e0 agricultura familiar - Di\u00e1rio da Lagoa<\/title>\n<meta name=\"robots\" content=\"index, follow, max-snippet:-1, max-image-preview:large, max-video-preview:-1\" \/>\n<link rel=\"canonical\" href=\"https:\/\/diariodalagoa.pt\/es\/secretario-regional-da-saude-assinala-dia-mundial-da-alimentacao-consagrado-a-agricultura-familiar\/\" \/>\n<meta property=\"og:locale\" content=\"es_ES\" \/>\n<meta property=\"og:type\" content=\"article\" \/>\n<meta property=\"og:title\" content=\"Secret\u00e1rio Regional da Sa\u00fade assinala Dia Mundial da Alimenta\u00e7\u00e3o consagrado \u00e0 agricultura familiar - Di\u00e1rio da Lagoa\" \/>\n<meta property=\"og:description\" content=\"O Secret\u00e1rio Regional da Sa\u00fade participou, esta quinta-feira, numa iniciativa destinada a assinalar\u00a0o Dia Mundial da Alimenta\u00e7\u00e3o,\u00a0onde salientou\u00a0que\u00a0esta data permite\u00a0\u201csensibilizar as pessoas para uma alimenta\u00e7\u00e3o saud\u00e1vel e para a import\u00e2ncia da agricultura familiar\u201d. Este dia, criado pela Organiza\u00e7\u00e3o das Na\u00e7\u00f5es Unidas para a Alimenta\u00e7\u00e3o,\u00a0pretende real\u00e7ar este ano a necessidade de refor\u00e7ar a agricultura familiar, sublinhando [&hellip;]\" \/>\n<meta property=\"og:url\" content=\"https:\/\/diariodalagoa.pt\/es\/secretario-regional-da-saude-assinala-dia-mundial-da-alimentacao-consagrado-a-agricultura-familiar\/\" \/>\n<meta property=\"og:site_name\" content=\"Di\u00e1rio da Lagoa\" \/>\n<meta property=\"article:published_time\" content=\"2014-10-16T17:49:27+00:00\" \/>\n<meta name=\"author\" content=\"Di\u00e1rio da Lagoa\" \/>\n<meta name=\"twitter:card\" content=\"summary_large_image\" \/>\n<meta name=\"twitter:label1\" content=\"Escrito por\" \/>\n\t<meta name=\"twitter:data1\" content=\"Di\u00e1rio da Lagoa\" \/>\n\t<meta name=\"twitter:label2\" content=\"Tiempo de lectura\" \/>\n\t<meta name=\"twitter:data2\" content=\"1 minuto\" \/>\n<script type=\"application\/ld+json\" class=\"yoast-schema-graph\">{\"@context\":\"https:\/\/schema.org\",\"@graph\":[{\"@type\":\"WebPage\",\"@id\":\"https:\/\/diariodalagoa.pt\/secretario-regional-da-saude-assinala-dia-mundial-da-alimentacao-consagrado-a-agricultura-familiar\/\",\"url\":\"https:\/\/diariodalagoa.pt\/secretario-regional-da-saude-assinala-dia-mundial-da-alimentacao-consagrado-a-agricultura-familiar\/\",\"name\":\"Secret\u00e1rio Regional da Sa\u00fade assinala Dia Mundial da Alimenta\u00e7\u00e3o consagrado \u00e0 agricultura familiar - Di\u00e1rio da Lagoa\",\"isPartOf\":{\"@id\":\"https:\/\/diariodalagoa.pt\/#website\"},\"datePublished\":\"2014-10-16T17:49:27+00:00\",\"dateModified\":\"2014-10-16T17:49:27+00:00\",\"author\":{\"@id\":\"https:\/\/diariodalagoa.pt\/#\/schema\/person\/1615a002370e8857b6f972834bc43ece\"},\"breadcrumb\":{\"@id\":\"https:\/\/diariodalagoa.pt\/secretario-regional-da-saude-assinala-dia-mundial-da-alimentacao-consagrado-a-agricultura-familiar\/#breadcrumb\"},\"inLanguage\":\"es\",\"potentialAction\":[{\"@type\":\"ReadAction\",\"target\":[\"https:\/\/diariodalagoa.pt\/secretario-regional-da-saude-assinala-dia-mundial-da-alimentacao-consagrado-a-agricultura-familiar\/\"]}]},{\"@type\":\"BreadcrumbList\",\"@id\":\"https:\/\/diariodalagoa.pt\/secretario-regional-da-saude-assinala-dia-mundial-da-alimentacao-consagrado-a-agricultura-familiar\/#breadcrumb\",\"itemListElement\":[{\"@type\":\"ListItem\",\"position\":1,\"name\":\"In\u00edcio\",\"item\":\"https:\/\/diariodalagoa.pt\/\"},{\"@type\":\"ListItem\",\"position\":2,\"name\":\"Secret\u00e1rio Regional da Sa\u00fade assinala Dia Mundial da Alimenta\u00e7\u00e3o consagrado \u00e0 agricultura familiar\"}]},{\"@type\":\"WebSite\",\"@id\":\"https:\/\/diariodalagoa.pt\/#website\",\"url\":\"https:\/\/diariodalagoa.pt\/\",\"name\":\"Di\u00e1rio da Lagoa\",\"description\":\"Di\u00e1rio da Lagoa. As not\u00edcias que contam. A partir da Lagoa, nos A\u00e7ores, para o mundo.\",\"potentialAction\":[{\"@type\":\"SearchAction\",\"target\":{\"@type\":\"EntryPoint\",\"urlTemplate\":\"https:\/\/diariodalagoa.pt\/?s={search_term_string}\"},\"query-input\":\"required name=search_term_string\"}],\"inLanguage\":\"es\"},{\"@type\":\"Person\",\"@id\":\"https:\/\/diariodalagoa.pt\/#\/schema\/person\/1615a002370e8857b6f972834bc43ece\",\"name\":\"Di\u00e1rio da Lagoa\",\"image\":{\"@type\":\"ImageObject\",\"inLanguage\":\"es\",\"@id\":\"https:\/\/diariodalagoa.pt\/#\/schema\/person\/image\/\",\"url\":\"https:\/\/secure.gravatar.com\/avatar\/2cb5cef90a26f8fbd4d9d930608102c5?s=96&d=mm&r=g\",\"contentUrl\":\"https:\/\/secure.gravatar.com\/avatar\/2cb5cef90a26f8fbd4d9d930608102c5?s=96&d=mm&r=g\",\"caption\":\"Di\u00e1rio da Lagoa\"},\"url\":\"https:\/\/diariodalagoa.pt\/es\/author\/diariodalagoa\/\"}]}<\/script>\n<!-- \/ Yoast SEO plugin. -->","yoast_head_json":{"title":"Secret\u00e1rio Regional da Sa\u00fade assinala Dia Mundial da Alimenta\u00e7\u00e3o consagrado \u00e0 agricultura familiar - Di\u00e1rio da Lagoa","robots":{"index":"index","follow":"follow","max-snippet":"max-snippet:-1","max-image-preview":"max-image-preview:large","max-video-preview":"max-video-preview:-1"},"canonical":"https:\/\/diariodalagoa.pt\/es\/secretario-regional-da-saude-assinala-dia-mundial-da-alimentacao-consagrado-a-agricultura-familiar\/","og_locale":"es_ES","og_type":"article","og_title":"Secret\u00e1rio Regional da Sa\u00fade assinala Dia Mundial da Alimenta\u00e7\u00e3o consagrado \u00e0 agricultura familiar - Di\u00e1rio da Lagoa","og_description":"O Secret\u00e1rio Regional da Sa\u00fade participou, esta quinta-feira, numa iniciativa destinada a assinalar\u00a0o Dia Mundial da Alimenta\u00e7\u00e3o,\u00a0onde salientou\u00a0que\u00a0esta data permite\u00a0\u201csensibilizar as pessoas para uma alimenta\u00e7\u00e3o saud\u00e1vel e para a import\u00e2ncia da agricultura familiar\u201d. Este dia, criado pela Organiza\u00e7\u00e3o das Na\u00e7\u00f5es Unidas para a Alimenta\u00e7\u00e3o,\u00a0pretende real\u00e7ar este ano a necessidade de refor\u00e7ar a agricultura familiar, sublinhando [&hellip;]","og_url":"https:\/\/diariodalagoa.pt\/es\/secretario-regional-da-saude-assinala-dia-mundial-da-alimentacao-consagrado-a-agricultura-familiar\/","og_site_name":"Di\u00e1rio da Lagoa","article_published_time":"2014-10-16T17:49:27+00:00","author":"Di\u00e1rio da Lagoa","twitter_card":"summary_large_image","twitter_misc":{"Escrito por":"Di\u00e1rio da Lagoa","Tiempo de lectura":"1 minuto"},"schema":{"@context":"https:\/\/schema.org","@graph":[{"@type":"WebPage","@id":"https:\/\/diariodalagoa.pt\/secretario-regional-da-saude-assinala-dia-mundial-da-alimentacao-consagrado-a-agricultura-familiar\/","url":"https:\/\/diariodalagoa.pt\/secretario-regional-da-saude-assinala-dia-mundial-da-alimentacao-consagrado-a-agricultura-familiar\/","name":"Secret\u00e1rio Regional da Sa\u00fade assinala Dia Mundial da Alimenta\u00e7\u00e3o consagrado \u00e0 agricultura familiar - Di\u00e1rio da Lagoa","isPartOf":{"@id":"https:\/\/diariodalagoa.pt\/#website"},"datePublished":"2014-10-16T17:49:27+00:00","dateModified":"2014-10-16T17:49:27+00:00","author":{"@id":"https:\/\/diariodalagoa.pt\/#\/schema\/person\/1615a002370e8857b6f972834bc43ece"},"breadcrumb":{"@id":"https:\/\/diariodalagoa.pt\/secretario-regional-da-saude-assinala-dia-mundial-da-alimentacao-consagrado-a-agricultura-familiar\/#breadcrumb"},"inLanguage":"es","potentialAction":[{"@type":"ReadAction","target":["https:\/\/diariodalagoa.pt\/secretario-regional-da-saude-assinala-dia-mundial-da-alimentacao-consagrado-a-agricultura-familiar\/"]}]},{"@type":"BreadcrumbList","@id":"https:\/\/diariodalagoa.pt\/secretario-regional-da-saude-assinala-dia-mundial-da-alimentacao-consagrado-a-agricultura-familiar\/#breadcrumb","itemListElement":[{"@type":"ListItem","position":1,"name":"In\u00edcio","item":"https:\/\/diariodalagoa.pt\/"},{"@type":"ListItem","position":2,"name":"Secret\u00e1rio Regional da Sa\u00fade assinala Dia Mundial da Alimenta\u00e7\u00e3o consagrado \u00e0 agricultura familiar"}]},{"@type":"WebSite","@id":"https:\/\/diariodalagoa.pt\/#website","url":"https:\/\/diariodalagoa.pt\/","name":"Di\u00e1rio da Lagoa","description":"Di\u00e1rio da Lagoa. As not\u00edcias que contam. A partir da Lagoa, nos A\u00e7ores, para o mundo.","potentialAction":[{"@type":"SearchAction","target":{"@type":"EntryPoint","urlTemplate":"https:\/\/diariodalagoa.pt\/?s={search_term_string}"},"query-input":"required name=search_term_string"}],"inLanguage":"es"},{"@type":"Person","@id":"https:\/\/diariodalagoa.pt\/#\/schema\/person\/1615a002370e8857b6f972834bc43ece","name":"Di\u00e1rio da Lagoa","image":{"@type":"ImageObject","inLanguage":"es","@id":"https:\/\/diariodalagoa.pt\/#\/schema\/person\/image\/","url":"https:\/\/secure.gravatar.com\/avatar\/2cb5cef90a26f8fbd4d9d930608102c5?s=96&d=mm&r=g","contentUrl":"https:\/\/secure.gravatar.com\/avatar\/2cb5cef90a26f8fbd4d9d930608102c5?s=96&d=mm&r=g","caption":"Di\u00e1rio da Lagoa"},"url":"https:\/\/diariodalagoa.pt\/es\/author\/diariodalagoa\/"}]}},"_links":{"self":[{"href":"https:\/\/diariodalagoa.pt\/es\/wp-json\/wp\/v2\/posts\/10356"}],"collection":[{"href":"https:\/\/diariodalagoa.pt\/es\/wp-json\/wp\/v2\/posts"}],"about":[{"href":"https:\/\/diariodalagoa.pt\/es\/wp-json\/wp\/v2\/types\/post"}],"author":[{"embeddable":true,"href":"https:\/\/diariodalagoa.pt\/es\/wp-json\/wp\/v2\/users\/2"}],"replies":[{"embeddable":true,"href":"https:\/\/diariodalagoa.pt\/es\/wp-json\/wp\/v2\/comments?post=10356"}],"version-history":[{"count":0,"href":"https:\/\/diariodalagoa.pt\/es\/wp-json\/wp\/v2\/posts\/10356\/revisions"}],"wp:attachment":[{"href":"https:\/\/diariodalagoa.pt\/es\/wp-json\/wp\/v2\/media?parent=10356"}],"wp:term":[{"taxonomy":"category","embeddable":true,"href":"https:\/\/diariodalagoa.pt\/es\/wp-json\/wp\/v2\/categories?post=10356"},{"taxonomy":"post_tag","embeddable":true,"href":"https:\/\/diariodalagoa.pt\/es\/wp-json\/wp\/v2\/tags?post=10356"}],"curies":[{"name":"wp","href":"https:\/\/api.w.org\/{rel}","templated":true}]}}