{"id":10339,"date":"2014-10-16T13:15:20","date_gmt":"2014-10-16T14:15:20","guid":{"rendered":"http:\/\/diariodalagoa.pt\/?p=10339"},"modified":"2014-10-16T13:15:20","modified_gmt":"2014-10-16T14:15:20","slug":"camara-da-ribeira-grande-vai-atualizar-o-plano-municipal-de-emergencia","status":"publish","type":"post","link":"https:\/\/diariodalagoa.pt\/es\/camara-da-ribeira-grande-vai-atualizar-o-plano-municipal-de-emergencia\/","title":{"rendered":"C\u00e2mara da Ribeira Grande vai atualizar o Plano Municipal de Emerg\u00eancia"},"content":{"rendered":"<p style=\"text-align: justify;\"><img decoding=\"async\" class=\"alignnone size-full wp-image-10340\" src=\"http:\/\/diariodalagoa.pt\/wp-content\/uploads\/2014\/10\/Ribeira-GRande-Alexandrre-Gaudencio.jpg\" alt=\"Ribeira-GRande-Alexandrre-Gaudencio\" width=\"720\" height=\"380\" \/><\/p>\n<p style=\"text-align: justify;\"><span style=\"color: rgb(0, 0, 0);\">A C\u00e2mara da Ribeira Grande vai inscrever uma verba no or\u00e7amento de 2015 com o prop\u00f3sito de \u201catualizar o Plano Municipal de Emerg\u00eancia, documento que n\u00e3o \u00e9 revisto desde 2002\u201d, anunciou o presidente da autarquia, Alexandre Gaud\u00eancio, na abertura das \u201cII Jornadas \u2013 A\u00e7ores Seguramente\u201d, que decorrem hoje e amanh\u00e3 no Teatro Ribeiragrandense.\u00a0<\/span><\/p>\n<p style=\"text-align: justify;\"><span style=\"color: rgb(0, 0, 0);\">O autarca acrescentou, no mesmo \u00e2mbito, que \u201cno que toca \u00e0 seguran\u00e7a das pessoas n\u00e3o podemos olhar a meios ou a custos\u201d, salientando a necessidade de \u201creorganizar o Plano Municipal de Emerg\u00eancia com a maior brevidade poss\u00edvel.\u201d\u00a0<\/span><\/p>\n<p style=\"text-align: justify;\"><span style=\"color: rgb(0, 0, 0);\">Alexandre Gaud\u00eancio foi mais longe na an\u00e1lise a um problema que urge de corre\u00e7\u00e3o. \u201cN\u00e3o podemos dormir descansados quando sabemos que algo t\u00e3o importante est\u00e1 em falha e que pouco ou nada foi feito nos \u00faltimos anos para o alterar. A responsabilidade da seguran\u00e7a no concelho, em \u00faltima inst\u00e2ncia, \u00e9 do presidente da C\u00e2mara e \u00e9 inten\u00e7\u00e3o deste executivo corrigir essa falha\u201d, disse.<\/span><\/p>\n<p style=\"text-align: justify;\"><span style=\"color: rgb(0, 0, 0);\">Apostando na \u201cpreven\u00e7\u00e3o do risco para evitar acidentes\u201d, o edil destacou que tamb\u00e9m \u00e9 desejo do executivo a que preside \u201ccriar uma assessoria na \u00e1rea da seguran\u00e7a e sa\u00fade que visa, sobretudo, prevenir situa\u00e7\u00f5es de risco nas obras camar\u00e1rias.\u201d\u00a0<\/span><\/p>\n<p style=\"text-align: justify;\"><span style=\"color: rgb(0, 0, 0);\">A seguran\u00e7a e prote\u00e7\u00e3o civil no concelho da Ribeira Grande tem por finalidade prevenir riscos inerentes a situa\u00e7\u00f5es de acidentes graves, cat\u00e1strofes ou calamidades, de origem natural ou tecnol\u00f3gica.<\/span><\/p>\n<p style=\"text-align: justify;\"><span style=\"color: rgb(0, 0, 0);\"><em>DL\/CMRG<\/em><\/span><\/p>","protected":false},"excerpt":{"rendered":"<p>A C\u00e2mara da Ribeira Grande vai inscrever uma verba no or\u00e7amento de 2015 com o prop\u00f3sito de \u201catualizar o Plano Municipal de Emerg\u00eancia, documento que n\u00e3o \u00e9 revisto desde 2002\u201d, anunciou o presidente da autarquia, Alexandre Gaud\u00eancio, na abertura das \u201cII Jornadas \u2013 A\u00e7ores Seguramente\u201d, que decorrem hoje e amanh\u00e3 no Teatro Ribeiragrandense.\u00a0 O autarca [&hellip;]<\/p>","protected":false},"author":2,"featured_media":121735,"comment_status":"open","ping_status":"open","sticky":false,"template":"","format":"standard","meta":[],"categories":[21],"tags":[],"acf":[],"yoast_head":"<!-- This site is optimized with the Yoast SEO plugin v20.10 - https:\/\/yoast.com\/wordpress\/plugins\/seo\/ -->\n<title>C\u00e2mara da Ribeira Grande vai atualizar o Plano Municipal de Emerg\u00eancia - Di\u00e1rio da Lagoa<\/title>\n<meta name=\"robots\" content=\"index, follow, max-snippet:-1, max-image-preview:large, max-video-preview:-1\" \/>\n<link rel=\"canonical\" href=\"https:\/\/diariodalagoa.pt\/es\/camara-da-ribeira-grande-vai-atualizar-o-plano-municipal-de-emergencia\/\" \/>\n<meta property=\"og:locale\" content=\"es_ES\" \/>\n<meta property=\"og:type\" content=\"article\" \/>\n<meta property=\"og:title\" content=\"C\u00e2mara da Ribeira Grande vai atualizar o Plano Municipal de Emerg\u00eancia - Di\u00e1rio da Lagoa\" \/>\n<meta property=\"og:description\" content=\"A C\u00e2mara da Ribeira Grande vai inscrever uma verba no or\u00e7amento de 2015 com o prop\u00f3sito de \u201catualizar o Plano Municipal de Emerg\u00eancia, documento que n\u00e3o \u00e9 revisto desde 2002\u201d, anunciou o presidente da autarquia, Alexandre Gaud\u00eancio, na abertura das \u201cII Jornadas \u2013 A\u00e7ores Seguramente\u201d, que decorrem hoje e amanh\u00e3 no Teatro Ribeiragrandense.\u00a0 O autarca [&hellip;]\" \/>\n<meta property=\"og:url\" content=\"https:\/\/diariodalagoa.pt\/es\/camara-da-ribeira-grande-vai-atualizar-o-plano-municipal-de-emergencia\/\" \/>\n<meta property=\"og:site_name\" content=\"Di\u00e1rio da Lagoa\" \/>\n<meta property=\"article:published_time\" content=\"2014-10-16T14:15:20+00:00\" \/>\n<meta property=\"og:image\" content=\"https:\/\/diariodalagoa.pt\/wp-content\/uploads\/2014\/10\/ribeira-grande-alexandrre-gaudencio.jpg\" \/>\n\t<meta property=\"og:image:width\" content=\"720\" \/>\n\t<meta property=\"og:image:height\" content=\"380\" \/>\n\t<meta property=\"og:image:type\" content=\"image\/jpeg\" \/>\n<meta name=\"author\" content=\"Di\u00e1rio da Lagoa\" \/>\n<meta name=\"twitter:card\" content=\"summary_large_image\" \/>\n<meta name=\"twitter:label1\" content=\"Escrito por\" \/>\n\t<meta name=\"twitter:data1\" content=\"Di\u00e1rio da Lagoa\" \/>\n\t<meta name=\"twitter:label2\" content=\"Tiempo de lectura\" \/>\n\t<meta name=\"twitter:data2\" content=\"1 minuto\" \/>\n<script type=\"application\/ld+json\" class=\"yoast-schema-graph\">{\"@context\":\"https:\/\/schema.org\",\"@graph\":[{\"@type\":\"WebPage\",\"@id\":\"https:\/\/diariodalagoa.pt\/camara-da-ribeira-grande-vai-atualizar-o-plano-municipal-de-emergencia\/\",\"url\":\"https:\/\/diariodalagoa.pt\/camara-da-ribeira-grande-vai-atualizar-o-plano-municipal-de-emergencia\/\",\"name\":\"C\u00e2mara da Ribeira Grande vai atualizar o Plano Municipal de Emerg\u00eancia - Di\u00e1rio da Lagoa\",\"isPartOf\":{\"@id\":\"https:\/\/diariodalagoa.pt\/#website\"},\"datePublished\":\"2014-10-16T14:15:20+00:00\",\"dateModified\":\"2014-10-16T14:15:20+00:00\",\"author\":{\"@id\":\"https:\/\/diariodalagoa.pt\/#\/schema\/person\/1615a002370e8857b6f972834bc43ece\"},\"breadcrumb\":{\"@id\":\"https:\/\/diariodalagoa.pt\/camara-da-ribeira-grande-vai-atualizar-o-plano-municipal-de-emergencia\/#breadcrumb\"},\"inLanguage\":\"es\",\"potentialAction\":[{\"@type\":\"ReadAction\",\"target\":[\"https:\/\/diariodalagoa.pt\/camara-da-ribeira-grande-vai-atualizar-o-plano-municipal-de-emergencia\/\"]}]},{\"@type\":\"BreadcrumbList\",\"@id\":\"https:\/\/diariodalagoa.pt\/camara-da-ribeira-grande-vai-atualizar-o-plano-municipal-de-emergencia\/#breadcrumb\",\"itemListElement\":[{\"@type\":\"ListItem\",\"position\":1,\"name\":\"In\u00edcio\",\"item\":\"https:\/\/diariodalagoa.pt\/\"},{\"@type\":\"ListItem\",\"position\":2,\"name\":\"C\u00e2mara da Ribeira Grande vai atualizar o Plano Municipal de Emerg\u00eancia\"}]},{\"@type\":\"WebSite\",\"@id\":\"https:\/\/diariodalagoa.pt\/#website\",\"url\":\"https:\/\/diariodalagoa.pt\/\",\"name\":\"Di\u00e1rio da Lagoa\",\"description\":\"Di\u00e1rio da Lagoa. As not\u00edcias que contam. A partir da Lagoa, nos A\u00e7ores, para o mundo.\",\"potentialAction\":[{\"@type\":\"SearchAction\",\"target\":{\"@type\":\"EntryPoint\",\"urlTemplate\":\"https:\/\/diariodalagoa.pt\/?s={search_term_string}\"},\"query-input\":\"required name=search_term_string\"}],\"inLanguage\":\"es\"},{\"@type\":\"Person\",\"@id\":\"https:\/\/diariodalagoa.pt\/#\/schema\/person\/1615a002370e8857b6f972834bc43ece\",\"name\":\"Di\u00e1rio da Lagoa\",\"image\":{\"@type\":\"ImageObject\",\"inLanguage\":\"es\",\"@id\":\"https:\/\/diariodalagoa.pt\/#\/schema\/person\/image\/\",\"url\":\"https:\/\/secure.gravatar.com\/avatar\/2cb5cef90a26f8fbd4d9d930608102c5?s=96&d=mm&r=g\",\"contentUrl\":\"https:\/\/secure.gravatar.com\/avatar\/2cb5cef90a26f8fbd4d9d930608102c5?s=96&d=mm&r=g\",\"caption\":\"Di\u00e1rio da Lagoa\"},\"url\":\"https:\/\/diariodalagoa.pt\/es\/author\/diariodalagoa\/\"}]}<\/script>\n<!-- \/ Yoast SEO plugin. -->","yoast_head_json":{"title":"C\u00e2mara da Ribeira Grande vai atualizar o Plano Municipal de Emerg\u00eancia - Di\u00e1rio da Lagoa","robots":{"index":"index","follow":"follow","max-snippet":"max-snippet:-1","max-image-preview":"max-image-preview:large","max-video-preview":"max-video-preview:-1"},"canonical":"https:\/\/diariodalagoa.pt\/es\/camara-da-ribeira-grande-vai-atualizar-o-plano-municipal-de-emergencia\/","og_locale":"es_ES","og_type":"article","og_title":"C\u00e2mara da Ribeira Grande vai atualizar o Plano Municipal de Emerg\u00eancia - Di\u00e1rio da Lagoa","og_description":"A C\u00e2mara da Ribeira Grande vai inscrever uma verba no or\u00e7amento de 2015 com o prop\u00f3sito de \u201catualizar o Plano Municipal de Emerg\u00eancia, documento que n\u00e3o \u00e9 revisto desde 2002\u201d, anunciou o presidente da autarquia, Alexandre Gaud\u00eancio, na abertura das \u201cII Jornadas \u2013 A\u00e7ores Seguramente\u201d, que decorrem hoje e amanh\u00e3 no Teatro Ribeiragrandense.\u00a0 O autarca [&hellip;]","og_url":"https:\/\/diariodalagoa.pt\/es\/camara-da-ribeira-grande-vai-atualizar-o-plano-municipal-de-emergencia\/","og_site_name":"Di\u00e1rio da Lagoa","article_published_time":"2014-10-16T14:15:20+00:00","og_image":[{"width":720,"height":380,"url":"https:\/\/diariodalagoa.pt\/wp-content\/uploads\/2014\/10\/ribeira-grande-alexandrre-gaudencio.jpg","type":"image\/jpeg"}],"author":"Di\u00e1rio da Lagoa","twitter_card":"summary_large_image","twitter_misc":{"Escrito por":"Di\u00e1rio da Lagoa","Tiempo de lectura":"1 minuto"},"schema":{"@context":"https:\/\/schema.org","@graph":[{"@type":"WebPage","@id":"https:\/\/diariodalagoa.pt\/camara-da-ribeira-grande-vai-atualizar-o-plano-municipal-de-emergencia\/","url":"https:\/\/diariodalagoa.pt\/camara-da-ribeira-grande-vai-atualizar-o-plano-municipal-de-emergencia\/","name":"C\u00e2mara da Ribeira Grande vai atualizar o Plano Municipal de Emerg\u00eancia - Di\u00e1rio da Lagoa","isPartOf":{"@id":"https:\/\/diariodalagoa.pt\/#website"},"datePublished":"2014-10-16T14:15:20+00:00","dateModified":"2014-10-16T14:15:20+00:00","author":{"@id":"https:\/\/diariodalagoa.pt\/#\/schema\/person\/1615a002370e8857b6f972834bc43ece"},"breadcrumb":{"@id":"https:\/\/diariodalagoa.pt\/camara-da-ribeira-grande-vai-atualizar-o-plano-municipal-de-emergencia\/#breadcrumb"},"inLanguage":"es","potentialAction":[{"@type":"ReadAction","target":["https:\/\/diariodalagoa.pt\/camara-da-ribeira-grande-vai-atualizar-o-plano-municipal-de-emergencia\/"]}]},{"@type":"BreadcrumbList","@id":"https:\/\/diariodalagoa.pt\/camara-da-ribeira-grande-vai-atualizar-o-plano-municipal-de-emergencia\/#breadcrumb","itemListElement":[{"@type":"ListItem","position":1,"name":"In\u00edcio","item":"https:\/\/diariodalagoa.pt\/"},{"@type":"ListItem","position":2,"name":"C\u00e2mara da Ribeira Grande vai atualizar o Plano Municipal de Emerg\u00eancia"}]},{"@type":"WebSite","@id":"https:\/\/diariodalagoa.pt\/#website","url":"https:\/\/diariodalagoa.pt\/","name":"Di\u00e1rio da Lagoa","description":"Di\u00e1rio da Lagoa. As not\u00edcias que contam. A partir da Lagoa, nos A\u00e7ores, para o mundo.","potentialAction":[{"@type":"SearchAction","target":{"@type":"EntryPoint","urlTemplate":"https:\/\/diariodalagoa.pt\/?s={search_term_string}"},"query-input":"required name=search_term_string"}],"inLanguage":"es"},{"@type":"Person","@id":"https:\/\/diariodalagoa.pt\/#\/schema\/person\/1615a002370e8857b6f972834bc43ece","name":"Di\u00e1rio da Lagoa","image":{"@type":"ImageObject","inLanguage":"es","@id":"https:\/\/diariodalagoa.pt\/#\/schema\/person\/image\/","url":"https:\/\/secure.gravatar.com\/avatar\/2cb5cef90a26f8fbd4d9d930608102c5?s=96&d=mm&r=g","contentUrl":"https:\/\/secure.gravatar.com\/avatar\/2cb5cef90a26f8fbd4d9d930608102c5?s=96&d=mm&r=g","caption":"Di\u00e1rio da Lagoa"},"url":"https:\/\/diariodalagoa.pt\/es\/author\/diariodalagoa\/"}]}},"_links":{"self":[{"href":"https:\/\/diariodalagoa.pt\/es\/wp-json\/wp\/v2\/posts\/10339"}],"collection":[{"href":"https:\/\/diariodalagoa.pt\/es\/wp-json\/wp\/v2\/posts"}],"about":[{"href":"https:\/\/diariodalagoa.pt\/es\/wp-json\/wp\/v2\/types\/post"}],"author":[{"embeddable":true,"href":"https:\/\/diariodalagoa.pt\/es\/wp-json\/wp\/v2\/users\/2"}],"replies":[{"embeddable":true,"href":"https:\/\/diariodalagoa.pt\/es\/wp-json\/wp\/v2\/comments?post=10339"}],"version-history":[{"count":0,"href":"https:\/\/diariodalagoa.pt\/es\/wp-json\/wp\/v2\/posts\/10339\/revisions"}],"wp:featuredmedia":[{"embeddable":true,"href":"https:\/\/diariodalagoa.pt\/es\/wp-json\/wp\/v2\/media\/121735"}],"wp:attachment":[{"href":"https:\/\/diariodalagoa.pt\/es\/wp-json\/wp\/v2\/media?parent=10339"}],"wp:term":[{"taxonomy":"category","embeddable":true,"href":"https:\/\/diariodalagoa.pt\/es\/wp-json\/wp\/v2\/categories?post=10339"},{"taxonomy":"post_tag","embeddable":true,"href":"https:\/\/diariodalagoa.pt\/es\/wp-json\/wp\/v2\/tags?post=10339"}],"curies":[{"name":"wp","href":"https:\/\/api.w.org\/{rel}","templated":true}]}}