{"id":10329,"date":"2014-10-16T08:39:06","date_gmt":"2014-10-16T09:39:06","guid":{"rendered":"http:\/\/diariodalagoa.pt\/?p=10329"},"modified":"2014-10-16T08:39:06","modified_gmt":"2014-10-16T09:39:06","slug":"luis-neto-viveiros-afirma-que-entusiasmo-das-pessoas-e-motivador-para-a-campanha-sos-cagarro","status":"publish","type":"post","link":"https:\/\/diariodalagoa.pt\/es\/luis-neto-viveiros-afirma-que-entusiasmo-das-pessoas-e-motivador-para-a-campanha-sos-cagarro\/","title":{"rendered":"Lu\u00eds Neto Viveiros afirma que &#8220;entusiasmo das pessoas&#8221; \u00e9 motivador para a Campanha SOS Cagarro"},"content":{"rendered":"<p style=\"text-align: justify;\"><img decoding=\"async\" class=\"alignnone size-full wp-image-10330\" src=\"http:\/\/diariodalagoa.pt\/wp-content\/uploads\/2014\/10\/SOS-CAgarro-campanha.jpg\" alt=\"SOS-CAgarro-campanha\" width=\"720\" height=\"380\" \/><\/p>\n<p style=\"text-align: justify;\"><span style=\"color: rgb(0, 0, 0);\">O Secret\u00e1rio Regional da Agricultura e Ambiente afirmou, na Horta, que\u00a0o &#8220;entusiasmo&#8221; das pessoas \u00e9 um elemento motivador na Campanha SOS Cagarro, cujo in\u00edcio foi assinalado quarta-feira \u00e0 noite com\u00a0uma a\u00e7\u00e3o de sensibiliza\u00e7\u00e3o aos automobilistas.\u00a0<\/span><\/p>\n<p style=\"text-align: justify;\"><span style=\"color: rgb(0, 0, 0);\">A Campanha SOS Cagarro, que\u00a0pretende incentivar a participa\u00e7\u00e3o ativa da popula\u00e7\u00e3o de todas as ilhas, bem como das entidades e organiza\u00e7\u00f5es locais,\u00a0foi realizada pela primeira vez em\u00a01995, sendo atualmente considerada um exemplo de sucesso de participa\u00e7\u00e3o c\u00edvica no \u00e2mbito da conserva\u00e7\u00e3o da natureza.\u00a0<\/span><\/p>\n<p style=\"text-align: left;\"><span style=\"color: rgb(0, 0, 0);\">O Governo dos A\u00e7ores e os seus parceiros nesta campanha, com o objetivo de apelar tamb\u00e9m \u00e0 participa\u00e7\u00e3o esclarecida da comunidade estrangeira residente e dos turistas, disponibilizam toda a informa\u00e7\u00e3o sobre esta iniciativa em ingl\u00eas, no endere\u00e7o eletr\u00f3nico\u00a0<a href=\"http:\/\/www.azores.gov.pt\/Gra\/dram-soscagarro\/menus\/secundario\/english\/\"><span style=\"color: rgb(0, 0, 0);\">http:\/\/www.azores.gov.pt\/Gra\/dram-soscagarro\/menus\/secundario\/english\/<\/span><\/a>\u00a0e em material de divulga\u00e7\u00e3o.<\/span><\/p>\n<p style=\"text-align: justify;\"><span style=\"color: rgb(0, 0, 0);\">Pretende-se, assim, que a Campanha SOS Cagarro tamb\u00e9m se assuma como uma atividade participativa de eco-turismo, promovendo a sua sustentabilidade e a promo\u00e7\u00e3o do arquip\u00e9lago, atrav\u00e9s de a\u00e7\u00f5es inclusivas de conserva\u00e7\u00e3o ambiental.\u00a0<\/span><\/p>\n<p style=\"text-align: justify;\"><span style=\"color: rgb(0, 0, 0);\">Nesse sentido, os agentes tur\u00edsticos s\u00e3o\u00a0convidados a divulgar esta campanha, permitindo desta forma que os turistas possam participar ativamente na campanha, contribuindo para a prote\u00e7\u00e3o desta emblem\u00e1tica ave marinha da Regi\u00e3o.\u00a0<\/span><\/p>\n<p style=\"text-align: justify;\"><span style=\"color: rgb(0, 0, 0);\">Os cagarros come\u00e7am a reproduzir-se, em m\u00e9dia, com oito ou nove anos de idade e fazem uma postura de apenas um ovo por ano, sem possibilidade de efetuar postura de substitui\u00e7\u00e3o no caso de fracasso durante a incuba\u00e7\u00e3o ou per\u00edodo de alimenta\u00e7\u00e3o da cria.\u00a0<\/span><\/p>\n<p style=\"text-align: justify;\"><span style=\"color: rgb(0, 0, 0);\">Durante os meses de outubro e novembro, os juvenis come\u00e7am a abandonar os ninhos e, no seu primeiro voo, podem ficar desorientados por luzes fortes, correndo o risco de cair em locais expostos, o que os\u00a0torna vulner\u00e1veis a diversos perigos, nomeadamente ao atropelamento por ve\u00edculos.<\/span><\/p>\n<p style=\"text-align: justify;\"><span style=\"color: rgb(0, 0, 0);\">A Campanha SOS Cagarro, que decorre at\u00e9 15 de novembro, pretende minimizar o impacto das atividades humanas nos juvenis de cagarros, permitindo que eles possam fazer a sua migra\u00e7\u00e3o de milhares de quil\u00f3metros para as zonas de invernagem e, um dia, regressar \u00e0s suas ilhas de origem para se reproduzirem.\u00a0<\/span><\/p>\n<p style=\"text-align: justify;\"><span style=\"color: rgb(0, 0, 0);\">As brigadas e a\u00e7\u00f5es de sensibiliza\u00e7\u00e3o ensinam como recolher os cagarros juvenis e onde os entregar para posterior liberta\u00e7\u00e3o, sendo facultadas caixas aos automobilistas.\u00a0<\/span><\/p>\n<p style=\"text-align: justify;\"><span style=\"color: rgb(0, 0, 0);\">Para saber como participar, os volunt\u00e1rios podem contactar o Parque Natural da sua ilha, consultar a p\u00e1gina da Internet em\u00a0<a href=\"http:\/\/soscagarro.azores.gov.pt\/\"><span style=\"color: rgb(0, 0, 0);\">soscagarro.azores.gov.pt<\/span><\/a>\u00a0ou utilizar o endere\u00e7o eletr\u00f3nico\u00a0<a href=\"mailto:cagarro@azores.gov.pt\"><span style=\"color: rgb(0, 0, 0);\">cagarro@azores.gov.pt<\/span><\/a>.\u00a0<\/span><\/p>\n<p style=\"text-align: justify;\"><span style=\"color: rgb(0, 0, 0);\">A operacionaliza\u00e7\u00e3o da Campanha SOS Cagarro, nas suas diversas vertentes, envolve as secretarias regionais do Mar, Ci\u00eancia e Tecnologia e da Agricultura e Ambiente, al\u00e9m da Azorina, S.A..<\/span><\/p>\n<p style=\"text-align: justify;\"><span style=\"color: rgb(0, 0, 0);\"><em>DL\/GaCS<\/em><\/span><\/p>","protected":false},"excerpt":{"rendered":"<p>O Secret\u00e1rio Regional da Agricultura e Ambiente afirmou, na Horta, que\u00a0o &#8220;entusiasmo&#8221; das pessoas \u00e9 um elemento motivador na Campanha SOS Cagarro, cujo in\u00edcio foi assinalado quarta-feira \u00e0 noite com\u00a0uma a\u00e7\u00e3o de sensibiliza\u00e7\u00e3o aos automobilistas.\u00a0 A Campanha SOS Cagarro, que\u00a0pretende incentivar a participa\u00e7\u00e3o ativa da popula\u00e7\u00e3o de todas as ilhas, bem como das entidades e [&hellip;]<\/p>","protected":false},"author":2,"featured_media":121738,"comment_status":"open","ping_status":"open","sticky":false,"template":"","format":"standard","meta":[],"categories":[21],"tags":[],"acf":[],"yoast_head":"<!-- This site is optimized with the Yoast SEO plugin v20.10 - https:\/\/yoast.com\/wordpress\/plugins\/seo\/ -->\n<title>Lu\u00eds Neto Viveiros afirma que &quot;entusiasmo das pessoas&quot; \u00e9 motivador para a Campanha SOS Cagarro - Di\u00e1rio da Lagoa<\/title>\n<meta name=\"robots\" content=\"index, follow, max-snippet:-1, max-image-preview:large, max-video-preview:-1\" \/>\n<link rel=\"canonical\" href=\"https:\/\/diariodalagoa.pt\/es\/luis-neto-viveiros-afirma-que-entusiasmo-das-pessoas-e-motivador-para-a-campanha-sos-cagarro\/\" \/>\n<meta property=\"og:locale\" content=\"es_ES\" \/>\n<meta property=\"og:type\" content=\"article\" \/>\n<meta property=\"og:title\" content=\"Lu\u00eds Neto Viveiros afirma que &quot;entusiasmo das pessoas&quot; \u00e9 motivador para a Campanha SOS Cagarro - Di\u00e1rio da Lagoa\" \/>\n<meta property=\"og:description\" content=\"O Secret\u00e1rio Regional da Agricultura e Ambiente afirmou, na Horta, que\u00a0o &#8220;entusiasmo&#8221; das pessoas \u00e9 um elemento motivador na Campanha SOS Cagarro, cujo in\u00edcio foi assinalado quarta-feira \u00e0 noite com\u00a0uma a\u00e7\u00e3o de sensibiliza\u00e7\u00e3o aos automobilistas.\u00a0 A Campanha SOS Cagarro, que\u00a0pretende incentivar a participa\u00e7\u00e3o ativa da popula\u00e7\u00e3o de todas as ilhas, bem como das entidades e [&hellip;]\" \/>\n<meta property=\"og:url\" content=\"https:\/\/diariodalagoa.pt\/es\/luis-neto-viveiros-afirma-que-entusiasmo-das-pessoas-e-motivador-para-a-campanha-sos-cagarro\/\" \/>\n<meta property=\"og:site_name\" content=\"Di\u00e1rio da Lagoa\" \/>\n<meta property=\"article:published_time\" content=\"2014-10-16T09:39:06+00:00\" \/>\n<meta property=\"og:image\" content=\"https:\/\/diariodalagoa.pt\/wp-content\/uploads\/2014\/10\/sos-cagarro-campanha.jpg\" \/>\n\t<meta property=\"og:image:width\" content=\"720\" \/>\n\t<meta property=\"og:image:height\" content=\"380\" \/>\n\t<meta property=\"og:image:type\" content=\"image\/jpeg\" \/>\n<meta name=\"author\" content=\"Di\u00e1rio da Lagoa\" \/>\n<meta name=\"twitter:card\" content=\"summary_large_image\" \/>\n<meta name=\"twitter:label1\" content=\"Escrito por\" \/>\n\t<meta name=\"twitter:data1\" content=\"Di\u00e1rio da Lagoa\" \/>\n\t<meta name=\"twitter:label2\" content=\"Tiempo de lectura\" \/>\n\t<meta name=\"twitter:data2\" content=\"2 minutos\" \/>\n<script type=\"application\/ld+json\" class=\"yoast-schema-graph\">{\"@context\":\"https:\/\/schema.org\",\"@graph\":[{\"@type\":\"WebPage\",\"@id\":\"https:\/\/diariodalagoa.pt\/luis-neto-viveiros-afirma-que-entusiasmo-das-pessoas-e-motivador-para-a-campanha-sos-cagarro\/\",\"url\":\"https:\/\/diariodalagoa.pt\/luis-neto-viveiros-afirma-que-entusiasmo-das-pessoas-e-motivador-para-a-campanha-sos-cagarro\/\",\"name\":\"Lu\u00eds Neto Viveiros afirma que \\\"entusiasmo das pessoas\\\" \u00e9 motivador para a Campanha SOS Cagarro - Di\u00e1rio da Lagoa\",\"isPartOf\":{\"@id\":\"https:\/\/diariodalagoa.pt\/#website\"},\"datePublished\":\"2014-10-16T09:39:06+00:00\",\"dateModified\":\"2014-10-16T09:39:06+00:00\",\"author\":{\"@id\":\"https:\/\/diariodalagoa.pt\/#\/schema\/person\/1615a002370e8857b6f972834bc43ece\"},\"breadcrumb\":{\"@id\":\"https:\/\/diariodalagoa.pt\/luis-neto-viveiros-afirma-que-entusiasmo-das-pessoas-e-motivador-para-a-campanha-sos-cagarro\/#breadcrumb\"},\"inLanguage\":\"es\",\"potentialAction\":[{\"@type\":\"ReadAction\",\"target\":[\"https:\/\/diariodalagoa.pt\/luis-neto-viveiros-afirma-que-entusiasmo-das-pessoas-e-motivador-para-a-campanha-sos-cagarro\/\"]}]},{\"@type\":\"BreadcrumbList\",\"@id\":\"https:\/\/diariodalagoa.pt\/luis-neto-viveiros-afirma-que-entusiasmo-das-pessoas-e-motivador-para-a-campanha-sos-cagarro\/#breadcrumb\",\"itemListElement\":[{\"@type\":\"ListItem\",\"position\":1,\"name\":\"In\u00edcio\",\"item\":\"https:\/\/diariodalagoa.pt\/\"},{\"@type\":\"ListItem\",\"position\":2,\"name\":\"Lu\u00eds Neto Viveiros afirma que &#8220;entusiasmo das pessoas&#8221; \u00e9 motivador para a Campanha SOS Cagarro\"}]},{\"@type\":\"WebSite\",\"@id\":\"https:\/\/diariodalagoa.pt\/#website\",\"url\":\"https:\/\/diariodalagoa.pt\/\",\"name\":\"Di\u00e1rio da Lagoa\",\"description\":\"Di\u00e1rio da Lagoa. As not\u00edcias que contam. A partir da Lagoa, nos A\u00e7ores, para o mundo.\",\"potentialAction\":[{\"@type\":\"SearchAction\",\"target\":{\"@type\":\"EntryPoint\",\"urlTemplate\":\"https:\/\/diariodalagoa.pt\/?s={search_term_string}\"},\"query-input\":\"required name=search_term_string\"}],\"inLanguage\":\"es\"},{\"@type\":\"Person\",\"@id\":\"https:\/\/diariodalagoa.pt\/#\/schema\/person\/1615a002370e8857b6f972834bc43ece\",\"name\":\"Di\u00e1rio da Lagoa\",\"image\":{\"@type\":\"ImageObject\",\"inLanguage\":\"es\",\"@id\":\"https:\/\/diariodalagoa.pt\/#\/schema\/person\/image\/\",\"url\":\"https:\/\/secure.gravatar.com\/avatar\/2cb5cef90a26f8fbd4d9d930608102c5?s=96&d=mm&r=g\",\"contentUrl\":\"https:\/\/secure.gravatar.com\/avatar\/2cb5cef90a26f8fbd4d9d930608102c5?s=96&d=mm&r=g\",\"caption\":\"Di\u00e1rio da Lagoa\"},\"url\":\"https:\/\/diariodalagoa.pt\/es\/author\/diariodalagoa\/\"}]}<\/script>\n<!-- \/ Yoast SEO plugin. -->","yoast_head_json":{"title":"Lu\u00eds Neto Viveiros afirma que \"entusiasmo das pessoas\" \u00e9 motivador para a Campanha SOS Cagarro - Di\u00e1rio da Lagoa","robots":{"index":"index","follow":"follow","max-snippet":"max-snippet:-1","max-image-preview":"max-image-preview:large","max-video-preview":"max-video-preview:-1"},"canonical":"https:\/\/diariodalagoa.pt\/es\/luis-neto-viveiros-afirma-que-entusiasmo-das-pessoas-e-motivador-para-a-campanha-sos-cagarro\/","og_locale":"es_ES","og_type":"article","og_title":"Lu\u00eds Neto Viveiros afirma que \"entusiasmo das pessoas\" \u00e9 motivador para a Campanha SOS Cagarro - Di\u00e1rio da Lagoa","og_description":"O Secret\u00e1rio Regional da Agricultura e Ambiente afirmou, na Horta, que\u00a0o &#8220;entusiasmo&#8221; das pessoas \u00e9 um elemento motivador na Campanha SOS Cagarro, cujo in\u00edcio foi assinalado quarta-feira \u00e0 noite com\u00a0uma a\u00e7\u00e3o de sensibiliza\u00e7\u00e3o aos automobilistas.\u00a0 A Campanha SOS Cagarro, que\u00a0pretende incentivar a participa\u00e7\u00e3o ativa da popula\u00e7\u00e3o de todas as ilhas, bem como das entidades e [&hellip;]","og_url":"https:\/\/diariodalagoa.pt\/es\/luis-neto-viveiros-afirma-que-entusiasmo-das-pessoas-e-motivador-para-a-campanha-sos-cagarro\/","og_site_name":"Di\u00e1rio da Lagoa","article_published_time":"2014-10-16T09:39:06+00:00","og_image":[{"width":720,"height":380,"url":"https:\/\/diariodalagoa.pt\/wp-content\/uploads\/2014\/10\/sos-cagarro-campanha.jpg","type":"image\/jpeg"}],"author":"Di\u00e1rio da Lagoa","twitter_card":"summary_large_image","twitter_misc":{"Escrito por":"Di\u00e1rio da Lagoa","Tiempo de lectura":"2 minutos"},"schema":{"@context":"https:\/\/schema.org","@graph":[{"@type":"WebPage","@id":"https:\/\/diariodalagoa.pt\/luis-neto-viveiros-afirma-que-entusiasmo-das-pessoas-e-motivador-para-a-campanha-sos-cagarro\/","url":"https:\/\/diariodalagoa.pt\/luis-neto-viveiros-afirma-que-entusiasmo-das-pessoas-e-motivador-para-a-campanha-sos-cagarro\/","name":"Lu\u00eds Neto Viveiros afirma que \"entusiasmo das pessoas\" \u00e9 motivador para a Campanha SOS Cagarro - Di\u00e1rio da Lagoa","isPartOf":{"@id":"https:\/\/diariodalagoa.pt\/#website"},"datePublished":"2014-10-16T09:39:06+00:00","dateModified":"2014-10-16T09:39:06+00:00","author":{"@id":"https:\/\/diariodalagoa.pt\/#\/schema\/person\/1615a002370e8857b6f972834bc43ece"},"breadcrumb":{"@id":"https:\/\/diariodalagoa.pt\/luis-neto-viveiros-afirma-que-entusiasmo-das-pessoas-e-motivador-para-a-campanha-sos-cagarro\/#breadcrumb"},"inLanguage":"es","potentialAction":[{"@type":"ReadAction","target":["https:\/\/diariodalagoa.pt\/luis-neto-viveiros-afirma-que-entusiasmo-das-pessoas-e-motivador-para-a-campanha-sos-cagarro\/"]}]},{"@type":"BreadcrumbList","@id":"https:\/\/diariodalagoa.pt\/luis-neto-viveiros-afirma-que-entusiasmo-das-pessoas-e-motivador-para-a-campanha-sos-cagarro\/#breadcrumb","itemListElement":[{"@type":"ListItem","position":1,"name":"In\u00edcio","item":"https:\/\/diariodalagoa.pt\/"},{"@type":"ListItem","position":2,"name":"Lu\u00eds Neto Viveiros afirma que &#8220;entusiasmo das pessoas&#8221; \u00e9 motivador para a Campanha SOS Cagarro"}]},{"@type":"WebSite","@id":"https:\/\/diariodalagoa.pt\/#website","url":"https:\/\/diariodalagoa.pt\/","name":"Di\u00e1rio da Lagoa","description":"Di\u00e1rio da Lagoa. As not\u00edcias que contam. A partir da Lagoa, nos A\u00e7ores, para o mundo.","potentialAction":[{"@type":"SearchAction","target":{"@type":"EntryPoint","urlTemplate":"https:\/\/diariodalagoa.pt\/?s={search_term_string}"},"query-input":"required name=search_term_string"}],"inLanguage":"es"},{"@type":"Person","@id":"https:\/\/diariodalagoa.pt\/#\/schema\/person\/1615a002370e8857b6f972834bc43ece","name":"Di\u00e1rio da Lagoa","image":{"@type":"ImageObject","inLanguage":"es","@id":"https:\/\/diariodalagoa.pt\/#\/schema\/person\/image\/","url":"https:\/\/secure.gravatar.com\/avatar\/2cb5cef90a26f8fbd4d9d930608102c5?s=96&d=mm&r=g","contentUrl":"https:\/\/secure.gravatar.com\/avatar\/2cb5cef90a26f8fbd4d9d930608102c5?s=96&d=mm&r=g","caption":"Di\u00e1rio da Lagoa"},"url":"https:\/\/diariodalagoa.pt\/es\/author\/diariodalagoa\/"}]}},"_links":{"self":[{"href":"https:\/\/diariodalagoa.pt\/es\/wp-json\/wp\/v2\/posts\/10329"}],"collection":[{"href":"https:\/\/diariodalagoa.pt\/es\/wp-json\/wp\/v2\/posts"}],"about":[{"href":"https:\/\/diariodalagoa.pt\/es\/wp-json\/wp\/v2\/types\/post"}],"author":[{"embeddable":true,"href":"https:\/\/diariodalagoa.pt\/es\/wp-json\/wp\/v2\/users\/2"}],"replies":[{"embeddable":true,"href":"https:\/\/diariodalagoa.pt\/es\/wp-json\/wp\/v2\/comments?post=10329"}],"version-history":[{"count":0,"href":"https:\/\/diariodalagoa.pt\/es\/wp-json\/wp\/v2\/posts\/10329\/revisions"}],"wp:featuredmedia":[{"embeddable":true,"href":"https:\/\/diariodalagoa.pt\/es\/wp-json\/wp\/v2\/media\/121738"}],"wp:attachment":[{"href":"https:\/\/diariodalagoa.pt\/es\/wp-json\/wp\/v2\/media?parent=10329"}],"wp:term":[{"taxonomy":"category","embeddable":true,"href":"https:\/\/diariodalagoa.pt\/es\/wp-json\/wp\/v2\/categories?post=10329"},{"taxonomy":"post_tag","embeddable":true,"href":"https:\/\/diariodalagoa.pt\/es\/wp-json\/wp\/v2\/tags?post=10329"}],"curies":[{"name":"wp","href":"https:\/\/api.w.org\/{rel}","templated":true}]}}