{"id":102521,"date":"2022-07-16T00:17:10","date_gmt":"2022-07-16T00:17:10","guid":{"rendered":"https:\/\/diariodalagoa.pt\/?p=102521"},"modified":"2022-07-16T00:17:10","modified_gmt":"2022-07-16T00:17:10","slug":"resgatada-mulher-numa-arriba-em-ponta-delgada","status":"publish","type":"post","link":"https:\/\/diariodalagoa.pt\/es\/resgatada-mulher-numa-arriba-em-ponta-delgada\/","title":{"rendered":"Resgatada mulher numa arriba em Ponta Delgada"},"content":{"rendered":"<figure class=\"wp-block-image size-full\"><img decoding=\"async\" src=\"https:\/\/diariodalagoa.pt\/wp-content\/uploads\/2022\/07\/Resgate-de-jovem-22.07.15-\u00a9-AMN.jpg\" alt=\"\" class=\"wp-image-102522\"\/><figcaption><sup><mark style=\"background-color:rgba(0, 0, 0, 0)\" class=\"has-inline-color has-cyan-bluish-gray-color\">\u00a9 AMN<\/mark><\/sup><\/figcaption><\/figure>\n\n\n<p>Foi resgatada uma mulher de 21 anos esta sexta-feira, 15 de julho, ap\u00f3s ter sofrido uma queda acidental numa arriba, numa zona escarpada de dif\u00edcil acesso, no concelho de Ponta Delgada, na ilha de S\u00e3o Miguel.<\/p>\n<p>Na sequ\u00eancia de um alerta recebido por volta das 5h40, atrav\u00e9s do Centro de Coordena\u00e7\u00e3o de Busca e Salvamento Mar\u00edtimo de Ponta Delgada (MRCC Delgada), a informar para a queda de uma pessoa numa zona escarpada em Ponta Delgada, foram ativados para o local os meios para efetuar o salvamento.<\/p>\n<p>A v\u00edtima, uma mulher de 21 anos, encontrava-se consciente e apresentava diversas escoria\u00e7\u00f5es no corpo, tendo sido assistida e resgatada, por via mar\u00edtima, pelos tripulantes da esta\u00e7\u00e3o salva-vidas de Ponta Delgada, em colabora\u00e7\u00e3o com os elementos do projeto &#8220;SeaWatch&#8221; e dos bombeiros volunt\u00e1rios de Ponta Delgada.<\/p>\n<p>A v\u00edtima foi posteriormente transportada para o cais de honra da marina de Ponta Delgada, onde aguardava uma ambul\u00e2ncia dos bombeiros que a transportou para uma unidade hospitalar.<\/p>\n<p>No local estiveram elementos do comando-local da pol\u00edcia Mar\u00edtima de Ponta Delgada, da esta\u00e7\u00e3o salva-vidas de Ponta Delgada e do projeto &#8220;SeaWatch&#8221;, bem como uma equipa de grande \u00e2ngulo dos bombeiros volunt\u00e1rios de Ponta Delgada e elementos do Suporte Imediato de Vida (SIV).<\/p>\n<p style=\"text-align: right;\">DL<\/p>","protected":false},"excerpt":{"rendered":"<p>Foi resgatada uma mulher de 21 anos esta sexta-feira, 15 de julho, ap\u00f3s ter sofrido uma queda acidental numa arriba, numa zona escarpada de dif\u00edcil acesso, no concelho de Ponta Delgada, na ilha de S\u00e3o Miguel. Na sequ\u00eancia de um alerta recebido por volta das 5h40, atrav\u00e9s do Centro de Coordena\u00e7\u00e3o de Busca e Salvamento [&hellip;]<\/p>","protected":false},"author":2,"featured_media":114077,"comment_status":"open","ping_status":"closed","sticky":false,"template":"","format":"standard","meta":[],"categories":[21],"tags":[],"acf":[],"yoast_head":"<!-- This site is optimized with the Yoast SEO plugin v20.10 - https:\/\/yoast.com\/wordpress\/plugins\/seo\/ -->\n<title>Resgatada mulher numa arriba em Ponta Delgada - Di\u00e1rio da Lagoa<\/title>\n<meta name=\"robots\" content=\"index, follow, max-snippet:-1, max-image-preview:large, max-video-preview:-1\" \/>\n<link rel=\"canonical\" href=\"https:\/\/diariodalagoa.pt\/es\/resgatada-mulher-numa-arriba-em-ponta-delgada\/\" \/>\n<meta property=\"og:locale\" content=\"es_ES\" \/>\n<meta property=\"og:type\" content=\"article\" \/>\n<meta property=\"og:title\" content=\"Resgatada mulher numa arriba em Ponta Delgada - Di\u00e1rio da Lagoa\" \/>\n<meta property=\"og:description\" content=\"Foi resgatada uma mulher de 21 anos esta sexta-feira, 15 de julho, ap\u00f3s ter sofrido uma queda acidental numa arriba, numa zona escarpada de dif\u00edcil acesso, no concelho de Ponta Delgada, na ilha de S\u00e3o Miguel. Na sequ\u00eancia de um alerta recebido por volta das 5h40, atrav\u00e9s do Centro de Coordena\u00e7\u00e3o de Busca e Salvamento [&hellip;]\" \/>\n<meta property=\"og:url\" content=\"https:\/\/diariodalagoa.pt\/es\/resgatada-mulher-numa-arriba-em-ponta-delgada\/\" \/>\n<meta property=\"og:site_name\" content=\"Di\u00e1rio da Lagoa\" \/>\n<meta property=\"article:published_time\" content=\"2022-07-16T00:17:10+00:00\" \/>\n<meta property=\"og:image\" content=\"https:\/\/diariodalagoa.pt\/wp-content\/uploads\/2022\/07\/resgate-de-jovem-220715-amn.jpg\" \/>\n\t<meta property=\"og:image:width\" content=\"960\" \/>\n\t<meta property=\"og:image:height\" content=\"675\" \/>\n\t<meta property=\"og:image:type\" content=\"image\/jpeg\" \/>\n<meta name=\"author\" content=\"Di\u00e1rio da Lagoa\" \/>\n<meta name=\"twitter:card\" content=\"summary_large_image\" \/>\n<meta name=\"twitter:label1\" content=\"Escrito por\" \/>\n\t<meta name=\"twitter:data1\" content=\"Di\u00e1rio da Lagoa\" \/>\n\t<meta name=\"twitter:label2\" content=\"Tiempo de lectura\" \/>\n\t<meta name=\"twitter:data2\" content=\"2 minutos\" \/>\n<script type=\"application\/ld+json\" class=\"yoast-schema-graph\">{\"@context\":\"https:\/\/schema.org\",\"@graph\":[{\"@type\":\"WebPage\",\"@id\":\"https:\/\/diariodalagoa.pt\/resgatada-mulher-numa-arriba-em-ponta-delgada\/\",\"url\":\"https:\/\/diariodalagoa.pt\/resgatada-mulher-numa-arriba-em-ponta-delgada\/\",\"name\":\"Resgatada mulher numa arriba em Ponta Delgada - Di\u00e1rio da Lagoa\",\"isPartOf\":{\"@id\":\"https:\/\/diariodalagoa.pt\/#website\"},\"datePublished\":\"2022-07-16T00:17:10+00:00\",\"dateModified\":\"2022-07-16T00:17:10+00:00\",\"author\":{\"@id\":\"https:\/\/diariodalagoa.pt\/#\/schema\/person\/1615a002370e8857b6f972834bc43ece\"},\"breadcrumb\":{\"@id\":\"https:\/\/diariodalagoa.pt\/resgatada-mulher-numa-arriba-em-ponta-delgada\/#breadcrumb\"},\"inLanguage\":\"es\",\"potentialAction\":[{\"@type\":\"ReadAction\",\"target\":[\"https:\/\/diariodalagoa.pt\/resgatada-mulher-numa-arriba-em-ponta-delgada\/\"]}]},{\"@type\":\"BreadcrumbList\",\"@id\":\"https:\/\/diariodalagoa.pt\/resgatada-mulher-numa-arriba-em-ponta-delgada\/#breadcrumb\",\"itemListElement\":[{\"@type\":\"ListItem\",\"position\":1,\"name\":\"In\u00edcio\",\"item\":\"https:\/\/diariodalagoa.pt\/\"},{\"@type\":\"ListItem\",\"position\":2,\"name\":\"Resgatada mulher numa arriba em Ponta Delgada\"}]},{\"@type\":\"WebSite\",\"@id\":\"https:\/\/diariodalagoa.pt\/#website\",\"url\":\"https:\/\/diariodalagoa.pt\/\",\"name\":\"Di\u00e1rio da Lagoa\",\"description\":\"Di\u00e1rio da Lagoa. As not\u00edcias que contam. A partir da Lagoa, nos A\u00e7ores, para o mundo.\",\"potentialAction\":[{\"@type\":\"SearchAction\",\"target\":{\"@type\":\"EntryPoint\",\"urlTemplate\":\"https:\/\/diariodalagoa.pt\/?s={search_term_string}\"},\"query-input\":\"required name=search_term_string\"}],\"inLanguage\":\"es\"},{\"@type\":\"Person\",\"@id\":\"https:\/\/diariodalagoa.pt\/#\/schema\/person\/1615a002370e8857b6f972834bc43ece\",\"name\":\"Di\u00e1rio da Lagoa\",\"image\":{\"@type\":\"ImageObject\",\"inLanguage\":\"es\",\"@id\":\"https:\/\/diariodalagoa.pt\/#\/schema\/person\/image\/\",\"url\":\"https:\/\/secure.gravatar.com\/avatar\/2cb5cef90a26f8fbd4d9d930608102c5?s=96&d=mm&r=g\",\"contentUrl\":\"https:\/\/secure.gravatar.com\/avatar\/2cb5cef90a26f8fbd4d9d930608102c5?s=96&d=mm&r=g\",\"caption\":\"Di\u00e1rio da Lagoa\"},\"url\":\"https:\/\/diariodalagoa.pt\/es\/author\/diariodalagoa\/\"}]}<\/script>\n<!-- \/ Yoast SEO plugin. -->","yoast_head_json":{"title":"Resgatada mulher numa arriba em Ponta Delgada - Di\u00e1rio da Lagoa","robots":{"index":"index","follow":"follow","max-snippet":"max-snippet:-1","max-image-preview":"max-image-preview:large","max-video-preview":"max-video-preview:-1"},"canonical":"https:\/\/diariodalagoa.pt\/es\/resgatada-mulher-numa-arriba-em-ponta-delgada\/","og_locale":"es_ES","og_type":"article","og_title":"Resgatada mulher numa arriba em Ponta Delgada - Di\u00e1rio da Lagoa","og_description":"Foi resgatada uma mulher de 21 anos esta sexta-feira, 15 de julho, ap\u00f3s ter sofrido uma queda acidental numa arriba, numa zona escarpada de dif\u00edcil acesso, no concelho de Ponta Delgada, na ilha de S\u00e3o Miguel. Na sequ\u00eancia de um alerta recebido por volta das 5h40, atrav\u00e9s do Centro de Coordena\u00e7\u00e3o de Busca e Salvamento [&hellip;]","og_url":"https:\/\/diariodalagoa.pt\/es\/resgatada-mulher-numa-arriba-em-ponta-delgada\/","og_site_name":"Di\u00e1rio da Lagoa","article_published_time":"2022-07-16T00:17:10+00:00","og_image":[{"width":960,"height":675,"url":"https:\/\/diariodalagoa.pt\/wp-content\/uploads\/2022\/07\/resgate-de-jovem-220715-amn.jpg","type":"image\/jpeg"}],"author":"Di\u00e1rio da Lagoa","twitter_card":"summary_large_image","twitter_misc":{"Escrito por":"Di\u00e1rio da Lagoa","Tiempo de lectura":"2 minutos"},"schema":{"@context":"https:\/\/schema.org","@graph":[{"@type":"WebPage","@id":"https:\/\/diariodalagoa.pt\/resgatada-mulher-numa-arriba-em-ponta-delgada\/","url":"https:\/\/diariodalagoa.pt\/resgatada-mulher-numa-arriba-em-ponta-delgada\/","name":"Resgatada mulher numa arriba em Ponta Delgada - Di\u00e1rio da Lagoa","isPartOf":{"@id":"https:\/\/diariodalagoa.pt\/#website"},"datePublished":"2022-07-16T00:17:10+00:00","dateModified":"2022-07-16T00:17:10+00:00","author":{"@id":"https:\/\/diariodalagoa.pt\/#\/schema\/person\/1615a002370e8857b6f972834bc43ece"},"breadcrumb":{"@id":"https:\/\/diariodalagoa.pt\/resgatada-mulher-numa-arriba-em-ponta-delgada\/#breadcrumb"},"inLanguage":"es","potentialAction":[{"@type":"ReadAction","target":["https:\/\/diariodalagoa.pt\/resgatada-mulher-numa-arriba-em-ponta-delgada\/"]}]},{"@type":"BreadcrumbList","@id":"https:\/\/diariodalagoa.pt\/resgatada-mulher-numa-arriba-em-ponta-delgada\/#breadcrumb","itemListElement":[{"@type":"ListItem","position":1,"name":"In\u00edcio","item":"https:\/\/diariodalagoa.pt\/"},{"@type":"ListItem","position":2,"name":"Resgatada mulher numa arriba em Ponta Delgada"}]},{"@type":"WebSite","@id":"https:\/\/diariodalagoa.pt\/#website","url":"https:\/\/diariodalagoa.pt\/","name":"Di\u00e1rio da Lagoa","description":"Di\u00e1rio da Lagoa. As not\u00edcias que contam. A partir da Lagoa, nos A\u00e7ores, para o mundo.","potentialAction":[{"@type":"SearchAction","target":{"@type":"EntryPoint","urlTemplate":"https:\/\/diariodalagoa.pt\/?s={search_term_string}"},"query-input":"required name=search_term_string"}],"inLanguage":"es"},{"@type":"Person","@id":"https:\/\/diariodalagoa.pt\/#\/schema\/person\/1615a002370e8857b6f972834bc43ece","name":"Di\u00e1rio da Lagoa","image":{"@type":"ImageObject","inLanguage":"es","@id":"https:\/\/diariodalagoa.pt\/#\/schema\/person\/image\/","url":"https:\/\/secure.gravatar.com\/avatar\/2cb5cef90a26f8fbd4d9d930608102c5?s=96&d=mm&r=g","contentUrl":"https:\/\/secure.gravatar.com\/avatar\/2cb5cef90a26f8fbd4d9d930608102c5?s=96&d=mm&r=g","caption":"Di\u00e1rio da Lagoa"},"url":"https:\/\/diariodalagoa.pt\/es\/author\/diariodalagoa\/"}]}},"_links":{"self":[{"href":"https:\/\/diariodalagoa.pt\/es\/wp-json\/wp\/v2\/posts\/102521"}],"collection":[{"href":"https:\/\/diariodalagoa.pt\/es\/wp-json\/wp\/v2\/posts"}],"about":[{"href":"https:\/\/diariodalagoa.pt\/es\/wp-json\/wp\/v2\/types\/post"}],"author":[{"embeddable":true,"href":"https:\/\/diariodalagoa.pt\/es\/wp-json\/wp\/v2\/users\/2"}],"replies":[{"embeddable":true,"href":"https:\/\/diariodalagoa.pt\/es\/wp-json\/wp\/v2\/comments?post=102521"}],"version-history":[{"count":0,"href":"https:\/\/diariodalagoa.pt\/es\/wp-json\/wp\/v2\/posts\/102521\/revisions"}],"wp:featuredmedia":[{"embeddable":true,"href":"https:\/\/diariodalagoa.pt\/es\/wp-json\/wp\/v2\/media\/114077"}],"wp:attachment":[{"href":"https:\/\/diariodalagoa.pt\/es\/wp-json\/wp\/v2\/media?parent=102521"}],"wp:term":[{"taxonomy":"category","embeddable":true,"href":"https:\/\/diariodalagoa.pt\/es\/wp-json\/wp\/v2\/categories?post=102521"},{"taxonomy":"post_tag","embeddable":true,"href":"https:\/\/diariodalagoa.pt\/es\/wp-json\/wp\/v2\/tags?post=102521"}],"curies":[{"name":"wp","href":"https:\/\/api.w.org\/{rel}","templated":true}]}}