{"id":10151,"date":"2014-10-10T18:50:28","date_gmt":"2014-10-10T19:50:28","guid":{"rendered":"http:\/\/diariodalagoa.pt\/?p=10151"},"modified":"2014-10-10T18:50:28","modified_gmt":"2014-10-10T19:50:28","slug":"sergio-avila-afirma-que-empresas-acorianas-podem-atingir-cinco-milhoes-de-dolares-de-exportacoes-para-cadeia-de-supermercados-nos-eua","status":"publish","type":"post","link":"https:\/\/diariodalagoa.pt\/es\/sergio-avila-afirma-que-empresas-acorianas-podem-atingir-cinco-milhoes-de-dolares-de-exportacoes-para-cadeia-de-supermercados-nos-eua\/","title":{"rendered":"S\u00e9rgio \u00c1vila afirma que empresas a\u00e7orianas podem atingir cinco milh\u00f5es de d\u00f3lares de exporta\u00e7\u00f5es para cadeia de supermercados nos EUA"},"content":{"rendered":"<p style=\"text-align: justify;\"><img decoding=\"async\" class=\"alignnone size-full wp-image-10152\" src=\"http:\/\/diariodalagoa.pt\/wp-content\/uploads\/2014\/10\/Sergio-Avila-vice-presidente-governo-a\u00e7ores.jpg\" alt=\"Sergio-Avila-vice-presidente-governo-a\u00e7ores\" width=\"720\" height=\"380\" \/><\/p>\n<p style=\"text-align: justify;\"><span style=\"color: #000000;\">O Vice-Presidente do Governo manifestou satisfa\u00e7\u00e3o pelo \u00eaxito da vinda\u00a0aos A\u00e7ores\u00a0de representantes da empresa norte-americana Triunfo Foods, para a qual empresas a\u00e7orianas poder\u00e3o exportar produtos no valor de\u00a0cinco milh\u00f5es de d\u00f3lares por ano.\u00a0<\/span><\/p>\n<p style=\"text-align: justify;\"><span style=\"color: #000000;\">S\u00e9rgio \u00c1vila, que se encontrou, em Ponta Delgada, com Alexandrino Costa e Carlos Cadima para um balan\u00e7o da miss\u00e3o empresarial que hoje terminou, frisou que\u00a0\u201co Governo tem promovido a vinda aos A\u00e7ores de importadores internacionais, no \u00e2mbito da estrat\u00e9gia de promo\u00e7\u00e3o dos produtos a\u00e7orianos e de incremento das nossas exporta\u00e7\u00f5es\u201d.\u00a0<\/span><\/p>\n<p style=\"text-align: justify;\"><span style=\"color: #000000;\">Nesse sentido, sendo a Triunfo Foods\u00a0propriet\u00e1ria de uma cadeia de 13 supermercados em v\u00e1rias cidades dos Estados Unidos, com um volume de neg\u00f3cios com empresas a\u00e7orianas que representa mais de\u00a0dois milh\u00f5es de d\u00f3lares por ano, a inten\u00e7\u00e3o \u00e9 refor\u00e7ar essa rela\u00e7\u00e3o comercial. \u00a0<\/span><\/p>\n<p style=\"text-align: justify;\"><span style=\"color: #000000;\">O Vice-Presidente salientou que\u00a0isso ser\u00e1 feito \u201campliando a diversidade de produtos que neste momento os A\u00e7ores exportam para os Estados Unidos e ampliando a intensidade dessa exporta\u00e7\u00e3o\u201d.\u00a0<\/span><\/p>\n<p style=\"text-align: justify;\"><span style=\"color: #000000;\">S\u00e9rgio \u00c1vila revelou que, para possibilitar o maior sucesso poss\u00edvel nos contactos com as empresas a\u00e7orianas, os dois representantes da Triunfo Foods estiveram em cinco ilhas dos A\u00e7ores, \u201cassegurando assim um maior conhecimento dos produtos e o estabelecimento de uma rela\u00e7\u00e3o comercial que leve ao refor\u00e7o significativo das nossas exporta\u00e7\u00f5es para um mercado t\u00e3o importante como o dos Estados Unidos\u201d.\u00a0<\/span><\/p>\n<p style=\"text-align: justify;\"><span style=\"color: #000000;\">O Vice-Presidente do Governo manifestou-se convicto de que a estrat\u00e9gia de trazer os importadores \u00e0 Regi\u00e3o \u00e9 a mais eficaz, pelo que novas iniciativas semelhantes se ir\u00e3o seguir, no seguimento, ali\u00e1s, de experi\u00eancias j\u00e1 efetuadas com a vinda de empres\u00e1rios de mercados com interesse nos produtos a\u00e7orianos.<\/span><\/p>\n<p style=\"text-align: justify;\"><span style=\"color: #000000;\"><em>DL\/Gacs<\/em><\/span><\/p>","protected":false},"excerpt":{"rendered":"<p>O Vice-Presidente do Governo manifestou satisfa\u00e7\u00e3o pelo \u00eaxito da vinda\u00a0aos A\u00e7ores\u00a0de representantes da empresa norte-americana Triunfo Foods, para a qual empresas a\u00e7orianas poder\u00e3o exportar produtos no valor de\u00a0cinco milh\u00f5es de d\u00f3lares por ano.\u00a0 S\u00e9rgio \u00c1vila, que se encontrou, em Ponta Delgada, com Alexandrino Costa e Carlos Cadima para um balan\u00e7o da miss\u00e3o empresarial que hoje [&hellip;]<\/p>","protected":false},"author":2,"featured_media":0,"comment_status":"open","ping_status":"open","sticky":false,"template":"","format":"standard","meta":[],"categories":[21],"tags":[],"acf":[],"yoast_head":"<!-- This site is optimized with the Yoast SEO plugin v20.10 - https:\/\/yoast.com\/wordpress\/plugins\/seo\/ -->\n<title>S\u00e9rgio \u00c1vila afirma que empresas a\u00e7orianas podem atingir cinco milh\u00f5es de d\u00f3lares de exporta\u00e7\u00f5es para cadeia de supermercados nos EUA - Di\u00e1rio da Lagoa<\/title>\n<meta name=\"robots\" content=\"index, follow, max-snippet:-1, max-image-preview:large, max-video-preview:-1\" \/>\n<link rel=\"canonical\" href=\"https:\/\/diariodalagoa.pt\/es\/sergio-avila-afirma-que-empresas-acorianas-podem-atingir-cinco-milhoes-de-dolares-de-exportacoes-para-cadeia-de-supermercados-nos-eua\/\" \/>\n<meta property=\"og:locale\" content=\"es_ES\" \/>\n<meta property=\"og:type\" content=\"article\" \/>\n<meta property=\"og:title\" content=\"S\u00e9rgio \u00c1vila afirma que empresas a\u00e7orianas podem atingir cinco milh\u00f5es de d\u00f3lares de exporta\u00e7\u00f5es para cadeia de supermercados nos EUA - Di\u00e1rio da Lagoa\" \/>\n<meta property=\"og:description\" content=\"O Vice-Presidente do Governo manifestou satisfa\u00e7\u00e3o pelo \u00eaxito da vinda\u00a0aos A\u00e7ores\u00a0de representantes da empresa norte-americana Triunfo Foods, para a qual empresas a\u00e7orianas poder\u00e3o exportar produtos no valor de\u00a0cinco milh\u00f5es de d\u00f3lares por ano.\u00a0 S\u00e9rgio \u00c1vila, que se encontrou, em Ponta Delgada, com Alexandrino Costa e Carlos Cadima para um balan\u00e7o da miss\u00e3o empresarial que hoje [&hellip;]\" \/>\n<meta property=\"og:url\" content=\"https:\/\/diariodalagoa.pt\/es\/sergio-avila-afirma-que-empresas-acorianas-podem-atingir-cinco-milhoes-de-dolares-de-exportacoes-para-cadeia-de-supermercados-nos-eua\/\" \/>\n<meta property=\"og:site_name\" content=\"Di\u00e1rio da Lagoa\" \/>\n<meta property=\"article:published_time\" content=\"2014-10-10T19:50:28+00:00\" \/>\n<meta name=\"author\" content=\"Di\u00e1rio da Lagoa\" \/>\n<meta name=\"twitter:card\" content=\"summary_large_image\" \/>\n<meta name=\"twitter:label1\" content=\"Escrito por\" \/>\n\t<meta name=\"twitter:data1\" content=\"Di\u00e1rio da Lagoa\" \/>\n\t<meta name=\"twitter:label2\" content=\"Tiempo de lectura\" \/>\n\t<meta name=\"twitter:data2\" content=\"2 minutos\" \/>\n<script type=\"application\/ld+json\" class=\"yoast-schema-graph\">{\"@context\":\"https:\/\/schema.org\",\"@graph\":[{\"@type\":\"WebPage\",\"@id\":\"https:\/\/diariodalagoa.pt\/sergio-avila-afirma-que-empresas-acorianas-podem-atingir-cinco-milhoes-de-dolares-de-exportacoes-para-cadeia-de-supermercados-nos-eua\/\",\"url\":\"https:\/\/diariodalagoa.pt\/sergio-avila-afirma-que-empresas-acorianas-podem-atingir-cinco-milhoes-de-dolares-de-exportacoes-para-cadeia-de-supermercados-nos-eua\/\",\"name\":\"S\u00e9rgio \u00c1vila afirma que empresas a\u00e7orianas podem atingir cinco milh\u00f5es de d\u00f3lares de exporta\u00e7\u00f5es para cadeia de supermercados nos EUA - Di\u00e1rio da Lagoa\",\"isPartOf\":{\"@id\":\"https:\/\/diariodalagoa.pt\/#website\"},\"datePublished\":\"2014-10-10T19:50:28+00:00\",\"dateModified\":\"2014-10-10T19:50:28+00:00\",\"author\":{\"@id\":\"https:\/\/diariodalagoa.pt\/#\/schema\/person\/1615a002370e8857b6f972834bc43ece\"},\"breadcrumb\":{\"@id\":\"https:\/\/diariodalagoa.pt\/sergio-avila-afirma-que-empresas-acorianas-podem-atingir-cinco-milhoes-de-dolares-de-exportacoes-para-cadeia-de-supermercados-nos-eua\/#breadcrumb\"},\"inLanguage\":\"es\",\"potentialAction\":[{\"@type\":\"ReadAction\",\"target\":[\"https:\/\/diariodalagoa.pt\/sergio-avila-afirma-que-empresas-acorianas-podem-atingir-cinco-milhoes-de-dolares-de-exportacoes-para-cadeia-de-supermercados-nos-eua\/\"]}]},{\"@type\":\"BreadcrumbList\",\"@id\":\"https:\/\/diariodalagoa.pt\/sergio-avila-afirma-que-empresas-acorianas-podem-atingir-cinco-milhoes-de-dolares-de-exportacoes-para-cadeia-de-supermercados-nos-eua\/#breadcrumb\",\"itemListElement\":[{\"@type\":\"ListItem\",\"position\":1,\"name\":\"In\u00edcio\",\"item\":\"https:\/\/diariodalagoa.pt\/\"},{\"@type\":\"ListItem\",\"position\":2,\"name\":\"S\u00e9rgio \u00c1vila afirma que empresas a\u00e7orianas podem atingir cinco milh\u00f5es de d\u00f3lares de exporta\u00e7\u00f5es para cadeia de supermercados nos EUA\"}]},{\"@type\":\"WebSite\",\"@id\":\"https:\/\/diariodalagoa.pt\/#website\",\"url\":\"https:\/\/diariodalagoa.pt\/\",\"name\":\"Di\u00e1rio da Lagoa\",\"description\":\"Di\u00e1rio da Lagoa. As not\u00edcias que contam. A partir da Lagoa, nos A\u00e7ores, para o mundo.\",\"potentialAction\":[{\"@type\":\"SearchAction\",\"target\":{\"@type\":\"EntryPoint\",\"urlTemplate\":\"https:\/\/diariodalagoa.pt\/?s={search_term_string}\"},\"query-input\":\"required name=search_term_string\"}],\"inLanguage\":\"es\"},{\"@type\":\"Person\",\"@id\":\"https:\/\/diariodalagoa.pt\/#\/schema\/person\/1615a002370e8857b6f972834bc43ece\",\"name\":\"Di\u00e1rio da Lagoa\",\"image\":{\"@type\":\"ImageObject\",\"inLanguage\":\"es\",\"@id\":\"https:\/\/diariodalagoa.pt\/#\/schema\/person\/image\/\",\"url\":\"https:\/\/secure.gravatar.com\/avatar\/2cb5cef90a26f8fbd4d9d930608102c5?s=96&d=mm&r=g\",\"contentUrl\":\"https:\/\/secure.gravatar.com\/avatar\/2cb5cef90a26f8fbd4d9d930608102c5?s=96&d=mm&r=g\",\"caption\":\"Di\u00e1rio da Lagoa\"},\"url\":\"https:\/\/diariodalagoa.pt\/es\/author\/diariodalagoa\/\"}]}<\/script>\n<!-- \/ Yoast SEO plugin. -->","yoast_head_json":{"title":"S\u00e9rgio \u00c1vila afirma que empresas a\u00e7orianas podem atingir cinco milh\u00f5es de d\u00f3lares de exporta\u00e7\u00f5es para cadeia de supermercados nos EUA - Di\u00e1rio da Lagoa","robots":{"index":"index","follow":"follow","max-snippet":"max-snippet:-1","max-image-preview":"max-image-preview:large","max-video-preview":"max-video-preview:-1"},"canonical":"https:\/\/diariodalagoa.pt\/es\/sergio-avila-afirma-que-empresas-acorianas-podem-atingir-cinco-milhoes-de-dolares-de-exportacoes-para-cadeia-de-supermercados-nos-eua\/","og_locale":"es_ES","og_type":"article","og_title":"S\u00e9rgio \u00c1vila afirma que empresas a\u00e7orianas podem atingir cinco milh\u00f5es de d\u00f3lares de exporta\u00e7\u00f5es para cadeia de supermercados nos EUA - Di\u00e1rio da Lagoa","og_description":"O Vice-Presidente do Governo manifestou satisfa\u00e7\u00e3o pelo \u00eaxito da vinda\u00a0aos A\u00e7ores\u00a0de representantes da empresa norte-americana Triunfo Foods, para a qual empresas a\u00e7orianas poder\u00e3o exportar produtos no valor de\u00a0cinco milh\u00f5es de d\u00f3lares por ano.\u00a0 S\u00e9rgio \u00c1vila, que se encontrou, em Ponta Delgada, com Alexandrino Costa e Carlos Cadima para um balan\u00e7o da miss\u00e3o empresarial que hoje [&hellip;]","og_url":"https:\/\/diariodalagoa.pt\/es\/sergio-avila-afirma-que-empresas-acorianas-podem-atingir-cinco-milhoes-de-dolares-de-exportacoes-para-cadeia-de-supermercados-nos-eua\/","og_site_name":"Di\u00e1rio da Lagoa","article_published_time":"2014-10-10T19:50:28+00:00","author":"Di\u00e1rio da Lagoa","twitter_card":"summary_large_image","twitter_misc":{"Escrito por":"Di\u00e1rio da Lagoa","Tiempo de lectura":"2 minutos"},"schema":{"@context":"https:\/\/schema.org","@graph":[{"@type":"WebPage","@id":"https:\/\/diariodalagoa.pt\/sergio-avila-afirma-que-empresas-acorianas-podem-atingir-cinco-milhoes-de-dolares-de-exportacoes-para-cadeia-de-supermercados-nos-eua\/","url":"https:\/\/diariodalagoa.pt\/sergio-avila-afirma-que-empresas-acorianas-podem-atingir-cinco-milhoes-de-dolares-de-exportacoes-para-cadeia-de-supermercados-nos-eua\/","name":"S\u00e9rgio \u00c1vila afirma que empresas a\u00e7orianas podem atingir cinco milh\u00f5es de d\u00f3lares de exporta\u00e7\u00f5es para cadeia de supermercados nos EUA - Di\u00e1rio da Lagoa","isPartOf":{"@id":"https:\/\/diariodalagoa.pt\/#website"},"datePublished":"2014-10-10T19:50:28+00:00","dateModified":"2014-10-10T19:50:28+00:00","author":{"@id":"https:\/\/diariodalagoa.pt\/#\/schema\/person\/1615a002370e8857b6f972834bc43ece"},"breadcrumb":{"@id":"https:\/\/diariodalagoa.pt\/sergio-avila-afirma-que-empresas-acorianas-podem-atingir-cinco-milhoes-de-dolares-de-exportacoes-para-cadeia-de-supermercados-nos-eua\/#breadcrumb"},"inLanguage":"es","potentialAction":[{"@type":"ReadAction","target":["https:\/\/diariodalagoa.pt\/sergio-avila-afirma-que-empresas-acorianas-podem-atingir-cinco-milhoes-de-dolares-de-exportacoes-para-cadeia-de-supermercados-nos-eua\/"]}]},{"@type":"BreadcrumbList","@id":"https:\/\/diariodalagoa.pt\/sergio-avila-afirma-que-empresas-acorianas-podem-atingir-cinco-milhoes-de-dolares-de-exportacoes-para-cadeia-de-supermercados-nos-eua\/#breadcrumb","itemListElement":[{"@type":"ListItem","position":1,"name":"In\u00edcio","item":"https:\/\/diariodalagoa.pt\/"},{"@type":"ListItem","position":2,"name":"S\u00e9rgio \u00c1vila afirma que empresas a\u00e7orianas podem atingir cinco milh\u00f5es de d\u00f3lares de exporta\u00e7\u00f5es para cadeia de supermercados nos EUA"}]},{"@type":"WebSite","@id":"https:\/\/diariodalagoa.pt\/#website","url":"https:\/\/diariodalagoa.pt\/","name":"Di\u00e1rio da Lagoa","description":"Di\u00e1rio da Lagoa. As not\u00edcias que contam. A partir da Lagoa, nos A\u00e7ores, para o mundo.","potentialAction":[{"@type":"SearchAction","target":{"@type":"EntryPoint","urlTemplate":"https:\/\/diariodalagoa.pt\/?s={search_term_string}"},"query-input":"required name=search_term_string"}],"inLanguage":"es"},{"@type":"Person","@id":"https:\/\/diariodalagoa.pt\/#\/schema\/person\/1615a002370e8857b6f972834bc43ece","name":"Di\u00e1rio da Lagoa","image":{"@type":"ImageObject","inLanguage":"es","@id":"https:\/\/diariodalagoa.pt\/#\/schema\/person\/image\/","url":"https:\/\/secure.gravatar.com\/avatar\/2cb5cef90a26f8fbd4d9d930608102c5?s=96&d=mm&r=g","contentUrl":"https:\/\/secure.gravatar.com\/avatar\/2cb5cef90a26f8fbd4d9d930608102c5?s=96&d=mm&r=g","caption":"Di\u00e1rio da Lagoa"},"url":"https:\/\/diariodalagoa.pt\/es\/author\/diariodalagoa\/"}]}},"_links":{"self":[{"href":"https:\/\/diariodalagoa.pt\/es\/wp-json\/wp\/v2\/posts\/10151"}],"collection":[{"href":"https:\/\/diariodalagoa.pt\/es\/wp-json\/wp\/v2\/posts"}],"about":[{"href":"https:\/\/diariodalagoa.pt\/es\/wp-json\/wp\/v2\/types\/post"}],"author":[{"embeddable":true,"href":"https:\/\/diariodalagoa.pt\/es\/wp-json\/wp\/v2\/users\/2"}],"replies":[{"embeddable":true,"href":"https:\/\/diariodalagoa.pt\/es\/wp-json\/wp\/v2\/comments?post=10151"}],"version-history":[{"count":0,"href":"https:\/\/diariodalagoa.pt\/es\/wp-json\/wp\/v2\/posts\/10151\/revisions"}],"wp:attachment":[{"href":"https:\/\/diariodalagoa.pt\/es\/wp-json\/wp\/v2\/media?parent=10151"}],"wp:term":[{"taxonomy":"category","embeddable":true,"href":"https:\/\/diariodalagoa.pt\/es\/wp-json\/wp\/v2\/categories?post=10151"},{"taxonomy":"post_tag","embeddable":true,"href":"https:\/\/diariodalagoa.pt\/es\/wp-json\/wp\/v2\/tags?post=10151"}],"curies":[{"name":"wp","href":"https:\/\/api.w.org\/{rel}","templated":true}]}}