{"id":10097,"date":"2014-10-09T22:10:10","date_gmt":"2014-10-09T22:10:10","guid":{"rendered":"http:\/\/diariodalagoa.pt\/?p=10097"},"modified":"2014-10-09T22:10:10","modified_gmt":"2014-10-09T22:10:10","slug":"plano-de-2015-com-24-milhoes-de-euros-para-cuidados-continuados-e-paliativos","status":"publish","type":"post","link":"https:\/\/diariodalagoa.pt\/es\/plano-de-2015-com-24-milhoes-de-euros-para-cuidados-continuados-e-paliativos\/","title":{"rendered":"Plano de 2015 com 2,4 milh\u00f5es de euros para Cuidados Continuados e Paliativos"},"content":{"rendered":"<p style=\"text-align: justify;\"><img decoding=\"async\" class=\"alignnone size-full wp-image-10099\" src=\"http:\/\/diariodalagoa.pt\/wp-content\/uploads\/2014\/10\/Luis-Cabral-Andreia-Cardoso-governo-A\u00e7ores-cuidados-paliativos-2.jpg\" alt=\"Luis Cabral-Andreia-Cardoso-governo-A\u00e7ores-cuidados-paliativos (2)\" width=\"720\" height=\"380\" \/><\/p>\n<p style=\"text-align: justify;\"><span style=\"color: #000000;\">O Secret\u00e1rio Regional da Sa\u00fade\u00a0afirmou que a anteproposta do Plano para 2015 prev\u00ea uma verba de 2,4 milh\u00f5es de euros para aplicar nos Cuidados Continuados Integrados, reafirmando \u201ca prioridade do Governo em promover o alargamento da rede em todas as ilhas dos A\u00e7ores\u201d.\u00a0<\/span><\/p>\n<p style=\"text-align: justify;\"><span style=\"color: #000000;\">Lu\u00eds Cabral falava \u00e0 margem de uma visita ao Centro de Sa\u00fade de Vila Franca do Campo, em que tamb\u00e9m esteve presente\u00a0a Secret\u00e1ria Regional da Solidariedade Social, Andreia Cardoso, que visou avaliar com profissionais e utentes \u201co impacto das altera\u00e7\u00f5es introduzidas em julho nos centros de sa\u00fade de S. Miguel, que permitiram quase duplicar as camas dispon\u00edveis para cuidados continuados nesta ilha\u201d, que passaram\u00a0de 84 para 153.\u00a0<\/span><\/p>\n<p style=\"text-align: justify;\"><span style=\"color: #000000;\">Os centros de sa\u00fade, segundo Lu\u00eds Cabral,\u00a0passam assim a ter \u201cuma nova e importante fun\u00e7\u00e3o no alargamento da rede de cuidados continuados com uma resposta em proximidade com os utentes e os seus familiares\u201d. \u00a0<\/span><\/p>\n<p style=\"text-align: justify;\"><span style=\"color: #000000;\">O Secret\u00e1rio Regional destacou ainda\u00a0o esfor\u00e7o que est\u00e1 a ser feito no campo da forma\u00e7\u00e3o, estando previstas a\u00e7\u00f5es que chegar\u00e3o a 64 profissionais da Unidade de Sa\u00fade de Ilha de S\u00e3o Miguel em tr\u00eas cursos b\u00e1sicos.\u00a0<\/span><\/p>\n<p style=\"text-align: justify;\"><span style=\"color: #000000;\">Um desses curso est\u00e1 a decorrer, enquanto os restantes\u00a0dois v\u00e3o realizar-se\u00a0no fim deste m\u00eas de outubro e no in\u00edcio de novembro.\u00a0<\/span><\/p>\n<p style=\"text-align: justify;\"><span style=\"color: #000000;\">Em 2015, v\u00e3o realizar-se tamb\u00e9m cursos que abranger\u00e3o profissionais de outras ilhas e ser\u00e1 realizado um curso b\u00e1sico de cuidados paliativos pedi\u00e1tricos.<\/span><\/p>\n<p style=\"text-align: justify;\"><span style=\"color: #000000;\"><em>DL\/Gacs<\/em><\/span><\/p>","protected":false},"excerpt":{"rendered":"<p>O Secret\u00e1rio Regional da Sa\u00fade\u00a0afirmou que a anteproposta do Plano para 2015 prev\u00ea uma verba de 2,4 milh\u00f5es de euros para aplicar nos Cuidados Continuados Integrados, reafirmando \u201ca prioridade do Governo em promover o alargamento da rede em todas as ilhas dos A\u00e7ores\u201d.\u00a0 Lu\u00eds Cabral falava \u00e0 margem de uma visita ao Centro de Sa\u00fade [&hellip;]<\/p>","protected":false},"author":2,"featured_media":0,"comment_status":"open","ping_status":"open","sticky":false,"template":"","format":"standard","meta":[],"categories":[21],"tags":[],"acf":[],"yoast_head":"<!-- This site is optimized with the Yoast SEO plugin v20.10 - https:\/\/yoast.com\/wordpress\/plugins\/seo\/ -->\n<title>Plano de 2015 com 2,4 milh\u00f5es de euros para Cuidados Continuados e Paliativos - Di\u00e1rio da Lagoa<\/title>\n<meta name=\"robots\" content=\"index, follow, max-snippet:-1, max-image-preview:large, max-video-preview:-1\" \/>\n<link rel=\"canonical\" href=\"https:\/\/diariodalagoa.pt\/es\/plano-de-2015-com-24-milhoes-de-euros-para-cuidados-continuados-e-paliativos\/\" \/>\n<meta property=\"og:locale\" content=\"es_ES\" \/>\n<meta property=\"og:type\" content=\"article\" \/>\n<meta property=\"og:title\" content=\"Plano de 2015 com 2,4 milh\u00f5es de euros para Cuidados Continuados e Paliativos - Di\u00e1rio da Lagoa\" \/>\n<meta property=\"og:description\" content=\"O Secret\u00e1rio Regional da Sa\u00fade\u00a0afirmou que a anteproposta do Plano para 2015 prev\u00ea uma verba de 2,4 milh\u00f5es de euros para aplicar nos Cuidados Continuados Integrados, reafirmando \u201ca prioridade do Governo em promover o alargamento da rede em todas as ilhas dos A\u00e7ores\u201d.\u00a0 Lu\u00eds Cabral falava \u00e0 margem de uma visita ao Centro de Sa\u00fade [&hellip;]\" \/>\n<meta property=\"og:url\" content=\"https:\/\/diariodalagoa.pt\/es\/plano-de-2015-com-24-milhoes-de-euros-para-cuidados-continuados-e-paliativos\/\" \/>\n<meta property=\"og:site_name\" content=\"Di\u00e1rio da Lagoa\" \/>\n<meta property=\"article:published_time\" content=\"2014-10-09T22:10:10+00:00\" \/>\n<meta name=\"author\" content=\"Di\u00e1rio da Lagoa\" \/>\n<meta name=\"twitter:card\" content=\"summary_large_image\" \/>\n<meta name=\"twitter:label1\" content=\"Escrito por\" \/>\n\t<meta name=\"twitter:data1\" content=\"Di\u00e1rio da Lagoa\" \/>\n\t<meta name=\"twitter:label2\" content=\"Tiempo de lectura\" \/>\n\t<meta name=\"twitter:data2\" content=\"1 minuto\" \/>\n<script type=\"application\/ld+json\" class=\"yoast-schema-graph\">{\"@context\":\"https:\/\/schema.org\",\"@graph\":[{\"@type\":\"WebPage\",\"@id\":\"https:\/\/diariodalagoa.pt\/plano-de-2015-com-24-milhoes-de-euros-para-cuidados-continuados-e-paliativos\/\",\"url\":\"https:\/\/diariodalagoa.pt\/plano-de-2015-com-24-milhoes-de-euros-para-cuidados-continuados-e-paliativos\/\",\"name\":\"Plano de 2015 com 2,4 milh\u00f5es de euros para Cuidados Continuados e Paliativos - Di\u00e1rio da Lagoa\",\"isPartOf\":{\"@id\":\"https:\/\/diariodalagoa.pt\/#website\"},\"datePublished\":\"2014-10-09T22:10:10+00:00\",\"dateModified\":\"2014-10-09T22:10:10+00:00\",\"author\":{\"@id\":\"https:\/\/diariodalagoa.pt\/#\/schema\/person\/1615a002370e8857b6f972834bc43ece\"},\"breadcrumb\":{\"@id\":\"https:\/\/diariodalagoa.pt\/plano-de-2015-com-24-milhoes-de-euros-para-cuidados-continuados-e-paliativos\/#breadcrumb\"},\"inLanguage\":\"es\",\"potentialAction\":[{\"@type\":\"ReadAction\",\"target\":[\"https:\/\/diariodalagoa.pt\/plano-de-2015-com-24-milhoes-de-euros-para-cuidados-continuados-e-paliativos\/\"]}]},{\"@type\":\"BreadcrumbList\",\"@id\":\"https:\/\/diariodalagoa.pt\/plano-de-2015-com-24-milhoes-de-euros-para-cuidados-continuados-e-paliativos\/#breadcrumb\",\"itemListElement\":[{\"@type\":\"ListItem\",\"position\":1,\"name\":\"In\u00edcio\",\"item\":\"https:\/\/diariodalagoa.pt\/\"},{\"@type\":\"ListItem\",\"position\":2,\"name\":\"Plano de 2015 com 2,4 milh\u00f5es de euros para Cuidados Continuados e Paliativos\"}]},{\"@type\":\"WebSite\",\"@id\":\"https:\/\/diariodalagoa.pt\/#website\",\"url\":\"https:\/\/diariodalagoa.pt\/\",\"name\":\"Di\u00e1rio da Lagoa\",\"description\":\"Di\u00e1rio da Lagoa. As not\u00edcias que contam. A partir da Lagoa, nos A\u00e7ores, para o mundo.\",\"potentialAction\":[{\"@type\":\"SearchAction\",\"target\":{\"@type\":\"EntryPoint\",\"urlTemplate\":\"https:\/\/diariodalagoa.pt\/?s={search_term_string}\"},\"query-input\":\"required name=search_term_string\"}],\"inLanguage\":\"es\"},{\"@type\":\"Person\",\"@id\":\"https:\/\/diariodalagoa.pt\/#\/schema\/person\/1615a002370e8857b6f972834bc43ece\",\"name\":\"Di\u00e1rio da Lagoa\",\"image\":{\"@type\":\"ImageObject\",\"inLanguage\":\"es\",\"@id\":\"https:\/\/diariodalagoa.pt\/#\/schema\/person\/image\/\",\"url\":\"https:\/\/secure.gravatar.com\/avatar\/2cb5cef90a26f8fbd4d9d930608102c5?s=96&d=mm&r=g\",\"contentUrl\":\"https:\/\/secure.gravatar.com\/avatar\/2cb5cef90a26f8fbd4d9d930608102c5?s=96&d=mm&r=g\",\"caption\":\"Di\u00e1rio da Lagoa\"},\"url\":\"https:\/\/diariodalagoa.pt\/es\/author\/diariodalagoa\/\"}]}<\/script>\n<!-- \/ Yoast SEO plugin. -->","yoast_head_json":{"title":"Plano de 2015 com 2,4 milh\u00f5es de euros para Cuidados Continuados e Paliativos - Di\u00e1rio da Lagoa","robots":{"index":"index","follow":"follow","max-snippet":"max-snippet:-1","max-image-preview":"max-image-preview:large","max-video-preview":"max-video-preview:-1"},"canonical":"https:\/\/diariodalagoa.pt\/es\/plano-de-2015-com-24-milhoes-de-euros-para-cuidados-continuados-e-paliativos\/","og_locale":"es_ES","og_type":"article","og_title":"Plano de 2015 com 2,4 milh\u00f5es de euros para Cuidados Continuados e Paliativos - Di\u00e1rio da Lagoa","og_description":"O Secret\u00e1rio Regional da Sa\u00fade\u00a0afirmou que a anteproposta do Plano para 2015 prev\u00ea uma verba de 2,4 milh\u00f5es de euros para aplicar nos Cuidados Continuados Integrados, reafirmando \u201ca prioridade do Governo em promover o alargamento da rede em todas as ilhas dos A\u00e7ores\u201d.\u00a0 Lu\u00eds Cabral falava \u00e0 margem de uma visita ao Centro de Sa\u00fade [&hellip;]","og_url":"https:\/\/diariodalagoa.pt\/es\/plano-de-2015-com-24-milhoes-de-euros-para-cuidados-continuados-e-paliativos\/","og_site_name":"Di\u00e1rio da Lagoa","article_published_time":"2014-10-09T22:10:10+00:00","author":"Di\u00e1rio da Lagoa","twitter_card":"summary_large_image","twitter_misc":{"Escrito por":"Di\u00e1rio da Lagoa","Tiempo de lectura":"1 minuto"},"schema":{"@context":"https:\/\/schema.org","@graph":[{"@type":"WebPage","@id":"https:\/\/diariodalagoa.pt\/plano-de-2015-com-24-milhoes-de-euros-para-cuidados-continuados-e-paliativos\/","url":"https:\/\/diariodalagoa.pt\/plano-de-2015-com-24-milhoes-de-euros-para-cuidados-continuados-e-paliativos\/","name":"Plano de 2015 com 2,4 milh\u00f5es de euros para Cuidados Continuados e Paliativos - Di\u00e1rio da Lagoa","isPartOf":{"@id":"https:\/\/diariodalagoa.pt\/#website"},"datePublished":"2014-10-09T22:10:10+00:00","dateModified":"2014-10-09T22:10:10+00:00","author":{"@id":"https:\/\/diariodalagoa.pt\/#\/schema\/person\/1615a002370e8857b6f972834bc43ece"},"breadcrumb":{"@id":"https:\/\/diariodalagoa.pt\/plano-de-2015-com-24-milhoes-de-euros-para-cuidados-continuados-e-paliativos\/#breadcrumb"},"inLanguage":"es","potentialAction":[{"@type":"ReadAction","target":["https:\/\/diariodalagoa.pt\/plano-de-2015-com-24-milhoes-de-euros-para-cuidados-continuados-e-paliativos\/"]}]},{"@type":"BreadcrumbList","@id":"https:\/\/diariodalagoa.pt\/plano-de-2015-com-24-milhoes-de-euros-para-cuidados-continuados-e-paliativos\/#breadcrumb","itemListElement":[{"@type":"ListItem","position":1,"name":"In\u00edcio","item":"https:\/\/diariodalagoa.pt\/"},{"@type":"ListItem","position":2,"name":"Plano de 2015 com 2,4 milh\u00f5es de euros para Cuidados Continuados e Paliativos"}]},{"@type":"WebSite","@id":"https:\/\/diariodalagoa.pt\/#website","url":"https:\/\/diariodalagoa.pt\/","name":"Di\u00e1rio da Lagoa","description":"Di\u00e1rio da Lagoa. As not\u00edcias que contam. A partir da Lagoa, nos A\u00e7ores, para o mundo.","potentialAction":[{"@type":"SearchAction","target":{"@type":"EntryPoint","urlTemplate":"https:\/\/diariodalagoa.pt\/?s={search_term_string}"},"query-input":"required name=search_term_string"}],"inLanguage":"es"},{"@type":"Person","@id":"https:\/\/diariodalagoa.pt\/#\/schema\/person\/1615a002370e8857b6f972834bc43ece","name":"Di\u00e1rio da Lagoa","image":{"@type":"ImageObject","inLanguage":"es","@id":"https:\/\/diariodalagoa.pt\/#\/schema\/person\/image\/","url":"https:\/\/secure.gravatar.com\/avatar\/2cb5cef90a26f8fbd4d9d930608102c5?s=96&d=mm&r=g","contentUrl":"https:\/\/secure.gravatar.com\/avatar\/2cb5cef90a26f8fbd4d9d930608102c5?s=96&d=mm&r=g","caption":"Di\u00e1rio da Lagoa"},"url":"https:\/\/diariodalagoa.pt\/es\/author\/diariodalagoa\/"}]}},"_links":{"self":[{"href":"https:\/\/diariodalagoa.pt\/es\/wp-json\/wp\/v2\/posts\/10097"}],"collection":[{"href":"https:\/\/diariodalagoa.pt\/es\/wp-json\/wp\/v2\/posts"}],"about":[{"href":"https:\/\/diariodalagoa.pt\/es\/wp-json\/wp\/v2\/types\/post"}],"author":[{"embeddable":true,"href":"https:\/\/diariodalagoa.pt\/es\/wp-json\/wp\/v2\/users\/2"}],"replies":[{"embeddable":true,"href":"https:\/\/diariodalagoa.pt\/es\/wp-json\/wp\/v2\/comments?post=10097"}],"version-history":[{"count":0,"href":"https:\/\/diariodalagoa.pt\/es\/wp-json\/wp\/v2\/posts\/10097\/revisions"}],"wp:attachment":[{"href":"https:\/\/diariodalagoa.pt\/es\/wp-json\/wp\/v2\/media?parent=10097"}],"wp:term":[{"taxonomy":"category","embeddable":true,"href":"https:\/\/diariodalagoa.pt\/es\/wp-json\/wp\/v2\/categories?post=10097"},{"taxonomy":"post_tag","embeddable":true,"href":"https:\/\/diariodalagoa.pt\/es\/wp-json\/wp\/v2\/tags?post=10097"}],"curies":[{"name":"wp","href":"https:\/\/api.w.org\/{rel}","templated":true}]}}