{"id":1009,"date":"2014-02-20T21:58:52","date_gmt":"2014-02-20T21:58:52","guid":{"rendered":"http:\/\/diariodalagoa.pt\/?p=1009"},"modified":"2025-06-10T22:32:45","modified_gmt":"2025-06-10T22:32:45","slug":"parque-aberto-passeio-na-serra-de-agua-de-pau-e-degustacao-de-papas-de-serpentina-na-ribeira-cha","status":"publish","type":"post","link":"https:\/\/diariodalagoa.pt\/es\/parque-aberto-passeio-na-serra-de-agua-de-pau-e-degustacao-de-papas-de-serpentina-na-ribeira-cha\/","title":{"rendered":"Parque Aberto \u2013 Passeio na Serra de \u00c1gua de Pau e Degusta\u00e7\u00e3o de Papas de Serpentina na Ribeira Ch\u00e3"},"content":{"rendered":"<p style=\"text-align: justify;\"><a href=\"http:\/\/diariodalagoa.pt\/wp-content\/uploads\/2014\/02\/Atividade_PA_2014_S._Miguel_Passeio.jpg\"><img decoding=\"async\" class=\"alignnone size-full wp-image-1010\" alt=\"PA 2014_atividade inverno_sao miguel_SEDE_serra agua pau_2302201\" src=\"http:\/\/diariodalagoa.pt\/wp-content\/uploads\/2014\/02\/Atividade_PA_2014_S._Miguel_Passeio.jpg\" width=\"720\" height=\"385\" \/><\/a><span style=\"color: #000000;\"><br \/>\n<\/span><\/p>\n<p style=\"text-align: justify;\"><span style=\"color: #000000;\">O Parque Natural de S\u00e3o Miguel, em parceria com a C\u00e2mara Municipal de Lagoa e a Junta de Freguesia da Ribeira Ch\u00e3, programou mais um s\u00e1bado em divers\u00e3o.<\/span><\/p>\n<p style=\"text-align: justify;\"><span style=\"color: #000000;\">Desta feita, e no \u00e2mbito da agenda ambiental do programa Parque Aberto, ser\u00e1 promovido este s\u00e1bado, dia 22 de fevereiro, um percurso pedestre interpretativo na \u00c1rea Protegida para a Gest\u00e3o de Habitats ou Esp\u00e9cies da Serra de \u00c1gua de Pau, com degusta\u00e7\u00e3o de papas de serpentina na Ribeira Ch\u00e3.<\/span><\/p>\n<p style=\"text-align: justify;\"><span style=\"color: #000000;\">Com uma extens\u00e3o de cerca de 8 km e grau de dificuldade 2 (numa escala de 1 a 3), este percurso proporciona aos participantes um contacto direto com os habitats pr\u00f3prios das zonas de \u00e1guas interiores, que preservam diversas esp\u00e9cies de plantas nativas, bem como diversas esp\u00e9cies de aves.<\/span><\/p>\n<p style=\"text-align: justify;\"><span style=\"color: #000000;\">No final do percurso pedestre os participantes poder\u00e3o ficar a conhecer o N\u00facleo Museol\u00f3gico da Ribeira Ch\u00e3 e provar as afamadas &#8220;papas de serpentina&#8221;, doce t\u00edpico da freguesia da Ribeira Ch\u00e3, e o tradicional ch\u00e1 de Poejo.<\/span><\/p>\n<p style=\"text-align: justify;\"><span style=\"color: #000000;\">As inscri\u00e7\u00f5es t\u00eam um custo de 5\u20ac (inclui transporte e degusta\u00e7\u00e3o) e podem ser efetuadas atrav\u00e9s do email:<a href=\"mailto:parque.natural.smiguel@azores.gov.pt\"><span style=\"color: #000000;\">parque.natural.smiguel@azores.gov.pt<\/span><\/a>\u00a0ou do telefone n.\u00ba 296 206 700.<\/span><\/p>\n<p style=\"text-align: justify;\"><span style=\"color: #000000;\">A atividade ter\u00e1 in\u00edcio \u00e0s 09h30 e uma dura\u00e7\u00e3o aproximada de 6 horas, tendo como ponto de encontro o parque de estacionamento da Escola Secund\u00e1ria Domingos Rebelo. <\/span><\/p>\n<p style=\"text-align: justify;\"><span style=\"color: #000000;\">A organiza\u00e7\u00e3o recomenda o uso de roupa e cal\u00e7ado adequado ao percurso e condi\u00e7\u00f5es meteorol\u00f3gicas, bem como um pequeno lanche e \u00e1gua. Os participantes menores devem ser acompanhados por pessoa respons\u00e1vel maior de idade.<\/span><\/p>\n<p style=\"text-align: justify;\"><em>DL\/PNSM<\/em><\/p>","protected":false},"excerpt":{"rendered":"<p>O Parque Natural de S\u00e3o Miguel, em parceria com a C\u00e2mara Municipal de Lagoa e a Junta de Freguesia da Ribeira Ch\u00e3, programou mais um s\u00e1bado em divers\u00e3o. Desta feita, e no \u00e2mbito da agenda ambiental do programa Parque Aberto, ser\u00e1 promovido este s\u00e1bado, dia 22 de fevereiro, um percurso pedestre interpretativo na \u00c1rea Protegida [&hellip;]<\/p>","protected":false},"author":2,"featured_media":113466,"comment_status":"open","ping_status":"open","sticky":false,"template":"","format":"standard","meta":[],"categories":[21],"tags":[],"acf":[],"yoast_head":"<!-- This site is optimized with the Yoast SEO plugin v20.10 - https:\/\/yoast.com\/wordpress\/plugins\/seo\/ -->\n<title>Parque Aberto \u2013 Passeio na Serra de \u00c1gua de Pau e Degusta\u00e7\u00e3o de Papas de Serpentina na Ribeira Ch\u00e3 - Di\u00e1rio da Lagoa<\/title>\n<meta name=\"robots\" content=\"index, follow, max-snippet:-1, max-image-preview:large, max-video-preview:-1\" \/>\n<link rel=\"canonical\" href=\"https:\/\/diariodalagoa.pt\/es\/parque-aberto-passeio-na-serra-de-agua-de-pau-e-degustacao-de-papas-de-serpentina-na-ribeira-cha\/\" \/>\n<meta property=\"og:locale\" content=\"es_ES\" \/>\n<meta property=\"og:type\" content=\"article\" \/>\n<meta property=\"og:title\" content=\"Parque Aberto \u2013 Passeio na Serra de \u00c1gua de Pau e Degusta\u00e7\u00e3o de Papas de Serpentina na Ribeira Ch\u00e3 - Di\u00e1rio da Lagoa\" \/>\n<meta property=\"og:description\" content=\"O Parque Natural de S\u00e3o Miguel, em parceria com a C\u00e2mara Municipal de Lagoa e a Junta de Freguesia da Ribeira Ch\u00e3, programou mais um s\u00e1bado em divers\u00e3o. Desta feita, e no \u00e2mbito da agenda ambiental do programa Parque Aberto, ser\u00e1 promovido este s\u00e1bado, dia 22 de fevereiro, um percurso pedestre interpretativo na \u00c1rea Protegida [&hellip;]\" \/>\n<meta property=\"og:url\" content=\"https:\/\/diariodalagoa.pt\/es\/parque-aberto-passeio-na-serra-de-agua-de-pau-e-degustacao-de-papas-de-serpentina-na-ribeira-cha\/\" \/>\n<meta property=\"og:site_name\" content=\"Di\u00e1rio da Lagoa\" \/>\n<meta property=\"article:published_time\" content=\"2014-02-20T21:58:52+00:00\" \/>\n<meta property=\"article:modified_time\" content=\"2025-06-10T22:32:45+00:00\" \/>\n<meta property=\"og:image\" content=\"https:\/\/diariodalagoa.pt\/wp-content\/uploads\/2014\/02\/atividade-pa-2014-s-miguel-passeio.jpg\" \/>\n\t<meta property=\"og:image:width\" content=\"720\" \/>\n\t<meta property=\"og:image:height\" content=\"385\" \/>\n\t<meta property=\"og:image:type\" content=\"image\/jpeg\" \/>\n<meta name=\"author\" content=\"Di\u00e1rio da Lagoa\" \/>\n<meta name=\"twitter:card\" content=\"summary_large_image\" \/>\n<meta name=\"twitter:label1\" content=\"Escrito por\" \/>\n\t<meta name=\"twitter:data1\" content=\"Di\u00e1rio da Lagoa\" \/>\n\t<meta name=\"twitter:label2\" content=\"Tiempo de lectura\" \/>\n\t<meta name=\"twitter:data2\" content=\"1 minuto\" \/>\n<script type=\"application\/ld+json\" class=\"yoast-schema-graph\">{\"@context\":\"https:\/\/schema.org\",\"@graph\":[{\"@type\":\"WebPage\",\"@id\":\"https:\/\/diariodalagoa.pt\/parque-aberto-passeio-na-serra-de-agua-de-pau-e-degustacao-de-papas-de-serpentina-na-ribeira-cha\/\",\"url\":\"https:\/\/diariodalagoa.pt\/parque-aberto-passeio-na-serra-de-agua-de-pau-e-degustacao-de-papas-de-serpentina-na-ribeira-cha\/\",\"name\":\"Parque Aberto \u2013 Passeio na Serra de \u00c1gua de Pau e Degusta\u00e7\u00e3o de Papas de Serpentina na Ribeira Ch\u00e3 - Di\u00e1rio da Lagoa\",\"isPartOf\":{\"@id\":\"https:\/\/diariodalagoa.pt\/#website\"},\"datePublished\":\"2014-02-20T21:58:52+00:00\",\"dateModified\":\"2025-06-10T22:32:45+00:00\",\"author\":{\"@id\":\"https:\/\/diariodalagoa.pt\/#\/schema\/person\/1615a002370e8857b6f972834bc43ece\"},\"breadcrumb\":{\"@id\":\"https:\/\/diariodalagoa.pt\/parque-aberto-passeio-na-serra-de-agua-de-pau-e-degustacao-de-papas-de-serpentina-na-ribeira-cha\/#breadcrumb\"},\"inLanguage\":\"es\",\"potentialAction\":[{\"@type\":\"ReadAction\",\"target\":[\"https:\/\/diariodalagoa.pt\/parque-aberto-passeio-na-serra-de-agua-de-pau-e-degustacao-de-papas-de-serpentina-na-ribeira-cha\/\"]}]},{\"@type\":\"BreadcrumbList\",\"@id\":\"https:\/\/diariodalagoa.pt\/parque-aberto-passeio-na-serra-de-agua-de-pau-e-degustacao-de-papas-de-serpentina-na-ribeira-cha\/#breadcrumb\",\"itemListElement\":[{\"@type\":\"ListItem\",\"position\":1,\"name\":\"In\u00edcio\",\"item\":\"https:\/\/diariodalagoa.pt\/\"},{\"@type\":\"ListItem\",\"position\":2,\"name\":\"Parque Aberto \u2013 Passeio na Serra de \u00c1gua de Pau e Degusta\u00e7\u00e3o de Papas de Serpentina na Ribeira Ch\u00e3\"}]},{\"@type\":\"WebSite\",\"@id\":\"https:\/\/diariodalagoa.pt\/#website\",\"url\":\"https:\/\/diariodalagoa.pt\/\",\"name\":\"Di\u00e1rio da Lagoa\",\"description\":\"Di\u00e1rio da Lagoa. As not\u00edcias que contam. A partir da Lagoa, nos A\u00e7ores, para o mundo.\",\"potentialAction\":[{\"@type\":\"SearchAction\",\"target\":{\"@type\":\"EntryPoint\",\"urlTemplate\":\"https:\/\/diariodalagoa.pt\/?s={search_term_string}\"},\"query-input\":\"required name=search_term_string\"}],\"inLanguage\":\"es\"},{\"@type\":\"Person\",\"@id\":\"https:\/\/diariodalagoa.pt\/#\/schema\/person\/1615a002370e8857b6f972834bc43ece\",\"name\":\"Di\u00e1rio da Lagoa\",\"image\":{\"@type\":\"ImageObject\",\"inLanguage\":\"es\",\"@id\":\"https:\/\/diariodalagoa.pt\/#\/schema\/person\/image\/\",\"url\":\"https:\/\/secure.gravatar.com\/avatar\/2cb5cef90a26f8fbd4d9d930608102c5?s=96&d=mm&r=g\",\"contentUrl\":\"https:\/\/secure.gravatar.com\/avatar\/2cb5cef90a26f8fbd4d9d930608102c5?s=96&d=mm&r=g\",\"caption\":\"Di\u00e1rio da Lagoa\"},\"url\":\"https:\/\/diariodalagoa.pt\/es\/author\/diariodalagoa\/\"}]}<\/script>\n<!-- \/ Yoast SEO plugin. -->","yoast_head_json":{"title":"Parque Aberto \u2013 Passeio na Serra de \u00c1gua de Pau e Degusta\u00e7\u00e3o de Papas de Serpentina na Ribeira Ch\u00e3 - Di\u00e1rio da Lagoa","robots":{"index":"index","follow":"follow","max-snippet":"max-snippet:-1","max-image-preview":"max-image-preview:large","max-video-preview":"max-video-preview:-1"},"canonical":"https:\/\/diariodalagoa.pt\/es\/parque-aberto-passeio-na-serra-de-agua-de-pau-e-degustacao-de-papas-de-serpentina-na-ribeira-cha\/","og_locale":"es_ES","og_type":"article","og_title":"Parque Aberto \u2013 Passeio na Serra de \u00c1gua de Pau e Degusta\u00e7\u00e3o de Papas de Serpentina na Ribeira Ch\u00e3 - Di\u00e1rio da Lagoa","og_description":"O Parque Natural de S\u00e3o Miguel, em parceria com a C\u00e2mara Municipal de Lagoa e a Junta de Freguesia da Ribeira Ch\u00e3, programou mais um s\u00e1bado em divers\u00e3o. Desta feita, e no \u00e2mbito da agenda ambiental do programa Parque Aberto, ser\u00e1 promovido este s\u00e1bado, dia 22 de fevereiro, um percurso pedestre interpretativo na \u00c1rea Protegida [&hellip;]","og_url":"https:\/\/diariodalagoa.pt\/es\/parque-aberto-passeio-na-serra-de-agua-de-pau-e-degustacao-de-papas-de-serpentina-na-ribeira-cha\/","og_site_name":"Di\u00e1rio da Lagoa","article_published_time":"2014-02-20T21:58:52+00:00","article_modified_time":"2025-06-10T22:32:45+00:00","og_image":[{"width":720,"height":385,"url":"https:\/\/diariodalagoa.pt\/wp-content\/uploads\/2014\/02\/atividade-pa-2014-s-miguel-passeio.jpg","type":"image\/jpeg"}],"author":"Di\u00e1rio da Lagoa","twitter_card":"summary_large_image","twitter_misc":{"Escrito por":"Di\u00e1rio da Lagoa","Tiempo de lectura":"1 minuto"},"schema":{"@context":"https:\/\/schema.org","@graph":[{"@type":"WebPage","@id":"https:\/\/diariodalagoa.pt\/parque-aberto-passeio-na-serra-de-agua-de-pau-e-degustacao-de-papas-de-serpentina-na-ribeira-cha\/","url":"https:\/\/diariodalagoa.pt\/parque-aberto-passeio-na-serra-de-agua-de-pau-e-degustacao-de-papas-de-serpentina-na-ribeira-cha\/","name":"Parque Aberto \u2013 Passeio na Serra de \u00c1gua de Pau e Degusta\u00e7\u00e3o de Papas de Serpentina na Ribeira Ch\u00e3 - Di\u00e1rio da Lagoa","isPartOf":{"@id":"https:\/\/diariodalagoa.pt\/#website"},"datePublished":"2014-02-20T21:58:52+00:00","dateModified":"2025-06-10T22:32:45+00:00","author":{"@id":"https:\/\/diariodalagoa.pt\/#\/schema\/person\/1615a002370e8857b6f972834bc43ece"},"breadcrumb":{"@id":"https:\/\/diariodalagoa.pt\/parque-aberto-passeio-na-serra-de-agua-de-pau-e-degustacao-de-papas-de-serpentina-na-ribeira-cha\/#breadcrumb"},"inLanguage":"es","potentialAction":[{"@type":"ReadAction","target":["https:\/\/diariodalagoa.pt\/parque-aberto-passeio-na-serra-de-agua-de-pau-e-degustacao-de-papas-de-serpentina-na-ribeira-cha\/"]}]},{"@type":"BreadcrumbList","@id":"https:\/\/diariodalagoa.pt\/parque-aberto-passeio-na-serra-de-agua-de-pau-e-degustacao-de-papas-de-serpentina-na-ribeira-cha\/#breadcrumb","itemListElement":[{"@type":"ListItem","position":1,"name":"In\u00edcio","item":"https:\/\/diariodalagoa.pt\/"},{"@type":"ListItem","position":2,"name":"Parque Aberto \u2013 Passeio na Serra de \u00c1gua de Pau e Degusta\u00e7\u00e3o de Papas de Serpentina na Ribeira Ch\u00e3"}]},{"@type":"WebSite","@id":"https:\/\/diariodalagoa.pt\/#website","url":"https:\/\/diariodalagoa.pt\/","name":"Di\u00e1rio da Lagoa","description":"Di\u00e1rio da Lagoa. As not\u00edcias que contam. A partir da Lagoa, nos A\u00e7ores, para o mundo.","potentialAction":[{"@type":"SearchAction","target":{"@type":"EntryPoint","urlTemplate":"https:\/\/diariodalagoa.pt\/?s={search_term_string}"},"query-input":"required name=search_term_string"}],"inLanguage":"es"},{"@type":"Person","@id":"https:\/\/diariodalagoa.pt\/#\/schema\/person\/1615a002370e8857b6f972834bc43ece","name":"Di\u00e1rio da Lagoa","image":{"@type":"ImageObject","inLanguage":"es","@id":"https:\/\/diariodalagoa.pt\/#\/schema\/person\/image\/","url":"https:\/\/secure.gravatar.com\/avatar\/2cb5cef90a26f8fbd4d9d930608102c5?s=96&d=mm&r=g","contentUrl":"https:\/\/secure.gravatar.com\/avatar\/2cb5cef90a26f8fbd4d9d930608102c5?s=96&d=mm&r=g","caption":"Di\u00e1rio da Lagoa"},"url":"https:\/\/diariodalagoa.pt\/es\/author\/diariodalagoa\/"}]}},"_links":{"self":[{"href":"https:\/\/diariodalagoa.pt\/es\/wp-json\/wp\/v2\/posts\/1009"}],"collection":[{"href":"https:\/\/diariodalagoa.pt\/es\/wp-json\/wp\/v2\/posts"}],"about":[{"href":"https:\/\/diariodalagoa.pt\/es\/wp-json\/wp\/v2\/types\/post"}],"author":[{"embeddable":true,"href":"https:\/\/diariodalagoa.pt\/es\/wp-json\/wp\/v2\/users\/2"}],"replies":[{"embeddable":true,"href":"https:\/\/diariodalagoa.pt\/es\/wp-json\/wp\/v2\/comments?post=1009"}],"version-history":[{"count":1,"href":"https:\/\/diariodalagoa.pt\/es\/wp-json\/wp\/v2\/posts\/1009\/revisions"}],"predecessor-version":[{"id":152720,"href":"https:\/\/diariodalagoa.pt\/es\/wp-json\/wp\/v2\/posts\/1009\/revisions\/152720"}],"wp:featuredmedia":[{"embeddable":true,"href":"https:\/\/diariodalagoa.pt\/es\/wp-json\/wp\/v2\/media\/113466"}],"wp:attachment":[{"href":"https:\/\/diariodalagoa.pt\/es\/wp-json\/wp\/v2\/media?parent=1009"}],"wp:term":[{"taxonomy":"category","embeddable":true,"href":"https:\/\/diariodalagoa.pt\/es\/wp-json\/wp\/v2\/categories?post=1009"},{"taxonomy":"post_tag","embeddable":true,"href":"https:\/\/diariodalagoa.pt\/es\/wp-json\/wp\/v2\/tags?post=1009"}],"curies":[{"name":"wp","href":"https:\/\/api.w.org\/{rel}","templated":true}]}}