{"id":10001,"date":"2014-10-07T17:37:46","date_gmt":"2014-10-07T18:37:46","guid":{"rendered":"http:\/\/diariodalagoa.pt\/?p=10001"},"modified":"2014-10-07T17:37:46","modified_gmt":"2014-10-07T18:37:46","slug":"regioes-europeias-aprovam-propostas-de-vasco-cordeiro-para-potenciar-criacao-de-emprego-no-turismo-costeiro-e-maritimo","status":"publish","type":"post","link":"https:\/\/diariodalagoa.pt\/es\/regioes-europeias-aprovam-propostas-de-vasco-cordeiro-para-potenciar-criacao-de-emprego-no-turismo-costeiro-e-maritimo\/","title":{"rendered":"Regi\u00f5es europeias aprovam propostas de Vasco Cordeiro para potenciar cria\u00e7\u00e3o de emprego no Turismo Costeiro e Mar\u00edtimo\u00a0"},"content":{"rendered":"<p style=\"text-align: justify;\"><img decoding=\"async\" class=\"alignnone wp-image-10002 size-full\" src=\"http:\/\/diariodalagoa.pt\/wp-content\/uploads\/2014\/10\/Vasco-Cordeiro-governo-A\u00e7ores-europa-comiss\u00e3o-rups-.jpg\" alt=\"Vasco-Cordeiro-governo-A\u00e7ores-europa-comiss\u00e3o-rups-\" width=\"720\" height=\"380\" \/><\/p>\n<p style=\"text-align: justify;\"><span style=\"color: #000000;\">O Comit\u00e9 das Regi\u00f5es aprovou, por expressiva maioria, o parecer da responsabilidade do Presidente do Governo dos A\u00e7ores sobre a Estrat\u00e9gia Europeia para o Turismo Costeiro e Mar\u00edtimo, que prop\u00f5e \u00e0 Comiss\u00e3o Europeia uma s\u00e9rie de a\u00e7\u00f5es e medidas que potenciem a cria\u00e7\u00e3o de emprego e riqueza nesta \u00e1rea do setor tur\u00edstico nas regi\u00f5es.\u00a0<\/span><\/p>\n<p style=\"text-align: justify;\"><span style=\"color: #000000;\">O parecer apresentado por Vasco Cordeiro\u00a0sobre a Comunica\u00e7\u00e3o &#8216;Uma Estrat\u00e9gia Europeia em Prol do Crescimento e do Emprego no Setor do Turismo Costeiro e Mar\u00edtimo&#8217; foi aprovado, em Bruxelas, com apenas um voto contra e uma absten\u00e7\u00e3o, na sess\u00e3o plen\u00e1ria do Comit\u00e9 das Regi\u00f5es, \u00f3rg\u00e3o composto por representantes regionais e locais dos 28 Estados-Membros da Uni\u00e3o Europeia.\u00a0<\/span><\/p>\n<p style=\"text-align: justify;\"><span style=\"color: #000000;\">O Presidente do Governo foi nomeado respons\u00e1vel pela elabora\u00e7\u00e3o deste parecer sobre a Comunica\u00e7\u00e3o da Comiss\u00e3o Europeia relativa a esta mat\u00e9ria, lan\u00e7ada em fevereiro de 2014, e que se integra no \u00e2mbito da Pol\u00edtica Mar\u00edtima Integrada e no objetivo da Uni\u00e3o de potenciar o chamado &#8216;crescimento azul&#8217;.\u00a0<\/span><\/p>\n<p style=\"text-align: justify;\"><span style=\"color: #000000;\">Vasco Cordeiro, em declara\u00e7\u00f5es aos jornalistas, salientou que, quer a Comunica\u00e7\u00e3o da Comiss\u00e3o Europeia, quer o Parecer hoje aprovado, s\u00e3o \u201ccomponentes importantes que concretizam a aten\u00e7\u00e3o espec\u00edfica das institui\u00e7\u00f5es comunit\u00e1rias em rela\u00e7\u00e3o \u00e0 import\u00e2ncia do turismo costeiro e mar\u00edtimo para o crescimento econ\u00f3mico e para cria\u00e7\u00e3o de emprego nas v\u00e1rias regi\u00f5es da Europa\u201d. \u00a0<\/span><\/p>\n<p style=\"text-align: justify;\"><span style=\"color: #000000;\">Com a ado\u00e7\u00e3o deste parecer, o Comit\u00e9 das Regi\u00f5es \u2013 \u00f3rg\u00e3o de consulta da Comiss\u00e3o, do Parlamento e do Conselho Europeu \u2013 recomenda \u00e0s institui\u00e7\u00f5es europeias diversas a\u00e7\u00f5es e medidas para que os Estados, as Regi\u00f5es e as empresas possam refor\u00e7ar a posi\u00e7\u00e3o do setor tur\u00edsitico como motor da &#8216;economia azul&#8217;, reconhecendo o facto de esta ser a primeira estrat\u00e9gia europeia para o turismo costeiro e mar\u00edtimo apresentada pela Comiss\u00e3o.\u00a0<\/span><\/p>\n<p style=\"text-align: justify;\"><span style=\"color: #000000;\">Nesse sentido, o parecer agora aprovado destaca o papel particular das ilhas no quadro desta estrat\u00e9gia dirigida a um setor que \u00e9 respons\u00e1vel por cerca 3,2 milh\u00f5es de empregos na Europa, em particular no que respeita \u00e0s acessibilidades, custos de transporte, sazonalidade e conectividade, assim como o impacto que estas realidades t\u00eam no turismo e na economia das regi\u00f5es costeiras e mar\u00edtimas.\u00a0<\/span><\/p>\n<p style=\"text-align: justify;\"><span style=\"color: #000000;\">Segundo Vasco Cordeiro, a Comiss\u00e3o Europeia deve \u201cpromover, assim, programas de forma\u00e7\u00e3o profissional, em particular para os jovens das regi\u00f5es costeiras e mar\u00edtimas, que permitam o interc\u00e2mbio de boas pr\u00e1ticas e a forma\u00e7\u00e3o avan\u00e7ada dos mesmos, os quais devem ser desenvolvidos na \u00e9poca baixa\u201d.\u00a0<\/span><\/p>\n<p style=\"text-align: justify;\"><span style=\"color: #000000;\">Al\u00e9m disso, o parecer defende que as regi\u00f5es costeiras e mar\u00edtimas europeias devem apostar na implementa\u00e7\u00e3o de estrat\u00e9gias de especializa\u00e7\u00e3o dos seus \u201cprodutos de turismo\u201d que acrescentem valor, contribuam para o regresso mais frequente de turistas e combate \u00e0 sazonalidade, bem como para o incremento da cria\u00e7\u00e3o de postos de trabalho mais qualificados e melhor remunerados.\u00a0<\/span><\/p>\n<p style=\"text-align: justify;\"><span style=\"color: #000000;\">O parecer\u00a0aprovado em Bruxelas salienta, por outro lado, que o desenvolvimento destas medidas requer o financiamento adequado no \u00e2mbito do novo quadro financeiro, assim como o respeito pleno pelo princ\u00edpio da subsidiariedade, o que implica a coopera\u00e7\u00e3o das institui\u00e7\u00f5es da Uni\u00e3o Europeia com os diversos Estados-Membros, as regi\u00f5es e as partes interessadas.\u00a0<\/span><\/p>\n<p style=\"text-align: justify;\"><span style=\"color: #000000;\">Neste quadro, destaca a situa\u00e7\u00e3o espec\u00edfica das regi\u00f5es insulares e ultraperif\u00e9ricas, que, devido \u00e0s limita\u00e7\u00f5es do territ\u00f3rio existente e \u00e0 sobreposi\u00e7\u00e3o das atividades econ\u00f3micas nas zonas costeiras, requerem uma maior assist\u00eancia dos fundos da Uni\u00e3o Europeia para prevenir riscos que podem ser prejudiciais \u00e0s atividades econ\u00f3micas.\u00a0<\/span><\/p>\n<p style=\"text-align: justify;\"><span style=\"color: #000000;\">O Comit\u00e9 das Regi\u00e3o defende tamb\u00e9m uma aten\u00e7\u00e3o particular da Comiss\u00e3o no que respeita \u00e0s acessibilidades e conetividade das regi\u00f5es insulares e ultraperif\u00e9ricas e outras localiza\u00e7\u00f5es remotas altamente dependentes do transporte a\u00e9reo, ferry ou barco, n\u00e3o apenas para o turismo, mas tamb\u00e9m para as demais atividades econ\u00f3micas.\u00a0<\/span><\/p>\n<p style=\"text-align: justify;\"><span style=\"color: #000000;\">Tal como a Confer\u00eancia das Regi\u00f5es Perif\u00e9ricas Mar\u00edtimas da Europa, presidida por Vasco Cordeiro, o parecer preconiza a cria\u00e7\u00e3o de uma Federa\u00e7\u00e3o dos Gabinetes e Ag\u00eancias de Turismo das Regi\u00f5es Costeiras e Mar\u00edtimas, que funcione como plataforma para a coopera\u00e7\u00e3o e o interc\u00e2mbio entre os organismos profissionais das regi\u00f5es costeiras e mar\u00edtimas.\u00a0<\/span><\/p>\n<p style=\"text-align: justify;\"><span style=\"color: #000000;\">A Regi\u00e3o Aut\u00f3noma dos A\u00e7ores tem assento no Comit\u00e9 das Regi\u00f5es desde a sua cria\u00e7\u00e3o, estando presentemente representada, pelo Presidente do Governo Regional, na Comiss\u00e3o de Recursos Naturais e na Comiss\u00e3o de Ambiente, Altera\u00e7\u00f5es Clim\u00e1ticas e Energia.\u00a0<\/span><\/p>\n<p style=\"text-align: justify;\"><span style=\"color: #000000;\">O Comit\u00e9 das Regi\u00f5es tem o objetivo de envolver as autoridades regionais e locais de todos os Estados-Membros no processo decis\u00f3rio da Uni\u00e3o Europeia.\u00a0<\/span><\/p>\n<p style=\"text-align: justify;\"><span style=\"color: #000000;\">A Comiss\u00e3o Europeia, o Parlamento Europeu e o Conselho s\u00e3o obrigados a consultar o Comit\u00e9 em dom\u00ednios pol\u00edticos que afetam as regi\u00f5es.<\/span><\/p>\n<p style=\"text-align: justify;\"><span style=\"color: #000000;\"><em>DL\/Gacs<\/em><\/span><\/p>","protected":false},"excerpt":{"rendered":"<p>O Comit\u00e9 das Regi\u00f5es aprovou, por expressiva maioria, o parecer da responsabilidade do Presidente do Governo dos A\u00e7ores sobre a Estrat\u00e9gia Europeia para o Turismo Costeiro e Mar\u00edtimo, que prop\u00f5e \u00e0 Comiss\u00e3o Europeia uma s\u00e9rie de a\u00e7\u00f5es e medidas que potenciem a cria\u00e7\u00e3o de emprego e riqueza nesta \u00e1rea do setor tur\u00edstico nas regi\u00f5es.\u00a0 O [&hellip;]<\/p>","protected":false},"author":2,"featured_media":0,"comment_status":"open","ping_status":"open","sticky":false,"template":"","format":"standard","meta":[],"categories":[21],"tags":[],"acf":[],"yoast_head":"<!-- This site is optimized with the Yoast SEO plugin v20.10 - https:\/\/yoast.com\/wordpress\/plugins\/seo\/ -->\n<title>Regi\u00f5es europeias aprovam propostas de Vasco Cordeiro para potenciar cria\u00e7\u00e3o de emprego no Turismo Costeiro e Mar\u00edtimo\u00a0 - Di\u00e1rio da Lagoa<\/title>\n<meta name=\"robots\" content=\"index, follow, max-snippet:-1, max-image-preview:large, max-video-preview:-1\" \/>\n<link rel=\"canonical\" href=\"https:\/\/diariodalagoa.pt\/es\/regioes-europeias-aprovam-propostas-de-vasco-cordeiro-para-potenciar-criacao-de-emprego-no-turismo-costeiro-e-maritimo\/\" \/>\n<meta property=\"og:locale\" content=\"es_ES\" \/>\n<meta property=\"og:type\" content=\"article\" \/>\n<meta property=\"og:title\" content=\"Regi\u00f5es europeias aprovam propostas de Vasco Cordeiro para potenciar cria\u00e7\u00e3o de emprego no Turismo Costeiro e Mar\u00edtimo\u00a0 - Di\u00e1rio da Lagoa\" \/>\n<meta property=\"og:description\" content=\"O Comit\u00e9 das Regi\u00f5es aprovou, por expressiva maioria, o parecer da responsabilidade do Presidente do Governo dos A\u00e7ores sobre a Estrat\u00e9gia Europeia para o Turismo Costeiro e Mar\u00edtimo, que prop\u00f5e \u00e0 Comiss\u00e3o Europeia uma s\u00e9rie de a\u00e7\u00f5es e medidas que potenciem a cria\u00e7\u00e3o de emprego e riqueza nesta \u00e1rea do setor tur\u00edstico nas regi\u00f5es.\u00a0 O [&hellip;]\" \/>\n<meta property=\"og:url\" content=\"https:\/\/diariodalagoa.pt\/es\/regioes-europeias-aprovam-propostas-de-vasco-cordeiro-para-potenciar-criacao-de-emprego-no-turismo-costeiro-e-maritimo\/\" \/>\n<meta property=\"og:site_name\" content=\"Di\u00e1rio da Lagoa\" \/>\n<meta property=\"article:published_time\" content=\"2014-10-07T18:37:46+00:00\" \/>\n<meta name=\"author\" content=\"Di\u00e1rio da Lagoa\" \/>\n<meta name=\"twitter:card\" content=\"summary_large_image\" \/>\n<meta name=\"twitter:label1\" content=\"Escrito por\" \/>\n\t<meta name=\"twitter:data1\" content=\"Di\u00e1rio da Lagoa\" \/>\n\t<meta name=\"twitter:label2\" content=\"Tiempo de lectura\" \/>\n\t<meta name=\"twitter:data2\" content=\"4 minutos\" \/>\n<script type=\"application\/ld+json\" class=\"yoast-schema-graph\">{\"@context\":\"https:\/\/schema.org\",\"@graph\":[{\"@type\":\"WebPage\",\"@id\":\"https:\/\/diariodalagoa.pt\/regioes-europeias-aprovam-propostas-de-vasco-cordeiro-para-potenciar-criacao-de-emprego-no-turismo-costeiro-e-maritimo\/\",\"url\":\"https:\/\/diariodalagoa.pt\/regioes-europeias-aprovam-propostas-de-vasco-cordeiro-para-potenciar-criacao-de-emprego-no-turismo-costeiro-e-maritimo\/\",\"name\":\"Regi\u00f5es europeias aprovam propostas de Vasco Cordeiro para potenciar cria\u00e7\u00e3o de emprego no Turismo Costeiro e Mar\u00edtimo\u00a0 - Di\u00e1rio da Lagoa\",\"isPartOf\":{\"@id\":\"https:\/\/diariodalagoa.pt\/#website\"},\"datePublished\":\"2014-10-07T18:37:46+00:00\",\"dateModified\":\"2014-10-07T18:37:46+00:00\",\"author\":{\"@id\":\"https:\/\/diariodalagoa.pt\/#\/schema\/person\/1615a002370e8857b6f972834bc43ece\"},\"breadcrumb\":{\"@id\":\"https:\/\/diariodalagoa.pt\/regioes-europeias-aprovam-propostas-de-vasco-cordeiro-para-potenciar-criacao-de-emprego-no-turismo-costeiro-e-maritimo\/#breadcrumb\"},\"inLanguage\":\"es\",\"potentialAction\":[{\"@type\":\"ReadAction\",\"target\":[\"https:\/\/diariodalagoa.pt\/regioes-europeias-aprovam-propostas-de-vasco-cordeiro-para-potenciar-criacao-de-emprego-no-turismo-costeiro-e-maritimo\/\"]}]},{\"@type\":\"BreadcrumbList\",\"@id\":\"https:\/\/diariodalagoa.pt\/regioes-europeias-aprovam-propostas-de-vasco-cordeiro-para-potenciar-criacao-de-emprego-no-turismo-costeiro-e-maritimo\/#breadcrumb\",\"itemListElement\":[{\"@type\":\"ListItem\",\"position\":1,\"name\":\"In\u00edcio\",\"item\":\"https:\/\/diariodalagoa.pt\/\"},{\"@type\":\"ListItem\",\"position\":2,\"name\":\"Regi\u00f5es europeias aprovam propostas de Vasco Cordeiro para potenciar cria\u00e7\u00e3o de emprego no Turismo Costeiro e Mar\u00edtimo\u00a0\"}]},{\"@type\":\"WebSite\",\"@id\":\"https:\/\/diariodalagoa.pt\/#website\",\"url\":\"https:\/\/diariodalagoa.pt\/\",\"name\":\"Di\u00e1rio da Lagoa\",\"description\":\"Di\u00e1rio da Lagoa. As not\u00edcias que contam. A partir da Lagoa, nos A\u00e7ores, para o mundo.\",\"potentialAction\":[{\"@type\":\"SearchAction\",\"target\":{\"@type\":\"EntryPoint\",\"urlTemplate\":\"https:\/\/diariodalagoa.pt\/?s={search_term_string}\"},\"query-input\":\"required name=search_term_string\"}],\"inLanguage\":\"es\"},{\"@type\":\"Person\",\"@id\":\"https:\/\/diariodalagoa.pt\/#\/schema\/person\/1615a002370e8857b6f972834bc43ece\",\"name\":\"Di\u00e1rio da Lagoa\",\"image\":{\"@type\":\"ImageObject\",\"inLanguage\":\"es\",\"@id\":\"https:\/\/diariodalagoa.pt\/#\/schema\/person\/image\/\",\"url\":\"https:\/\/secure.gravatar.com\/avatar\/2cb5cef90a26f8fbd4d9d930608102c5?s=96&d=mm&r=g\",\"contentUrl\":\"https:\/\/secure.gravatar.com\/avatar\/2cb5cef90a26f8fbd4d9d930608102c5?s=96&d=mm&r=g\",\"caption\":\"Di\u00e1rio da Lagoa\"},\"url\":\"https:\/\/diariodalagoa.pt\/es\/author\/diariodalagoa\/\"}]}<\/script>\n<!-- \/ Yoast SEO plugin. -->","yoast_head_json":{"title":"Regi\u00f5es europeias aprovam propostas de Vasco Cordeiro para potenciar cria\u00e7\u00e3o de emprego no Turismo Costeiro e Mar\u00edtimo\u00a0 - Di\u00e1rio da Lagoa","robots":{"index":"index","follow":"follow","max-snippet":"max-snippet:-1","max-image-preview":"max-image-preview:large","max-video-preview":"max-video-preview:-1"},"canonical":"https:\/\/diariodalagoa.pt\/es\/regioes-europeias-aprovam-propostas-de-vasco-cordeiro-para-potenciar-criacao-de-emprego-no-turismo-costeiro-e-maritimo\/","og_locale":"es_ES","og_type":"article","og_title":"Regi\u00f5es europeias aprovam propostas de Vasco Cordeiro para potenciar cria\u00e7\u00e3o de emprego no Turismo Costeiro e Mar\u00edtimo\u00a0 - Di\u00e1rio da Lagoa","og_description":"O Comit\u00e9 das Regi\u00f5es aprovou, por expressiva maioria, o parecer da responsabilidade do Presidente do Governo dos A\u00e7ores sobre a Estrat\u00e9gia Europeia para o Turismo Costeiro e Mar\u00edtimo, que prop\u00f5e \u00e0 Comiss\u00e3o Europeia uma s\u00e9rie de a\u00e7\u00f5es e medidas que potenciem a cria\u00e7\u00e3o de emprego e riqueza nesta \u00e1rea do setor tur\u00edstico nas regi\u00f5es.\u00a0 O [&hellip;]","og_url":"https:\/\/diariodalagoa.pt\/es\/regioes-europeias-aprovam-propostas-de-vasco-cordeiro-para-potenciar-criacao-de-emprego-no-turismo-costeiro-e-maritimo\/","og_site_name":"Di\u00e1rio da Lagoa","article_published_time":"2014-10-07T18:37:46+00:00","author":"Di\u00e1rio da Lagoa","twitter_card":"summary_large_image","twitter_misc":{"Escrito por":"Di\u00e1rio da Lagoa","Tiempo de lectura":"4 minutos"},"schema":{"@context":"https:\/\/schema.org","@graph":[{"@type":"WebPage","@id":"https:\/\/diariodalagoa.pt\/regioes-europeias-aprovam-propostas-de-vasco-cordeiro-para-potenciar-criacao-de-emprego-no-turismo-costeiro-e-maritimo\/","url":"https:\/\/diariodalagoa.pt\/regioes-europeias-aprovam-propostas-de-vasco-cordeiro-para-potenciar-criacao-de-emprego-no-turismo-costeiro-e-maritimo\/","name":"Regi\u00f5es europeias aprovam propostas de Vasco Cordeiro para potenciar cria\u00e7\u00e3o de emprego no Turismo Costeiro e Mar\u00edtimo\u00a0 - Di\u00e1rio da Lagoa","isPartOf":{"@id":"https:\/\/diariodalagoa.pt\/#website"},"datePublished":"2014-10-07T18:37:46+00:00","dateModified":"2014-10-07T18:37:46+00:00","author":{"@id":"https:\/\/diariodalagoa.pt\/#\/schema\/person\/1615a002370e8857b6f972834bc43ece"},"breadcrumb":{"@id":"https:\/\/diariodalagoa.pt\/regioes-europeias-aprovam-propostas-de-vasco-cordeiro-para-potenciar-criacao-de-emprego-no-turismo-costeiro-e-maritimo\/#breadcrumb"},"inLanguage":"es","potentialAction":[{"@type":"ReadAction","target":["https:\/\/diariodalagoa.pt\/regioes-europeias-aprovam-propostas-de-vasco-cordeiro-para-potenciar-criacao-de-emprego-no-turismo-costeiro-e-maritimo\/"]}]},{"@type":"BreadcrumbList","@id":"https:\/\/diariodalagoa.pt\/regioes-europeias-aprovam-propostas-de-vasco-cordeiro-para-potenciar-criacao-de-emprego-no-turismo-costeiro-e-maritimo\/#breadcrumb","itemListElement":[{"@type":"ListItem","position":1,"name":"In\u00edcio","item":"https:\/\/diariodalagoa.pt\/"},{"@type":"ListItem","position":2,"name":"Regi\u00f5es europeias aprovam propostas de Vasco Cordeiro para potenciar cria\u00e7\u00e3o de emprego no Turismo Costeiro e Mar\u00edtimo\u00a0"}]},{"@type":"WebSite","@id":"https:\/\/diariodalagoa.pt\/#website","url":"https:\/\/diariodalagoa.pt\/","name":"Di\u00e1rio da Lagoa","description":"Di\u00e1rio da Lagoa. As not\u00edcias que contam. A partir da Lagoa, nos A\u00e7ores, para o mundo.","potentialAction":[{"@type":"SearchAction","target":{"@type":"EntryPoint","urlTemplate":"https:\/\/diariodalagoa.pt\/?s={search_term_string}"},"query-input":"required name=search_term_string"}],"inLanguage":"es"},{"@type":"Person","@id":"https:\/\/diariodalagoa.pt\/#\/schema\/person\/1615a002370e8857b6f972834bc43ece","name":"Di\u00e1rio da Lagoa","image":{"@type":"ImageObject","inLanguage":"es","@id":"https:\/\/diariodalagoa.pt\/#\/schema\/person\/image\/","url":"https:\/\/secure.gravatar.com\/avatar\/2cb5cef90a26f8fbd4d9d930608102c5?s=96&d=mm&r=g","contentUrl":"https:\/\/secure.gravatar.com\/avatar\/2cb5cef90a26f8fbd4d9d930608102c5?s=96&d=mm&r=g","caption":"Di\u00e1rio da Lagoa"},"url":"https:\/\/diariodalagoa.pt\/es\/author\/diariodalagoa\/"}]}},"_links":{"self":[{"href":"https:\/\/diariodalagoa.pt\/es\/wp-json\/wp\/v2\/posts\/10001"}],"collection":[{"href":"https:\/\/diariodalagoa.pt\/es\/wp-json\/wp\/v2\/posts"}],"about":[{"href":"https:\/\/diariodalagoa.pt\/es\/wp-json\/wp\/v2\/types\/post"}],"author":[{"embeddable":true,"href":"https:\/\/diariodalagoa.pt\/es\/wp-json\/wp\/v2\/users\/2"}],"replies":[{"embeddable":true,"href":"https:\/\/diariodalagoa.pt\/es\/wp-json\/wp\/v2\/comments?post=10001"}],"version-history":[{"count":0,"href":"https:\/\/diariodalagoa.pt\/es\/wp-json\/wp\/v2\/posts\/10001\/revisions"}],"wp:attachment":[{"href":"https:\/\/diariodalagoa.pt\/es\/wp-json\/wp\/v2\/media?parent=10001"}],"wp:term":[{"taxonomy":"category","embeddable":true,"href":"https:\/\/diariodalagoa.pt\/es\/wp-json\/wp\/v2\/categories?post=10001"},{"taxonomy":"post_tag","embeddable":true,"href":"https:\/\/diariodalagoa.pt\/es\/wp-json\/wp\/v2\/tags?post=10001"}],"curies":[{"name":"wp","href":"https:\/\/api.w.org\/{rel}","templated":true}]}}