{"id":9679,"date":"2014-09-30T11:49:11","date_gmt":"2014-09-30T12:49:11","guid":{"rendered":"http:\/\/diariodalagoa.pt\/?p=9679"},"modified":"2014-09-30T11:49:11","modified_gmt":"2014-09-30T12:49:11","slug":"rodrigo-oliveira-defende-necessidade-de-divulgar-realidade-das-regioes-ultraperifericas-em-bruxelas","status":"publish","type":"post","link":"https:\/\/diariodalagoa.pt\/en\/rodrigo-oliveira-defende-necessidade-de-divulgar-realidade-das-regioes-ultraperifericas-em-bruxelas\/","title":{"rendered":"Rodrigo Oliveira defende necessidade de divulgar realidade das Regi\u00f5es Ultraperif\u00e9ricas em Bruxelas"},"content":{"rendered":"<p style=\"text-align: justify;\"><img decoding=\"async\" class=\"alignnone size-full wp-image-9680\" src=\"http:\/\/diariodalagoa.pt\/wp-content\/uploads\/2014\/09\/Rodrigo-Oliveira-rela\u00e7\u00f5es-externas-a\u00e7ores-RUPs-Forum.jpg\" alt=\"Rodrigo-Oliveira-rela\u00e7\u00f5es-externas-a\u00e7ores-RUPs-Forum\" width=\"720\" height=\"380\" \/><\/p>\n<p style=\"text-align: justify;\"><span style=\"color: rgb(0, 0, 0);\">O Subsecret\u00e1rio Regional da Presid\u00eancia para as Rela\u00e7\u00f5es Externas defendeu hoje, em Bruxelas, a necessidade de dar a conhecer a realidade e as singularidades das Regi\u00f5es Ultraperif\u00e9ricas (RUP), que considerou serem o \u201cmelhor exemplo da coes\u00e3o, da solidariedade e da territorialidade que deve presidir \u00e0 a\u00e7\u00e3o da Uni\u00e3o Europeia\u201d.\u00a0<\/span><\/p>\n<p style=\"text-align: justify;\"><span style=\"color: rgb(0, 0, 0);\">Rodrigo Oliveira, que falava em representa\u00e7\u00e3o do Presidente do Governo, no III F\u00f3rum das Regi\u00f5es Ultraperif\u00e9ricas, considerou que este encontro \u201c\u00e9 uma das melhores maneiras de trazer a Bruxelas a realidade das Regi\u00f5es Ultraperif\u00e9ricas\u201d, frisando que essa realidade \u201cn\u00e3o se resume a um pequeno envelope financeiro adicional do FEDER ou a taxas de majora\u00e7\u00e3o\u201d, mas \u00e0 cria\u00e7\u00e3o de condi\u00e7\u00f5es que permitam \u00e0s RUP \u201cconcretizar as suas mais valias\u201d.\u00a0<\/span><\/p>\n<p style=\"text-align: justify;\"><span style=\"color: rgb(0, 0, 0);\">Na sua interven\u00e7\u00e3o, o Subsecret\u00e1rio Regional defendeu que, \u201cneste momento de transi\u00e7\u00e3o institucional, h\u00e1 alguns princ\u00edpios fundamentais que devem ser salvaguardados\u201d, apontando desde logo o princ\u00edpio de continuidade, \u201cpara que o trabalho efetuado n\u00e3o se perca, mantendo tamb\u00e9m este esp\u00edrito de forte parceria entre as RUP e a Comiss\u00e3o Europeia\u201d.\u00a0<\/span><\/p>\n<p style=\"text-align: justify;\"><span style=\"color: rgb(0, 0, 0);\">Em segundo lugar, Rodrigo Oliveira frisou a import\u00e2ncia do princ\u00edpio de coer\u00eancia na a\u00e7\u00e3o da Comiss\u00e3o Europeia, de forma a que as decis\u00f5es e a sua aplica\u00e7\u00e3o \u201csejam coerentes com o que est\u00e1 estipulado nos documentos legislativos e pol\u00edticos da Comiss\u00e3o\u201d. \u00a0 \u00a0 \u00a0 \u00a0 \u00a0\u00a0<\/span><\/p>\n<p style=\"text-align: justify;\"><span style=\"color: rgb(0, 0, 0);\">Rodrigo Oliveira recordou ainda que as Regi\u00f5es Ultraperif\u00e9ricas, enquanto fronteiras de paz da Europa, conferem \u00e0 Uni\u00e3o Europeia uma dimens\u00e3o n\u00e3o negligenci\u00e1vel e que deve ser considerada no contexto das rela\u00e7\u00f5es da Europa com o resto do mundo, nomeadamente no contexto da Parceria Transatl\u00e2ntica para o Com\u00e9rcio e Investimento. \u00a0\u00a0<\/span><\/p>\n<p style=\"text-align: justify;\"><span style=\"color: rgb(0, 0, 0);\">O F\u00f3rum RUP, subordinado ao tema \u20189 Regi\u00f5es no cora\u00e7\u00e3o da Europa de hoje e de amanh\u00e3\u2019, conta com a participa\u00e7\u00e3o de mais de cinco centenas de pessoas, oriundas das Regi\u00f5es Ultraperif\u00e9ricas e representantes das v\u00e1rias institui\u00e7\u00f5es e organismos europeus.\u00a0<\/span><\/p>\n<p style=\"text-align: justify;\"><span style=\"color: rgb(0, 0, 0);\">A delega\u00e7\u00e3o da Regi\u00e3o Aut\u00f3noma dos A\u00e7ores integra representantes do Governo, da SDEA, da Universidade dos A\u00e7ores, da Associa\u00e7\u00e3o de Munic\u00edpios, das c\u00e2maras de com\u00e9rcio, dos sindicatos, de associa\u00e7\u00f5es agr\u00edcolas e de pescas, da AICOPA e da Associa\u00e7\u00e3o de Turismo.<\/span><\/p>\n<p style=\"text-align: justify;\"><span style=\"color: rgb(0, 0, 0);\"><em>DL\/GaCS<\/em><\/span><\/p>","protected":false},"excerpt":{"rendered":"<p>O Subsecret\u00e1rio Regional da Presid\u00eancia para as Rela\u00e7\u00f5es Externas defendeu hoje, em Bruxelas, a necessidade de dar a conhecer a realidade e as singularidades das Regi\u00f5es Ultraperif\u00e9ricas (RUP), que considerou serem o \u201cmelhor exemplo da coes\u00e3o, da solidariedade e da territorialidade que deve presidir \u00e0 a\u00e7\u00e3o da Uni\u00e3o Europeia\u201d.\u00a0 Rodrigo Oliveira, que falava em representa\u00e7\u00e3o [&hellip;]<\/p>","protected":false},"author":2,"featured_media":0,"comment_status":"open","ping_status":"open","sticky":false,"template":"","format":"standard","meta":[],"categories":[21],"tags":[],"acf":[],"yoast_head":"<!-- This site is optimized with the Yoast SEO plugin v20.10 - https:\/\/yoast.com\/wordpress\/plugins\/seo\/ -->\n<title>Rodrigo Oliveira defende necessidade de divulgar realidade das Regi\u00f5es Ultraperif\u00e9ricas em Bruxelas - Di\u00e1rio da Lagoa<\/title>\n<meta name=\"robots\" content=\"index, follow, max-snippet:-1, max-image-preview:large, max-video-preview:-1\" \/>\n<link rel=\"canonical\" href=\"https:\/\/diariodalagoa.pt\/en\/rodrigo-oliveira-defende-necessidade-de-divulgar-realidade-das-regioes-ultraperifericas-em-bruxelas\/\" \/>\n<meta property=\"og:locale\" content=\"en_US\" \/>\n<meta property=\"og:type\" content=\"article\" \/>\n<meta property=\"og:title\" content=\"Rodrigo Oliveira defende necessidade de divulgar realidade das Regi\u00f5es Ultraperif\u00e9ricas em Bruxelas - Di\u00e1rio da Lagoa\" \/>\n<meta property=\"og:description\" content=\"O Subsecret\u00e1rio Regional da Presid\u00eancia para as Rela\u00e7\u00f5es Externas defendeu hoje, em Bruxelas, a necessidade de dar a conhecer a realidade e as singularidades das Regi\u00f5es Ultraperif\u00e9ricas (RUP), que considerou serem o \u201cmelhor exemplo da coes\u00e3o, da solidariedade e da territorialidade que deve presidir \u00e0 a\u00e7\u00e3o da Uni\u00e3o Europeia\u201d.\u00a0 Rodrigo Oliveira, que falava em representa\u00e7\u00e3o [&hellip;]\" \/>\n<meta property=\"og:url\" content=\"https:\/\/diariodalagoa.pt\/en\/rodrigo-oliveira-defende-necessidade-de-divulgar-realidade-das-regioes-ultraperifericas-em-bruxelas\/\" \/>\n<meta property=\"og:site_name\" content=\"Di\u00e1rio da Lagoa\" \/>\n<meta property=\"article:published_time\" content=\"2014-09-30T12:49:11+00:00\" \/>\n<meta name=\"author\" content=\"Di\u00e1rio da Lagoa\" \/>\n<meta name=\"twitter:card\" content=\"summary_large_image\" \/>\n<meta name=\"twitter:label1\" content=\"Written by\" \/>\n\t<meta name=\"twitter:data1\" content=\"Di\u00e1rio da Lagoa\" \/>\n\t<meta name=\"twitter:label2\" content=\"Est. reading time\" \/>\n\t<meta name=\"twitter:data2\" content=\"2 minutes\" \/>\n<script type=\"application\/ld+json\" class=\"yoast-schema-graph\">{\"@context\":\"https:\/\/schema.org\",\"@graph\":[{\"@type\":\"WebPage\",\"@id\":\"https:\/\/diariodalagoa.pt\/rodrigo-oliveira-defende-necessidade-de-divulgar-realidade-das-regioes-ultraperifericas-em-bruxelas\/\",\"url\":\"https:\/\/diariodalagoa.pt\/rodrigo-oliveira-defende-necessidade-de-divulgar-realidade-das-regioes-ultraperifericas-em-bruxelas\/\",\"name\":\"Rodrigo Oliveira defende necessidade de divulgar realidade das Regi\u00f5es Ultraperif\u00e9ricas em Bruxelas - Di\u00e1rio da Lagoa\",\"isPartOf\":{\"@id\":\"https:\/\/diariodalagoa.pt\/#website\"},\"datePublished\":\"2014-09-30T12:49:11+00:00\",\"dateModified\":\"2014-09-30T12:49:11+00:00\",\"author\":{\"@id\":\"https:\/\/diariodalagoa.pt\/#\/schema\/person\/1615a002370e8857b6f972834bc43ece\"},\"breadcrumb\":{\"@id\":\"https:\/\/diariodalagoa.pt\/rodrigo-oliveira-defende-necessidade-de-divulgar-realidade-das-regioes-ultraperifericas-em-bruxelas\/#breadcrumb\"},\"inLanguage\":\"en-US\",\"potentialAction\":[{\"@type\":\"ReadAction\",\"target\":[\"https:\/\/diariodalagoa.pt\/rodrigo-oliveira-defende-necessidade-de-divulgar-realidade-das-regioes-ultraperifericas-em-bruxelas\/\"]}]},{\"@type\":\"BreadcrumbList\",\"@id\":\"https:\/\/diariodalagoa.pt\/rodrigo-oliveira-defende-necessidade-de-divulgar-realidade-das-regioes-ultraperifericas-em-bruxelas\/#breadcrumb\",\"itemListElement\":[{\"@type\":\"ListItem\",\"position\":1,\"name\":\"In\u00edcio\",\"item\":\"https:\/\/diariodalagoa.pt\/\"},{\"@type\":\"ListItem\",\"position\":2,\"name\":\"Rodrigo Oliveira defende necessidade de divulgar realidade das Regi\u00f5es Ultraperif\u00e9ricas em Bruxelas\"}]},{\"@type\":\"WebSite\",\"@id\":\"https:\/\/diariodalagoa.pt\/#website\",\"url\":\"https:\/\/diariodalagoa.pt\/\",\"name\":\"Di\u00e1rio da Lagoa\",\"description\":\"Di\u00e1rio da Lagoa. As not\u00edcias que contam. A partir da Lagoa, nos A\u00e7ores, para o mundo.\",\"potentialAction\":[{\"@type\":\"SearchAction\",\"target\":{\"@type\":\"EntryPoint\",\"urlTemplate\":\"https:\/\/diariodalagoa.pt\/?s={search_term_string}\"},\"query-input\":\"required name=search_term_string\"}],\"inLanguage\":\"en-US\"},{\"@type\":\"Person\",\"@id\":\"https:\/\/diariodalagoa.pt\/#\/schema\/person\/1615a002370e8857b6f972834bc43ece\",\"name\":\"Di\u00e1rio da Lagoa\",\"image\":{\"@type\":\"ImageObject\",\"inLanguage\":\"en-US\",\"@id\":\"https:\/\/diariodalagoa.pt\/#\/schema\/person\/image\/\",\"url\":\"https:\/\/secure.gravatar.com\/avatar\/2cb5cef90a26f8fbd4d9d930608102c5?s=96&d=mm&r=g\",\"contentUrl\":\"https:\/\/secure.gravatar.com\/avatar\/2cb5cef90a26f8fbd4d9d930608102c5?s=96&d=mm&r=g\",\"caption\":\"Di\u00e1rio da Lagoa\"},\"url\":\"https:\/\/diariodalagoa.pt\/en\/author\/diariodalagoa\/\"}]}<\/script>\n<!-- \/ Yoast SEO plugin. -->","yoast_head_json":{"title":"Rodrigo Oliveira defende necessidade de divulgar realidade das Regi\u00f5es Ultraperif\u00e9ricas em Bruxelas - Di\u00e1rio da Lagoa","robots":{"index":"index","follow":"follow","max-snippet":"max-snippet:-1","max-image-preview":"max-image-preview:large","max-video-preview":"max-video-preview:-1"},"canonical":"https:\/\/diariodalagoa.pt\/en\/rodrigo-oliveira-defende-necessidade-de-divulgar-realidade-das-regioes-ultraperifericas-em-bruxelas\/","og_locale":"en_US","og_type":"article","og_title":"Rodrigo Oliveira defende necessidade de divulgar realidade das Regi\u00f5es Ultraperif\u00e9ricas em Bruxelas - Di\u00e1rio da Lagoa","og_description":"O Subsecret\u00e1rio Regional da Presid\u00eancia para as Rela\u00e7\u00f5es Externas defendeu hoje, em Bruxelas, a necessidade de dar a conhecer a realidade e as singularidades das Regi\u00f5es Ultraperif\u00e9ricas (RUP), que considerou serem o \u201cmelhor exemplo da coes\u00e3o, da solidariedade e da territorialidade que deve presidir \u00e0 a\u00e7\u00e3o da Uni\u00e3o Europeia\u201d.\u00a0 Rodrigo Oliveira, que falava em representa\u00e7\u00e3o [&hellip;]","og_url":"https:\/\/diariodalagoa.pt\/en\/rodrigo-oliveira-defende-necessidade-de-divulgar-realidade-das-regioes-ultraperifericas-em-bruxelas\/","og_site_name":"Di\u00e1rio da Lagoa","article_published_time":"2014-09-30T12:49:11+00:00","author":"Di\u00e1rio da Lagoa","twitter_card":"summary_large_image","twitter_misc":{"Written by":"Di\u00e1rio da Lagoa","Est. reading time":"2 minutes"},"schema":{"@context":"https:\/\/schema.org","@graph":[{"@type":"WebPage","@id":"https:\/\/diariodalagoa.pt\/rodrigo-oliveira-defende-necessidade-de-divulgar-realidade-das-regioes-ultraperifericas-em-bruxelas\/","url":"https:\/\/diariodalagoa.pt\/rodrigo-oliveira-defende-necessidade-de-divulgar-realidade-das-regioes-ultraperifericas-em-bruxelas\/","name":"Rodrigo Oliveira defende necessidade de divulgar realidade das Regi\u00f5es Ultraperif\u00e9ricas em Bruxelas - Di\u00e1rio da Lagoa","isPartOf":{"@id":"https:\/\/diariodalagoa.pt\/#website"},"datePublished":"2014-09-30T12:49:11+00:00","dateModified":"2014-09-30T12:49:11+00:00","author":{"@id":"https:\/\/diariodalagoa.pt\/#\/schema\/person\/1615a002370e8857b6f972834bc43ece"},"breadcrumb":{"@id":"https:\/\/diariodalagoa.pt\/rodrigo-oliveira-defende-necessidade-de-divulgar-realidade-das-regioes-ultraperifericas-em-bruxelas\/#breadcrumb"},"inLanguage":"en-US","potentialAction":[{"@type":"ReadAction","target":["https:\/\/diariodalagoa.pt\/rodrigo-oliveira-defende-necessidade-de-divulgar-realidade-das-regioes-ultraperifericas-em-bruxelas\/"]}]},{"@type":"BreadcrumbList","@id":"https:\/\/diariodalagoa.pt\/rodrigo-oliveira-defende-necessidade-de-divulgar-realidade-das-regioes-ultraperifericas-em-bruxelas\/#breadcrumb","itemListElement":[{"@type":"ListItem","position":1,"name":"In\u00edcio","item":"https:\/\/diariodalagoa.pt\/"},{"@type":"ListItem","position":2,"name":"Rodrigo Oliveira defende necessidade de divulgar realidade das Regi\u00f5es Ultraperif\u00e9ricas em Bruxelas"}]},{"@type":"WebSite","@id":"https:\/\/diariodalagoa.pt\/#website","url":"https:\/\/diariodalagoa.pt\/","name":"Di\u00e1rio da Lagoa","description":"Di\u00e1rio da Lagoa. As not\u00edcias que contam. A partir da Lagoa, nos A\u00e7ores, para o mundo.","potentialAction":[{"@type":"SearchAction","target":{"@type":"EntryPoint","urlTemplate":"https:\/\/diariodalagoa.pt\/?s={search_term_string}"},"query-input":"required name=search_term_string"}],"inLanguage":"en-US"},{"@type":"Person","@id":"https:\/\/diariodalagoa.pt\/#\/schema\/person\/1615a002370e8857b6f972834bc43ece","name":"Di\u00e1rio da Lagoa","image":{"@type":"ImageObject","inLanguage":"en-US","@id":"https:\/\/diariodalagoa.pt\/#\/schema\/person\/image\/","url":"https:\/\/secure.gravatar.com\/avatar\/2cb5cef90a26f8fbd4d9d930608102c5?s=96&d=mm&r=g","contentUrl":"https:\/\/secure.gravatar.com\/avatar\/2cb5cef90a26f8fbd4d9d930608102c5?s=96&d=mm&r=g","caption":"Di\u00e1rio da Lagoa"},"url":"https:\/\/diariodalagoa.pt\/en\/author\/diariodalagoa\/"}]}},"_links":{"self":[{"href":"https:\/\/diariodalagoa.pt\/en\/wp-json\/wp\/v2\/posts\/9679"}],"collection":[{"href":"https:\/\/diariodalagoa.pt\/en\/wp-json\/wp\/v2\/posts"}],"about":[{"href":"https:\/\/diariodalagoa.pt\/en\/wp-json\/wp\/v2\/types\/post"}],"author":[{"embeddable":true,"href":"https:\/\/diariodalagoa.pt\/en\/wp-json\/wp\/v2\/users\/2"}],"replies":[{"embeddable":true,"href":"https:\/\/diariodalagoa.pt\/en\/wp-json\/wp\/v2\/comments?post=9679"}],"version-history":[{"count":0,"href":"https:\/\/diariodalagoa.pt\/en\/wp-json\/wp\/v2\/posts\/9679\/revisions"}],"wp:attachment":[{"href":"https:\/\/diariodalagoa.pt\/en\/wp-json\/wp\/v2\/media?parent=9679"}],"wp:term":[{"taxonomy":"category","embeddable":true,"href":"https:\/\/diariodalagoa.pt\/en\/wp-json\/wp\/v2\/categories?post=9679"},{"taxonomy":"post_tag","embeddable":true,"href":"https:\/\/diariodalagoa.pt\/en\/wp-json\/wp\/v2\/tags?post=9679"}],"curies":[{"name":"wp","href":"https:\/\/api.w.org\/{rel}","templated":true}]}}