{"id":9647,"date":"2014-09-29T16:05:43","date_gmt":"2014-09-29T16:05:43","guid":{"rendered":"http:\/\/diariodalagoa.pt\/?p=9647"},"modified":"2014-09-29T16:05:43","modified_gmt":"2014-09-29T16:05:43","slug":"diretor-regional-da-saude-destaca-importancia-dos-rastreios-para-sensibilizar-a-populacao-para-habitos-de-vida-mais-saudaveis","status":"publish","type":"post","link":"https:\/\/diariodalagoa.pt\/en\/diretor-regional-da-saude-destaca-importancia-dos-rastreios-para-sensibilizar-a-populacao-para-habitos-de-vida-mais-saudaveis\/","title":{"rendered":"Diretor Regional da Sa\u00fade destaca import\u00e2ncia dos rastreios para sensibilizar a popula\u00e7\u00e3o para h\u00e1bitos de vida mais saud\u00e1veis\u00a0"},"content":{"rendered":"<p style=\"text-align: justify;\"><img decoding=\"async\" class=\"alignnone size-full wp-image-9648\" src=\"http:\/\/diariodalagoa.pt\/wp-content\/uploads\/2014\/09\/Saude-A\u00e7ores-Jo\u00e3o-Soares-Diretor-REgional-Dia-Mundial-Cora\u00e7\u00e3o.jpg\" alt=\"Saude-A\u00e7ores-Jo\u00e3o-Soares-Diretor-REgional-Dia-Mundial-Cora\u00e7\u00e3o\" width=\"720\" height=\"380\" \/><\/p>\n<p><span style=\"color: #000000;\"> O Diretor Regional da Sa\u00fade associou-se ao rastreio promovido pelo Servi\u00e7o de Cardiologia do Hospital de Santo Esp\u00edrito da Ilha Terceira para assinalar o Dia Mundial do Cora\u00e7\u00e3o, frisando que este tipo de iniciativas permitem \u201csensibilizar as pessoas para a necessidade de mudarem os h\u00e1bitos de vida\u201d.<\/span><\/p>\n<p style=\"text-align: justify;\"><span style=\"color: #000000;\">O rastreio incidiu sobre a hipertens\u00e3o arterial, colesterol e diabetes, tendo abrangido mais de uma centena de pessoas.<\/span><\/p>\n<p style=\"text-align: justify;\"><span style=\"color: #000000;\">O Diretor Regional da Sa\u00fade recordou que, \u201cse a pessoa for diagnosticada e tratada a tempo, pode melhorar a sua qualidade de vida e evitar complica\u00e7\u00f5es futuras\u201d, salientando a import\u00e2ncia dos h\u00e1bitos de vida saud\u00e1veis, nomeadamente \u201cconsumir frutas e hort\u00edcolas, reduzir o sal e gorduras, evitar o sedentarismo e o tabaco\u201d.<\/span><\/p>\n<p style=\"text-align: justify;\"><span style=\"color: #000000;\"><em>DL\/GaCS<\/em><\/span><\/p>","protected":false},"excerpt":{"rendered":"<p>O Diretor Regional da Sa\u00fade associou-se ao rastreio promovido pelo Servi\u00e7o de Cardiologia do Hospital de Santo Esp\u00edrito da Ilha Terceira para assinalar o Dia Mundial do Cora\u00e7\u00e3o, frisando que este tipo de iniciativas permitem \u201csensibilizar as pessoas para a necessidade de mudarem os h\u00e1bitos de vida\u201d. O rastreio incidiu sobre a hipertens\u00e3o arterial, colesterol [&hellip;]<\/p>","protected":false},"author":2,"featured_media":0,"comment_status":"open","ping_status":"open","sticky":false,"template":"","format":"standard","meta":[],"categories":[21],"tags":[],"acf":[],"yoast_head":"<!-- This site is optimized with the Yoast SEO plugin v20.10 - https:\/\/yoast.com\/wordpress\/plugins\/seo\/ -->\n<title>Diretor Regional da Sa\u00fade destaca import\u00e2ncia dos rastreios para sensibilizar a popula\u00e7\u00e3o para h\u00e1bitos de vida mais saud\u00e1veis\u00a0 - Di\u00e1rio da Lagoa<\/title>\n<meta name=\"robots\" content=\"index, follow, max-snippet:-1, max-image-preview:large, max-video-preview:-1\" \/>\n<link rel=\"canonical\" href=\"https:\/\/diariodalagoa.pt\/en\/diretor-regional-da-saude-destaca-importancia-dos-rastreios-para-sensibilizar-a-populacao-para-habitos-de-vida-mais-saudaveis\/\" \/>\n<meta property=\"og:locale\" content=\"en_US\" \/>\n<meta property=\"og:type\" content=\"article\" \/>\n<meta property=\"og:title\" content=\"Diretor Regional da Sa\u00fade destaca import\u00e2ncia dos rastreios para sensibilizar a popula\u00e7\u00e3o para h\u00e1bitos de vida mais saud\u00e1veis\u00a0 - Di\u00e1rio da Lagoa\" \/>\n<meta property=\"og:description\" content=\"O Diretor Regional da Sa\u00fade associou-se ao rastreio promovido pelo Servi\u00e7o de Cardiologia do Hospital de Santo Esp\u00edrito da Ilha Terceira para assinalar o Dia Mundial do Cora\u00e7\u00e3o, frisando que este tipo de iniciativas permitem \u201csensibilizar as pessoas para a necessidade de mudarem os h\u00e1bitos de vida\u201d. O rastreio incidiu sobre a hipertens\u00e3o arterial, colesterol [&hellip;]\" \/>\n<meta property=\"og:url\" content=\"https:\/\/diariodalagoa.pt\/en\/diretor-regional-da-saude-destaca-importancia-dos-rastreios-para-sensibilizar-a-populacao-para-habitos-de-vida-mais-saudaveis\/\" \/>\n<meta property=\"og:site_name\" content=\"Di\u00e1rio da Lagoa\" \/>\n<meta property=\"article:published_time\" content=\"2014-09-29T16:05:43+00:00\" \/>\n<meta name=\"author\" content=\"Di\u00e1rio da Lagoa\" \/>\n<meta name=\"twitter:card\" content=\"summary_large_image\" \/>\n<meta name=\"twitter:label1\" content=\"Written by\" \/>\n\t<meta name=\"twitter:data1\" content=\"Di\u00e1rio da Lagoa\" \/>\n\t<meta name=\"twitter:label2\" content=\"Est. reading time\" \/>\n\t<meta name=\"twitter:data2\" content=\"1 minute\" \/>\n<script type=\"application\/ld+json\" class=\"yoast-schema-graph\">{\"@context\":\"https:\/\/schema.org\",\"@graph\":[{\"@type\":\"WebPage\",\"@id\":\"https:\/\/diariodalagoa.pt\/diretor-regional-da-saude-destaca-importancia-dos-rastreios-para-sensibilizar-a-populacao-para-habitos-de-vida-mais-saudaveis\/\",\"url\":\"https:\/\/diariodalagoa.pt\/diretor-regional-da-saude-destaca-importancia-dos-rastreios-para-sensibilizar-a-populacao-para-habitos-de-vida-mais-saudaveis\/\",\"name\":\"Diretor Regional da Sa\u00fade destaca import\u00e2ncia dos rastreios para sensibilizar a popula\u00e7\u00e3o para h\u00e1bitos de vida mais saud\u00e1veis\u00a0 - Di\u00e1rio da Lagoa\",\"isPartOf\":{\"@id\":\"https:\/\/diariodalagoa.pt\/#website\"},\"datePublished\":\"2014-09-29T16:05:43+00:00\",\"dateModified\":\"2014-09-29T16:05:43+00:00\",\"author\":{\"@id\":\"https:\/\/diariodalagoa.pt\/#\/schema\/person\/1615a002370e8857b6f972834bc43ece\"},\"breadcrumb\":{\"@id\":\"https:\/\/diariodalagoa.pt\/diretor-regional-da-saude-destaca-importancia-dos-rastreios-para-sensibilizar-a-populacao-para-habitos-de-vida-mais-saudaveis\/#breadcrumb\"},\"inLanguage\":\"en-US\",\"potentialAction\":[{\"@type\":\"ReadAction\",\"target\":[\"https:\/\/diariodalagoa.pt\/diretor-regional-da-saude-destaca-importancia-dos-rastreios-para-sensibilizar-a-populacao-para-habitos-de-vida-mais-saudaveis\/\"]}]},{\"@type\":\"BreadcrumbList\",\"@id\":\"https:\/\/diariodalagoa.pt\/diretor-regional-da-saude-destaca-importancia-dos-rastreios-para-sensibilizar-a-populacao-para-habitos-de-vida-mais-saudaveis\/#breadcrumb\",\"itemListElement\":[{\"@type\":\"ListItem\",\"position\":1,\"name\":\"In\u00edcio\",\"item\":\"https:\/\/diariodalagoa.pt\/\"},{\"@type\":\"ListItem\",\"position\":2,\"name\":\"Diretor Regional da Sa\u00fade destaca import\u00e2ncia dos rastreios para sensibilizar a popula\u00e7\u00e3o para h\u00e1bitos de vida mais saud\u00e1veis\u00a0\"}]},{\"@type\":\"WebSite\",\"@id\":\"https:\/\/diariodalagoa.pt\/#website\",\"url\":\"https:\/\/diariodalagoa.pt\/\",\"name\":\"Di\u00e1rio da Lagoa\",\"description\":\"Di\u00e1rio da Lagoa. As not\u00edcias que contam. A partir da Lagoa, nos A\u00e7ores, para o mundo.\",\"potentialAction\":[{\"@type\":\"SearchAction\",\"target\":{\"@type\":\"EntryPoint\",\"urlTemplate\":\"https:\/\/diariodalagoa.pt\/?s={search_term_string}\"},\"query-input\":\"required name=search_term_string\"}],\"inLanguage\":\"en-US\"},{\"@type\":\"Person\",\"@id\":\"https:\/\/diariodalagoa.pt\/#\/schema\/person\/1615a002370e8857b6f972834bc43ece\",\"name\":\"Di\u00e1rio da Lagoa\",\"image\":{\"@type\":\"ImageObject\",\"inLanguage\":\"en-US\",\"@id\":\"https:\/\/diariodalagoa.pt\/#\/schema\/person\/image\/\",\"url\":\"https:\/\/secure.gravatar.com\/avatar\/2cb5cef90a26f8fbd4d9d930608102c5?s=96&d=mm&r=g\",\"contentUrl\":\"https:\/\/secure.gravatar.com\/avatar\/2cb5cef90a26f8fbd4d9d930608102c5?s=96&d=mm&r=g\",\"caption\":\"Di\u00e1rio da Lagoa\"},\"url\":\"https:\/\/diariodalagoa.pt\/en\/author\/diariodalagoa\/\"}]}<\/script>\n<!-- \/ Yoast SEO plugin. -->","yoast_head_json":{"title":"Diretor Regional da Sa\u00fade destaca import\u00e2ncia dos rastreios para sensibilizar a popula\u00e7\u00e3o para h\u00e1bitos de vida mais saud\u00e1veis\u00a0 - Di\u00e1rio da Lagoa","robots":{"index":"index","follow":"follow","max-snippet":"max-snippet:-1","max-image-preview":"max-image-preview:large","max-video-preview":"max-video-preview:-1"},"canonical":"https:\/\/diariodalagoa.pt\/en\/diretor-regional-da-saude-destaca-importancia-dos-rastreios-para-sensibilizar-a-populacao-para-habitos-de-vida-mais-saudaveis\/","og_locale":"en_US","og_type":"article","og_title":"Diretor Regional da Sa\u00fade destaca import\u00e2ncia dos rastreios para sensibilizar a popula\u00e7\u00e3o para h\u00e1bitos de vida mais saud\u00e1veis\u00a0 - Di\u00e1rio da Lagoa","og_description":"O Diretor Regional da Sa\u00fade associou-se ao rastreio promovido pelo Servi\u00e7o de Cardiologia do Hospital de Santo Esp\u00edrito da Ilha Terceira para assinalar o Dia Mundial do Cora\u00e7\u00e3o, frisando que este tipo de iniciativas permitem \u201csensibilizar as pessoas para a necessidade de mudarem os h\u00e1bitos de vida\u201d. O rastreio incidiu sobre a hipertens\u00e3o arterial, colesterol [&hellip;]","og_url":"https:\/\/diariodalagoa.pt\/en\/diretor-regional-da-saude-destaca-importancia-dos-rastreios-para-sensibilizar-a-populacao-para-habitos-de-vida-mais-saudaveis\/","og_site_name":"Di\u00e1rio da Lagoa","article_published_time":"2014-09-29T16:05:43+00:00","author":"Di\u00e1rio da Lagoa","twitter_card":"summary_large_image","twitter_misc":{"Written by":"Di\u00e1rio da Lagoa","Est. reading time":"1 minute"},"schema":{"@context":"https:\/\/schema.org","@graph":[{"@type":"WebPage","@id":"https:\/\/diariodalagoa.pt\/diretor-regional-da-saude-destaca-importancia-dos-rastreios-para-sensibilizar-a-populacao-para-habitos-de-vida-mais-saudaveis\/","url":"https:\/\/diariodalagoa.pt\/diretor-regional-da-saude-destaca-importancia-dos-rastreios-para-sensibilizar-a-populacao-para-habitos-de-vida-mais-saudaveis\/","name":"Diretor Regional da Sa\u00fade destaca import\u00e2ncia dos rastreios para sensibilizar a popula\u00e7\u00e3o para h\u00e1bitos de vida mais saud\u00e1veis\u00a0 - Di\u00e1rio da Lagoa","isPartOf":{"@id":"https:\/\/diariodalagoa.pt\/#website"},"datePublished":"2014-09-29T16:05:43+00:00","dateModified":"2014-09-29T16:05:43+00:00","author":{"@id":"https:\/\/diariodalagoa.pt\/#\/schema\/person\/1615a002370e8857b6f972834bc43ece"},"breadcrumb":{"@id":"https:\/\/diariodalagoa.pt\/diretor-regional-da-saude-destaca-importancia-dos-rastreios-para-sensibilizar-a-populacao-para-habitos-de-vida-mais-saudaveis\/#breadcrumb"},"inLanguage":"en-US","potentialAction":[{"@type":"ReadAction","target":["https:\/\/diariodalagoa.pt\/diretor-regional-da-saude-destaca-importancia-dos-rastreios-para-sensibilizar-a-populacao-para-habitos-de-vida-mais-saudaveis\/"]}]},{"@type":"BreadcrumbList","@id":"https:\/\/diariodalagoa.pt\/diretor-regional-da-saude-destaca-importancia-dos-rastreios-para-sensibilizar-a-populacao-para-habitos-de-vida-mais-saudaveis\/#breadcrumb","itemListElement":[{"@type":"ListItem","position":1,"name":"In\u00edcio","item":"https:\/\/diariodalagoa.pt\/"},{"@type":"ListItem","position":2,"name":"Diretor Regional da Sa\u00fade destaca import\u00e2ncia dos rastreios para sensibilizar a popula\u00e7\u00e3o para h\u00e1bitos de vida mais saud\u00e1veis\u00a0"}]},{"@type":"WebSite","@id":"https:\/\/diariodalagoa.pt\/#website","url":"https:\/\/diariodalagoa.pt\/","name":"Di\u00e1rio da Lagoa","description":"Di\u00e1rio da Lagoa. As not\u00edcias que contam. A partir da Lagoa, nos A\u00e7ores, para o mundo.","potentialAction":[{"@type":"SearchAction","target":{"@type":"EntryPoint","urlTemplate":"https:\/\/diariodalagoa.pt\/?s={search_term_string}"},"query-input":"required name=search_term_string"}],"inLanguage":"en-US"},{"@type":"Person","@id":"https:\/\/diariodalagoa.pt\/#\/schema\/person\/1615a002370e8857b6f972834bc43ece","name":"Di\u00e1rio da Lagoa","image":{"@type":"ImageObject","inLanguage":"en-US","@id":"https:\/\/diariodalagoa.pt\/#\/schema\/person\/image\/","url":"https:\/\/secure.gravatar.com\/avatar\/2cb5cef90a26f8fbd4d9d930608102c5?s=96&d=mm&r=g","contentUrl":"https:\/\/secure.gravatar.com\/avatar\/2cb5cef90a26f8fbd4d9d930608102c5?s=96&d=mm&r=g","caption":"Di\u00e1rio da Lagoa"},"url":"https:\/\/diariodalagoa.pt\/en\/author\/diariodalagoa\/"}]}},"_links":{"self":[{"href":"https:\/\/diariodalagoa.pt\/en\/wp-json\/wp\/v2\/posts\/9647"}],"collection":[{"href":"https:\/\/diariodalagoa.pt\/en\/wp-json\/wp\/v2\/posts"}],"about":[{"href":"https:\/\/diariodalagoa.pt\/en\/wp-json\/wp\/v2\/types\/post"}],"author":[{"embeddable":true,"href":"https:\/\/diariodalagoa.pt\/en\/wp-json\/wp\/v2\/users\/2"}],"replies":[{"embeddable":true,"href":"https:\/\/diariodalagoa.pt\/en\/wp-json\/wp\/v2\/comments?post=9647"}],"version-history":[{"count":0,"href":"https:\/\/diariodalagoa.pt\/en\/wp-json\/wp\/v2\/posts\/9647\/revisions"}],"wp:attachment":[{"href":"https:\/\/diariodalagoa.pt\/en\/wp-json\/wp\/v2\/media?parent=9647"}],"wp:term":[{"taxonomy":"category","embeddable":true,"href":"https:\/\/diariodalagoa.pt\/en\/wp-json\/wp\/v2\/categories?post=9647"},{"taxonomy":"post_tag","embeddable":true,"href":"https:\/\/diariodalagoa.pt\/en\/wp-json\/wp\/v2\/tags?post=9647"}],"curies":[{"name":"wp","href":"https:\/\/api.w.org\/{rel}","templated":true}]}}