{"id":9354,"date":"2014-09-23T09:50:56","date_gmt":"2014-09-23T10:50:56","guid":{"rendered":"http:\/\/diariodalagoa.pt\/?p=9354"},"modified":"2014-09-23T09:50:56","modified_gmt":"2014-09-23T10:50:56","slug":"comissao-congratula%e2%80%91se-com-a-adocao-de-uma-nova-rede-de-servicos-publicos-de-emprego","status":"publish","type":"post","link":"https:\/\/diariodalagoa.pt\/en\/comissao-congratula%e2%80%91se-com-a-adocao-de-uma-nova-rede-de-servicos-publicos-de-emprego\/","title":{"rendered":"Comiss\u00e3o congratula\u2011se com a ado\u00e7\u00e3o de uma nova Rede de Servi\u00e7os P\u00fablicos de Emprego"},"content":{"rendered":"<p><iframe id=\"videoplayerI076044\" src=\"http:\/\/ec.europa.eu\/avservices\/play.cfm?ref=I076044&amp;videolang=EN&amp;devurl=http:\/\/ec.europa.eu\/avservices\/video\/player\/config.cfm\" width=\"720\" height=\"380\" frameborder=\"0\" scrolling=\"no\" allowfullscreen=\"allowfullscreen\"><\/iframe><\/p>\n<p style=\"text-align: justify;\"><span style=\"color: #000000;\">A Comiss\u00e3o Europeia congratula\u2011se com o lan\u00e7amento oficial da Rede de Servi\u00e7os P\u00fablicos de Emprego, uma nova estrutura de coopera\u00e7\u00e3o para ajudar os Estados\u2011Membros a intensificar a coordena\u00e7\u00e3o das suas pol\u00edticas e a\u00e7\u00f5es contra o desemprego, e refor\u00e7ar o quadro de governa\u00e7\u00e3o econ\u00f3mica europeia. <\/span><\/p>\n<p style=\"text-align: justify;\"><span style=\"color: #000000;\">Melhorar o apoio concedido pelos servi\u00e7os p\u00fablicos de emprego dos Estados\u2011Membros aos jovens \u00e9 particularmente importante para a execu\u00e7\u00e3o, na pr\u00e1tica, da\u00a0Garantia para a Juventude, a ambiciosa reforma, \u00e0 escala da UE, que visa ajudar as pessoas desempregadas, com menos de 25 anos, a encontrar emprego. <\/span><\/p>\n<p style=\"text-align: justify;\"><span style=\"color: #000000;\">O conselho de administra\u00e7\u00e3o da nova rede re\u00fane hoje pela primeira vez, em Bruxelas.<\/span><\/p>\n<p style=\"text-align: justify;\"><span style=\"color: #000000;\">Esta nova rede baseia\u2011se numa Decis\u00e3o do Conselho e do Parlamento Europeu adotada em maio de 2014, destinada a maximizar a efici\u00eancia dos servi\u00e7os p\u00fablicos de emprego<strong>\u00a0<\/strong>atrav\u00e9s de uma coopera\u00e7\u00e3o mais estreita, em sintonia com o\u00a0<a href=\"http:\/\/ec.europa.eu\/social\/main.jsp?catId=101&amp;langId=en\" target=\"_blank\" rel=\"noopener\"><span style=\"color: #000000;\">Pacote do Emprego 2012<\/span><\/a>.<\/span><\/p>\n<p style=\"text-align: justify;\"><span style=\"color: #000000;\">A nova estrutura permitir\u00e1 uma melhor compara\u00e7\u00e3o entre o desempenho dos servi\u00e7os p\u00fablicos de emprego e os par\u00e2metros de refer\u00eancia pertinentes, a identifica\u00e7\u00e3o de boas pr\u00e1ticas e a melhoria da coopera\u00e7\u00e3o, nomeadamente atrav\u00e9s da aprendizagem m\u00fatua e de programas de assist\u00eancia interpares. Uma das tarefas mais imediatas a realizar pela rede ser\u00e1 o interc\u00e2mbio de conhecimentos e pr\u00e1ticas bem sucedidas sobre a\u00a0execu\u00e7\u00e3o da Garantia para a Juventude, j\u00e1 que os servi\u00e7os p\u00fablicos de emprego s\u00e3o, em grande parte, os pontos nacionais de contacto designados para esta reforma crucial. Em muitos Estados\u2011Membros, \u00e9 necess\u00e1rio melhorar o funcionamento dos servi\u00e7os p\u00fablicos de emprego, para garantir que os jovens recebem um aconselhamento personalizado e adequado em mat\u00e9ria de emprego e no que respeita \u00e0s oportunidades de educa\u00e7\u00e3o e forma\u00e7\u00e3o mais pertinentes para o seu caso espec\u00edfico, que produza uma oferta concreta no prazo de quatro meses.<\/span><\/p>\n<p style=\"text-align: justify;\"><span style=\"color: #000000;\">A rede ajudar\u00e1 tamb\u00e9m os Estados\u2011Membros a melhor executar as recomenda\u00e7\u00f5es espec\u00edficas por pa\u00eds, destinadas aos servi\u00e7os p\u00fablicos de emprego, emitidas pelo Conselho no \u00e2mbito do\u00a0Semestre Europeu. <\/span><\/p>\n<p style=\"text-align: justify;\"><span style=\"color: #000000;\">Em 2014, 11 pa\u00edses foram destinat\u00e1rios de recomenda\u00e7\u00f5es (B\u00e9lgica, Bulg\u00e1ria, Cro\u00e1cia, Rep\u00fablica Checa, Hungria, It\u00e1lia, Portugal, Rom\u00e9nia, Eslov\u00e1quia, Eslov\u00e9nia e Espanha). Os decisores pol\u00edticos nacionais recorrer\u00e3o aos conhecimentos especializados da rede ao conceber, desenvolver e avaliar as pol\u00edticas de emprego.<\/span><\/p>\n<p style=\"text-align: justify;\"><span style=\"color: #000000;\">O conselho de administra\u00e7\u00e3o da rede de servi\u00e7os p\u00fablicos de emprego, composto por altos funcion\u00e1rios dos servi\u00e7os p\u00fablicos de emprego nomeados por cada Estado\u2011Membro e pela Comiss\u00e3o, preside e dirige as atividades da rede.<\/span><\/p>\n<p style=\"text-align: justify;\"><span style=\"color: #000000;\">A Comiss\u00e3o, por seu lado, criou um secretariado para assistir e facilitar o trabalho da nova rede, e garantir o seu bom funcionamento e relev\u00e2ncia pol\u00edtica.<\/span><\/p>\n<p style=\"text-align: justify;\"><span style=\"color: #000000;\"><em>DL\/RCEP<\/em><\/span><\/p>","protected":false},"excerpt":{"rendered":"<p>A Comiss\u00e3o Europeia congratula\u2011se com o lan\u00e7amento oficial da Rede de Servi\u00e7os P\u00fablicos de Emprego, uma nova estrutura de coopera\u00e7\u00e3o para ajudar os Estados\u2011Membros a intensificar a coordena\u00e7\u00e3o das suas pol\u00edticas e a\u00e7\u00f5es contra o desemprego, e refor\u00e7ar o quadro de governa\u00e7\u00e3o econ\u00f3mica europeia. Melhorar o apoio concedido pelos servi\u00e7os p\u00fablicos de emprego dos Estados\u2011Membros [&hellip;]<\/p>","protected":false},"author":2,"featured_media":121782,"comment_status":"open","ping_status":"open","sticky":false,"template":"","format":"standard","meta":[],"categories":[21],"tags":[],"acf":[],"yoast_head":"<!-- This site is optimized with the Yoast SEO plugin v20.10 - https:\/\/yoast.com\/wordpress\/plugins\/seo\/ -->\n<title>Comiss\u00e3o congratula\u2011se com a ado\u00e7\u00e3o de uma nova Rede de Servi\u00e7os P\u00fablicos de Emprego - Di\u00e1rio da Lagoa<\/title>\n<meta name=\"robots\" content=\"index, follow, max-snippet:-1, max-image-preview:large, max-video-preview:-1\" \/>\n<link rel=\"canonical\" href=\"https:\/\/diariodalagoa.pt\/en\/comissao-congratula\u2011se-com-a-adocao-de-uma-nova-rede-de-servicos-publicos-de-emprego\/\" \/>\n<meta property=\"og:locale\" content=\"en_US\" \/>\n<meta property=\"og:type\" content=\"article\" \/>\n<meta property=\"og:title\" content=\"Comiss\u00e3o congratula\u2011se com a ado\u00e7\u00e3o de uma nova Rede de Servi\u00e7os P\u00fablicos de Emprego - Di\u00e1rio da Lagoa\" \/>\n<meta property=\"og:description\" content=\"A Comiss\u00e3o Europeia congratula\u2011se com o lan\u00e7amento oficial da Rede de Servi\u00e7os P\u00fablicos de Emprego, uma nova estrutura de coopera\u00e7\u00e3o para ajudar os Estados\u2011Membros a intensificar a coordena\u00e7\u00e3o das suas pol\u00edticas e a\u00e7\u00f5es contra o desemprego, e refor\u00e7ar o quadro de governa\u00e7\u00e3o econ\u00f3mica europeia. Melhorar o apoio concedido pelos servi\u00e7os p\u00fablicos de emprego dos Estados\u2011Membros [&hellip;]\" \/>\n<meta property=\"og:url\" content=\"https:\/\/diariodalagoa.pt\/en\/comissao-congratula\u2011se-com-a-adocao-de-uma-nova-rede-de-servicos-publicos-de-emprego\/\" \/>\n<meta property=\"og:site_name\" content=\"Di\u00e1rio da Lagoa\" \/>\n<meta property=\"article:published_time\" content=\"2014-09-23T10:50:56+00:00\" \/>\n<meta property=\"og:image\" content=\"https:\/\/diariodalagoa.pt\/wp-content\/uploads\/2014\/09\/desemrpego-jovem.jpg\" \/>\n\t<meta property=\"og:image:width\" content=\"720\" \/>\n\t<meta property=\"og:image:height\" content=\"380\" \/>\n\t<meta property=\"og:image:type\" content=\"image\/jpeg\" \/>\n<meta name=\"author\" content=\"Di\u00e1rio da Lagoa\" \/>\n<meta name=\"twitter:card\" content=\"summary_large_image\" \/>\n<meta name=\"twitter:label1\" content=\"Written by\" \/>\n\t<meta name=\"twitter:data1\" content=\"Di\u00e1rio da Lagoa\" \/>\n\t<meta name=\"twitter:label2\" content=\"Est. reading time\" \/>\n\t<meta name=\"twitter:data2\" content=\"2 minutes\" \/>\n<script type=\"application\/ld+json\" class=\"yoast-schema-graph\">{\"@context\":\"https:\/\/schema.org\",\"@graph\":[{\"@type\":\"WebPage\",\"@id\":\"https:\/\/diariodalagoa.pt\/comissao-congratula%e2%80%91se-com-a-adocao-de-uma-nova-rede-de-servicos-publicos-de-emprego\/\",\"url\":\"https:\/\/diariodalagoa.pt\/comissao-congratula%e2%80%91se-com-a-adocao-de-uma-nova-rede-de-servicos-publicos-de-emprego\/\",\"name\":\"Comiss\u00e3o congratula\u2011se com a ado\u00e7\u00e3o de uma nova Rede de Servi\u00e7os P\u00fablicos de Emprego - Di\u00e1rio da Lagoa\",\"isPartOf\":{\"@id\":\"https:\/\/diariodalagoa.pt\/#website\"},\"datePublished\":\"2014-09-23T10:50:56+00:00\",\"dateModified\":\"2014-09-23T10:50:56+00:00\",\"author\":{\"@id\":\"https:\/\/diariodalagoa.pt\/#\/schema\/person\/1615a002370e8857b6f972834bc43ece\"},\"breadcrumb\":{\"@id\":\"https:\/\/diariodalagoa.pt\/comissao-congratula%e2%80%91se-com-a-adocao-de-uma-nova-rede-de-servicos-publicos-de-emprego\/#breadcrumb\"},\"inLanguage\":\"en-US\",\"potentialAction\":[{\"@type\":\"ReadAction\",\"target\":[\"https:\/\/diariodalagoa.pt\/comissao-congratula%e2%80%91se-com-a-adocao-de-uma-nova-rede-de-servicos-publicos-de-emprego\/\"]}]},{\"@type\":\"BreadcrumbList\",\"@id\":\"https:\/\/diariodalagoa.pt\/comissao-congratula%e2%80%91se-com-a-adocao-de-uma-nova-rede-de-servicos-publicos-de-emprego\/#breadcrumb\",\"itemListElement\":[{\"@type\":\"ListItem\",\"position\":1,\"name\":\"In\u00edcio\",\"item\":\"https:\/\/diariodalagoa.pt\/\"},{\"@type\":\"ListItem\",\"position\":2,\"name\":\"Comiss\u00e3o congratula\u2011se com a ado\u00e7\u00e3o de uma nova Rede de Servi\u00e7os P\u00fablicos de Emprego\"}]},{\"@type\":\"WebSite\",\"@id\":\"https:\/\/diariodalagoa.pt\/#website\",\"url\":\"https:\/\/diariodalagoa.pt\/\",\"name\":\"Di\u00e1rio da Lagoa\",\"description\":\"Di\u00e1rio da Lagoa. As not\u00edcias que contam. A partir da Lagoa, nos A\u00e7ores, para o mundo.\",\"potentialAction\":[{\"@type\":\"SearchAction\",\"target\":{\"@type\":\"EntryPoint\",\"urlTemplate\":\"https:\/\/diariodalagoa.pt\/?s={search_term_string}\"},\"query-input\":\"required name=search_term_string\"}],\"inLanguage\":\"en-US\"},{\"@type\":\"Person\",\"@id\":\"https:\/\/diariodalagoa.pt\/#\/schema\/person\/1615a002370e8857b6f972834bc43ece\",\"name\":\"Di\u00e1rio da Lagoa\",\"image\":{\"@type\":\"ImageObject\",\"inLanguage\":\"en-US\",\"@id\":\"https:\/\/diariodalagoa.pt\/#\/schema\/person\/image\/\",\"url\":\"https:\/\/secure.gravatar.com\/avatar\/2cb5cef90a26f8fbd4d9d930608102c5?s=96&d=mm&r=g\",\"contentUrl\":\"https:\/\/secure.gravatar.com\/avatar\/2cb5cef90a26f8fbd4d9d930608102c5?s=96&d=mm&r=g\",\"caption\":\"Di\u00e1rio da Lagoa\"},\"url\":\"https:\/\/diariodalagoa.pt\/en\/author\/diariodalagoa\/\"}]}<\/script>\n<!-- \/ Yoast SEO plugin. -->","yoast_head_json":{"title":"Comiss\u00e3o congratula\u2011se com a ado\u00e7\u00e3o de uma nova Rede de Servi\u00e7os P\u00fablicos de Emprego - Di\u00e1rio da Lagoa","robots":{"index":"index","follow":"follow","max-snippet":"max-snippet:-1","max-image-preview":"max-image-preview:large","max-video-preview":"max-video-preview:-1"},"canonical":"https:\/\/diariodalagoa.pt\/en\/comissao-congratula\u2011se-com-a-adocao-de-uma-nova-rede-de-servicos-publicos-de-emprego\/","og_locale":"en_US","og_type":"article","og_title":"Comiss\u00e3o congratula\u2011se com a ado\u00e7\u00e3o de uma nova Rede de Servi\u00e7os P\u00fablicos de Emprego - Di\u00e1rio da Lagoa","og_description":"A Comiss\u00e3o Europeia congratula\u2011se com o lan\u00e7amento oficial da Rede de Servi\u00e7os P\u00fablicos de Emprego, uma nova estrutura de coopera\u00e7\u00e3o para ajudar os Estados\u2011Membros a intensificar a coordena\u00e7\u00e3o das suas pol\u00edticas e a\u00e7\u00f5es contra o desemprego, e refor\u00e7ar o quadro de governa\u00e7\u00e3o econ\u00f3mica europeia. Melhorar o apoio concedido pelos servi\u00e7os p\u00fablicos de emprego dos Estados\u2011Membros [&hellip;]","og_url":"https:\/\/diariodalagoa.pt\/en\/comissao-congratula\u2011se-com-a-adocao-de-uma-nova-rede-de-servicos-publicos-de-emprego\/","og_site_name":"Di\u00e1rio da Lagoa","article_published_time":"2014-09-23T10:50:56+00:00","og_image":[{"width":720,"height":380,"url":"https:\/\/diariodalagoa.pt\/wp-content\/uploads\/2014\/09\/desemrpego-jovem.jpg","type":"image\/jpeg"}],"author":"Di\u00e1rio da Lagoa","twitter_card":"summary_large_image","twitter_misc":{"Written by":"Di\u00e1rio da Lagoa","Est. reading time":"2 minutes"},"schema":{"@context":"https:\/\/schema.org","@graph":[{"@type":"WebPage","@id":"https:\/\/diariodalagoa.pt\/comissao-congratula%e2%80%91se-com-a-adocao-de-uma-nova-rede-de-servicos-publicos-de-emprego\/","url":"https:\/\/diariodalagoa.pt\/comissao-congratula%e2%80%91se-com-a-adocao-de-uma-nova-rede-de-servicos-publicos-de-emprego\/","name":"Comiss\u00e3o congratula\u2011se com a ado\u00e7\u00e3o de uma nova Rede de Servi\u00e7os P\u00fablicos de Emprego - Di\u00e1rio da Lagoa","isPartOf":{"@id":"https:\/\/diariodalagoa.pt\/#website"},"datePublished":"2014-09-23T10:50:56+00:00","dateModified":"2014-09-23T10:50:56+00:00","author":{"@id":"https:\/\/diariodalagoa.pt\/#\/schema\/person\/1615a002370e8857b6f972834bc43ece"},"breadcrumb":{"@id":"https:\/\/diariodalagoa.pt\/comissao-congratula%e2%80%91se-com-a-adocao-de-uma-nova-rede-de-servicos-publicos-de-emprego\/#breadcrumb"},"inLanguage":"en-US","potentialAction":[{"@type":"ReadAction","target":["https:\/\/diariodalagoa.pt\/comissao-congratula%e2%80%91se-com-a-adocao-de-uma-nova-rede-de-servicos-publicos-de-emprego\/"]}]},{"@type":"BreadcrumbList","@id":"https:\/\/diariodalagoa.pt\/comissao-congratula%e2%80%91se-com-a-adocao-de-uma-nova-rede-de-servicos-publicos-de-emprego\/#breadcrumb","itemListElement":[{"@type":"ListItem","position":1,"name":"In\u00edcio","item":"https:\/\/diariodalagoa.pt\/"},{"@type":"ListItem","position":2,"name":"Comiss\u00e3o congratula\u2011se com a ado\u00e7\u00e3o de uma nova Rede de Servi\u00e7os P\u00fablicos de Emprego"}]},{"@type":"WebSite","@id":"https:\/\/diariodalagoa.pt\/#website","url":"https:\/\/diariodalagoa.pt\/","name":"Di\u00e1rio da Lagoa","description":"Di\u00e1rio da Lagoa. As not\u00edcias que contam. A partir da Lagoa, nos A\u00e7ores, para o mundo.","potentialAction":[{"@type":"SearchAction","target":{"@type":"EntryPoint","urlTemplate":"https:\/\/diariodalagoa.pt\/?s={search_term_string}"},"query-input":"required name=search_term_string"}],"inLanguage":"en-US"},{"@type":"Person","@id":"https:\/\/diariodalagoa.pt\/#\/schema\/person\/1615a002370e8857b6f972834bc43ece","name":"Di\u00e1rio da Lagoa","image":{"@type":"ImageObject","inLanguage":"en-US","@id":"https:\/\/diariodalagoa.pt\/#\/schema\/person\/image\/","url":"https:\/\/secure.gravatar.com\/avatar\/2cb5cef90a26f8fbd4d9d930608102c5?s=96&d=mm&r=g","contentUrl":"https:\/\/secure.gravatar.com\/avatar\/2cb5cef90a26f8fbd4d9d930608102c5?s=96&d=mm&r=g","caption":"Di\u00e1rio da Lagoa"},"url":"https:\/\/diariodalagoa.pt\/en\/author\/diariodalagoa\/"}]}},"_links":{"self":[{"href":"https:\/\/diariodalagoa.pt\/en\/wp-json\/wp\/v2\/posts\/9354"}],"collection":[{"href":"https:\/\/diariodalagoa.pt\/en\/wp-json\/wp\/v2\/posts"}],"about":[{"href":"https:\/\/diariodalagoa.pt\/en\/wp-json\/wp\/v2\/types\/post"}],"author":[{"embeddable":true,"href":"https:\/\/diariodalagoa.pt\/en\/wp-json\/wp\/v2\/users\/2"}],"replies":[{"embeddable":true,"href":"https:\/\/diariodalagoa.pt\/en\/wp-json\/wp\/v2\/comments?post=9354"}],"version-history":[{"count":0,"href":"https:\/\/diariodalagoa.pt\/en\/wp-json\/wp\/v2\/posts\/9354\/revisions"}],"wp:featuredmedia":[{"embeddable":true,"href":"https:\/\/diariodalagoa.pt\/en\/wp-json\/wp\/v2\/media\/121782"}],"wp:attachment":[{"href":"https:\/\/diariodalagoa.pt\/en\/wp-json\/wp\/v2\/media?parent=9354"}],"wp:term":[{"taxonomy":"category","embeddable":true,"href":"https:\/\/diariodalagoa.pt\/en\/wp-json\/wp\/v2\/categories?post=9354"},{"taxonomy":"post_tag","embeddable":true,"href":"https:\/\/diariodalagoa.pt\/en\/wp-json\/wp\/v2\/tags?post=9354"}],"curies":[{"name":"wp","href":"https:\/\/api.w.org\/{rel}","templated":true}]}}