{"id":9305,"date":"2014-09-22T13:45:19","date_gmt":"2014-09-22T14:45:19","guid":{"rendered":"http:\/\/diariodalagoa.pt\/?p=9305"},"modified":"2014-09-22T13:45:19","modified_gmt":"2014-09-22T14:45:19","slug":"presidente-do-governo-destaca-postura-de-grande-cooperacao-do-comando-operacional-dos-acores","status":"publish","type":"post","link":"https:\/\/diariodalagoa.pt\/en\/presidente-do-governo-destaca-postura-de-grande-cooperacao-do-comando-operacional-dos-acores\/","title":{"rendered":"Presidente do Governo destaca postura de grande coopera\u00e7\u00e3o do COA"},"content":{"rendered":"<p style=\"text-align: justify;\"><img decoding=\"async\" class=\"alignnone size-full wp-image-9306\" src=\"http:\/\/diariodalagoa.pt\/wp-content\/uploads\/2014\/09\/Vasco-Cordeiro-audiencia-coando-Operacional-A\u00e7ores-COA-exercito-Mour\u00e3o-Eziquiel.jpg\" alt=\"Vasco-Cordeiro-audiencia-coando-Operacional-A\u00e7ores-COA-exercito-Mour\u00e3o-Eziquiel\" width=\"720\" height=\"380\" \/><\/p>\n<p style=\"text-align: justify;\"><span style=\"color: #000000;\">O Presidente do Governo destacou a rela\u00e7\u00e3o franca e de grande coopera\u00e7\u00e3o que o Comando Operacional dos A\u00e7ores manteve com o Executivo A\u00e7oriano, salientando o papel desempenhado pelo Comandante Operacional dos A\u00e7ores.<\/span><\/p>\n<p style=\"text-align: justify;\"><span style=\"color: #000000;\">Vasco Cordeiro, em declara\u00e7\u00f5es no final da audi\u00eancia para apresenta\u00e7\u00e3o de cumprimentos de despedida, destacou tamb\u00e9m o empenho e o profissionalismo das For\u00e7as Armadas que, apesar da escassez de meios com que se deparam, participam nas opera\u00e7\u00f5es de busca e salvamento e de evacua\u00e7\u00f5es entre as ilhas, mas tamb\u00e9m ao n\u00edvel da prontid\u00e3o que demonstram para apoiar situa\u00e7\u00f5es de cat\u00e1strofes naturais.<\/span><\/p>\n<p style=\"text-align: justify;\"><span style=\"color: #000000;\">\u201cOs A\u00e7ores, nos \u00faltimos anos, n\u00e3o t\u00eam tido situa\u00e7\u00f5es de grandes calamidades naturais que envolvam a necessidade da colabora\u00e7\u00e3o das For\u00e7as Armadas, mas \u00e9 sempre bom constatar, desde logo pelo trabalho do senhor Vice-Almirante, a forma como esta preocupa\u00e7\u00e3o de estar sempre o melhor preparado poss\u00edvel perpassou toda a a\u00e7\u00e3o como Comandante Operacional dos A\u00e7ores\u201d, disse Vasco Cordeiro.<\/span><\/p>\n<p style=\"text-align: justify;\"><span style=\"color: #000000;\">\u201cJulgo que, neste momento de despedida, \u00e9 de inteira justi\u00e7a salientar essa colabora\u00e7\u00e3o, este trabalho e esse papel das For\u00e7as Armadas na Regi\u00e3o e do Comando Operacional dos A\u00e7ores\u201d, afirmou o Presidente do Governo.<\/span><\/p>\n<p style=\"text-align: justify;\"><span style=\"color: #000000;\"><em>DL\/Gacs<\/em><\/span><\/p>","protected":false},"excerpt":{"rendered":"<p>O Presidente do Governo destacou a rela\u00e7\u00e3o franca e de grande coopera\u00e7\u00e3o que o Comando Operacional dos A\u00e7ores manteve com o Executivo A\u00e7oriano, salientando o papel desempenhado pelo Comandante Operacional dos A\u00e7ores. Vasco Cordeiro, em declara\u00e7\u00f5es no final da audi\u00eancia para apresenta\u00e7\u00e3o de cumprimentos de despedida, destacou tamb\u00e9m o empenho e o profissionalismo das For\u00e7as [&hellip;]<\/p>","protected":false},"author":2,"featured_media":0,"comment_status":"open","ping_status":"open","sticky":false,"template":"","format":"standard","meta":[],"categories":[21],"tags":[],"acf":[],"yoast_head":"<!-- This site is optimized with the Yoast SEO plugin v20.10 - https:\/\/yoast.com\/wordpress\/plugins\/seo\/ -->\n<title>Presidente do Governo destaca postura de grande coopera\u00e7\u00e3o do COA - Di\u00e1rio da Lagoa<\/title>\n<meta name=\"robots\" content=\"index, follow, max-snippet:-1, max-image-preview:large, max-video-preview:-1\" \/>\n<link rel=\"canonical\" href=\"https:\/\/diariodalagoa.pt\/en\/presidente-do-governo-destaca-postura-de-grande-cooperacao-do-comando-operacional-dos-acores\/\" \/>\n<meta property=\"og:locale\" content=\"en_US\" \/>\n<meta property=\"og:type\" content=\"article\" \/>\n<meta property=\"og:title\" content=\"Presidente do Governo destaca postura de grande coopera\u00e7\u00e3o do COA - Di\u00e1rio da Lagoa\" \/>\n<meta property=\"og:description\" content=\"O Presidente do Governo destacou a rela\u00e7\u00e3o franca e de grande coopera\u00e7\u00e3o que o Comando Operacional dos A\u00e7ores manteve com o Executivo A\u00e7oriano, salientando o papel desempenhado pelo Comandante Operacional dos A\u00e7ores. Vasco Cordeiro, em declara\u00e7\u00f5es no final da audi\u00eancia para apresenta\u00e7\u00e3o de cumprimentos de despedida, destacou tamb\u00e9m o empenho e o profissionalismo das For\u00e7as [&hellip;]\" \/>\n<meta property=\"og:url\" content=\"https:\/\/diariodalagoa.pt\/en\/presidente-do-governo-destaca-postura-de-grande-cooperacao-do-comando-operacional-dos-acores\/\" \/>\n<meta property=\"og:site_name\" content=\"Di\u00e1rio da Lagoa\" \/>\n<meta property=\"article:published_time\" content=\"2014-09-22T14:45:19+00:00\" \/>\n<meta name=\"author\" content=\"Di\u00e1rio da Lagoa\" \/>\n<meta name=\"twitter:card\" content=\"summary_large_image\" \/>\n<meta name=\"twitter:label1\" content=\"Written by\" \/>\n\t<meta name=\"twitter:data1\" content=\"Di\u00e1rio da Lagoa\" \/>\n\t<meta name=\"twitter:label2\" content=\"Est. reading time\" \/>\n\t<meta name=\"twitter:data2\" content=\"1 minute\" \/>\n<script type=\"application\/ld+json\" class=\"yoast-schema-graph\">{\"@context\":\"https:\/\/schema.org\",\"@graph\":[{\"@type\":\"WebPage\",\"@id\":\"https:\/\/diariodalagoa.pt\/presidente-do-governo-destaca-postura-de-grande-cooperacao-do-comando-operacional-dos-acores\/\",\"url\":\"https:\/\/diariodalagoa.pt\/presidente-do-governo-destaca-postura-de-grande-cooperacao-do-comando-operacional-dos-acores\/\",\"name\":\"Presidente do Governo destaca postura de grande coopera\u00e7\u00e3o do COA - Di\u00e1rio da Lagoa\",\"isPartOf\":{\"@id\":\"https:\/\/diariodalagoa.pt\/#website\"},\"datePublished\":\"2014-09-22T14:45:19+00:00\",\"dateModified\":\"2014-09-22T14:45:19+00:00\",\"author\":{\"@id\":\"https:\/\/diariodalagoa.pt\/#\/schema\/person\/1615a002370e8857b6f972834bc43ece\"},\"breadcrumb\":{\"@id\":\"https:\/\/diariodalagoa.pt\/presidente-do-governo-destaca-postura-de-grande-cooperacao-do-comando-operacional-dos-acores\/#breadcrumb\"},\"inLanguage\":\"en-US\",\"potentialAction\":[{\"@type\":\"ReadAction\",\"target\":[\"https:\/\/diariodalagoa.pt\/presidente-do-governo-destaca-postura-de-grande-cooperacao-do-comando-operacional-dos-acores\/\"]}]},{\"@type\":\"BreadcrumbList\",\"@id\":\"https:\/\/diariodalagoa.pt\/presidente-do-governo-destaca-postura-de-grande-cooperacao-do-comando-operacional-dos-acores\/#breadcrumb\",\"itemListElement\":[{\"@type\":\"ListItem\",\"position\":1,\"name\":\"In\u00edcio\",\"item\":\"https:\/\/diariodalagoa.pt\/\"},{\"@type\":\"ListItem\",\"position\":2,\"name\":\"Presidente do Governo destaca postura de grande coopera\u00e7\u00e3o do COA\"}]},{\"@type\":\"WebSite\",\"@id\":\"https:\/\/diariodalagoa.pt\/#website\",\"url\":\"https:\/\/diariodalagoa.pt\/\",\"name\":\"Di\u00e1rio da Lagoa\",\"description\":\"Di\u00e1rio da Lagoa. As not\u00edcias que contam. A partir da Lagoa, nos A\u00e7ores, para o mundo.\",\"potentialAction\":[{\"@type\":\"SearchAction\",\"target\":{\"@type\":\"EntryPoint\",\"urlTemplate\":\"https:\/\/diariodalagoa.pt\/?s={search_term_string}\"},\"query-input\":\"required name=search_term_string\"}],\"inLanguage\":\"en-US\"},{\"@type\":\"Person\",\"@id\":\"https:\/\/diariodalagoa.pt\/#\/schema\/person\/1615a002370e8857b6f972834bc43ece\",\"name\":\"Di\u00e1rio da Lagoa\",\"image\":{\"@type\":\"ImageObject\",\"inLanguage\":\"en-US\",\"@id\":\"https:\/\/diariodalagoa.pt\/#\/schema\/person\/image\/\",\"url\":\"https:\/\/secure.gravatar.com\/avatar\/2cb5cef90a26f8fbd4d9d930608102c5?s=96&d=mm&r=g\",\"contentUrl\":\"https:\/\/secure.gravatar.com\/avatar\/2cb5cef90a26f8fbd4d9d930608102c5?s=96&d=mm&r=g\",\"caption\":\"Di\u00e1rio da Lagoa\"},\"url\":\"https:\/\/diariodalagoa.pt\/en\/author\/diariodalagoa\/\"}]}<\/script>\n<!-- \/ Yoast SEO plugin. -->","yoast_head_json":{"title":"Presidente do Governo destaca postura de grande coopera\u00e7\u00e3o do COA - Di\u00e1rio da Lagoa","robots":{"index":"index","follow":"follow","max-snippet":"max-snippet:-1","max-image-preview":"max-image-preview:large","max-video-preview":"max-video-preview:-1"},"canonical":"https:\/\/diariodalagoa.pt\/en\/presidente-do-governo-destaca-postura-de-grande-cooperacao-do-comando-operacional-dos-acores\/","og_locale":"en_US","og_type":"article","og_title":"Presidente do Governo destaca postura de grande coopera\u00e7\u00e3o do COA - Di\u00e1rio da Lagoa","og_description":"O Presidente do Governo destacou a rela\u00e7\u00e3o franca e de grande coopera\u00e7\u00e3o que o Comando Operacional dos A\u00e7ores manteve com o Executivo A\u00e7oriano, salientando o papel desempenhado pelo Comandante Operacional dos A\u00e7ores. Vasco Cordeiro, em declara\u00e7\u00f5es no final da audi\u00eancia para apresenta\u00e7\u00e3o de cumprimentos de despedida, destacou tamb\u00e9m o empenho e o profissionalismo das For\u00e7as [&hellip;]","og_url":"https:\/\/diariodalagoa.pt\/en\/presidente-do-governo-destaca-postura-de-grande-cooperacao-do-comando-operacional-dos-acores\/","og_site_name":"Di\u00e1rio da Lagoa","article_published_time":"2014-09-22T14:45:19+00:00","author":"Di\u00e1rio da Lagoa","twitter_card":"summary_large_image","twitter_misc":{"Written by":"Di\u00e1rio da Lagoa","Est. reading time":"1 minute"},"schema":{"@context":"https:\/\/schema.org","@graph":[{"@type":"WebPage","@id":"https:\/\/diariodalagoa.pt\/presidente-do-governo-destaca-postura-de-grande-cooperacao-do-comando-operacional-dos-acores\/","url":"https:\/\/diariodalagoa.pt\/presidente-do-governo-destaca-postura-de-grande-cooperacao-do-comando-operacional-dos-acores\/","name":"Presidente do Governo destaca postura de grande coopera\u00e7\u00e3o do COA - Di\u00e1rio da Lagoa","isPartOf":{"@id":"https:\/\/diariodalagoa.pt\/#website"},"datePublished":"2014-09-22T14:45:19+00:00","dateModified":"2014-09-22T14:45:19+00:00","author":{"@id":"https:\/\/diariodalagoa.pt\/#\/schema\/person\/1615a002370e8857b6f972834bc43ece"},"breadcrumb":{"@id":"https:\/\/diariodalagoa.pt\/presidente-do-governo-destaca-postura-de-grande-cooperacao-do-comando-operacional-dos-acores\/#breadcrumb"},"inLanguage":"en-US","potentialAction":[{"@type":"ReadAction","target":["https:\/\/diariodalagoa.pt\/presidente-do-governo-destaca-postura-de-grande-cooperacao-do-comando-operacional-dos-acores\/"]}]},{"@type":"BreadcrumbList","@id":"https:\/\/diariodalagoa.pt\/presidente-do-governo-destaca-postura-de-grande-cooperacao-do-comando-operacional-dos-acores\/#breadcrumb","itemListElement":[{"@type":"ListItem","position":1,"name":"In\u00edcio","item":"https:\/\/diariodalagoa.pt\/"},{"@type":"ListItem","position":2,"name":"Presidente do Governo destaca postura de grande coopera\u00e7\u00e3o do COA"}]},{"@type":"WebSite","@id":"https:\/\/diariodalagoa.pt\/#website","url":"https:\/\/diariodalagoa.pt\/","name":"Di\u00e1rio da Lagoa","description":"Di\u00e1rio da Lagoa. As not\u00edcias que contam. A partir da Lagoa, nos A\u00e7ores, para o mundo.","potentialAction":[{"@type":"SearchAction","target":{"@type":"EntryPoint","urlTemplate":"https:\/\/diariodalagoa.pt\/?s={search_term_string}"},"query-input":"required name=search_term_string"}],"inLanguage":"en-US"},{"@type":"Person","@id":"https:\/\/diariodalagoa.pt\/#\/schema\/person\/1615a002370e8857b6f972834bc43ece","name":"Di\u00e1rio da Lagoa","image":{"@type":"ImageObject","inLanguage":"en-US","@id":"https:\/\/diariodalagoa.pt\/#\/schema\/person\/image\/","url":"https:\/\/secure.gravatar.com\/avatar\/2cb5cef90a26f8fbd4d9d930608102c5?s=96&d=mm&r=g","contentUrl":"https:\/\/secure.gravatar.com\/avatar\/2cb5cef90a26f8fbd4d9d930608102c5?s=96&d=mm&r=g","caption":"Di\u00e1rio da Lagoa"},"url":"https:\/\/diariodalagoa.pt\/en\/author\/diariodalagoa\/"}]}},"_links":{"self":[{"href":"https:\/\/diariodalagoa.pt\/en\/wp-json\/wp\/v2\/posts\/9305"}],"collection":[{"href":"https:\/\/diariodalagoa.pt\/en\/wp-json\/wp\/v2\/posts"}],"about":[{"href":"https:\/\/diariodalagoa.pt\/en\/wp-json\/wp\/v2\/types\/post"}],"author":[{"embeddable":true,"href":"https:\/\/diariodalagoa.pt\/en\/wp-json\/wp\/v2\/users\/2"}],"replies":[{"embeddable":true,"href":"https:\/\/diariodalagoa.pt\/en\/wp-json\/wp\/v2\/comments?post=9305"}],"version-history":[{"count":0,"href":"https:\/\/diariodalagoa.pt\/en\/wp-json\/wp\/v2\/posts\/9305\/revisions"}],"wp:attachment":[{"href":"https:\/\/diariodalagoa.pt\/en\/wp-json\/wp\/v2\/media?parent=9305"}],"wp:term":[{"taxonomy":"category","embeddable":true,"href":"https:\/\/diariodalagoa.pt\/en\/wp-json\/wp\/v2\/categories?post=9305"},{"taxonomy":"post_tag","embeddable":true,"href":"https:\/\/diariodalagoa.pt\/en\/wp-json\/wp\/v2\/tags?post=9305"}],"curies":[{"name":"wp","href":"https:\/\/api.w.org\/{rel}","templated":true}]}}