{"id":9295,"date":"2014-09-22T12:25:15","date_gmt":"2014-09-22T13:25:15","guid":{"rendered":"http:\/\/diariodalagoa.pt\/?p=9295"},"modified":"2014-09-22T12:25:15","modified_gmt":"2014-09-22T13:25:15","slug":"avaliacao-de-impacto-erasmus-confirma-contributo-do-programa-de-intercambio-de-estudantes-da-ue-para-a-empregabilidade-e-a-mobilidade-profissional","status":"publish","type":"post","link":"https:\/\/diariodalagoa.pt\/en\/avaliacao-de-impacto-erasmus-confirma-contributo-do-programa-de-intercambio-de-estudantes-da-ue-para-a-empregabilidade-e-a-mobilidade-profissional\/","title":{"rendered":"Avalia\u00e7\u00e3o de Impacto Erasmus confirma contributo do programa de interc\u00e2mbio de estudantes da UE para a empregabilidade e a mobilidade profissional"},"content":{"rendered":"<p style=\"text-align: justify;\"><img decoding=\"async\" class=\"alignnone size-full wp-image-9300\" src=\"http:\/\/diariodalagoa.pt\/wp-content\/uploads\/2014\/09\/ERASMUS-dados-Europa.jpg\" alt=\"ERASMUS-dados-Europa\" width=\"720\" height=\"380\" \/><\/p>\n<p style=\"text-align: justify;\"><span style=\"color: #000000;\">Os jovens que estudam ou recebem forma\u00e7\u00e3o no estrangeiro n\u00e3o s\u00f3 adquirem conhecimentos em disciplinas espec\u00edficas como desenvolvem compet\u00eancias transversais que s\u00e3o muito apreciadas pelos empregadores.<\/span><\/p>\n<p style=\"text-align: justify;\"><span style=\"color: #000000;\">De acordo com um novo estudo sobre o impacto do programa da Uni\u00e3o Europeia de interc\u00e2mbio de estudantes Erasmus, os diplomados com experi\u00eancia internacional t\u00eam mais \u00eaxito no mercado de trabalho. A possibilidade de sofrerem uma situa\u00e7\u00e3o de desemprego de longa dura\u00e7\u00e3o \u00e9 50 % menor em rela\u00e7\u00e3o \u00e0queles que n\u00e3o estudaram ou obtiveram uma forma\u00e7\u00e3o no estrangeiro e, cinco anos ap\u00f3s a gradua\u00e7\u00e3o, a taxa de desemprego \u00e9 inferior em 23 %.<\/span><\/p>\n<p style=\"text-align: justify;\"><span style=\"color: #000000;\">Esta avalia\u00e7\u00e3o, elaborada por peritos independentes, \u00e9 a maior do seu g\u00e9nero, tendo contado com a resposta de cerca de 80 000 participantes, incluindo estudantes e empresas.<\/span><\/p>\n<p style=\"text-align: justify;\"><span style=\"color: #000000;\">A nova avalia\u00e7\u00e3o revela que 92 % dos empregadores, quando pretendem contratar novos trabalhadores, procuram determinadas caracter\u00edsticas de personalidade que s\u00e3o desenvolvidas pelo programa, como a toler\u00e2ncia, a confian\u00e7a, a capacidade para resolver problemas, a curiosidade, o conhecimento dos seus pr\u00f3prios pontos fortes e fracos e a capacidade de decis\u00e3o. Alguns testes realizados antes e depois dos per\u00edodos de interc\u00e2mbio no estrangeiro indicam que os estudantes Erasmus registam valores mais elevados relativamente a estas capacidades, antes mesmo de iniciarem o interc\u00e2mbio; quando regressam, a diferen\u00e7a dos referidos valores aumenta 42 %, em m\u00e9dia, em compara\u00e7\u00e3o com os outros estudantes.<\/span><\/p>\n<p style=\"text-align: justify;\"><span style=\"color: #000000;\">Os estudantes que desejam beneficiar de financiamento Erasmus podem optar entre a realiza\u00e7\u00e3o de estudos ou de um est\u00e1gio no estrangeiro. O relat\u00f3rio revela que \u00e9 oferecido trabalho na empresa onde \u00e9 efetuado o est\u00e1gio a mais de um ter\u00e7o dos estagi\u00e1rios Erasmus. Os estagi\u00e1rios Erasmus tamb\u00e9m s\u00e3o mais empreendedores do que os estudantes que n\u00e3o participam no programa: um em cada 10 lan\u00e7ou a sua pr\u00f3pria empresa e mais de tr\u00eas em cada quatro tencionam faz\u00ea-lo ou consideram que tal \u00e9 poss\u00edvel. Podem tamb\u00e9m esperar uma progress\u00e3o mais r\u00e1pida na carreira; os trabalhadores com experi\u00eancia internacional acedem a cargos com maior responsabilidade, segundo 64 % dos empregadores.<\/span><\/p>\n<p style=\"text-align: justify;\"><span style=\"color: #000000;\">O Erasmus n\u00e3o s\u00f3 melhora as perspetivas de carreira, como oferece aos estudantes um horizonte mais amplo e a possibilidade de desenvolverem la\u00e7os sociais. 40 % mudaram de pa\u00eds de resid\u00eancia ou de trabalho, pelo menos, uma vez desde a gradua\u00e7\u00e3o \u2014 ou seja, quase o dobro do n\u00famero relativamente aos estudantes que n\u00e3o participaram numa iniciativa de mobilidade durante os seus estudos. Embora 93 % dos estudantes com experi\u00eancia internacional considerem poss\u00edvel virem a viver no estrangeiro no futuro, essa possibilidade apenas \u00e9 reconhecida por 73 % das pessoas que permanecem no mesmo pa\u00eds durante os estudos.<\/span><\/p>\n<p style=\"text-align: justify;\"><span style=\"color: #000000;\">\u00c9 tamb\u00e9m mais prov\u00e1vel que os antigos estudantes Erasmus mantenham rela\u00e7\u00f5es transnacionais: 33 % destes estudantes t\u00eam um parceiro de nacionalidade diferente, em compara\u00e7\u00e3o com apenas 13 % dos estudantes que ficam no seu pa\u00eds durante os estudos; 27 % dos estudantes Erasmus conhecem o seu parceiro mais duradouro durante o interc\u00e2mbio Erasmus. Com base nestes dados, a Comiss\u00e3o estima que cerca de um milh\u00e3o de beb\u00e9s tenha nascido de casais Erasmus desde 1987.<\/span><\/p>\n<p style=\"text-align: justify;\"><span style=\"color: #000000;\">O novo programa Erasmus+ oferecer\u00e1 a possibilidade de participar num interc\u00e2mbio no estrangeiro a quatro milh\u00f5es de pessoas, incluindo dois milh\u00f5es de estudantes e 300 000 membros do pessoal do ensino superior nos pr\u00f3ximos sete anos (2014-2020). Al\u00e9m disso, o programa ir\u00e1 financiar 135 000 interc\u00e2mbios de estudantes e pessoal acad\u00e9mico com pa\u00edses parceiros n\u00e3o europeus. O Erasmus+ ser\u00e1 ainda mais acess\u00edvel, gra\u00e7as a um maior apoio lingu\u00edstico, regras mais flex\u00edveis e um apoio adicional para pessoas com necessidades especiais, provenientes de meios desfavorecidos ou zonas perif\u00e9ricas.<\/span><\/p>\n<p style=\"text-align: justify;\"><span style=\"color: #000000;\"><em>DL\/RCEP<\/em><\/span><\/p>","protected":false},"excerpt":{"rendered":"<p>Os jovens que estudam ou recebem forma\u00e7\u00e3o no estrangeiro n\u00e3o s\u00f3 adquirem conhecimentos em disciplinas espec\u00edficas como desenvolvem compet\u00eancias transversais que s\u00e3o muito apreciadas pelos empregadores. De acordo com um novo estudo sobre o impacto do programa da Uni\u00e3o Europeia de interc\u00e2mbio de estudantes Erasmus, os diplomados com experi\u00eancia internacional t\u00eam mais \u00eaxito no mercado [&hellip;]<\/p>","protected":false},"author":2,"featured_media":121785,"comment_status":"open","ping_status":"open","sticky":false,"template":"","format":"standard","meta":[],"categories":[21],"tags":[],"acf":[],"yoast_head":"<!-- This site is optimized with the Yoast SEO plugin v20.10 - https:\/\/yoast.com\/wordpress\/plugins\/seo\/ -->\n<title>Avalia\u00e7\u00e3o de Impacto Erasmus confirma contributo do programa de interc\u00e2mbio de estudantes da UE para a empregabilidade e a mobilidade profissional - Di\u00e1rio da Lagoa<\/title>\n<meta name=\"robots\" content=\"index, follow, max-snippet:-1, max-image-preview:large, max-video-preview:-1\" \/>\n<link rel=\"canonical\" href=\"https:\/\/diariodalagoa.pt\/en\/avaliacao-de-impacto-erasmus-confirma-contributo-do-programa-de-intercambio-de-estudantes-da-ue-para-a-empregabilidade-e-a-mobilidade-profissional\/\" \/>\n<meta property=\"og:locale\" content=\"en_US\" \/>\n<meta property=\"og:type\" content=\"article\" \/>\n<meta property=\"og:title\" content=\"Avalia\u00e7\u00e3o de Impacto Erasmus confirma contributo do programa de interc\u00e2mbio de estudantes da UE para a empregabilidade e a mobilidade profissional - Di\u00e1rio da Lagoa\" \/>\n<meta property=\"og:description\" content=\"Os jovens que estudam ou recebem forma\u00e7\u00e3o no estrangeiro n\u00e3o s\u00f3 adquirem conhecimentos em disciplinas espec\u00edficas como desenvolvem compet\u00eancias transversais que s\u00e3o muito apreciadas pelos empregadores. De acordo com um novo estudo sobre o impacto do programa da Uni\u00e3o Europeia de interc\u00e2mbio de estudantes Erasmus, os diplomados com experi\u00eancia internacional t\u00eam mais \u00eaxito no mercado [&hellip;]\" \/>\n<meta property=\"og:url\" content=\"https:\/\/diariodalagoa.pt\/en\/avaliacao-de-impacto-erasmus-confirma-contributo-do-programa-de-intercambio-de-estudantes-da-ue-para-a-empregabilidade-e-a-mobilidade-profissional\/\" \/>\n<meta property=\"og:site_name\" content=\"Di\u00e1rio da Lagoa\" \/>\n<meta property=\"article:published_time\" content=\"2014-09-22T13:25:15+00:00\" \/>\n<meta property=\"og:image\" content=\"https:\/\/diariodalagoa.pt\/wp-content\/uploads\/2014\/09\/erasmus-dados-europa.jpg\" \/>\n\t<meta property=\"og:image:width\" content=\"720\" \/>\n\t<meta property=\"og:image:height\" content=\"380\" \/>\n\t<meta property=\"og:image:type\" content=\"image\/jpeg\" \/>\n<meta name=\"author\" content=\"Di\u00e1rio da Lagoa\" \/>\n<meta name=\"twitter:card\" content=\"summary_large_image\" \/>\n<meta name=\"twitter:label1\" content=\"Written by\" \/>\n\t<meta name=\"twitter:data1\" content=\"Di\u00e1rio da Lagoa\" \/>\n\t<meta name=\"twitter:label2\" content=\"Est. reading time\" \/>\n\t<meta name=\"twitter:data2\" content=\"3 minutes\" \/>\n<script type=\"application\/ld+json\" class=\"yoast-schema-graph\">{\"@context\":\"https:\/\/schema.org\",\"@graph\":[{\"@type\":\"WebPage\",\"@id\":\"https:\/\/diariodalagoa.pt\/avaliacao-de-impacto-erasmus-confirma-contributo-do-programa-de-intercambio-de-estudantes-da-ue-para-a-empregabilidade-e-a-mobilidade-profissional\/\",\"url\":\"https:\/\/diariodalagoa.pt\/avaliacao-de-impacto-erasmus-confirma-contributo-do-programa-de-intercambio-de-estudantes-da-ue-para-a-empregabilidade-e-a-mobilidade-profissional\/\",\"name\":\"Avalia\u00e7\u00e3o de Impacto Erasmus confirma contributo do programa de interc\u00e2mbio de estudantes da UE para a empregabilidade e a mobilidade profissional - Di\u00e1rio da Lagoa\",\"isPartOf\":{\"@id\":\"https:\/\/diariodalagoa.pt\/#website\"},\"datePublished\":\"2014-09-22T13:25:15+00:00\",\"dateModified\":\"2014-09-22T13:25:15+00:00\",\"author\":{\"@id\":\"https:\/\/diariodalagoa.pt\/#\/schema\/person\/1615a002370e8857b6f972834bc43ece\"},\"breadcrumb\":{\"@id\":\"https:\/\/diariodalagoa.pt\/avaliacao-de-impacto-erasmus-confirma-contributo-do-programa-de-intercambio-de-estudantes-da-ue-para-a-empregabilidade-e-a-mobilidade-profissional\/#breadcrumb\"},\"inLanguage\":\"en-US\",\"potentialAction\":[{\"@type\":\"ReadAction\",\"target\":[\"https:\/\/diariodalagoa.pt\/avaliacao-de-impacto-erasmus-confirma-contributo-do-programa-de-intercambio-de-estudantes-da-ue-para-a-empregabilidade-e-a-mobilidade-profissional\/\"]}]},{\"@type\":\"BreadcrumbList\",\"@id\":\"https:\/\/diariodalagoa.pt\/avaliacao-de-impacto-erasmus-confirma-contributo-do-programa-de-intercambio-de-estudantes-da-ue-para-a-empregabilidade-e-a-mobilidade-profissional\/#breadcrumb\",\"itemListElement\":[{\"@type\":\"ListItem\",\"position\":1,\"name\":\"In\u00edcio\",\"item\":\"https:\/\/diariodalagoa.pt\/\"},{\"@type\":\"ListItem\",\"position\":2,\"name\":\"Avalia\u00e7\u00e3o de Impacto Erasmus confirma contributo do programa de interc\u00e2mbio de estudantes da UE para a empregabilidade e a mobilidade profissional\"}]},{\"@type\":\"WebSite\",\"@id\":\"https:\/\/diariodalagoa.pt\/#website\",\"url\":\"https:\/\/diariodalagoa.pt\/\",\"name\":\"Di\u00e1rio da Lagoa\",\"description\":\"Di\u00e1rio da Lagoa. As not\u00edcias que contam. A partir da Lagoa, nos A\u00e7ores, para o mundo.\",\"potentialAction\":[{\"@type\":\"SearchAction\",\"target\":{\"@type\":\"EntryPoint\",\"urlTemplate\":\"https:\/\/diariodalagoa.pt\/?s={search_term_string}\"},\"query-input\":\"required name=search_term_string\"}],\"inLanguage\":\"en-US\"},{\"@type\":\"Person\",\"@id\":\"https:\/\/diariodalagoa.pt\/#\/schema\/person\/1615a002370e8857b6f972834bc43ece\",\"name\":\"Di\u00e1rio da Lagoa\",\"image\":{\"@type\":\"ImageObject\",\"inLanguage\":\"en-US\",\"@id\":\"https:\/\/diariodalagoa.pt\/#\/schema\/person\/image\/\",\"url\":\"https:\/\/secure.gravatar.com\/avatar\/2cb5cef90a26f8fbd4d9d930608102c5?s=96&d=mm&r=g\",\"contentUrl\":\"https:\/\/secure.gravatar.com\/avatar\/2cb5cef90a26f8fbd4d9d930608102c5?s=96&d=mm&r=g\",\"caption\":\"Di\u00e1rio da Lagoa\"},\"url\":\"https:\/\/diariodalagoa.pt\/en\/author\/diariodalagoa\/\"}]}<\/script>\n<!-- \/ Yoast SEO plugin. -->","yoast_head_json":{"title":"Avalia\u00e7\u00e3o de Impacto Erasmus confirma contributo do programa de interc\u00e2mbio de estudantes da UE para a empregabilidade e a mobilidade profissional - Di\u00e1rio da Lagoa","robots":{"index":"index","follow":"follow","max-snippet":"max-snippet:-1","max-image-preview":"max-image-preview:large","max-video-preview":"max-video-preview:-1"},"canonical":"https:\/\/diariodalagoa.pt\/en\/avaliacao-de-impacto-erasmus-confirma-contributo-do-programa-de-intercambio-de-estudantes-da-ue-para-a-empregabilidade-e-a-mobilidade-profissional\/","og_locale":"en_US","og_type":"article","og_title":"Avalia\u00e7\u00e3o de Impacto Erasmus confirma contributo do programa de interc\u00e2mbio de estudantes da UE para a empregabilidade e a mobilidade profissional - Di\u00e1rio da Lagoa","og_description":"Os jovens que estudam ou recebem forma\u00e7\u00e3o no estrangeiro n\u00e3o s\u00f3 adquirem conhecimentos em disciplinas espec\u00edficas como desenvolvem compet\u00eancias transversais que s\u00e3o muito apreciadas pelos empregadores. De acordo com um novo estudo sobre o impacto do programa da Uni\u00e3o Europeia de interc\u00e2mbio de estudantes Erasmus, os diplomados com experi\u00eancia internacional t\u00eam mais \u00eaxito no mercado [&hellip;]","og_url":"https:\/\/diariodalagoa.pt\/en\/avaliacao-de-impacto-erasmus-confirma-contributo-do-programa-de-intercambio-de-estudantes-da-ue-para-a-empregabilidade-e-a-mobilidade-profissional\/","og_site_name":"Di\u00e1rio da Lagoa","article_published_time":"2014-09-22T13:25:15+00:00","og_image":[{"width":720,"height":380,"url":"https:\/\/diariodalagoa.pt\/wp-content\/uploads\/2014\/09\/erasmus-dados-europa.jpg","type":"image\/jpeg"}],"author":"Di\u00e1rio da Lagoa","twitter_card":"summary_large_image","twitter_misc":{"Written by":"Di\u00e1rio da Lagoa","Est. reading time":"3 minutes"},"schema":{"@context":"https:\/\/schema.org","@graph":[{"@type":"WebPage","@id":"https:\/\/diariodalagoa.pt\/avaliacao-de-impacto-erasmus-confirma-contributo-do-programa-de-intercambio-de-estudantes-da-ue-para-a-empregabilidade-e-a-mobilidade-profissional\/","url":"https:\/\/diariodalagoa.pt\/avaliacao-de-impacto-erasmus-confirma-contributo-do-programa-de-intercambio-de-estudantes-da-ue-para-a-empregabilidade-e-a-mobilidade-profissional\/","name":"Avalia\u00e7\u00e3o de Impacto Erasmus confirma contributo do programa de interc\u00e2mbio de estudantes da UE para a empregabilidade e a mobilidade profissional - Di\u00e1rio da Lagoa","isPartOf":{"@id":"https:\/\/diariodalagoa.pt\/#website"},"datePublished":"2014-09-22T13:25:15+00:00","dateModified":"2014-09-22T13:25:15+00:00","author":{"@id":"https:\/\/diariodalagoa.pt\/#\/schema\/person\/1615a002370e8857b6f972834bc43ece"},"breadcrumb":{"@id":"https:\/\/diariodalagoa.pt\/avaliacao-de-impacto-erasmus-confirma-contributo-do-programa-de-intercambio-de-estudantes-da-ue-para-a-empregabilidade-e-a-mobilidade-profissional\/#breadcrumb"},"inLanguage":"en-US","potentialAction":[{"@type":"ReadAction","target":["https:\/\/diariodalagoa.pt\/avaliacao-de-impacto-erasmus-confirma-contributo-do-programa-de-intercambio-de-estudantes-da-ue-para-a-empregabilidade-e-a-mobilidade-profissional\/"]}]},{"@type":"BreadcrumbList","@id":"https:\/\/diariodalagoa.pt\/avaliacao-de-impacto-erasmus-confirma-contributo-do-programa-de-intercambio-de-estudantes-da-ue-para-a-empregabilidade-e-a-mobilidade-profissional\/#breadcrumb","itemListElement":[{"@type":"ListItem","position":1,"name":"In\u00edcio","item":"https:\/\/diariodalagoa.pt\/"},{"@type":"ListItem","position":2,"name":"Avalia\u00e7\u00e3o de Impacto Erasmus confirma contributo do programa de interc\u00e2mbio de estudantes da UE para a empregabilidade e a mobilidade profissional"}]},{"@type":"WebSite","@id":"https:\/\/diariodalagoa.pt\/#website","url":"https:\/\/diariodalagoa.pt\/","name":"Di\u00e1rio da Lagoa","description":"Di\u00e1rio da Lagoa. As not\u00edcias que contam. A partir da Lagoa, nos A\u00e7ores, para o mundo.","potentialAction":[{"@type":"SearchAction","target":{"@type":"EntryPoint","urlTemplate":"https:\/\/diariodalagoa.pt\/?s={search_term_string}"},"query-input":"required name=search_term_string"}],"inLanguage":"en-US"},{"@type":"Person","@id":"https:\/\/diariodalagoa.pt\/#\/schema\/person\/1615a002370e8857b6f972834bc43ece","name":"Di\u00e1rio da Lagoa","image":{"@type":"ImageObject","inLanguage":"en-US","@id":"https:\/\/diariodalagoa.pt\/#\/schema\/person\/image\/","url":"https:\/\/secure.gravatar.com\/avatar\/2cb5cef90a26f8fbd4d9d930608102c5?s=96&d=mm&r=g","contentUrl":"https:\/\/secure.gravatar.com\/avatar\/2cb5cef90a26f8fbd4d9d930608102c5?s=96&d=mm&r=g","caption":"Di\u00e1rio da Lagoa"},"url":"https:\/\/diariodalagoa.pt\/en\/author\/diariodalagoa\/"}]}},"_links":{"self":[{"href":"https:\/\/diariodalagoa.pt\/en\/wp-json\/wp\/v2\/posts\/9295"}],"collection":[{"href":"https:\/\/diariodalagoa.pt\/en\/wp-json\/wp\/v2\/posts"}],"about":[{"href":"https:\/\/diariodalagoa.pt\/en\/wp-json\/wp\/v2\/types\/post"}],"author":[{"embeddable":true,"href":"https:\/\/diariodalagoa.pt\/en\/wp-json\/wp\/v2\/users\/2"}],"replies":[{"embeddable":true,"href":"https:\/\/diariodalagoa.pt\/en\/wp-json\/wp\/v2\/comments?post=9295"}],"version-history":[{"count":0,"href":"https:\/\/diariodalagoa.pt\/en\/wp-json\/wp\/v2\/posts\/9295\/revisions"}],"wp:featuredmedia":[{"embeddable":true,"href":"https:\/\/diariodalagoa.pt\/en\/wp-json\/wp\/v2\/media\/121785"}],"wp:attachment":[{"href":"https:\/\/diariodalagoa.pt\/en\/wp-json\/wp\/v2\/media?parent=9295"}],"wp:term":[{"taxonomy":"category","embeddable":true,"href":"https:\/\/diariodalagoa.pt\/en\/wp-json\/wp\/v2\/categories?post=9295"},{"taxonomy":"post_tag","embeddable":true,"href":"https:\/\/diariodalagoa.pt\/en\/wp-json\/wp\/v2\/tags?post=9295"}],"curies":[{"name":"wp","href":"https:\/\/api.w.org\/{rel}","templated":true}]}}