{"id":92428,"date":"2021-04-21T17:42:43","date_gmt":"2021-04-21T17:42:43","guid":{"rendered":"https:\/\/diariodalagoa.sapo.pt\/?p=92428"},"modified":"2025-05-21T00:26:31","modified_gmt":"2025-05-21T00:26:31","slug":"santa-clara-e-moreirense-empatam-e-continuam-separados-por-um-ponto","status":"publish","type":"post","link":"https:\/\/diariodalagoa.pt\/en\/santa-clara-e-moreirense-empatam-e-continuam-separados-por-um-ponto\/","title":{"rendered":"Santa Clara e Moreirense empatam e continuam separados por um ponto"},"content":{"rendered":"<figure class=\"wp-block-image size-large\"><img decoding=\"async\" src=\"https:\/\/diariodalagoa.sapo.pt\/wp-content\/uploads\/2020\/10\/Estadio-de-Sao-Miguel_DL.jpg\" alt=\"\" class=\"wp-image-86715\"\/><figcaption><sup><span class=\"has-inline-color has-cyan-bluish-gray-color\">\u00a9\u00a0DL<\/span><\/sup><\/figcaption><\/figure>\n\n\n<p>Santa Clara e Moreirense empataram hoje a 0-0, em jogo da 28.\u00aa jornada da I Liga de futebol, disputado nos A\u00e7ores, com a equipa a\u00e7oriana a n\u00e3o conseguir concretizar as oportunidades criadas, principalmente no primeiro tempo.<\/p>\n<p class=\"text-paragraph\">Durante a primeira parte, o Santa Clara mostrou-se sempre mais perigoso, instalando-se no meio-campo do Moreirense, mas mostrou-se sempre perdul\u00e1rio no momento de rematar \u00e0 baliza de Mateus Pasinato, que teve uma tarde de muito trabalho.<\/p>\n<p class=\"text-paragraph\">A equipa de Vasco Seabra, com Rafael Martins muito desacompanhado na frente de ataque, chegava \u00e0 grande \u00e1rea dos \u2018encarnados\u2019 de Ponta Delgada apenas em lances de bola parada, facilmente resolvidos pela defesa encarnada.<\/p>\n<p class=\"text-paragraph\">Carlos J\u00fanior, aos 16 minutos, desperdi\u00e7ou uma das melhores oportunidades de golo para o Santa Clara, quando, na sequ\u00eancia de um bom cruzamento da esquerda de Allano, n\u00e3o conseguiu desviar a bola de Pasinato.<\/p>\n<p class=\"text-paragraph\">Ao longo do primeiro tempo, a forma\u00e7\u00e3o de Daniel Ramos poderia ter inaugurado o marcador por diversas vezes, atrav\u00e9s de lances r\u00e1pidos pelos corredores laterais, mas Carlos J\u00fanior, Cryzan e Allano nunca conseguiram encontrar o melhor caminho para a baliza do Moreirense.<\/p>\n<p class=\"text-paragraph\">Apesar do maior dom\u00ednio do Santa Clara, o Moreirense podia ter sa\u00eddo em vantagem para o intervalo, mas Rafael Martins, pressionado pelo central F\u00e1bio Cardoso, desperdi\u00e7ou a \u00fanica verdadeira oportunidade de golo de todo o primeiro tempo.<\/p>\n<p class=\"text-paragraph\">Na segunda parte, o Moreirense conseguiu equilibrar um pouco mais o jogo, chegando como maior perigo \u00e0 baliza contr\u00e1ria, mas foi o Santa Clara que continuou a criar as ocasi\u00f5es mais flagrantes de golo.<\/p>\n<p class=\"text-paragraph\">Aos 74 minutos, a equipa a\u00e7oriana viu mesmo um golo de Carlos J\u00fanior ser anulado, depois do \u00e1rbitro V\u00edtor Ferreira ter confirmado nas imagens do v\u00eddeo-\u00e1rbitro uma falta de Alano sobre Walterson no in\u00edcio da jogada.<\/p>\n<p class=\"text-paragraph\">At\u00e9 final do encontro, as duas equipas procuraram sempre o golo, mas as defesas conseguiram, com mais ou menos dificuldades, ir anulando as v\u00e1rias ofensivas, o que permitiu \u00e0s duas equipas a reparti\u00e7\u00e3o de pontos no est\u00e1dio de S\u00e3o Miguel.<\/p>\n<p style=\"text-align: right;\">Lusa\/ DL<\/p>","protected":false},"excerpt":{"rendered":"<p>Santa Clara e Moreirense empataram hoje a 0-0, em jogo da 28.\u00aa jornada da I Liga de futebol, disputado nos A\u00e7ores, com a equipa a\u00e7oriana a n\u00e3o conseguir concretizar as oportunidades criadas, principalmente no primeiro tempo. Durante a primeira parte, o Santa Clara mostrou-se sempre mais perigoso, instalando-se no meio-campo do Moreirense, mas mostrou-se sempre [&hellip;]<\/p>","protected":false},"author":2,"featured_media":122772,"comment_status":"open","ping_status":"closed","sticky":false,"template":"","format":"standard","meta":[],"categories":[21],"tags":[],"acf":[],"yoast_head":"<!-- This site is optimized with the Yoast SEO plugin v20.10 - https:\/\/yoast.com\/wordpress\/plugins\/seo\/ -->\n<title>Santa Clara e Moreirense empatam e continuam separados por um ponto - Di\u00e1rio da Lagoa<\/title>\n<meta name=\"robots\" content=\"index, follow, max-snippet:-1, max-image-preview:large, max-video-preview:-1\" \/>\n<link rel=\"canonical\" href=\"https:\/\/diariodalagoa.pt\/en\/santa-clara-e-moreirense-empatam-e-continuam-separados-por-um-ponto\/\" \/>\n<meta property=\"og:locale\" content=\"en_US\" \/>\n<meta property=\"og:type\" content=\"article\" \/>\n<meta property=\"og:title\" content=\"Santa Clara e Moreirense empatam e continuam separados por um ponto - Di\u00e1rio da Lagoa\" \/>\n<meta property=\"og:description\" content=\"Santa Clara e Moreirense empataram hoje a 0-0, em jogo da 28.\u00aa jornada da I Liga de futebol, disputado nos A\u00e7ores, com a equipa a\u00e7oriana a n\u00e3o conseguir concretizar as oportunidades criadas, principalmente no primeiro tempo. Durante a primeira parte, o Santa Clara mostrou-se sempre mais perigoso, instalando-se no meio-campo do Moreirense, mas mostrou-se sempre [&hellip;]\" \/>\n<meta property=\"og:url\" content=\"https:\/\/diariodalagoa.pt\/en\/santa-clara-e-moreirense-empatam-e-continuam-separados-por-um-ponto\/\" \/>\n<meta property=\"og:site_name\" content=\"Di\u00e1rio da Lagoa\" \/>\n<meta property=\"article:published_time\" content=\"2021-04-21T17:42:43+00:00\" \/>\n<meta property=\"article:modified_time\" content=\"2025-05-21T00:26:31+00:00\" \/>\n<meta property=\"og:image\" content=\"https:\/\/diariodalagoa.pt\/wp-content\/uploads\/2021\/04\/estadio-de-sao-miguel-dl.jpg\" \/>\n\t<meta property=\"og:image:width\" content=\"960\" \/>\n\t<meta property=\"og:image:height\" content=\"720\" \/>\n\t<meta property=\"og:image:type\" content=\"image\/jpeg\" \/>\n<meta name=\"author\" content=\"Di\u00e1rio da Lagoa\" \/>\n<meta name=\"twitter:card\" content=\"summary_large_image\" \/>\n<meta name=\"twitter:label1\" content=\"Written by\" \/>\n\t<meta name=\"twitter:data1\" content=\"Di\u00e1rio da Lagoa\" \/>\n\t<meta name=\"twitter:label2\" content=\"Est. reading time\" \/>\n\t<meta name=\"twitter:data2\" content=\"2 minutes\" \/>\n<script type=\"application\/ld+json\" class=\"yoast-schema-graph\">{\"@context\":\"https:\/\/schema.org\",\"@graph\":[{\"@type\":\"WebPage\",\"@id\":\"https:\/\/diariodalagoa.pt\/santa-clara-e-moreirense-empatam-e-continuam-separados-por-um-ponto\/\",\"url\":\"https:\/\/diariodalagoa.pt\/santa-clara-e-moreirense-empatam-e-continuam-separados-por-um-ponto\/\",\"name\":\"Santa Clara e Moreirense empatam e continuam separados por um ponto - Di\u00e1rio da Lagoa\",\"isPartOf\":{\"@id\":\"https:\/\/diariodalagoa.pt\/#website\"},\"datePublished\":\"2021-04-21T17:42:43+00:00\",\"dateModified\":\"2025-05-21T00:26:31+00:00\",\"author\":{\"@id\":\"https:\/\/diariodalagoa.pt\/#\/schema\/person\/1615a002370e8857b6f972834bc43ece\"},\"breadcrumb\":{\"@id\":\"https:\/\/diariodalagoa.pt\/santa-clara-e-moreirense-empatam-e-continuam-separados-por-um-ponto\/#breadcrumb\"},\"inLanguage\":\"en-US\",\"potentialAction\":[{\"@type\":\"ReadAction\",\"target\":[\"https:\/\/diariodalagoa.pt\/santa-clara-e-moreirense-empatam-e-continuam-separados-por-um-ponto\/\"]}]},{\"@type\":\"BreadcrumbList\",\"@id\":\"https:\/\/diariodalagoa.pt\/santa-clara-e-moreirense-empatam-e-continuam-separados-por-um-ponto\/#breadcrumb\",\"itemListElement\":[{\"@type\":\"ListItem\",\"position\":1,\"name\":\"In\u00edcio\",\"item\":\"https:\/\/diariodalagoa.pt\/\"},{\"@type\":\"ListItem\",\"position\":2,\"name\":\"Santa Clara e Moreirense empatam e continuam separados por um ponto\"}]},{\"@type\":\"WebSite\",\"@id\":\"https:\/\/diariodalagoa.pt\/#website\",\"url\":\"https:\/\/diariodalagoa.pt\/\",\"name\":\"Di\u00e1rio da Lagoa\",\"description\":\"Di\u00e1rio da Lagoa. As not\u00edcias que contam. A partir da Lagoa, nos A\u00e7ores, para o mundo.\",\"potentialAction\":[{\"@type\":\"SearchAction\",\"target\":{\"@type\":\"EntryPoint\",\"urlTemplate\":\"https:\/\/diariodalagoa.pt\/?s={search_term_string}\"},\"query-input\":\"required name=search_term_string\"}],\"inLanguage\":\"en-US\"},{\"@type\":\"Person\",\"@id\":\"https:\/\/diariodalagoa.pt\/#\/schema\/person\/1615a002370e8857b6f972834bc43ece\",\"name\":\"Di\u00e1rio da Lagoa\",\"image\":{\"@type\":\"ImageObject\",\"inLanguage\":\"en-US\",\"@id\":\"https:\/\/diariodalagoa.pt\/#\/schema\/person\/image\/\",\"url\":\"https:\/\/secure.gravatar.com\/avatar\/2cb5cef90a26f8fbd4d9d930608102c5?s=96&d=mm&r=g\",\"contentUrl\":\"https:\/\/secure.gravatar.com\/avatar\/2cb5cef90a26f8fbd4d9d930608102c5?s=96&d=mm&r=g\",\"caption\":\"Di\u00e1rio da Lagoa\"},\"url\":\"https:\/\/diariodalagoa.pt\/en\/author\/diariodalagoa\/\"}]}<\/script>\n<!-- \/ Yoast SEO plugin. -->","yoast_head_json":{"title":"Santa Clara e Moreirense empatam e continuam separados por um ponto - Di\u00e1rio da Lagoa","robots":{"index":"index","follow":"follow","max-snippet":"max-snippet:-1","max-image-preview":"max-image-preview:large","max-video-preview":"max-video-preview:-1"},"canonical":"https:\/\/diariodalagoa.pt\/en\/santa-clara-e-moreirense-empatam-e-continuam-separados-por-um-ponto\/","og_locale":"en_US","og_type":"article","og_title":"Santa Clara e Moreirense empatam e continuam separados por um ponto - Di\u00e1rio da Lagoa","og_description":"Santa Clara e Moreirense empataram hoje a 0-0, em jogo da 28.\u00aa jornada da I Liga de futebol, disputado nos A\u00e7ores, com a equipa a\u00e7oriana a n\u00e3o conseguir concretizar as oportunidades criadas, principalmente no primeiro tempo. Durante a primeira parte, o Santa Clara mostrou-se sempre mais perigoso, instalando-se no meio-campo do Moreirense, mas mostrou-se sempre [&hellip;]","og_url":"https:\/\/diariodalagoa.pt\/en\/santa-clara-e-moreirense-empatam-e-continuam-separados-por-um-ponto\/","og_site_name":"Di\u00e1rio da Lagoa","article_published_time":"2021-04-21T17:42:43+00:00","article_modified_time":"2025-05-21T00:26:31+00:00","og_image":[{"width":960,"height":720,"url":"https:\/\/diariodalagoa.pt\/wp-content\/uploads\/2021\/04\/estadio-de-sao-miguel-dl.jpg","type":"image\/jpeg"}],"author":"Di\u00e1rio da Lagoa","twitter_card":"summary_large_image","twitter_misc":{"Written by":"Di\u00e1rio da Lagoa","Est. reading time":"2 minutes"},"schema":{"@context":"https:\/\/schema.org","@graph":[{"@type":"WebPage","@id":"https:\/\/diariodalagoa.pt\/santa-clara-e-moreirense-empatam-e-continuam-separados-por-um-ponto\/","url":"https:\/\/diariodalagoa.pt\/santa-clara-e-moreirense-empatam-e-continuam-separados-por-um-ponto\/","name":"Santa Clara e Moreirense empatam e continuam separados por um ponto - Di\u00e1rio da Lagoa","isPartOf":{"@id":"https:\/\/diariodalagoa.pt\/#website"},"datePublished":"2021-04-21T17:42:43+00:00","dateModified":"2025-05-21T00:26:31+00:00","author":{"@id":"https:\/\/diariodalagoa.pt\/#\/schema\/person\/1615a002370e8857b6f972834bc43ece"},"breadcrumb":{"@id":"https:\/\/diariodalagoa.pt\/santa-clara-e-moreirense-empatam-e-continuam-separados-por-um-ponto\/#breadcrumb"},"inLanguage":"en-US","potentialAction":[{"@type":"ReadAction","target":["https:\/\/diariodalagoa.pt\/santa-clara-e-moreirense-empatam-e-continuam-separados-por-um-ponto\/"]}]},{"@type":"BreadcrumbList","@id":"https:\/\/diariodalagoa.pt\/santa-clara-e-moreirense-empatam-e-continuam-separados-por-um-ponto\/#breadcrumb","itemListElement":[{"@type":"ListItem","position":1,"name":"In\u00edcio","item":"https:\/\/diariodalagoa.pt\/"},{"@type":"ListItem","position":2,"name":"Santa Clara e Moreirense empatam e continuam separados por um ponto"}]},{"@type":"WebSite","@id":"https:\/\/diariodalagoa.pt\/#website","url":"https:\/\/diariodalagoa.pt\/","name":"Di\u00e1rio da Lagoa","description":"Di\u00e1rio da Lagoa. As not\u00edcias que contam. A partir da Lagoa, nos A\u00e7ores, para o mundo.","potentialAction":[{"@type":"SearchAction","target":{"@type":"EntryPoint","urlTemplate":"https:\/\/diariodalagoa.pt\/?s={search_term_string}"},"query-input":"required name=search_term_string"}],"inLanguage":"en-US"},{"@type":"Person","@id":"https:\/\/diariodalagoa.pt\/#\/schema\/person\/1615a002370e8857b6f972834bc43ece","name":"Di\u00e1rio da Lagoa","image":{"@type":"ImageObject","inLanguage":"en-US","@id":"https:\/\/diariodalagoa.pt\/#\/schema\/person\/image\/","url":"https:\/\/secure.gravatar.com\/avatar\/2cb5cef90a26f8fbd4d9d930608102c5?s=96&d=mm&r=g","contentUrl":"https:\/\/secure.gravatar.com\/avatar\/2cb5cef90a26f8fbd4d9d930608102c5?s=96&d=mm&r=g","caption":"Di\u00e1rio da Lagoa"},"url":"https:\/\/diariodalagoa.pt\/en\/author\/diariodalagoa\/"}]}},"_links":{"self":[{"href":"https:\/\/diariodalagoa.pt\/en\/wp-json\/wp\/v2\/posts\/92428"}],"collection":[{"href":"https:\/\/diariodalagoa.pt\/en\/wp-json\/wp\/v2\/posts"}],"about":[{"href":"https:\/\/diariodalagoa.pt\/en\/wp-json\/wp\/v2\/types\/post"}],"author":[{"embeddable":true,"href":"https:\/\/diariodalagoa.pt\/en\/wp-json\/wp\/v2\/users\/2"}],"replies":[{"embeddable":true,"href":"https:\/\/diariodalagoa.pt\/en\/wp-json\/wp\/v2\/comments?post=92428"}],"version-history":[{"count":1,"href":"https:\/\/diariodalagoa.pt\/en\/wp-json\/wp\/v2\/posts\/92428\/revisions"}],"predecessor-version":[{"id":134859,"href":"https:\/\/diariodalagoa.pt\/en\/wp-json\/wp\/v2\/posts\/92428\/revisions\/134859"}],"wp:featuredmedia":[{"embeddable":true,"href":"https:\/\/diariodalagoa.pt\/en\/wp-json\/wp\/v2\/media\/122772"}],"wp:attachment":[{"href":"https:\/\/diariodalagoa.pt\/en\/wp-json\/wp\/v2\/media?parent=92428"}],"wp:term":[{"taxonomy":"category","embeddable":true,"href":"https:\/\/diariodalagoa.pt\/en\/wp-json\/wp\/v2\/categories?post=92428"},{"taxonomy":"post_tag","embeddable":true,"href":"https:\/\/diariodalagoa.pt\/en\/wp-json\/wp\/v2\/tags?post=92428"}],"curies":[{"name":"wp","href":"https:\/\/api.w.org\/{rel}","templated":true}]}}