{"id":9178,"date":"2014-09-18T16:16:49","date_gmt":"2014-09-18T17:16:49","guid":{"rendered":"http:\/\/diariodalagoa.pt\/?p=9178"},"modified":"2014-09-18T16:16:49","modified_gmt":"2014-09-18T17:16:49","slug":"srea-promove-realizacao-das-vi-jornadas-ibero-atlanticas-de-estatistica","status":"publish","type":"post","link":"https:\/\/diariodalagoa.pt\/en\/srea-promove-realizacao-das-vi-jornadas-ibero-atlanticas-de-estatistica\/","title":{"rendered":"SREA promove realiza\u00e7\u00e3o das VI Jornadas Ibero-Atl\u00e2nticas de Estat\u00edstica"},"content":{"rendered":"<p style=\"text-align: justify;\"><img decoding=\"async\" class=\"alignnone size-full wp-image-9179\" src=\"http:\/\/diariodalagoa.pt\/wp-content\/uploads\/2014\/09\/SREA-estatistica-servi\u00e7o-regional-a\u00e7ores-site.jpg\" alt=\"SREA-estatistica-servi\u00e7o-regional-a\u00e7ores-site\" width=\"720\" height=\"380\" \/><\/p>\n<p style=\"text-align: justify;\"><span style=\"color: #000000;\">O Servi\u00e7o Regional de Estat\u00edstica dos A\u00e7ores (SREA) promove a realiza\u00e7\u00e3o, a 22 e 23 de setembro, em Angra do Hero\u00edsmo, das VI Jornadas Ibero-Atl\u00e2nticas de Estat\u00edstica, que re\u00fanem representantes de entidades produtoras de estat\u00edstica nacionais e estrangeiras.\u00a0<\/span><\/p>\n<p style=\"text-align: justify;\"><span style=\"color: #000000;\">O SREA, organismo dependente da Vice-Presid\u00eancia do Governo dos A\u00e7ores, pretende com estas jornadas consolidar o seu papel enquanto entidade difusora de informa\u00e7\u00e3o estat\u00edstica oficial de qualidade, contribuindo para a cidadania e para o desenvolvimento de uma sociedade do conhecimento e em mudan\u00e7a, ao mesmo tempo que procura refor\u00e7ar o esp\u00edrito de coopera\u00e7\u00e3o j\u00e1 existente com entidades externas\u00a0\u00e0 Regi\u00e3o.\u00a0<\/span><\/p>\n<p style=\"text-align: justify;\"><span style=\"color: #000000;\">Nas\u00a0jornadas anteriores foram v\u00e1rios os institutos de estat\u00edstica das regi\u00f5es peninsulares e atl\u00e2nticas de Portugal e Espanha que estiveram nos A\u00e7ores para, atrav\u00e9s da partilha e confronto de diferentes realidades e experi\u00eancias, fazer uma reflex\u00e3o e debate sobre a produ\u00e7\u00e3o e difus\u00e3o de estat\u00edsticas de \u00e2mbito regional, uma realidade h\u00e1 muito reconhecida pelo Parlamento Europeu e pelo Conselho da Uni\u00e3o Europeia, que declararam as estat\u00edsticas regionais como a pedra angular do sistema estat\u00edstico europeu.\u00a0<\/span><\/p>\n<p style=\"text-align: justify;\"><span style=\"color: #000000;\">A sexta edi\u00e7\u00e3o das Jornadas Ibero-Atl\u00e2nticas tem como tema principal \u201cA Estat\u00edstica e a Economia do Mar\u201d e conta com a participa\u00e7\u00e3o do Instituto de Estat\u00edstica das Can\u00e1rias (ISTAC), parceiro em diversos projetos da Uni\u00e3o Europeia, assim como das autoridades estat\u00edsticas integrantes do Sistema Estat\u00edstico Nacional, designadamente o Instituto Nacional de Estat\u00edstica, o Banco de Portugal e a Dire\u00e7\u00e3o Regional de Estat\u00edstica da Madeira, para al\u00e9m do SREA.<\/span><\/p>\n<p style=\"text-align: justify;\"><span style=\"color: #000000;\"><em>DL\/GaCS<\/em><\/span><\/p>","protected":false},"excerpt":{"rendered":"<p>O Servi\u00e7o Regional de Estat\u00edstica dos A\u00e7ores (SREA) promove a realiza\u00e7\u00e3o, a 22 e 23 de setembro, em Angra do Hero\u00edsmo, das VI Jornadas Ibero-Atl\u00e2nticas de Estat\u00edstica, que re\u00fanem representantes de entidades produtoras de estat\u00edstica nacionais e estrangeiras.\u00a0 O SREA, organismo dependente da Vice-Presid\u00eancia do Governo dos A\u00e7ores, pretende com estas jornadas consolidar o seu [&hellip;]<\/p>","protected":false},"author":2,"featured_media":0,"comment_status":"open","ping_status":"open","sticky":false,"template":"","format":"standard","meta":[],"categories":[21],"tags":[],"acf":[],"yoast_head":"<!-- This site is optimized with the Yoast SEO plugin v20.10 - https:\/\/yoast.com\/wordpress\/plugins\/seo\/ -->\n<title>SREA promove realiza\u00e7\u00e3o das VI Jornadas Ibero-Atl\u00e2nticas de Estat\u00edstica - Di\u00e1rio da Lagoa<\/title>\n<meta name=\"robots\" content=\"index, follow, max-snippet:-1, max-image-preview:large, max-video-preview:-1\" \/>\n<link rel=\"canonical\" href=\"https:\/\/diariodalagoa.pt\/en\/srea-promove-realizacao-das-vi-jornadas-ibero-atlanticas-de-estatistica\/\" \/>\n<meta property=\"og:locale\" content=\"en_US\" \/>\n<meta property=\"og:type\" content=\"article\" \/>\n<meta property=\"og:title\" content=\"SREA promove realiza\u00e7\u00e3o das VI Jornadas Ibero-Atl\u00e2nticas de Estat\u00edstica - Di\u00e1rio da Lagoa\" \/>\n<meta property=\"og:description\" content=\"O Servi\u00e7o Regional de Estat\u00edstica dos A\u00e7ores (SREA) promove a realiza\u00e7\u00e3o, a 22 e 23 de setembro, em Angra do Hero\u00edsmo, das VI Jornadas Ibero-Atl\u00e2nticas de Estat\u00edstica, que re\u00fanem representantes de entidades produtoras de estat\u00edstica nacionais e estrangeiras.\u00a0 O SREA, organismo dependente da Vice-Presid\u00eancia do Governo dos A\u00e7ores, pretende com estas jornadas consolidar o seu [&hellip;]\" \/>\n<meta property=\"og:url\" content=\"https:\/\/diariodalagoa.pt\/en\/srea-promove-realizacao-das-vi-jornadas-ibero-atlanticas-de-estatistica\/\" \/>\n<meta property=\"og:site_name\" content=\"Di\u00e1rio da Lagoa\" \/>\n<meta property=\"article:published_time\" content=\"2014-09-18T17:16:49+00:00\" \/>\n<meta name=\"author\" content=\"Di\u00e1rio da Lagoa\" \/>\n<meta name=\"twitter:card\" content=\"summary_large_image\" \/>\n<meta name=\"twitter:label1\" content=\"Written by\" \/>\n\t<meta name=\"twitter:data1\" content=\"Di\u00e1rio da Lagoa\" \/>\n\t<meta name=\"twitter:label2\" content=\"Est. reading time\" \/>\n\t<meta name=\"twitter:data2\" content=\"1 minute\" \/>\n<script type=\"application\/ld+json\" class=\"yoast-schema-graph\">{\"@context\":\"https:\/\/schema.org\",\"@graph\":[{\"@type\":\"WebPage\",\"@id\":\"https:\/\/diariodalagoa.pt\/srea-promove-realizacao-das-vi-jornadas-ibero-atlanticas-de-estatistica\/\",\"url\":\"https:\/\/diariodalagoa.pt\/srea-promove-realizacao-das-vi-jornadas-ibero-atlanticas-de-estatistica\/\",\"name\":\"SREA promove realiza\u00e7\u00e3o das VI Jornadas Ibero-Atl\u00e2nticas de Estat\u00edstica - Di\u00e1rio da Lagoa\",\"isPartOf\":{\"@id\":\"https:\/\/diariodalagoa.pt\/#website\"},\"datePublished\":\"2014-09-18T17:16:49+00:00\",\"dateModified\":\"2014-09-18T17:16:49+00:00\",\"author\":{\"@id\":\"https:\/\/diariodalagoa.pt\/#\/schema\/person\/1615a002370e8857b6f972834bc43ece\"},\"breadcrumb\":{\"@id\":\"https:\/\/diariodalagoa.pt\/srea-promove-realizacao-das-vi-jornadas-ibero-atlanticas-de-estatistica\/#breadcrumb\"},\"inLanguage\":\"en-US\",\"potentialAction\":[{\"@type\":\"ReadAction\",\"target\":[\"https:\/\/diariodalagoa.pt\/srea-promove-realizacao-das-vi-jornadas-ibero-atlanticas-de-estatistica\/\"]}]},{\"@type\":\"BreadcrumbList\",\"@id\":\"https:\/\/diariodalagoa.pt\/srea-promove-realizacao-das-vi-jornadas-ibero-atlanticas-de-estatistica\/#breadcrumb\",\"itemListElement\":[{\"@type\":\"ListItem\",\"position\":1,\"name\":\"In\u00edcio\",\"item\":\"https:\/\/diariodalagoa.pt\/\"},{\"@type\":\"ListItem\",\"position\":2,\"name\":\"SREA promove realiza\u00e7\u00e3o das VI Jornadas Ibero-Atl\u00e2nticas de Estat\u00edstica\"}]},{\"@type\":\"WebSite\",\"@id\":\"https:\/\/diariodalagoa.pt\/#website\",\"url\":\"https:\/\/diariodalagoa.pt\/\",\"name\":\"Di\u00e1rio da Lagoa\",\"description\":\"Di\u00e1rio da Lagoa. As not\u00edcias que contam. A partir da Lagoa, nos A\u00e7ores, para o mundo.\",\"potentialAction\":[{\"@type\":\"SearchAction\",\"target\":{\"@type\":\"EntryPoint\",\"urlTemplate\":\"https:\/\/diariodalagoa.pt\/?s={search_term_string}\"},\"query-input\":\"required name=search_term_string\"}],\"inLanguage\":\"en-US\"},{\"@type\":\"Person\",\"@id\":\"https:\/\/diariodalagoa.pt\/#\/schema\/person\/1615a002370e8857b6f972834bc43ece\",\"name\":\"Di\u00e1rio da Lagoa\",\"image\":{\"@type\":\"ImageObject\",\"inLanguage\":\"en-US\",\"@id\":\"https:\/\/diariodalagoa.pt\/#\/schema\/person\/image\/\",\"url\":\"https:\/\/secure.gravatar.com\/avatar\/2cb5cef90a26f8fbd4d9d930608102c5?s=96&d=mm&r=g\",\"contentUrl\":\"https:\/\/secure.gravatar.com\/avatar\/2cb5cef90a26f8fbd4d9d930608102c5?s=96&d=mm&r=g\",\"caption\":\"Di\u00e1rio da Lagoa\"},\"url\":\"https:\/\/diariodalagoa.pt\/en\/author\/diariodalagoa\/\"}]}<\/script>\n<!-- \/ Yoast SEO plugin. -->","yoast_head_json":{"title":"SREA promove realiza\u00e7\u00e3o das VI Jornadas Ibero-Atl\u00e2nticas de Estat\u00edstica - Di\u00e1rio da Lagoa","robots":{"index":"index","follow":"follow","max-snippet":"max-snippet:-1","max-image-preview":"max-image-preview:large","max-video-preview":"max-video-preview:-1"},"canonical":"https:\/\/diariodalagoa.pt\/en\/srea-promove-realizacao-das-vi-jornadas-ibero-atlanticas-de-estatistica\/","og_locale":"en_US","og_type":"article","og_title":"SREA promove realiza\u00e7\u00e3o das VI Jornadas Ibero-Atl\u00e2nticas de Estat\u00edstica - Di\u00e1rio da Lagoa","og_description":"O Servi\u00e7o Regional de Estat\u00edstica dos A\u00e7ores (SREA) promove a realiza\u00e7\u00e3o, a 22 e 23 de setembro, em Angra do Hero\u00edsmo, das VI Jornadas Ibero-Atl\u00e2nticas de Estat\u00edstica, que re\u00fanem representantes de entidades produtoras de estat\u00edstica nacionais e estrangeiras.\u00a0 O SREA, organismo dependente da Vice-Presid\u00eancia do Governo dos A\u00e7ores, pretende com estas jornadas consolidar o seu [&hellip;]","og_url":"https:\/\/diariodalagoa.pt\/en\/srea-promove-realizacao-das-vi-jornadas-ibero-atlanticas-de-estatistica\/","og_site_name":"Di\u00e1rio da Lagoa","article_published_time":"2014-09-18T17:16:49+00:00","author":"Di\u00e1rio da Lagoa","twitter_card":"summary_large_image","twitter_misc":{"Written by":"Di\u00e1rio da Lagoa","Est. reading time":"1 minute"},"schema":{"@context":"https:\/\/schema.org","@graph":[{"@type":"WebPage","@id":"https:\/\/diariodalagoa.pt\/srea-promove-realizacao-das-vi-jornadas-ibero-atlanticas-de-estatistica\/","url":"https:\/\/diariodalagoa.pt\/srea-promove-realizacao-das-vi-jornadas-ibero-atlanticas-de-estatistica\/","name":"SREA promove realiza\u00e7\u00e3o das VI Jornadas Ibero-Atl\u00e2nticas de Estat\u00edstica - Di\u00e1rio da Lagoa","isPartOf":{"@id":"https:\/\/diariodalagoa.pt\/#website"},"datePublished":"2014-09-18T17:16:49+00:00","dateModified":"2014-09-18T17:16:49+00:00","author":{"@id":"https:\/\/diariodalagoa.pt\/#\/schema\/person\/1615a002370e8857b6f972834bc43ece"},"breadcrumb":{"@id":"https:\/\/diariodalagoa.pt\/srea-promove-realizacao-das-vi-jornadas-ibero-atlanticas-de-estatistica\/#breadcrumb"},"inLanguage":"en-US","potentialAction":[{"@type":"ReadAction","target":["https:\/\/diariodalagoa.pt\/srea-promove-realizacao-das-vi-jornadas-ibero-atlanticas-de-estatistica\/"]}]},{"@type":"BreadcrumbList","@id":"https:\/\/diariodalagoa.pt\/srea-promove-realizacao-das-vi-jornadas-ibero-atlanticas-de-estatistica\/#breadcrumb","itemListElement":[{"@type":"ListItem","position":1,"name":"In\u00edcio","item":"https:\/\/diariodalagoa.pt\/"},{"@type":"ListItem","position":2,"name":"SREA promove realiza\u00e7\u00e3o das VI Jornadas Ibero-Atl\u00e2nticas de Estat\u00edstica"}]},{"@type":"WebSite","@id":"https:\/\/diariodalagoa.pt\/#website","url":"https:\/\/diariodalagoa.pt\/","name":"Di\u00e1rio da Lagoa","description":"Di\u00e1rio da Lagoa. As not\u00edcias que contam. A partir da Lagoa, nos A\u00e7ores, para o mundo.","potentialAction":[{"@type":"SearchAction","target":{"@type":"EntryPoint","urlTemplate":"https:\/\/diariodalagoa.pt\/?s={search_term_string}"},"query-input":"required name=search_term_string"}],"inLanguage":"en-US"},{"@type":"Person","@id":"https:\/\/diariodalagoa.pt\/#\/schema\/person\/1615a002370e8857b6f972834bc43ece","name":"Di\u00e1rio da Lagoa","image":{"@type":"ImageObject","inLanguage":"en-US","@id":"https:\/\/diariodalagoa.pt\/#\/schema\/person\/image\/","url":"https:\/\/secure.gravatar.com\/avatar\/2cb5cef90a26f8fbd4d9d930608102c5?s=96&d=mm&r=g","contentUrl":"https:\/\/secure.gravatar.com\/avatar\/2cb5cef90a26f8fbd4d9d930608102c5?s=96&d=mm&r=g","caption":"Di\u00e1rio da Lagoa"},"url":"https:\/\/diariodalagoa.pt\/en\/author\/diariodalagoa\/"}]}},"_links":{"self":[{"href":"https:\/\/diariodalagoa.pt\/en\/wp-json\/wp\/v2\/posts\/9178"}],"collection":[{"href":"https:\/\/diariodalagoa.pt\/en\/wp-json\/wp\/v2\/posts"}],"about":[{"href":"https:\/\/diariodalagoa.pt\/en\/wp-json\/wp\/v2\/types\/post"}],"author":[{"embeddable":true,"href":"https:\/\/diariodalagoa.pt\/en\/wp-json\/wp\/v2\/users\/2"}],"replies":[{"embeddable":true,"href":"https:\/\/diariodalagoa.pt\/en\/wp-json\/wp\/v2\/comments?post=9178"}],"version-history":[{"count":0,"href":"https:\/\/diariodalagoa.pt\/en\/wp-json\/wp\/v2\/posts\/9178\/revisions"}],"wp:attachment":[{"href":"https:\/\/diariodalagoa.pt\/en\/wp-json\/wp\/v2\/media?parent=9178"}],"wp:term":[{"taxonomy":"category","embeddable":true,"href":"https:\/\/diariodalagoa.pt\/en\/wp-json\/wp\/v2\/categories?post=9178"},{"taxonomy":"post_tag","embeddable":true,"href":"https:\/\/diariodalagoa.pt\/en\/wp-json\/wp\/v2\/tags?post=9178"}],"curies":[{"name":"wp","href":"https:\/\/api.w.org\/{rel}","templated":true}]}}